{"id":139433,"date":"2026-01-13T15:50:00","date_gmt":"2026-01-13T18:50:00","guid":{"rendered":"https:\/\/portaltela.pt\/noticias\/2026\/01\/13\/cotrim-figueiredo-ve-denuncia-de-assedio-como-manobra-de-politica-suja\/"},"modified":"2026-01-13T15:50:00","modified_gmt":"2026-01-13T18:50:00","slug":"cotrim-figueiredo-ve-denuncia-de-assedio-como-manobra-de-politica-suja","status":"publish","type":"post","link":"https:\/\/portaltela.pt\/noticias\/politica\/2026\/01\/13\/cotrim-figueiredo-ve-denuncia-de-assedio-como-manobra-de-politica-suja\/","title":{"rendered":"Cotrim Figueiredo v\u00ea den\u00fancia de ass\u00e9dio como manobra de pol\u00edtica suja"},"content":{"rendered":"<p>Cotrim Figueiredo rejeita de forma categ\u00f3rica as acusa\u00e7\u00f5es de ass\u00e9dio feitas por uma ex-assessora parlamentar da IL, classificando-as como uma manobra pol\u00edtica odiosa. Apelou aos portugueses para n\u00e3o cair em campanhas sujas e assegurou manter a integridade p\u00fablica que sempre perspetivou.<\/p>\n<p>O candidato, apoiado pela IL, afirmou que avan\u00e7ar\u00e1 com uma queixa-crime e processar\u00e1 a pessoa por difama\u00e7\u00e3o, independentemente das fun\u00e7\u00f5es que exerce num gabinete do atual Governo. Revelou ainda que a acusada trabalha no Governo PSD\/CDS-PP.<\/p>\n<p>Mais tarde, numa carta aberta subscrita por 30 mulheres que j\u00e1 trabalharam com ele, ficou garantido que nunca houve comportamentos inadequados. O grupo assegurou que o ambiente foi profissional e respeitador.<\/p>\n<p>Cotrim Figueiredo agradeceu o apoio recebido, incluindo centenas de mensagens de solidariedade. Adiantou ter recebido uma chamada da l\u00edder da IL, Mariana Leit\u00e3o, que o apoiou, explicando que n\u00e3o subscreveu a carta aberta devido ao cargo que ocupa.<\/p>\n<h3>Contexto e desdobramentos<\/h3>\n<p>A acusa\u00e7\u00e3o veio a p\u00fablico numa segunda-feira, alterando o tom da campanha para o sufr\u00e1gio presidencial. O candidato argumenta que a situa\u00e7\u00e3o pode indiciar uma poss\u00edvel presen\u00e7a de desinforma\u00e7\u00e3o num \u00f3rg\u00e3o de soberania.<\/p>\n","protected":false},"excerpt":{"rendered":"<ul>\n<li>Cotrim Figueiredo chamou a den\u00fancia de ass\u00e9dio sexual de &#8220;manobra de pol\u00edtica suja&#8221; e pediu aos portugueses para n\u00e3o se deixarem enganar.<\/li>\n<li>O eurodeputado negou as acusa\u00e7\u00f5es, disse que s\u00e3o falsas e anunciou que vai apresentar uma queixa-crime por difama\u00e7\u00e3o.<\/li>\n<li>Disse ainda que a alegada ex-assessora trabalha num gabinete do Governo, dizendo que essa informa\u00e7\u00e3o \u00e9 relevante para o contexto.<\/li>\n<li>30 mulheres que trabalharam com ele assinaram uma carta aberta a afirmar que nunca viram comportamentos inadequados, mantendo um ambiente profissional.<\/li>\n<li>O candidato recebeu apoio da l\u00edder da Iniciativa Liberal, Mariana Leit\u00e3o, que o contactou para expressar solidariedade e explicou que n\u00e3o subscreveu a carta aberta devido ao cargo que ocupa.<\/li>\n<\/ul>\n","protected":false},"author":2,"featured_media":139444,"comment_status":"closed","ping_status":"closed","sticky":false,"template":"","format":"standard","meta":{"footnotes":""},"categories":[1,5],"tags":[1039,2442,34,1482,2832,3001],"class_list":["post-139433","post","type-post","status-publish","format-standard","has-post-thumbnail","hentry","category-noticias","category-politica","tag-assedio-sexista","tag-difamacao","tag-governo","tag-iniciativa-liberal","tag-politica","tag-presidenciais"],"yoast_head":"<!-- This site is optimized with the Yoast SEO plugin v27.2 - https:\/\/yoast.com\/product\/yoast-seo-wordpress\/ -->\n<title>Cotrim Figueiredo v\u00ea den\u00fancia de ass\u00e9dio como manobra de pol\u00edtica suja - Portal Tela Portugal<\/title>\n<meta name=\"robots\" content=\"index, follow, max-snippet:-1, max-image-preview:large, max-video-preview:-1\" \/>\n<meta property=\"og:locale\" content=\"pt_PT\" \/>\n<meta property=\"og:type\" content=\"article\" \/>\n<meta property=\"og:title\" content=\"Cotrim Figueiredo v\u00ea den\u00fancia de ass\u00e9dio como manobra de pol\u00edtica suja - Portal Tela Portugal\" \/>\n<meta property=\"og:description\" content=\"Cotrim Figueiredo chamou a den\u00fancia de ass\u00e9dio sexual de &quot;manobra de pol\u00edtica suja&quot; e pediu aos portugueses para n\u00e3o se deixarem enganar. O eurodeputado negou as acusa\u00e7\u00f5es, disse que s\u00e3o falsas e anunciou que vai apresentar uma queixa-crime por difama\u00e7\u00e3o. Disse ainda que a alegada ex-assessora trabalha num gabinete do Governo, dizendo que essa informa\u00e7\u00e3o \u00e9 relevante para o contexto. 30 mulheres que trabalharam com ele assinaram uma carta aberta a afirmar que nunca viram comportamentos inadequados, mantendo um ambiente profissional. O candidato recebeu apoio da l\u00edder da Iniciativa Liberal, Mariana Leit\u00e3o, que o contactou para expressar solidariedade e explicou que n\u00e3o subscreveu a carta aberta devido ao cargo que ocupa.\" \/>\n<meta property=\"og:url\" content=\"https:\/\/portaltela.pt\/noticias\/2026\/01\/13\/cotrim-figueiredo-ve-denuncia-de-assedio-como-manobra-de-politica-suja\/\" \/>\n<meta property=\"og:site_name\" content=\"Portal Tela Portugal\" \/>\n<meta property=\"article:published_time\" content=\"2026-01-13T18:50:00+00:00\" \/>\n<meta name=\"author\" content=\"Telinha\" \/>\n<meta name=\"twitter:card\" content=\"summary_large_image\" \/>\n<meta name=\"twitter:label1\" content=\"Escrito por\" \/>\n\t<meta name=\"twitter:data1\" content=\"Telinha\" \/>\n\t<meta name=\"twitter:label2\" content=\"Tempo estimado de leitura\" \/>\n\t<meta name=\"twitter:data2\" content=\"1 minuto\" \/>\n<script type=\"application\/ld+json\" class=\"yoast-schema-graph\">{\"@context\":\"https:\/\/schema.org\",\"@graph\":[{\"@type\":\"Article\",\"@id\":\"https:\/\/portaltela.pt\/noticias\/2026\/01\/13\/cotrim-figueiredo-ve-denuncia-de-assedio-como-manobra-de-politica-suja\/#article\",\"isPartOf\":{\"@id\":\"https:\/\/portaltela.pt\/noticias\/2026\/01\/13\/cotrim-figueiredo-ve-denuncia-de-assedio-como-manobra-de-politica-suja\/\"},\"author\":{\"name\":\"Telinha\",\"@id\":\"https:\/\/portaltela.pt\/#\/schema\/person\/c4278d4a6028830caff9ee44b42d32ed\"},\"headline\":\"Cotrim Figueiredo v\u00ea den\u00fancia de ass\u00e9dio como manobra de pol\u00edtica suja\",\"datePublished\":\"2026-01-13T18:50:00+00:00\",\"mainEntityOfPage\":{\"@id\":\"https:\/\/portaltela.pt\/noticias\/2026\/01\/13\/cotrim-figueiredo-ve-denuncia-de-assedio-como-manobra-de-politica-suja\/\"},\"wordCount\":216,\"image\":{\"@id\":\"https:\/\/portaltela.pt\/noticias\/2026\/01\/13\/cotrim-figueiredo-ve-denuncia-de-assedio-como-manobra-de-politica-suja\/#primaryimage\"},\"thumbnailUrl\":\"https:\/\/portaltela.pt\/s.01k8rhncp4jt1\/2026\/01\/img_1500x1000uu2024-10-05-19-31-46-1762953-1.jpg\",\"keywords\":[\"ass\u00e9dio sexista\",\"difama\u00e7\u00e3o\",\"governo\",\"Iniciativa Liberal\",\"pol\u00edtica\",\"Presidenciais\"],\"articleSection\":[\"Not\u00edcias\",\"Pol\u00edtica\"],\"inLanguage\":\"pt-PT\"},{\"@type\":\"WebPage\",\"@id\":\"https:\/\/portaltela.pt\/noticias\/2026\/01\/13\/cotrim-figueiredo-ve-denuncia-de-assedio-como-manobra-de-politica-suja\/\",\"url\":\"https:\/\/portaltela.pt\/noticias\/2026\/01\/13\/cotrim-figueiredo-ve-denuncia-de-assedio-como-manobra-de-politica-suja\/\",\"name\":\"Cotrim Figueiredo v\u00ea den\u00fancia de ass\u00e9dio como manobra de pol\u00edtica suja - Portal Tela Portugal\",\"isPartOf\":{\"@id\":\"https:\/\/portaltela.pt\/#website\"},\"primaryImageOfPage\":{\"@id\":\"https:\/\/portaltela.pt\/noticias\/2026\/01\/13\/cotrim-figueiredo-ve-denuncia-de-assedio-como-manobra-de-politica-suja\/#primaryimage\"},\"image\":{\"@id\":\"https:\/\/portaltela.pt\/noticias\/2026\/01\/13\/cotrim-figueiredo-ve-denuncia-de-assedio-como-manobra-de-politica-suja\/#primaryimage\"},\"thumbnailUrl\":\"https:\/\/portaltela.pt\/s.01k8rhncp4jt1\/2026\/01\/img_1500x1000uu2024-10-05-19-31-46-1762953-1.jpg\",\"datePublished\":\"2026-01-13T18:50:00+00:00\",\"author\":{\"@id\":\"https:\/\/portaltela.pt\/#\/schema\/person\/c4278d4a6028830caff9ee44b42d32ed\"},\"breadcrumb\":{\"@id\":\"https:\/\/portaltela.pt\/noticias\/2026\/01\/13\/cotrim-figueiredo-ve-denuncia-de-assedio-como-manobra-de-politica-suja\/#breadcrumb\"},\"inLanguage\":\"pt-PT\",\"potentialAction\":[{\"@type\":\"ReadAction\",\"target\":[\"https:\/\/portaltela.pt\/noticias\/2026\/01\/13\/cotrim-figueiredo-ve-denuncia-de-assedio-como-manobra-de-politica-suja\/\"]}]},{\"@type\":\"ImageObject\",\"inLanguage\":\"pt-PT\",\"@id\":\"https:\/\/portaltela.pt\/noticias\/2026\/01\/13\/cotrim-figueiredo-ve-denuncia-de-assedio-como-manobra-de-politica-suja\/#primaryimage\",\"url\":\"https:\/\/portaltela.pt\/s.01k8rhncp4jt1\/2026\/01\/img_1500x1000uu2024-10-05-19-31-46-1762953-1.jpg\",\"contentUrl\":\"https:\/\/portaltela.pt\/s.01k8rhncp4jt1\/2026\/01\/img_1500x1000uu2024-10-05-19-31-46-1762953-1.jpg\",\"width\":796,\"height\":448,\"caption\":\"Jo\u00e3o Cotrim Figueiredo\"},{\"@type\":\"BreadcrumbList\",\"@id\":\"https:\/\/portaltela.pt\/noticias\/2026\/01\/13\/cotrim-figueiredo-ve-denuncia-de-assedio-como-manobra-de-politica-suja\/#breadcrumb\",\"itemListElement\":[{\"@type\":\"ListItem\",\"position\":1,\"name\":\"In\u00edcio\",\"item\":\"https:\/\/portaltela.pt\/\"},{\"@type\":\"ListItem\",\"position\":2,\"name\":\"Cotrim Figueiredo v\u00ea den\u00fancia de ass\u00e9dio como manobra de pol\u00edtica suja\"}]},{\"@type\":\"WebSite\",\"@id\":\"https:\/\/portaltela.pt\/#website\",\"url\":\"https:\/\/portaltela.pt\/\",\"name\":\"Portal Tela Portugal\",\"description\":\"\",\"potentialAction\":[{\"@type\":\"SearchAction\",\"target\":{\"@type\":\"EntryPoint\",\"urlTemplate\":\"https:\/\/portaltela.pt\/?s={search_term_string}\"},\"query-input\":{\"@type\":\"PropertyValueSpecification\",\"valueRequired\":true,\"valueName\":\"search_term_string\"}}],\"inLanguage\":\"pt-PT\"},{\"@type\":\"Person\",\"@id\":\"https:\/\/portaltela.pt\/#\/schema\/person\/c4278d4a6028830caff9ee44b42d32ed\",\"name\":\"Telinha\",\"image\":{\"@type\":\"ImageObject\",\"inLanguage\":\"pt-PT\",\"@id\":\"https:\/\/portaltela.pt\/s.01k8rhncp4jt1\/2025\/11\/talking-bot-125x125.png\",\"url\":\"https:\/\/portaltela.pt\/s.01k8rhncp4jt1\/2025\/11\/talking-bot-125x125.png\",\"contentUrl\":\"https:\/\/portaltela.pt\/s.01k8rhncp4jt1\/2025\/11\/talking-bot-125x125.png\",\"caption\":\"Telinha\"},\"sameAs\":[\"https:\/\/portaltela.pt\/\"],\"url\":\"https:\/\/portaltela.pt\/por\/367410592786\/\"}]}<\/script>\n<!-- \/ Yoast SEO plugin. -->","yoast_head_json":{"title":"Cotrim Figueiredo v\u00ea den\u00fancia de ass\u00e9dio como manobra de pol\u00edtica suja - Portal Tela Portugal","robots":{"index":"index","follow":"follow","max-snippet":"max-snippet:-1","max-image-preview":"max-image-preview:large","max-video-preview":"max-video-preview:-1"},"og_locale":"pt_PT","og_type":"article","og_title":"Cotrim Figueiredo v\u00ea den\u00fancia de ass\u00e9dio como manobra de pol\u00edtica suja - Portal Tela Portugal","og_description":"Cotrim Figueiredo chamou a den\u00fancia de ass\u00e9dio sexual de \"manobra de pol\u00edtica suja\" e pediu aos portugueses para n\u00e3o se deixarem enganar. O eurodeputado negou as acusa\u00e7\u00f5es, disse que s\u00e3o falsas e anunciou que vai apresentar uma queixa-crime por difama\u00e7\u00e3o. Disse ainda que a alegada ex-assessora trabalha num gabinete do Governo, dizendo que essa informa\u00e7\u00e3o \u00e9 relevante para o contexto. 30 mulheres que trabalharam com ele assinaram uma carta aberta a afirmar que nunca viram comportamentos inadequados, mantendo um ambiente profissional. O candidato recebeu apoio da l\u00edder da Iniciativa Liberal, Mariana Leit\u00e3o, que o contactou para expressar solidariedade e explicou que n\u00e3o subscreveu a carta aberta devido ao cargo que ocupa.","og_url":"https:\/\/portaltela.pt\/noticias\/2026\/01\/13\/cotrim-figueiredo-ve-denuncia-de-assedio-como-manobra-de-politica-suja\/","og_site_name":"Portal Tela Portugal","article_published_time":"2026-01-13T18:50:00+00:00","author":"Telinha","twitter_card":"summary_large_image","twitter_misc":{"Escrito por":"Telinha","Tempo estimado de leitura":"1 minuto"},"schema":{"@context":"https:\/\/schema.org","@graph":[{"@type":"Article","@id":"https:\/\/portaltela.pt\/noticias\/2026\/01\/13\/cotrim-figueiredo-ve-denuncia-de-assedio-como-manobra-de-politica-suja\/#article","isPartOf":{"@id":"https:\/\/portaltela.pt\/noticias\/2026\/01\/13\/cotrim-figueiredo-ve-denuncia-de-assedio-como-manobra-de-politica-suja\/"},"author":{"name":"Telinha","@id":"https:\/\/portaltela.pt\/#\/schema\/person\/c4278d4a6028830caff9ee44b42d32ed"},"headline":"Cotrim Figueiredo v\u00ea den\u00fancia de ass\u00e9dio como manobra de pol\u00edtica suja","datePublished":"2026-01-13T18:50:00+00:00","mainEntityOfPage":{"@id":"https:\/\/portaltela.pt\/noticias\/2026\/01\/13\/cotrim-figueiredo-ve-denuncia-de-assedio-como-manobra-de-politica-suja\/"},"wordCount":216,"image":{"@id":"https:\/\/portaltela.pt\/noticias\/2026\/01\/13\/cotrim-figueiredo-ve-denuncia-de-assedio-como-manobra-de-politica-suja\/#primaryimage"},"thumbnailUrl":"https:\/\/portaltela.pt\/s.01k8rhncp4jt1\/2026\/01\/img_1500x1000uu2024-10-05-19-31-46-1762953-1.jpg","keywords":["ass\u00e9dio sexista","difama\u00e7\u00e3o","governo","Iniciativa Liberal","pol\u00edtica","Presidenciais"],"articleSection":["Not\u00edcias","Pol\u00edtica"],"inLanguage":"pt-PT"},{"@type":"WebPage","@id":"https:\/\/portaltela.pt\/noticias\/2026\/01\/13\/cotrim-figueiredo-ve-denuncia-de-assedio-como-manobra-de-politica-suja\/","url":"https:\/\/portaltela.pt\/noticias\/2026\/01\/13\/cotrim-figueiredo-ve-denuncia-de-assedio-como-manobra-de-politica-suja\/","name":"Cotrim Figueiredo v\u00ea den\u00fancia de ass\u00e9dio como manobra de pol\u00edtica suja - Portal Tela Portugal","isPartOf":{"@id":"https:\/\/portaltela.pt\/#website"},"primaryImageOfPage":{"@id":"https:\/\/portaltela.pt\/noticias\/2026\/01\/13\/cotrim-figueiredo-ve-denuncia-de-assedio-como-manobra-de-politica-suja\/#primaryimage"},"image":{"@id":"https:\/\/portaltela.pt\/noticias\/2026\/01\/13\/cotrim-figueiredo-ve-denuncia-de-assedio-como-manobra-de-politica-suja\/#primaryimage"},"thumbnailUrl":"https:\/\/portaltela.pt\/s.01k8rhncp4jt1\/2026\/01\/img_1500x1000uu2024-10-05-19-31-46-1762953-1.jpg","datePublished":"2026-01-13T18:50:00+00:00","author":{"@id":"https:\/\/portaltela.pt\/#\/schema\/person\/c4278d4a6028830caff9ee44b42d32ed"},"breadcrumb":{"@id":"https:\/\/portaltela.pt\/noticias\/2026\/01\/13\/cotrim-figueiredo-ve-denuncia-de-assedio-como-manobra-de-politica-suja\/#breadcrumb"},"inLanguage":"pt-PT","potentialAction":[{"@type":"ReadAction","target":["https:\/\/portaltela.pt\/noticias\/2026\/01\/13\/cotrim-figueiredo-ve-denuncia-de-assedio-como-manobra-de-politica-suja\/"]}]},{"@type":"ImageObject","inLanguage":"pt-PT","@id":"https:\/\/portaltela.pt\/noticias\/2026\/01\/13\/cotrim-figueiredo-ve-denuncia-de-assedio-como-manobra-de-politica-suja\/#primaryimage","url":"https:\/\/portaltela.pt\/s.01k8rhncp4jt1\/2026\/01\/img_1500x1000uu2024-10-05-19-31-46-1762953-1.jpg","contentUrl":"https:\/\/portaltela.pt\/s.01k8rhncp4jt1\/2026\/01\/img_1500x1000uu2024-10-05-19-31-46-1762953-1.jpg","width":796,"height":448,"caption":"Jo\u00e3o Cotrim Figueiredo"},{"@type":"BreadcrumbList","@id":"https:\/\/portaltela.pt\/noticias\/2026\/01\/13\/cotrim-figueiredo-ve-denuncia-de-assedio-como-manobra-de-politica-suja\/#breadcrumb","itemListElement":[{"@type":"ListItem","position":1,"name":"In\u00edcio","item":"https:\/\/portaltela.pt\/"},{"@type":"ListItem","position":2,"name":"Cotrim Figueiredo v\u00ea den\u00fancia de ass\u00e9dio como manobra de pol\u00edtica suja"}]},{"@type":"WebSite","@id":"https:\/\/portaltela.pt\/#website","url":"https:\/\/portaltela.pt\/","name":"Portal Tela Portugal","description":"","potentialAction":[{"@type":"SearchAction","target":{"@type":"EntryPoint","urlTemplate":"https:\/\/portaltela.pt\/?s={search_term_string}"},"query-input":{"@type":"PropertyValueSpecification","valueRequired":true,"valueName":"search_term_string"}}],"inLanguage":"pt-PT"},{"@type":"Person","@id":"https:\/\/portaltela.pt\/#\/schema\/person\/c4278d4a6028830caff9ee44b42d32ed","name":"Telinha","image":{"@type":"ImageObject","inLanguage":"pt-PT","@id":"https:\/\/portaltela.pt\/s.01k8rhncp4jt1\/2025\/11\/talking-bot-125x125.png","url":"https:\/\/portaltela.pt\/s.01k8rhncp4jt1\/2025\/11\/talking-bot-125x125.png","contentUrl":"https:\/\/portaltela.pt\/s.01k8rhncp4jt1\/2025\/11\/talking-bot-125x125.png","caption":"Telinha"},"sameAs":["https:\/\/portaltela.pt\/"],"url":"https:\/\/portaltela.pt\/por\/367410592786\/"}]}},"_links":{"self":[{"href":"https:\/\/portaltela.pt\/api\/wp\/v2\/posts\/139433","targetHints":{"allow":["GET"]}}],"collection":[{"href":"https:\/\/portaltela.pt\/api\/wp\/v2\/posts"}],"about":[{"href":"https:\/\/portaltela.pt\/api\/wp\/v2\/types\/post"}],"author":[{"embeddable":true,"href":"https:\/\/portaltela.pt\/api\/wp\/v2\/users\/2"}],"replies":[{"embeddable":true,"href":"https:\/\/portaltela.pt\/api\/wp\/v2\/comments?post=139433"}],"version-history":[{"count":0,"href":"https:\/\/portaltela.pt\/api\/wp\/v2\/posts\/139433\/revisions"}],"wp:featuredmedia":[{"embeddable":true,"href":"https:\/\/portaltela.pt\/api\/wp\/v2\/media\/139444"}],"wp:attachment":[{"href":"https:\/\/portaltela.pt\/api\/wp\/v2\/media?parent=139433"}],"wp:term":[{"taxonomy":"category","embeddable":true,"href":"https:\/\/portaltela.pt\/api\/wp\/v2\/categories?post=139433"},{"taxonomy":"post_tag","embeddable":true,"href":"https:\/\/portaltela.pt\/api\/wp\/v2\/tags?post=139433"}],"curies":[{"name":"wp","href":"https:\/\/api.w.org\/{rel}","templated":true}]}}