{"id":139365,"date":"2026-01-13T15:34:45","date_gmt":"2026-01-13T18:34:45","guid":{"rendered":"https:\/\/portaltela.pt\/noticias\/2026\/01\/13\/condenacao-de-jose-manuel-coelho-e-vista-como-interferencia-na-expressao\/"},"modified":"2026-01-13T15:34:45","modified_gmt":"2026-01-13T18:34:45","slug":"condenacao-de-jose-manuel-coelho-e-vista-como-interferencia-na-expressao","status":"publish","type":"post","link":"https:\/\/portaltela.pt\/noticias\/2026\/01\/13\/condenacao-de-jose-manuel-coelho-e-vista-como-interferencia-na-expressao\/","title":{"rendered":"Condena\u00e7\u00e3o de Jos\u00e9 Manuel Coelho \u00e9 vista como interfer\u00eancia na express\u00e3o"},"content":{"rendered":"<p>O Tribunal Europeu dos Direitos do Homem (TEDH) considerou nesta ter\u00e7a-feira que a condena\u00e7\u00e3o de Jos\u00e9 Manuel Coelho, ex-l\u00edder do PTP, por difama\u00e7\u00e3o e desobedi\u00eancia agravadas, em 2019, constituiu uma interfer\u00eancia no seu direito \u00e0 liberdade de express\u00e3o. A decis\u00e3o aponta que as san\u00e7\u00f5es graves n\u00e3o eram necess\u00e1rias em circunst\u00e2ncias excecionais.<\/p>\n<p>O TEDH sustenta que as san\u00e7\u00f5es impostas n\u00e3o tinham necessariamente veracidade dos conte\u00fados e que o efeito sobre os difamados n\u00e3o justificou a pena de pris\u00e3o. O tribunal avaliou que as circunst\u00e2ncias n\u00e3o justificaram a pris\u00e3o, mesmo com a condena\u00e7\u00e3o anterior.<\/p>\n<p>Em julho de 2019, Coelho foi condenado pelo Tribunal da Inst\u00e2ncia Central da Madeira a tr\u00eas anos e seis meses de pris\u00e3o efetiva por desobedi\u00eancia qualificada e difama\u00e7\u00e3o agravada. A pena foi suspensa em mar\u00e7o de 2020 pelo Tribunal da Rela\u00e7\u00e3o de Lisboa, condicionada ao pagamento de 28 mil euros em indemniza\u00e7\u00f5es.<\/p>\n<h3>Implica\u00e7\u00f5es legais<\/h3>\n<p>O recurso apresentado ao TEDH centra-se na alegada viola\u00e7\u00e3o do direito de defesa, devido a mudan\u00e7as de advogados e prazos curtos no processo, bem como na liberdade de express\u00e3o. O tribunal europeu considerou a alega\u00e7\u00e3o sobre o direito de defesa manifestamente infundada.<\/p>\n<p>Quanto \u00e0 condena\u00e7\u00e3o por difama\u00e7\u00e3o agravada e desobedi\u00eancia agravada, o TEDH afirmou tratar-se de uma interfer\u00eancia no direito \u00e0 liberdade de express\u00e3o, sugerindo aos tribunais portugueses uma maior aprecia\u00e7\u00e3o deste direito no futuro.<\/p>\n<h3>Repercuss\u00f5es e pr\u00f3ximos passos<\/h3>\n<p>O advogado de Coelho, Francisco Teixeira da Mota, mencionou a possibilidade de pedir revis\u00e3o da senten\u00e7a de difama\u00e7\u00e3o e desobedi\u00eancia, embora ainda n\u00e3o tenha havido comunica\u00e7\u00e3o direta com o arguido. A defesa pode avan\u00e7ar com recursos adicionais conforme o marco do TEDH.<\/p>\n","protected":false},"excerpt":{"rendered":"<ul>\n<li>O Tribunal Europeu dos Direitos do Homem entendeu que a condena\u00e7\u00e3o de Jos\u00e9 Manuel Coelho por difama\u00e7\u00e3o agravada e desobedi\u00eancia agravada, em 2019, constituiu uma interfer\u00eancia no seu direito \u00e0 liberdade de express\u00e3o.<\/li>\n<li>A corte destacou que as san\u00e7\u00f5es graves s\u00f3 podiam ser necess\u00e1rias em circunst\u00e2ncias excecionais e n\u00e3o considerou provado que as declara\u00e7\u00f5es fossem verdadeiras nem o seu efeito sobre os difamados.<\/li>\n<li>Em julho de 2019, Coelho foi condenado a tr\u00eas anos e seis meses de pris\u00e3o efetiva pelo Tribunal da Inst\u00e2ncia Central da Comarca da Madeira; a Rela\u00e7\u00e3o de Lisboa suspendeu a pena em mar\u00e7o de 2020, com a condi\u00e7\u00e3o de pagar 28 mil euros de indemniza\u00e7\u00f5es.<\/li>\n<li>O ex-l\u00edder do Partido Trabalhista Portugu\u00eas recorreu para o Tribunal Europeu, alegando viola\u00e7\u00e3o do direito de defesa e do direito \u00e0 liberdade de express\u00e3o.<\/li>\n<li>O advogado de Coelho indicou que pode haver pedido de revis\u00e3o da senten\u00e7a, mas o assunto ainda n\u00e3o foi tratado com o arguido; o Tribunal Europeu considerou infundadas as alega\u00e7\u00f5es relativas ao direito de defesa.<\/li>\n<\/ul>\n","protected":false},"author":2,"featured_media":139369,"comment_status":"closed","ping_status":"closed","sticky":false,"template":"","format":"standard","meta":{"footnotes":""},"categories":[1],"tags":[3063,2442,1121,2633,2920,859],"class_list":["post-139365","post","type-post","status-publish","format-standard","has-post-thumbnail","hentry","category-noticias","tag-desobediencia-agravada","tag-difamacao","tag-difamacao-agravada","tag-direitos-humanos","tag-liberdade-de-expressao","tag-madeira"],"yoast_head":"<!-- This site is optimized with the Yoast SEO plugin v27.2 - https:\/\/yoast.com\/product\/yoast-seo-wordpress\/ -->\n<title>Condena\u00e7\u00e3o de Jos\u00e9 Manuel Coelho \u00e9 vista como interfer\u00eancia na express\u00e3o - Portal Tela Portugal<\/title>\n<meta name=\"robots\" content=\"index, follow, max-snippet:-1, max-image-preview:large, max-video-preview:-1\" \/>\n<meta property=\"og:locale\" content=\"pt_PT\" \/>\n<meta property=\"og:type\" content=\"article\" \/>\n<meta property=\"og:title\" content=\"Condena\u00e7\u00e3o de Jos\u00e9 Manuel Coelho \u00e9 vista como interfer\u00eancia na express\u00e3o - Portal Tela Portugal\" \/>\n<meta property=\"og:description\" content=\"O Tribunal Europeu dos Direitos do Homem entendeu que a condena\u00e7\u00e3o de Jos\u00e9 Manuel Coelho por difama\u00e7\u00e3o agravada e desobedi\u00eancia agravada, em 2019, constituiu uma interfer\u00eancia no seu direito \u00e0 liberdade de express\u00e3o. A corte destacou que as san\u00e7\u00f5es graves s\u00f3 podiam ser necess\u00e1rias em circunst\u00e2ncias excecionais e n\u00e3o considerou provado que as declara\u00e7\u00f5es fossem verdadeiras nem o seu efeito sobre os difamados. Em julho de 2019, Coelho foi condenado a tr\u00eas anos e seis meses de pris\u00e3o efetiva pelo Tribunal da Inst\u00e2ncia Central da Comarca da Madeira; a Rela\u00e7\u00e3o de Lisboa suspendeu a pena em mar\u00e7o de 2020, com a condi\u00e7\u00e3o de pagar 28 mil euros de indemniza\u00e7\u00f5es. O ex-l\u00edder do Partido Trabalhista Portugu\u00eas recorreu para o Tribunal Europeu, alegando viola\u00e7\u00e3o do direito de defesa e do direito \u00e0 liberdade de express\u00e3o. O advogado de Coelho indicou que pode haver pedido de revis\u00e3o da senten\u00e7a, mas o assunto ainda n\u00e3o foi tratado com o arguido; o Tribunal Europeu considerou infundadas as alega\u00e7\u00f5es relativas ao direito de defesa.\" \/>\n<meta property=\"og:url\" content=\"https:\/\/portaltela.pt\/noticias\/2026\/01\/13\/condenacao-de-jose-manuel-coelho-e-vista-como-interferencia-na-expressao\/\" \/>\n<meta property=\"og:site_name\" content=\"Portal Tela Portugal\" \/>\n<meta property=\"article:published_time\" content=\"2026-01-13T18:34:45+00:00\" \/>\n<meta name=\"author\" content=\"Telinha\" \/>\n<meta name=\"twitter:card\" content=\"summary_large_image\" \/>\n<meta name=\"twitter:label1\" content=\"Escrito por\" \/>\n\t<meta name=\"twitter:data1\" content=\"Telinha\" \/>\n\t<meta name=\"twitter:label2\" content=\"Tempo estimado de leitura\" \/>\n\t<meta name=\"twitter:data2\" content=\"2 minutos\" \/>\n<script type=\"application\/ld+json\" class=\"yoast-schema-graph\">{\"@context\":\"https:\/\/schema.org\",\"@graph\":[{\"@type\":\"Article\",\"@id\":\"https:\/\/portaltela.pt\/noticias\/2026\/01\/13\/condenacao-de-jose-manuel-coelho-e-vista-como-interferencia-na-expressao\/#article\",\"isPartOf\":{\"@id\":\"https:\/\/portaltela.pt\/noticias\/2026\/01\/13\/condenacao-de-jose-manuel-coelho-e-vista-como-interferencia-na-expressao\/\"},\"author\":{\"name\":\"Telinha\",\"@id\":\"https:\/\/portaltela.pt\/#\/schema\/person\/c4278d4a6028830caff9ee44b42d32ed\"},\"headline\":\"Condena\u00e7\u00e3o de Jos\u00e9 Manuel Coelho \u00e9 vista como interfer\u00eancia na express\u00e3o\",\"datePublished\":\"2026-01-13T18:34:45+00:00\",\"mainEntityOfPage\":{\"@id\":\"https:\/\/portaltela.pt\/noticias\/2026\/01\/13\/condenacao-de-jose-manuel-coelho-e-vista-como-interferencia-na-expressao\/\"},\"wordCount\":322,\"image\":{\"@id\":\"https:\/\/portaltela.pt\/noticias\/2026\/01\/13\/condenacao-de-jose-manuel-coelho-e-vista-como-interferencia-na-expressao\/#primaryimage\"},\"thumbnailUrl\":\"https:\/\/portaltela.pt\/s.01k8rhncp4jt1\/2026\/01\/img_1500x1000uu2016-04-25-12-40-00-530821.jpg\",\"keywords\":[\"desobedi\u00eancia agravada\",\"difama\u00e7\u00e3o\",\"difama\u00e7\u00e3o agravada\",\"direitos humanos\",\"liberdade de express\u00e3o\",\"Madeira\"],\"articleSection\":[\"Not\u00edcias\"],\"inLanguage\":\"pt-PT\"},{\"@type\":\"WebPage\",\"@id\":\"https:\/\/portaltela.pt\/noticias\/2026\/01\/13\/condenacao-de-jose-manuel-coelho-e-vista-como-interferencia-na-expressao\/\",\"url\":\"https:\/\/portaltela.pt\/noticias\/2026\/01\/13\/condenacao-de-jose-manuel-coelho-e-vista-como-interferencia-na-expressao\/\",\"name\":\"Condena\u00e7\u00e3o de Jos\u00e9 Manuel Coelho \u00e9 vista como interfer\u00eancia na express\u00e3o - Portal Tela Portugal\",\"isPartOf\":{\"@id\":\"https:\/\/portaltela.pt\/#website\"},\"primaryImageOfPage\":{\"@id\":\"https:\/\/portaltela.pt\/noticias\/2026\/01\/13\/condenacao-de-jose-manuel-coelho-e-vista-como-interferencia-na-expressao\/#primaryimage\"},\"image\":{\"@id\":\"https:\/\/portaltela.pt\/noticias\/2026\/01\/13\/condenacao-de-jose-manuel-coelho-e-vista-como-interferencia-na-expressao\/#primaryimage\"},\"thumbnailUrl\":\"https:\/\/portaltela.pt\/s.01k8rhncp4jt1\/2026\/01\/img_1500x1000uu2016-04-25-12-40-00-530821.jpg\",\"datePublished\":\"2026-01-13T18:34:45+00:00\",\"author\":{\"@id\":\"https:\/\/portaltela.pt\/#\/schema\/person\/c4278d4a6028830caff9ee44b42d32ed\"},\"breadcrumb\":{\"@id\":\"https:\/\/portaltela.pt\/noticias\/2026\/01\/13\/condenacao-de-jose-manuel-coelho-e-vista-como-interferencia-na-expressao\/#breadcrumb\"},\"inLanguage\":\"pt-PT\",\"potentialAction\":[{\"@type\":\"ReadAction\",\"target\":[\"https:\/\/portaltela.pt\/noticias\/2026\/01\/13\/condenacao-de-jose-manuel-coelho-e-vista-como-interferencia-na-expressao\/\"]}]},{\"@type\":\"ImageObject\",\"inLanguage\":\"pt-PT\",\"@id\":\"https:\/\/portaltela.pt\/noticias\/2026\/01\/13\/condenacao-de-jose-manuel-coelho-e-vista-como-interferencia-na-expressao\/#primaryimage\",\"url\":\"https:\/\/portaltela.pt\/s.01k8rhncp4jt1\/2026\/01\/img_1500x1000uu2016-04-25-12-40-00-530821.jpg\",\"contentUrl\":\"https:\/\/portaltela.pt\/s.01k8rhncp4jt1\/2026\/01\/img_1500x1000uu2016-04-25-12-40-00-530821.jpg\",\"width\":796,\"height\":448,\"caption\":\"Advogado de Coelho diz que est\u00e1 a ponderar pedir revis\u00e3o da senten\u00e7a\"},{\"@type\":\"BreadcrumbList\",\"@id\":\"https:\/\/portaltela.pt\/noticias\/2026\/01\/13\/condenacao-de-jose-manuel-coelho-e-vista-como-interferencia-na-expressao\/#breadcrumb\",\"itemListElement\":[{\"@type\":\"ListItem\",\"position\":1,\"name\":\"In\u00edcio\",\"item\":\"https:\/\/portaltela.pt\/\"},{\"@type\":\"ListItem\",\"position\":2,\"name\":\"Condena\u00e7\u00e3o de Jos\u00e9 Manuel Coelho \u00e9 vista como interfer\u00eancia na express\u00e3o\"}]},{\"@type\":\"WebSite\",\"@id\":\"https:\/\/portaltela.pt\/#website\",\"url\":\"https:\/\/portaltela.pt\/\",\"name\":\"Portal Tela Portugal\",\"description\":\"\",\"potentialAction\":[{\"@type\":\"SearchAction\",\"target\":{\"@type\":\"EntryPoint\",\"urlTemplate\":\"https:\/\/portaltela.pt\/?s={search_term_string}\"},\"query-input\":{\"@type\":\"PropertyValueSpecification\",\"valueRequired\":true,\"valueName\":\"search_term_string\"}}],\"inLanguage\":\"pt-PT\"},{\"@type\":\"Person\",\"@id\":\"https:\/\/portaltela.pt\/#\/schema\/person\/c4278d4a6028830caff9ee44b42d32ed\",\"name\":\"Telinha\",\"image\":{\"@type\":\"ImageObject\",\"inLanguage\":\"pt-PT\",\"@id\":\"https:\/\/portaltela.pt\/s.01k8rhncp4jt1\/2025\/11\/talking-bot-125x125.png\",\"url\":\"https:\/\/portaltela.pt\/s.01k8rhncp4jt1\/2025\/11\/talking-bot-125x125.png\",\"contentUrl\":\"https:\/\/portaltela.pt\/s.01k8rhncp4jt1\/2025\/11\/talking-bot-125x125.png\",\"caption\":\"Telinha\"},\"sameAs\":[\"https:\/\/portaltela.pt\/\"],\"url\":\"https:\/\/portaltela.pt\/por\/367410592786\/\"}]}<\/script>\n<!-- \/ Yoast SEO plugin. -->","yoast_head_json":{"title":"Condena\u00e7\u00e3o de Jos\u00e9 Manuel Coelho \u00e9 vista como interfer\u00eancia na express\u00e3o - Portal Tela Portugal","robots":{"index":"index","follow":"follow","max-snippet":"max-snippet:-1","max-image-preview":"max-image-preview:large","max-video-preview":"max-video-preview:-1"},"og_locale":"pt_PT","og_type":"article","og_title":"Condena\u00e7\u00e3o de Jos\u00e9 Manuel Coelho \u00e9 vista como interfer\u00eancia na express\u00e3o - Portal Tela Portugal","og_description":"O Tribunal Europeu dos Direitos do Homem entendeu que a condena\u00e7\u00e3o de Jos\u00e9 Manuel Coelho por difama\u00e7\u00e3o agravada e desobedi\u00eancia agravada, em 2019, constituiu uma interfer\u00eancia no seu direito \u00e0 liberdade de express\u00e3o. A corte destacou que as san\u00e7\u00f5es graves s\u00f3 podiam ser necess\u00e1rias em circunst\u00e2ncias excecionais e n\u00e3o considerou provado que as declara\u00e7\u00f5es fossem verdadeiras nem o seu efeito sobre os difamados. Em julho de 2019, Coelho foi condenado a tr\u00eas anos e seis meses de pris\u00e3o efetiva pelo Tribunal da Inst\u00e2ncia Central da Comarca da Madeira; a Rela\u00e7\u00e3o de Lisboa suspendeu a pena em mar\u00e7o de 2020, com a condi\u00e7\u00e3o de pagar 28 mil euros de indemniza\u00e7\u00f5es. O ex-l\u00edder do Partido Trabalhista Portugu\u00eas recorreu para o Tribunal Europeu, alegando viola\u00e7\u00e3o do direito de defesa e do direito \u00e0 liberdade de express\u00e3o. O advogado de Coelho indicou que pode haver pedido de revis\u00e3o da senten\u00e7a, mas o assunto ainda n\u00e3o foi tratado com o arguido; o Tribunal Europeu considerou infundadas as alega\u00e7\u00f5es relativas ao direito de defesa.","og_url":"https:\/\/portaltela.pt\/noticias\/2026\/01\/13\/condenacao-de-jose-manuel-coelho-e-vista-como-interferencia-na-expressao\/","og_site_name":"Portal Tela Portugal","article_published_time":"2026-01-13T18:34:45+00:00","author":"Telinha","twitter_card":"summary_large_image","twitter_misc":{"Escrito por":"Telinha","Tempo estimado de leitura":"2 minutos"},"schema":{"@context":"https:\/\/schema.org","@graph":[{"@type":"Article","@id":"https:\/\/portaltela.pt\/noticias\/2026\/01\/13\/condenacao-de-jose-manuel-coelho-e-vista-como-interferencia-na-expressao\/#article","isPartOf":{"@id":"https:\/\/portaltela.pt\/noticias\/2026\/01\/13\/condenacao-de-jose-manuel-coelho-e-vista-como-interferencia-na-expressao\/"},"author":{"name":"Telinha","@id":"https:\/\/portaltela.pt\/#\/schema\/person\/c4278d4a6028830caff9ee44b42d32ed"},"headline":"Condena\u00e7\u00e3o de Jos\u00e9 Manuel Coelho \u00e9 vista como interfer\u00eancia na express\u00e3o","datePublished":"2026-01-13T18:34:45+00:00","mainEntityOfPage":{"@id":"https:\/\/portaltela.pt\/noticias\/2026\/01\/13\/condenacao-de-jose-manuel-coelho-e-vista-como-interferencia-na-expressao\/"},"wordCount":322,"image":{"@id":"https:\/\/portaltela.pt\/noticias\/2026\/01\/13\/condenacao-de-jose-manuel-coelho-e-vista-como-interferencia-na-expressao\/#primaryimage"},"thumbnailUrl":"https:\/\/portaltela.pt\/s.01k8rhncp4jt1\/2026\/01\/img_1500x1000uu2016-04-25-12-40-00-530821.jpg","keywords":["desobedi\u00eancia agravada","difama\u00e7\u00e3o","difama\u00e7\u00e3o agravada","direitos humanos","liberdade de express\u00e3o","Madeira"],"articleSection":["Not\u00edcias"],"inLanguage":"pt-PT"},{"@type":"WebPage","@id":"https:\/\/portaltela.pt\/noticias\/2026\/01\/13\/condenacao-de-jose-manuel-coelho-e-vista-como-interferencia-na-expressao\/","url":"https:\/\/portaltela.pt\/noticias\/2026\/01\/13\/condenacao-de-jose-manuel-coelho-e-vista-como-interferencia-na-expressao\/","name":"Condena\u00e7\u00e3o de Jos\u00e9 Manuel Coelho \u00e9 vista como interfer\u00eancia na express\u00e3o - Portal Tela Portugal","isPartOf":{"@id":"https:\/\/portaltela.pt\/#website"},"primaryImageOfPage":{"@id":"https:\/\/portaltela.pt\/noticias\/2026\/01\/13\/condenacao-de-jose-manuel-coelho-e-vista-como-interferencia-na-expressao\/#primaryimage"},"image":{"@id":"https:\/\/portaltela.pt\/noticias\/2026\/01\/13\/condenacao-de-jose-manuel-coelho-e-vista-como-interferencia-na-expressao\/#primaryimage"},"thumbnailUrl":"https:\/\/portaltela.pt\/s.01k8rhncp4jt1\/2026\/01\/img_1500x1000uu2016-04-25-12-40-00-530821.jpg","datePublished":"2026-01-13T18:34:45+00:00","author":{"@id":"https:\/\/portaltela.pt\/#\/schema\/person\/c4278d4a6028830caff9ee44b42d32ed"},"breadcrumb":{"@id":"https:\/\/portaltela.pt\/noticias\/2026\/01\/13\/condenacao-de-jose-manuel-coelho-e-vista-como-interferencia-na-expressao\/#breadcrumb"},"inLanguage":"pt-PT","potentialAction":[{"@type":"ReadAction","target":["https:\/\/portaltela.pt\/noticias\/2026\/01\/13\/condenacao-de-jose-manuel-coelho-e-vista-como-interferencia-na-expressao\/"]}]},{"@type":"ImageObject","inLanguage":"pt-PT","@id":"https:\/\/portaltela.pt\/noticias\/2026\/01\/13\/condenacao-de-jose-manuel-coelho-e-vista-como-interferencia-na-expressao\/#primaryimage","url":"https:\/\/portaltela.pt\/s.01k8rhncp4jt1\/2026\/01\/img_1500x1000uu2016-04-25-12-40-00-530821.jpg","contentUrl":"https:\/\/portaltela.pt\/s.01k8rhncp4jt1\/2026\/01\/img_1500x1000uu2016-04-25-12-40-00-530821.jpg","width":796,"height":448,"caption":"Advogado de Coelho diz que est\u00e1 a ponderar pedir revis\u00e3o da senten\u00e7a"},{"@type":"BreadcrumbList","@id":"https:\/\/portaltela.pt\/noticias\/2026\/01\/13\/condenacao-de-jose-manuel-coelho-e-vista-como-interferencia-na-expressao\/#breadcrumb","itemListElement":[{"@type":"ListItem","position":1,"name":"In\u00edcio","item":"https:\/\/portaltela.pt\/"},{"@type":"ListItem","position":2,"name":"Condena\u00e7\u00e3o de Jos\u00e9 Manuel Coelho \u00e9 vista como interfer\u00eancia na express\u00e3o"}]},{"@type":"WebSite","@id":"https:\/\/portaltela.pt\/#website","url":"https:\/\/portaltela.pt\/","name":"Portal Tela Portugal","description":"","potentialAction":[{"@type":"SearchAction","target":{"@type":"EntryPoint","urlTemplate":"https:\/\/portaltela.pt\/?s={search_term_string}"},"query-input":{"@type":"PropertyValueSpecification","valueRequired":true,"valueName":"search_term_string"}}],"inLanguage":"pt-PT"},{"@type":"Person","@id":"https:\/\/portaltela.pt\/#\/schema\/person\/c4278d4a6028830caff9ee44b42d32ed","name":"Telinha","image":{"@type":"ImageObject","inLanguage":"pt-PT","@id":"https:\/\/portaltela.pt\/s.01k8rhncp4jt1\/2025\/11\/talking-bot-125x125.png","url":"https:\/\/portaltela.pt\/s.01k8rhncp4jt1\/2025\/11\/talking-bot-125x125.png","contentUrl":"https:\/\/portaltela.pt\/s.01k8rhncp4jt1\/2025\/11\/talking-bot-125x125.png","caption":"Telinha"},"sameAs":["https:\/\/portaltela.pt\/"],"url":"https:\/\/portaltela.pt\/por\/367410592786\/"}]}},"_links":{"self":[{"href":"https:\/\/portaltela.pt\/api\/wp\/v2\/posts\/139365","targetHints":{"allow":["GET"]}}],"collection":[{"href":"https:\/\/portaltela.pt\/api\/wp\/v2\/posts"}],"about":[{"href":"https:\/\/portaltela.pt\/api\/wp\/v2\/types\/post"}],"author":[{"embeddable":true,"href":"https:\/\/portaltela.pt\/api\/wp\/v2\/users\/2"}],"replies":[{"embeddable":true,"href":"https:\/\/portaltela.pt\/api\/wp\/v2\/comments?post=139365"}],"version-history":[{"count":0,"href":"https:\/\/portaltela.pt\/api\/wp\/v2\/posts\/139365\/revisions"}],"wp:featuredmedia":[{"embeddable":true,"href":"https:\/\/portaltela.pt\/api\/wp\/v2\/media\/139369"}],"wp:attachment":[{"href":"https:\/\/portaltela.pt\/api\/wp\/v2\/media?parent=139365"}],"wp:term":[{"taxonomy":"category","embeddable":true,"href":"https:\/\/portaltela.pt\/api\/wp\/v2\/categories?post=139365"},{"taxonomy":"post_tag","embeddable":true,"href":"https:\/\/portaltela.pt\/api\/wp\/v2\/tags?post=139365"}],"curies":[{"name":"wp","href":"https:\/\/api.w.org\/{rel}","templated":true}]}}