{"id":139109,"date":"2026-01-13T14:00:00","date_gmt":"2026-01-13T17:00:00","guid":{"rendered":"https:\/\/portaltela.pt\/noticias\/2026\/01\/13\/ex-tecnica-da-seguranca-social-condenada-a-pena-suspensa\/"},"modified":"2026-01-13T14:00:00","modified_gmt":"2026-01-13T17:00:00","slug":"ex-tecnica-da-seguranca-social-condenada-a-pena-suspensa","status":"publish","type":"post","link":"https:\/\/portaltela.pt\/noticias\/2026\/01\/13\/ex-tecnica-da-seguranca-social-condenada-a-pena-suspensa\/","title":{"rendered":"Ex-t\u00e9cnica da Seguran\u00e7a Social condenada a pena suspensa"},"content":{"rendered":"<p>A ex-t\u00e9cnica do Instituto da Seguran\u00e7a Social (ISS) foi condenada por burla tribut\u00e1ria a tr\u00eas anos de pris\u00e3o, suspensa por cinco. A senten\u00e7a foi proferida no Tribunal do Bolh\u00e3o, no Porto, ap\u00f3s a acusa\u00e7\u00e3o de desvio de quase 28 mil euros em subs\u00eddios de desemprego entre 2016 e 2018.<\/p>\n<p>A arguida, que colaborou no ISS entre 2001 e 2019, manipulou dois processos de subs\u00eddio de desemprego, alterando dados para facilitar pagamentos indevidos. O montante desviado foi parcialmente creditado na sua conta, segundo o veredito.<\/p>\n<p>Durante o julgamento, a antiga funcion\u00e1ria confessou, alegando press\u00e3o de terceiros e aus\u00eancia de benef\u00edcio pessoal, vers\u00e3o que a ju\u00edza considerou n\u00e3o comprovada. Para o tribunal, \u00e9 <strong>irrelevante<\/strong> quem reteve o dinheiro, pois atuou com plena consci\u00eancia da ilegalidade.<\/p>\n<p>A pena considerada levou em conta a preven\u00e7\u00e3o geral e a gravidade moderada do crime, com o montante desviado ligeiramente acima do limite m\u00e1ximo definido como elevado. A condena\u00e7\u00e3o resulta tamb\u00e9m da aus\u00eancia de antecedentes, de atividade laboral atual e de um epis\u00f3dio depressivo maior.<\/p>\n<p>Foi imposta a pagamento de 12.027,04 euros ao Estado, em quatro anos, como condi\u00e7\u00e3o para a suspens\u00e3o da execu\u00e7\u00e3o. Em dezembro de 2024, o Minist\u00e9rio P\u00fablico j\u00e1 tinha acusado a t\u00e9cnica e requerido a devolu\u00e7\u00e3o integral dos valores desviados.<\/p>\n<p>Segundo o processo, a t\u00e9cnica alterava processos de estado de \u201cpendente\u201d para \u201cdeferido\u201d, permitindo o pagamento mensal dos subs\u00eddios, voltando a restituir o estado anterior ap\u00f3s cada processamento. Parte dos pagamentos chegou por cheque-carta, outra a contas associadas aos benefici\u00e1rios e \u00e0 arguida.<\/p>\n<p>No decorrer do julgamento, a antiga funcion\u00e1ria confirmou a autoria dos factos, afirmando ter transferido valores para a conta de um requerente para, alegadamente, os entregar depois. Segundo a defesa, atuou por dificuldades econ\u00f3micas, medo de um benefici\u00e1rio e press\u00f5es familiares.<\/p>\n","protected":false},"excerpt":{"rendered":"<ul>\n<li>Ex-t\u00e9cnica do Instituto da Seguran\u00e7a Social foi condenada por burla tribut\u00e1ria a tr\u00eas anos de pris\u00e3o, suspensa por cinco, por desvio de quase 28 mil euros em subs\u00eddios de desemprego.<\/li>\n<li>Julgamento ocorreu no Tribunal do Bolh\u00e3o, no Porto, com a arguida a exercer fun\u00e7\u00f5es no ISS entre 2001 e 2019.<\/li>\n<li>Manipulou dois processos entre 2016 e 2018, alterando dados para permitir pagamentos indevidos e tendo parte dos montantes creditados na sua conta.<\/li>\n<li>Confessou os factos, alegando press\u00e3o de terceiros; ju\u00edza entendeu que n\u00e3o ficou comprovado benef\u00edcio pessoal e considerou irrelevante quem recebeu o dinheiro.<\/li>\n<li>Senten\u00e7a prev\u00ea pagamento de 12.027,04 euros em quatro anos para manter a suspens\u00e3o; a arguida n\u00e3o tem antecedentes criminais e apresentava um epis\u00f3dio depressivo maior. O MP tinham pedido a devolu\u00e7\u00e3o integral em dezembro de dois mil e vinte e quatro.<\/li>\n<\/ul>\n","protected":false},"author":2,"featured_media":139118,"comment_status":"closed","ping_status":"closed","sticky":false,"template":"","format":"standard","meta":{"footnotes":""},"categories":[1],"tags":[470,746,83,95,217,982],"class_list":["post-139109","post","type-post","status-publish","format-standard","has-post-thumbnail","hentry","category-noticias","tag-abuso-de-autoridade","tag-abuso-de-confianca","tag-corrupcao","tag-fraude-fiscal","tag-investigacao-criminal","tag-porto"],"yoast_head":"<!-- This site is optimized with the Yoast SEO plugin v27.2 - https:\/\/yoast.com\/product\/yoast-seo-wordpress\/ -->\n<title>Ex-t\u00e9cnica da Seguran\u00e7a Social condenada a pena suspensa - Portal Tela Portugal<\/title>\n<meta name=\"robots\" content=\"index, follow, max-snippet:-1, max-image-preview:large, max-video-preview:-1\" \/>\n<meta property=\"og:locale\" content=\"pt_PT\" \/>\n<meta property=\"og:type\" content=\"article\" \/>\n<meta property=\"og:title\" content=\"Ex-t\u00e9cnica da Seguran\u00e7a Social condenada a pena suspensa - Portal Tela Portugal\" \/>\n<meta property=\"og:description\" content=\"Ex-t\u00e9cnica do Instituto da Seguran\u00e7a Social foi condenada por burla tribut\u00e1ria a tr\u00eas anos de pris\u00e3o, suspensa por cinco, por desvio de quase 28 mil euros em subs\u00eddios de desemprego. Julgamento ocorreu no Tribunal do Bolh\u00e3o, no Porto, com a arguida a exercer fun\u00e7\u00f5es no ISS entre 2001 e 2019. Manipulou dois processos entre 2016 e 2018, alterando dados para permitir pagamentos indevidos e tendo parte dos montantes creditados na sua conta. Confessou os factos, alegando press\u00e3o de terceiros; ju\u00edza entendeu que n\u00e3o ficou comprovado benef\u00edcio pessoal e considerou irrelevante quem recebeu o dinheiro. Senten\u00e7a prev\u00ea pagamento de 12.027,04 euros em quatro anos para manter a suspens\u00e3o; a arguida n\u00e3o tem antecedentes criminais e apresentava um epis\u00f3dio depressivo maior. O MP tinham pedido a devolu\u00e7\u00e3o integral em dezembro de dois mil e vinte e quatro.\" \/>\n<meta property=\"og:url\" content=\"https:\/\/portaltela.pt\/noticias\/2026\/01\/13\/ex-tecnica-da-seguranca-social-condenada-a-pena-suspensa\/\" \/>\n<meta property=\"og:site_name\" content=\"Portal Tela Portugal\" \/>\n<meta property=\"article:published_time\" content=\"2026-01-13T17:00:00+00:00\" \/>\n<meta name=\"author\" content=\"Telinha\" \/>\n<meta name=\"twitter:card\" content=\"summary_large_image\" \/>\n<meta name=\"twitter:label1\" content=\"Escrito por\" \/>\n\t<meta name=\"twitter:data1\" content=\"Telinha\" \/>\n\t<meta name=\"twitter:label2\" content=\"Tempo estimado de leitura\" \/>\n\t<meta name=\"twitter:data2\" content=\"2 minutos\" \/>\n<script type=\"application\/ld+json\" class=\"yoast-schema-graph\">{\"@context\":\"https:\/\/schema.org\",\"@graph\":[{\"@type\":\"Article\",\"@id\":\"https:\/\/portaltela.pt\/noticias\/2026\/01\/13\/ex-tecnica-da-seguranca-social-condenada-a-pena-suspensa\/#article\",\"isPartOf\":{\"@id\":\"https:\/\/portaltela.pt\/noticias\/2026\/01\/13\/ex-tecnica-da-seguranca-social-condenada-a-pena-suspensa\/\"},\"author\":{\"name\":\"Telinha\",\"@id\":\"https:\/\/portaltela.pt\/#\/schema\/person\/c4278d4a6028830caff9ee44b42d32ed\"},\"headline\":\"Ex-t\u00e9cnica da Seguran\u00e7a Social condenada a pena suspensa\",\"datePublished\":\"2026-01-13T17:00:00+00:00\",\"mainEntityOfPage\":{\"@id\":\"https:\/\/portaltela.pt\/noticias\/2026\/01\/13\/ex-tecnica-da-seguranca-social-condenada-a-pena-suspensa\/\"},\"wordCount\":332,\"image\":{\"@id\":\"https:\/\/portaltela.pt\/noticias\/2026\/01\/13\/ex-tecnica-da-seguranca-social-condenada-a-pena-suspensa\/#primaryimage\"},\"thumbnailUrl\":\"https:\/\/portaltela.pt\/s.01k8rhncp4jt1\/2026\/01\/seguro_outline_cor-107.jpg\",\"keywords\":[\"abuso de autoridade\",\"abuso de confian\u00e7a\",\"corrup\u00e7\u00e3o\",\"fraude fiscal\",\"investiga\u00e7\u00e3o criminal\",\"Porto\"],\"articleSection\":[\"Not\u00edcias\"],\"inLanguage\":\"pt-PT\"},{\"@type\":\"WebPage\",\"@id\":\"https:\/\/portaltela.pt\/noticias\/2026\/01\/13\/ex-tecnica-da-seguranca-social-condenada-a-pena-suspensa\/\",\"url\":\"https:\/\/portaltela.pt\/noticias\/2026\/01\/13\/ex-tecnica-da-seguranca-social-condenada-a-pena-suspensa\/\",\"name\":\"Ex-t\u00e9cnica da Seguran\u00e7a Social condenada a pena suspensa - Portal Tela Portugal\",\"isPartOf\":{\"@id\":\"https:\/\/portaltela.pt\/#website\"},\"primaryImageOfPage\":{\"@id\":\"https:\/\/portaltela.pt\/noticias\/2026\/01\/13\/ex-tecnica-da-seguranca-social-condenada-a-pena-suspensa\/#primaryimage\"},\"image\":{\"@id\":\"https:\/\/portaltela.pt\/noticias\/2026\/01\/13\/ex-tecnica-da-seguranca-social-condenada-a-pena-suspensa\/#primaryimage\"},\"thumbnailUrl\":\"https:\/\/portaltela.pt\/s.01k8rhncp4jt1\/2026\/01\/seguro_outline_cor-107.jpg\",\"datePublished\":\"2026-01-13T17:00:00+00:00\",\"author\":{\"@id\":\"https:\/\/portaltela.pt\/#\/schema\/person\/c4278d4a6028830caff9ee44b42d32ed\"},\"breadcrumb\":{\"@id\":\"https:\/\/portaltela.pt\/noticias\/2026\/01\/13\/ex-tecnica-da-seguranca-social-condenada-a-pena-suspensa\/#breadcrumb\"},\"inLanguage\":\"pt-PT\",\"potentialAction\":[{\"@type\":\"ReadAction\",\"target\":[\"https:\/\/portaltela.pt\/noticias\/2026\/01\/13\/ex-tecnica-da-seguranca-social-condenada-a-pena-suspensa\/\"]}]},{\"@type\":\"ImageObject\",\"inLanguage\":\"pt-PT\",\"@id\":\"https:\/\/portaltela.pt\/noticias\/2026\/01\/13\/ex-tecnica-da-seguranca-social-condenada-a-pena-suspensa\/#primaryimage\",\"url\":\"https:\/\/portaltela.pt\/s.01k8rhncp4jt1\/2026\/01\/seguro_outline_cor-107.jpg\",\"contentUrl\":\"https:\/\/portaltela.pt\/s.01k8rhncp4jt1\/2026\/01\/seguro_outline_cor-107.jpg\",\"width\":796,\"height\":448,\"caption\":\"Photo\"},{\"@type\":\"BreadcrumbList\",\"@id\":\"https:\/\/portaltela.pt\/noticias\/2026\/01\/13\/ex-tecnica-da-seguranca-social-condenada-a-pena-suspensa\/#breadcrumb\",\"itemListElement\":[{\"@type\":\"ListItem\",\"position\":1,\"name\":\"In\u00edcio\",\"item\":\"https:\/\/portaltela.pt\/\"},{\"@type\":\"ListItem\",\"position\":2,\"name\":\"Ex-t\u00e9cnica da Seguran\u00e7a Social condenada a pena suspensa\"}]},{\"@type\":\"WebSite\",\"@id\":\"https:\/\/portaltela.pt\/#website\",\"url\":\"https:\/\/portaltela.pt\/\",\"name\":\"Portal Tela Portugal\",\"description\":\"\",\"potentialAction\":[{\"@type\":\"SearchAction\",\"target\":{\"@type\":\"EntryPoint\",\"urlTemplate\":\"https:\/\/portaltela.pt\/?s={search_term_string}\"},\"query-input\":{\"@type\":\"PropertyValueSpecification\",\"valueRequired\":true,\"valueName\":\"search_term_string\"}}],\"inLanguage\":\"pt-PT\"},{\"@type\":\"Person\",\"@id\":\"https:\/\/portaltela.pt\/#\/schema\/person\/c4278d4a6028830caff9ee44b42d32ed\",\"name\":\"Telinha\",\"image\":{\"@type\":\"ImageObject\",\"inLanguage\":\"pt-PT\",\"@id\":\"https:\/\/portaltela.pt\/s.01k8rhncp4jt1\/2025\/11\/talking-bot-125x125.png\",\"url\":\"https:\/\/portaltela.pt\/s.01k8rhncp4jt1\/2025\/11\/talking-bot-125x125.png\",\"contentUrl\":\"https:\/\/portaltela.pt\/s.01k8rhncp4jt1\/2025\/11\/talking-bot-125x125.png\",\"caption\":\"Telinha\"},\"sameAs\":[\"https:\/\/portaltela.pt\/\"],\"url\":\"https:\/\/portaltela.pt\/por\/367410592786\/\"}]}<\/script>\n<!-- \/ Yoast SEO plugin. -->","yoast_head_json":{"title":"Ex-t\u00e9cnica da Seguran\u00e7a Social condenada a pena suspensa - Portal Tela Portugal","robots":{"index":"index","follow":"follow","max-snippet":"max-snippet:-1","max-image-preview":"max-image-preview:large","max-video-preview":"max-video-preview:-1"},"og_locale":"pt_PT","og_type":"article","og_title":"Ex-t\u00e9cnica da Seguran\u00e7a Social condenada a pena suspensa - Portal Tela Portugal","og_description":"Ex-t\u00e9cnica do Instituto da Seguran\u00e7a Social foi condenada por burla tribut\u00e1ria a tr\u00eas anos de pris\u00e3o, suspensa por cinco, por desvio de quase 28 mil euros em subs\u00eddios de desemprego. Julgamento ocorreu no Tribunal do Bolh\u00e3o, no Porto, com a arguida a exercer fun\u00e7\u00f5es no ISS entre 2001 e 2019. Manipulou dois processos entre 2016 e 2018, alterando dados para permitir pagamentos indevidos e tendo parte dos montantes creditados na sua conta. Confessou os factos, alegando press\u00e3o de terceiros; ju\u00edza entendeu que n\u00e3o ficou comprovado benef\u00edcio pessoal e considerou irrelevante quem recebeu o dinheiro. Senten\u00e7a prev\u00ea pagamento de 12.027,04 euros em quatro anos para manter a suspens\u00e3o; a arguida n\u00e3o tem antecedentes criminais e apresentava um epis\u00f3dio depressivo maior. O MP tinham pedido a devolu\u00e7\u00e3o integral em dezembro de dois mil e vinte e quatro.","og_url":"https:\/\/portaltela.pt\/noticias\/2026\/01\/13\/ex-tecnica-da-seguranca-social-condenada-a-pena-suspensa\/","og_site_name":"Portal Tela Portugal","article_published_time":"2026-01-13T17:00:00+00:00","author":"Telinha","twitter_card":"summary_large_image","twitter_misc":{"Escrito por":"Telinha","Tempo estimado de leitura":"2 minutos"},"schema":{"@context":"https:\/\/schema.org","@graph":[{"@type":"Article","@id":"https:\/\/portaltela.pt\/noticias\/2026\/01\/13\/ex-tecnica-da-seguranca-social-condenada-a-pena-suspensa\/#article","isPartOf":{"@id":"https:\/\/portaltela.pt\/noticias\/2026\/01\/13\/ex-tecnica-da-seguranca-social-condenada-a-pena-suspensa\/"},"author":{"name":"Telinha","@id":"https:\/\/portaltela.pt\/#\/schema\/person\/c4278d4a6028830caff9ee44b42d32ed"},"headline":"Ex-t\u00e9cnica da Seguran\u00e7a Social condenada a pena suspensa","datePublished":"2026-01-13T17:00:00+00:00","mainEntityOfPage":{"@id":"https:\/\/portaltela.pt\/noticias\/2026\/01\/13\/ex-tecnica-da-seguranca-social-condenada-a-pena-suspensa\/"},"wordCount":332,"image":{"@id":"https:\/\/portaltela.pt\/noticias\/2026\/01\/13\/ex-tecnica-da-seguranca-social-condenada-a-pena-suspensa\/#primaryimage"},"thumbnailUrl":"https:\/\/portaltela.pt\/s.01k8rhncp4jt1\/2026\/01\/seguro_outline_cor-107.jpg","keywords":["abuso de autoridade","abuso de confian\u00e7a","corrup\u00e7\u00e3o","fraude fiscal","investiga\u00e7\u00e3o criminal","Porto"],"articleSection":["Not\u00edcias"],"inLanguage":"pt-PT"},{"@type":"WebPage","@id":"https:\/\/portaltela.pt\/noticias\/2026\/01\/13\/ex-tecnica-da-seguranca-social-condenada-a-pena-suspensa\/","url":"https:\/\/portaltela.pt\/noticias\/2026\/01\/13\/ex-tecnica-da-seguranca-social-condenada-a-pena-suspensa\/","name":"Ex-t\u00e9cnica da Seguran\u00e7a Social condenada a pena suspensa - Portal Tela Portugal","isPartOf":{"@id":"https:\/\/portaltela.pt\/#website"},"primaryImageOfPage":{"@id":"https:\/\/portaltela.pt\/noticias\/2026\/01\/13\/ex-tecnica-da-seguranca-social-condenada-a-pena-suspensa\/#primaryimage"},"image":{"@id":"https:\/\/portaltela.pt\/noticias\/2026\/01\/13\/ex-tecnica-da-seguranca-social-condenada-a-pena-suspensa\/#primaryimage"},"thumbnailUrl":"https:\/\/portaltela.pt\/s.01k8rhncp4jt1\/2026\/01\/seguro_outline_cor-107.jpg","datePublished":"2026-01-13T17:00:00+00:00","author":{"@id":"https:\/\/portaltela.pt\/#\/schema\/person\/c4278d4a6028830caff9ee44b42d32ed"},"breadcrumb":{"@id":"https:\/\/portaltela.pt\/noticias\/2026\/01\/13\/ex-tecnica-da-seguranca-social-condenada-a-pena-suspensa\/#breadcrumb"},"inLanguage":"pt-PT","potentialAction":[{"@type":"ReadAction","target":["https:\/\/portaltela.pt\/noticias\/2026\/01\/13\/ex-tecnica-da-seguranca-social-condenada-a-pena-suspensa\/"]}]},{"@type":"ImageObject","inLanguage":"pt-PT","@id":"https:\/\/portaltela.pt\/noticias\/2026\/01\/13\/ex-tecnica-da-seguranca-social-condenada-a-pena-suspensa\/#primaryimage","url":"https:\/\/portaltela.pt\/s.01k8rhncp4jt1\/2026\/01\/seguro_outline_cor-107.jpg","contentUrl":"https:\/\/portaltela.pt\/s.01k8rhncp4jt1\/2026\/01\/seguro_outline_cor-107.jpg","width":796,"height":448,"caption":"Photo"},{"@type":"BreadcrumbList","@id":"https:\/\/portaltela.pt\/noticias\/2026\/01\/13\/ex-tecnica-da-seguranca-social-condenada-a-pena-suspensa\/#breadcrumb","itemListElement":[{"@type":"ListItem","position":1,"name":"In\u00edcio","item":"https:\/\/portaltela.pt\/"},{"@type":"ListItem","position":2,"name":"Ex-t\u00e9cnica da Seguran\u00e7a Social condenada a pena suspensa"}]},{"@type":"WebSite","@id":"https:\/\/portaltela.pt\/#website","url":"https:\/\/portaltela.pt\/","name":"Portal Tela Portugal","description":"","potentialAction":[{"@type":"SearchAction","target":{"@type":"EntryPoint","urlTemplate":"https:\/\/portaltela.pt\/?s={search_term_string}"},"query-input":{"@type":"PropertyValueSpecification","valueRequired":true,"valueName":"search_term_string"}}],"inLanguage":"pt-PT"},{"@type":"Person","@id":"https:\/\/portaltela.pt\/#\/schema\/person\/c4278d4a6028830caff9ee44b42d32ed","name":"Telinha","image":{"@type":"ImageObject","inLanguage":"pt-PT","@id":"https:\/\/portaltela.pt\/s.01k8rhncp4jt1\/2025\/11\/talking-bot-125x125.png","url":"https:\/\/portaltela.pt\/s.01k8rhncp4jt1\/2025\/11\/talking-bot-125x125.png","contentUrl":"https:\/\/portaltela.pt\/s.01k8rhncp4jt1\/2025\/11\/talking-bot-125x125.png","caption":"Telinha"},"sameAs":["https:\/\/portaltela.pt\/"],"url":"https:\/\/portaltela.pt\/por\/367410592786\/"}]}},"_links":{"self":[{"href":"https:\/\/portaltela.pt\/api\/wp\/v2\/posts\/139109","targetHints":{"allow":["GET"]}}],"collection":[{"href":"https:\/\/portaltela.pt\/api\/wp\/v2\/posts"}],"about":[{"href":"https:\/\/portaltela.pt\/api\/wp\/v2\/types\/post"}],"author":[{"embeddable":true,"href":"https:\/\/portaltela.pt\/api\/wp\/v2\/users\/2"}],"replies":[{"embeddable":true,"href":"https:\/\/portaltela.pt\/api\/wp\/v2\/comments?post=139109"}],"version-history":[{"count":0,"href":"https:\/\/portaltela.pt\/api\/wp\/v2\/posts\/139109\/revisions"}],"wp:featuredmedia":[{"embeddable":true,"href":"https:\/\/portaltela.pt\/api\/wp\/v2\/media\/139118"}],"wp:attachment":[{"href":"https:\/\/portaltela.pt\/api\/wp\/v2\/media?parent=139109"}],"wp:term":[{"taxonomy":"category","embeddable":true,"href":"https:\/\/portaltela.pt\/api\/wp\/v2\/categories?post=139109"},{"taxonomy":"post_tag","embeddable":true,"href":"https:\/\/portaltela.pt\/api\/wp\/v2\/tags?post=139109"}],"curies":[{"name":"wp","href":"https:\/\/api.w.org\/{rel}","templated":true}]}}