{"id":139108,"date":"2026-01-13T14:09:00","date_gmt":"2026-01-13T17:09:00","guid":{"rendered":"https:\/\/portaltela.pt\/noticias\/2026\/01\/13\/pj-desmantela-rede-de-droga-proveniente-da-africa-no-aeroporto-de-lisboa\/"},"modified":"2026-01-13T14:09:00","modified_gmt":"2026-01-13T17:09:00","slug":"pj-desmantela-rede-de-droga-proveniente-da-africa-no-aeroporto-de-lisboa","status":"publish","type":"post","link":"https:\/\/portaltela.pt\/noticias\/2026\/01\/13\/pj-desmantela-rede-de-droga-proveniente-da-africa-no-aeroporto-de-lisboa\/","title":{"rendered":"PJ desmantela rede de droga proveniente da \u00c1frica no Aeroporto de Lisboa"},"content":{"rendered":"<p>A Pol\u00edcia Judici\u00e1ria (PJ) desmantelou uma rede de tr\u00e1fico de droga que operava atrav\u00e9s do Aeroporto de Lisboa, vindo de \u00c1frica. A opera\u00e7\u00e3o ocorreu esta ter\u00e7a-feira e resultou na deten\u00e7\u00e3o de dois suspeitos, al\u00e9m do alegado cabecilha.<\/p>\n<p>A investiga\u00e7\u00e3o, realizada em colabora\u00e7\u00e3o com a Autoridade Aduaneira, teve in\u00edcio em 2025. Em fiscaliza\u00e7\u00e3o aeroportu\u00e1ria, foi encontrada uma bagagem origin\u00e1ria de pa\u00eds africano com 1 648 gramas de coca\u00edna, dissimuladas entre produtos alimentares.<\/p>\n<p>A bagagem n\u00e3o foi reclamada pelo titular, tendo sido levantada por outra pessoa que acabou detida em flagrante. Seguiu-se a pris\u00e3o preventiva desse suspeito, ampliando o contingente de detidos na opera\u00e7\u00e3o.<\/p>\n<p>Para a PJ, o caso evidencia o uso sistem\u00e1tico de intermedi\u00e1rios para transportar e recolher estupefacientes, pr\u00e1tica comum em redes internacionais de tr\u00e1fico.<\/p>\n<h3>Detalhes da opera\u00e7\u00e3o<\/h3>\n<p>A investiga\u00e7\u00e3o permitiu identificar o principal respons\u00e1vel pela opera\u00e7\u00e3o, que coordenava \u00e0 dist\u00e2ncia os movimentos da rede via comunica\u00e7\u00f5es encriptadas. Detalhava recolha de bagagem e pontos de espera.<\/p>\n<p>Esse alegado cabecilha foi detido no concelho de Sintra, ao ser encontradas estupefacientes na posse, mediante dois mandados de deten\u00e7\u00e3o fora de flagrante delito e tr\u00eas de buscas domicili\u00e1rias.<\/p>\n<p>Paralelamente, a PJ deteve, no decorrer da opera\u00e7\u00e3o, o suspeito cujo nome constava na documenta\u00e7\u00e3o da bagagem apreendida em 2025. Ambos aguardam audi\u00eancias de primeiro interrogat\u00f3rio.<\/p>\n<p>A nota indicia ainda montantes financeiros significativos em contas associadas ao principal suspeito, sem rela\u00e7\u00e3o com rendimentos l\u00edcitos conhecidos. O homem j\u00e1 tinha antecedentes criminais, incluindo posse de droga, arma branca e botijas de \u00f3xido nitroso.<\/p>\n","protected":false},"excerpt":{"rendered":"<ul>\n<li>A Pol\u00edcia Judici\u00e1ria desmantelou uma rede de tr\u00e1fico que operava atrav\u00e9s do Aeroporto de Lisboa, proveniente de \u00c1frica, com a apreens\u00e3o de coca\u00edna e deten\u00e7\u00e3o de dois novos suspeitos, al\u00e9m do alegado cabecilha.<\/li>\n<li>Foram apreendidos 1.648 gramas de coca\u00edna numa bagagem proveniente de pa\u00eds africano, dissimuladas entre produtos alimentares; a bagagem n\u00e3o foi reclamadas pelo titular e acabou por ser levantada por outra pessoa, que ficou em pris\u00e3o preventiva.<\/li>\n<li>O principal respons\u00e1vel coordenava os movimentos da rede \u00e0 dist\u00e2ncia, atrav\u00e9s de aplica\u00e7\u00f5es de comunica\u00e7\u00f5es encriptadas, emitindo instru\u00e7\u00f5es sobre a recolha de bagagem e locais de espera.<\/li>\n<li>A deten\u00e7\u00e3o do alegado cabecilha ocorreu no concelho de Sintra, ap\u00f3s dois mandados de deten\u00e7\u00e3o fora de flagrante delito e tr\u00eas de buscas domicili\u00e1rias; paralelamente, foi detido o suspeito cuja bagagem esteve na origem da opera\u00e7\u00e3o.<\/li>\n<li>A investiga\u00e7\u00e3o, iniciada em 2025 e realizada em parceria com a Autoridade Aduaneira, apurou avultados montantes financeiros em contas associadas ao principal suspeito, com antecedentes criminais.<\/li>\n<\/ul>\n","protected":false},"author":2,"featured_media":139113,"comment_status":"closed","ping_status":"closed","sticky":false,"template":"","format":"standard","meta":{"footnotes":""},"categories":[1],"tags":[3055,217,981,1802,1110,96],"class_list":["post-139108","post","type-post","status-publish","format-standard","has-post-thumbnail","hentry","category-noticias","tag-autoridade-aduaneira","tag-investigacao-criminal","tag-lisboa","tag-policia-judiciaria","tag-sintra","tag-trafico-de-droga"],"yoast_head":"<!-- This site is optimized with the Yoast SEO plugin v27.2 - https:\/\/yoast.com\/product\/yoast-seo-wordpress\/ -->\n<title>PJ desmantela rede de droga proveniente da \u00c1frica no Aeroporto de Lisboa - Portal Tela Portugal<\/title>\n<meta name=\"robots\" content=\"index, follow, max-snippet:-1, max-image-preview:large, max-video-preview:-1\" \/>\n<meta property=\"og:locale\" content=\"pt_PT\" \/>\n<meta property=\"og:type\" content=\"article\" \/>\n<meta property=\"og:title\" content=\"PJ desmantela rede de droga proveniente da \u00c1frica no Aeroporto de Lisboa - Portal Tela Portugal\" \/>\n<meta property=\"og:description\" content=\"A Pol\u00edcia Judici\u00e1ria desmantelou uma rede de tr\u00e1fico que operava atrav\u00e9s do Aeroporto de Lisboa, proveniente de \u00c1frica, com a apreens\u00e3o de coca\u00edna e deten\u00e7\u00e3o de dois novos suspeitos, al\u00e9m do alegado cabecilha. Foram apreendidos 1.648 gramas de coca\u00edna numa bagagem proveniente de pa\u00eds africano, dissimuladas entre produtos alimentares; a bagagem n\u00e3o foi reclamadas pelo titular e acabou por ser levantada por outra pessoa, que ficou em pris\u00e3o preventiva. O principal respons\u00e1vel coordenava os movimentos da rede \u00e0 dist\u00e2ncia, atrav\u00e9s de aplica\u00e7\u00f5es de comunica\u00e7\u00f5es encriptadas, emitindo instru\u00e7\u00f5es sobre a recolha de bagagem e locais de espera. A deten\u00e7\u00e3o do alegado cabecilha ocorreu no concelho de Sintra, ap\u00f3s dois mandados de deten\u00e7\u00e3o fora de flagrante delito e tr\u00eas de buscas domicili\u00e1rias; paralelamente, foi detido o suspeito cuja bagagem esteve na origem da opera\u00e7\u00e3o. A investiga\u00e7\u00e3o, iniciada em 2025 e realizada em parceria com a Autoridade Aduaneira, apurou avultados montantes financeiros em contas associadas ao principal suspeito, com antecedentes criminais.\" \/>\n<meta property=\"og:url\" content=\"https:\/\/portaltela.pt\/noticias\/2026\/01\/13\/pj-desmantela-rede-de-droga-proveniente-da-africa-no-aeroporto-de-lisboa\/\" \/>\n<meta property=\"og:site_name\" content=\"Portal Tela Portugal\" \/>\n<meta property=\"article:published_time\" content=\"2026-01-13T17:09:00+00:00\" \/>\n<meta name=\"author\" content=\"Telinha\" \/>\n<meta name=\"twitter:card\" content=\"summary_large_image\" \/>\n<meta name=\"twitter:label1\" content=\"Escrito por\" \/>\n\t<meta name=\"twitter:data1\" content=\"Telinha\" \/>\n\t<meta name=\"twitter:label2\" content=\"Tempo estimado de leitura\" \/>\n\t<meta name=\"twitter:data2\" content=\"1 minuto\" \/>\n<script type=\"application\/ld+json\" class=\"yoast-schema-graph\">{\"@context\":\"https:\/\/schema.org\",\"@graph\":[{\"@type\":\"Article\",\"@id\":\"https:\/\/portaltela.pt\/noticias\/2026\/01\/13\/pj-desmantela-rede-de-droga-proveniente-da-africa-no-aeroporto-de-lisboa\/#article\",\"isPartOf\":{\"@id\":\"https:\/\/portaltela.pt\/noticias\/2026\/01\/13\/pj-desmantela-rede-de-droga-proveniente-da-africa-no-aeroporto-de-lisboa\/\"},\"author\":{\"name\":\"Telinha\",\"@id\":\"https:\/\/portaltela.pt\/#\/schema\/person\/c4278d4a6028830caff9ee44b42d32ed\"},\"headline\":\"PJ desmantela rede de droga proveniente da \u00c1frica no Aeroporto de Lisboa\",\"datePublished\":\"2026-01-13T17:09:00+00:00\",\"mainEntityOfPage\":{\"@id\":\"https:\/\/portaltela.pt\/noticias\/2026\/01\/13\/pj-desmantela-rede-de-droga-proveniente-da-africa-no-aeroporto-de-lisboa\/\"},\"wordCount\":292,\"image\":{\"@id\":\"https:\/\/portaltela.pt\/noticias\/2026\/01\/13\/pj-desmantela-rede-de-droga-proveniente-da-africa-no-aeroporto-de-lisboa\/#primaryimage\"},\"thumbnailUrl\":\"https:\/\/portaltela.pt\/s.01k8rhncp4jt1\/2026\/01\/img_1500x1000uu2025-04-08-14-20-00-2202415.jpg\",\"keywords\":[\"Autoridade Aduaneira\",\"investiga\u00e7\u00e3o criminal\",\"Lisboa\",\"Pol\u00edcia Judici\u00e1ria\",\"Sintra\",\"tr\u00e1fico de droga\"],\"articleSection\":[\"Not\u00edcias\"],\"inLanguage\":\"pt-PT\"},{\"@type\":\"WebPage\",\"@id\":\"https:\/\/portaltela.pt\/noticias\/2026\/01\/13\/pj-desmantela-rede-de-droga-proveniente-da-africa-no-aeroporto-de-lisboa\/\",\"url\":\"https:\/\/portaltela.pt\/noticias\/2026\/01\/13\/pj-desmantela-rede-de-droga-proveniente-da-africa-no-aeroporto-de-lisboa\/\",\"name\":\"PJ desmantela rede de droga proveniente da \u00c1frica no Aeroporto de Lisboa - Portal Tela Portugal\",\"isPartOf\":{\"@id\":\"https:\/\/portaltela.pt\/#website\"},\"primaryImageOfPage\":{\"@id\":\"https:\/\/portaltela.pt\/noticias\/2026\/01\/13\/pj-desmantela-rede-de-droga-proveniente-da-africa-no-aeroporto-de-lisboa\/#primaryimage\"},\"image\":{\"@id\":\"https:\/\/portaltela.pt\/noticias\/2026\/01\/13\/pj-desmantela-rede-de-droga-proveniente-da-africa-no-aeroporto-de-lisboa\/#primaryimage\"},\"thumbnailUrl\":\"https:\/\/portaltela.pt\/s.01k8rhncp4jt1\/2026\/01\/img_1500x1000uu2025-04-08-14-20-00-2202415.jpg\",\"datePublished\":\"2026-01-13T17:09:00+00:00\",\"author\":{\"@id\":\"https:\/\/portaltela.pt\/#\/schema\/person\/c4278d4a6028830caff9ee44b42d32ed\"},\"breadcrumb\":{\"@id\":\"https:\/\/portaltela.pt\/noticias\/2026\/01\/13\/pj-desmantela-rede-de-droga-proveniente-da-africa-no-aeroporto-de-lisboa\/#breadcrumb\"},\"inLanguage\":\"pt-PT\",\"potentialAction\":[{\"@type\":\"ReadAction\",\"target\":[\"https:\/\/portaltela.pt\/noticias\/2026\/01\/13\/pj-desmantela-rede-de-droga-proveniente-da-africa-no-aeroporto-de-lisboa\/\"]}]},{\"@type\":\"ImageObject\",\"inLanguage\":\"pt-PT\",\"@id\":\"https:\/\/portaltela.pt\/noticias\/2026\/01\/13\/pj-desmantela-rede-de-droga-proveniente-da-africa-no-aeroporto-de-lisboa\/#primaryimage\",\"url\":\"https:\/\/portaltela.pt\/s.01k8rhncp4jt1\/2026\/01\/img_1500x1000uu2025-04-08-14-20-00-2202415.jpg\",\"contentUrl\":\"https:\/\/portaltela.pt\/s.01k8rhncp4jt1\/2026\/01\/img_1500x1000uu2025-04-08-14-20-00-2202415.jpg\",\"width\":796,\"height\":448,\"caption\":\"Tr\u00eas detidos no Aeroporto de Lisboa por tr\u00e1fico de droga que vinha da Am\u00e9rica Latina\"},{\"@type\":\"BreadcrumbList\",\"@id\":\"https:\/\/portaltela.pt\/noticias\/2026\/01\/13\/pj-desmantela-rede-de-droga-proveniente-da-africa-no-aeroporto-de-lisboa\/#breadcrumb\",\"itemListElement\":[{\"@type\":\"ListItem\",\"position\":1,\"name\":\"In\u00edcio\",\"item\":\"https:\/\/portaltela.pt\/\"},{\"@type\":\"ListItem\",\"position\":2,\"name\":\"PJ desmantela rede de droga proveniente da \u00c1frica no Aeroporto de Lisboa\"}]},{\"@type\":\"WebSite\",\"@id\":\"https:\/\/portaltela.pt\/#website\",\"url\":\"https:\/\/portaltela.pt\/\",\"name\":\"Portal Tela Portugal\",\"description\":\"\",\"potentialAction\":[{\"@type\":\"SearchAction\",\"target\":{\"@type\":\"EntryPoint\",\"urlTemplate\":\"https:\/\/portaltela.pt\/?s={search_term_string}\"},\"query-input\":{\"@type\":\"PropertyValueSpecification\",\"valueRequired\":true,\"valueName\":\"search_term_string\"}}],\"inLanguage\":\"pt-PT\"},{\"@type\":\"Person\",\"@id\":\"https:\/\/portaltela.pt\/#\/schema\/person\/c4278d4a6028830caff9ee44b42d32ed\",\"name\":\"Telinha\",\"image\":{\"@type\":\"ImageObject\",\"inLanguage\":\"pt-PT\",\"@id\":\"https:\/\/portaltela.pt\/s.01k8rhncp4jt1\/2025\/11\/talking-bot-125x125.png\",\"url\":\"https:\/\/portaltela.pt\/s.01k8rhncp4jt1\/2025\/11\/talking-bot-125x125.png\",\"contentUrl\":\"https:\/\/portaltela.pt\/s.01k8rhncp4jt1\/2025\/11\/talking-bot-125x125.png\",\"caption\":\"Telinha\"},\"sameAs\":[\"https:\/\/portaltela.pt\/\"],\"url\":\"https:\/\/portaltela.pt\/por\/367410592786\/\"}]}<\/script>\n<!-- \/ Yoast SEO plugin. -->","yoast_head_json":{"title":"PJ desmantela rede de droga proveniente da \u00c1frica no Aeroporto de Lisboa - Portal Tela Portugal","robots":{"index":"index","follow":"follow","max-snippet":"max-snippet:-1","max-image-preview":"max-image-preview:large","max-video-preview":"max-video-preview:-1"},"og_locale":"pt_PT","og_type":"article","og_title":"PJ desmantela rede de droga proveniente da \u00c1frica no Aeroporto de Lisboa - Portal Tela Portugal","og_description":"A Pol\u00edcia Judici\u00e1ria desmantelou uma rede de tr\u00e1fico que operava atrav\u00e9s do Aeroporto de Lisboa, proveniente de \u00c1frica, com a apreens\u00e3o de coca\u00edna e deten\u00e7\u00e3o de dois novos suspeitos, al\u00e9m do alegado cabecilha. Foram apreendidos 1.648 gramas de coca\u00edna numa bagagem proveniente de pa\u00eds africano, dissimuladas entre produtos alimentares; a bagagem n\u00e3o foi reclamadas pelo titular e acabou por ser levantada por outra pessoa, que ficou em pris\u00e3o preventiva. O principal respons\u00e1vel coordenava os movimentos da rede \u00e0 dist\u00e2ncia, atrav\u00e9s de aplica\u00e7\u00f5es de comunica\u00e7\u00f5es encriptadas, emitindo instru\u00e7\u00f5es sobre a recolha de bagagem e locais de espera. A deten\u00e7\u00e3o do alegado cabecilha ocorreu no concelho de Sintra, ap\u00f3s dois mandados de deten\u00e7\u00e3o fora de flagrante delito e tr\u00eas de buscas domicili\u00e1rias; paralelamente, foi detido o suspeito cuja bagagem esteve na origem da opera\u00e7\u00e3o. A investiga\u00e7\u00e3o, iniciada em 2025 e realizada em parceria com a Autoridade Aduaneira, apurou avultados montantes financeiros em contas associadas ao principal suspeito, com antecedentes criminais.","og_url":"https:\/\/portaltela.pt\/noticias\/2026\/01\/13\/pj-desmantela-rede-de-droga-proveniente-da-africa-no-aeroporto-de-lisboa\/","og_site_name":"Portal Tela Portugal","article_published_time":"2026-01-13T17:09:00+00:00","author":"Telinha","twitter_card":"summary_large_image","twitter_misc":{"Escrito por":"Telinha","Tempo estimado de leitura":"1 minuto"},"schema":{"@context":"https:\/\/schema.org","@graph":[{"@type":"Article","@id":"https:\/\/portaltela.pt\/noticias\/2026\/01\/13\/pj-desmantela-rede-de-droga-proveniente-da-africa-no-aeroporto-de-lisboa\/#article","isPartOf":{"@id":"https:\/\/portaltela.pt\/noticias\/2026\/01\/13\/pj-desmantela-rede-de-droga-proveniente-da-africa-no-aeroporto-de-lisboa\/"},"author":{"name":"Telinha","@id":"https:\/\/portaltela.pt\/#\/schema\/person\/c4278d4a6028830caff9ee44b42d32ed"},"headline":"PJ desmantela rede de droga proveniente da \u00c1frica no Aeroporto de Lisboa","datePublished":"2026-01-13T17:09:00+00:00","mainEntityOfPage":{"@id":"https:\/\/portaltela.pt\/noticias\/2026\/01\/13\/pj-desmantela-rede-de-droga-proveniente-da-africa-no-aeroporto-de-lisboa\/"},"wordCount":292,"image":{"@id":"https:\/\/portaltela.pt\/noticias\/2026\/01\/13\/pj-desmantela-rede-de-droga-proveniente-da-africa-no-aeroporto-de-lisboa\/#primaryimage"},"thumbnailUrl":"https:\/\/portaltela.pt\/s.01k8rhncp4jt1\/2026\/01\/img_1500x1000uu2025-04-08-14-20-00-2202415.jpg","keywords":["Autoridade Aduaneira","investiga\u00e7\u00e3o criminal","Lisboa","Pol\u00edcia Judici\u00e1ria","Sintra","tr\u00e1fico de droga"],"articleSection":["Not\u00edcias"],"inLanguage":"pt-PT"},{"@type":"WebPage","@id":"https:\/\/portaltela.pt\/noticias\/2026\/01\/13\/pj-desmantela-rede-de-droga-proveniente-da-africa-no-aeroporto-de-lisboa\/","url":"https:\/\/portaltela.pt\/noticias\/2026\/01\/13\/pj-desmantela-rede-de-droga-proveniente-da-africa-no-aeroporto-de-lisboa\/","name":"PJ desmantela rede de droga proveniente da \u00c1frica no Aeroporto de Lisboa - Portal Tela Portugal","isPartOf":{"@id":"https:\/\/portaltela.pt\/#website"},"primaryImageOfPage":{"@id":"https:\/\/portaltela.pt\/noticias\/2026\/01\/13\/pj-desmantela-rede-de-droga-proveniente-da-africa-no-aeroporto-de-lisboa\/#primaryimage"},"image":{"@id":"https:\/\/portaltela.pt\/noticias\/2026\/01\/13\/pj-desmantela-rede-de-droga-proveniente-da-africa-no-aeroporto-de-lisboa\/#primaryimage"},"thumbnailUrl":"https:\/\/portaltela.pt\/s.01k8rhncp4jt1\/2026\/01\/img_1500x1000uu2025-04-08-14-20-00-2202415.jpg","datePublished":"2026-01-13T17:09:00+00:00","author":{"@id":"https:\/\/portaltela.pt\/#\/schema\/person\/c4278d4a6028830caff9ee44b42d32ed"},"breadcrumb":{"@id":"https:\/\/portaltela.pt\/noticias\/2026\/01\/13\/pj-desmantela-rede-de-droga-proveniente-da-africa-no-aeroporto-de-lisboa\/#breadcrumb"},"inLanguage":"pt-PT","potentialAction":[{"@type":"ReadAction","target":["https:\/\/portaltela.pt\/noticias\/2026\/01\/13\/pj-desmantela-rede-de-droga-proveniente-da-africa-no-aeroporto-de-lisboa\/"]}]},{"@type":"ImageObject","inLanguage":"pt-PT","@id":"https:\/\/portaltela.pt\/noticias\/2026\/01\/13\/pj-desmantela-rede-de-droga-proveniente-da-africa-no-aeroporto-de-lisboa\/#primaryimage","url":"https:\/\/portaltela.pt\/s.01k8rhncp4jt1\/2026\/01\/img_1500x1000uu2025-04-08-14-20-00-2202415.jpg","contentUrl":"https:\/\/portaltela.pt\/s.01k8rhncp4jt1\/2026\/01\/img_1500x1000uu2025-04-08-14-20-00-2202415.jpg","width":796,"height":448,"caption":"Tr\u00eas detidos no Aeroporto de Lisboa por tr\u00e1fico de droga que vinha da Am\u00e9rica Latina"},{"@type":"BreadcrumbList","@id":"https:\/\/portaltela.pt\/noticias\/2026\/01\/13\/pj-desmantela-rede-de-droga-proveniente-da-africa-no-aeroporto-de-lisboa\/#breadcrumb","itemListElement":[{"@type":"ListItem","position":1,"name":"In\u00edcio","item":"https:\/\/portaltela.pt\/"},{"@type":"ListItem","position":2,"name":"PJ desmantela rede de droga proveniente da \u00c1frica no Aeroporto de Lisboa"}]},{"@type":"WebSite","@id":"https:\/\/portaltela.pt\/#website","url":"https:\/\/portaltela.pt\/","name":"Portal Tela Portugal","description":"","potentialAction":[{"@type":"SearchAction","target":{"@type":"EntryPoint","urlTemplate":"https:\/\/portaltela.pt\/?s={search_term_string}"},"query-input":{"@type":"PropertyValueSpecification","valueRequired":true,"valueName":"search_term_string"}}],"inLanguage":"pt-PT"},{"@type":"Person","@id":"https:\/\/portaltela.pt\/#\/schema\/person\/c4278d4a6028830caff9ee44b42d32ed","name":"Telinha","image":{"@type":"ImageObject","inLanguage":"pt-PT","@id":"https:\/\/portaltela.pt\/s.01k8rhncp4jt1\/2025\/11\/talking-bot-125x125.png","url":"https:\/\/portaltela.pt\/s.01k8rhncp4jt1\/2025\/11\/talking-bot-125x125.png","contentUrl":"https:\/\/portaltela.pt\/s.01k8rhncp4jt1\/2025\/11\/talking-bot-125x125.png","caption":"Telinha"},"sameAs":["https:\/\/portaltela.pt\/"],"url":"https:\/\/portaltela.pt\/por\/367410592786\/"}]}},"_links":{"self":[{"href":"https:\/\/portaltela.pt\/api\/wp\/v2\/posts\/139108","targetHints":{"allow":["GET"]}}],"collection":[{"href":"https:\/\/portaltela.pt\/api\/wp\/v2\/posts"}],"about":[{"href":"https:\/\/portaltela.pt\/api\/wp\/v2\/types\/post"}],"author":[{"embeddable":true,"href":"https:\/\/portaltela.pt\/api\/wp\/v2\/users\/2"}],"replies":[{"embeddable":true,"href":"https:\/\/portaltela.pt\/api\/wp\/v2\/comments?post=139108"}],"version-history":[{"count":0,"href":"https:\/\/portaltela.pt\/api\/wp\/v2\/posts\/139108\/revisions"}],"wp:featuredmedia":[{"embeddable":true,"href":"https:\/\/portaltela.pt\/api\/wp\/v2\/media\/139113"}],"wp:attachment":[{"href":"https:\/\/portaltela.pt\/api\/wp\/v2\/media?parent=139108"}],"wp:term":[{"taxonomy":"category","embeddable":true,"href":"https:\/\/portaltela.pt\/api\/wp\/v2\/categories?post=139108"},{"taxonomy":"post_tag","embeddable":true,"href":"https:\/\/portaltela.pt\/api\/wp\/v2\/tags?post=139108"}],"curies":[{"name":"wp","href":"https:\/\/api.w.org\/{rel}","templated":true}]}}