{"id":139079,"date":"2026-01-13T14:01:00","date_gmt":"2026-01-13T17:01:00","guid":{"rendered":"https:\/\/portaltela.pt\/noticias\/2026\/01\/13\/alguns-defendem-fim-do-consumo-de-alcool-nas-ruas-de-lisboa\/"},"modified":"2026-01-13T14:01:00","modified_gmt":"2026-01-13T17:01:00","slug":"alguns-defendem-fim-do-consumo-de-alcool-nas-ruas-de-lisboa","status":"publish","type":"post","link":"https:\/\/portaltela.pt\/noticias\/2026\/01\/13\/alguns-defendem-fim-do-consumo-de-alcool-nas-ruas-de-lisboa\/","title":{"rendered":"Alguns defendem fim do consumo de \u00e1lcool nas ruas de Lisboa"},"content":{"rendered":"<p>Carlos Moedas anunciou uma nova restri\u00e7\u00e3o \u00e0 venda de bebidas alco\u00f3licas no espa\u00e7o p\u00fablico de Lisboa. A medida entra em vigor a partir das 23h, entre domingos e quintas-feiras, e a partir da meia-noite \u00e0s sextas, s\u00e1bados e v\u00e9speras de feriado. A proposta ser\u00e1 discutida na reuni\u00e3o de verea\u00e7\u00e3o da C\u00e2mara de Lisboa.<\/p>\n<p>Segundo o autarca, a mudan\u00e7a pretende manter a cidade din\u00e2mica, mas mais confort\u00e1vel para quem reside no espa\u00e7o urbano. A decis\u00e3o surge no contexto de tentativas de reduzir ajuntamentos e situa\u00e7\u00f5es de \u00e1lcool na via p\u00fablica.<\/p>\n<p>Paula Teixeira da Cruz comentou que a lei j\u00e1 permite o tipo de interven\u00e7\u00e3o apresentada, refor\u00e7ando a legitimidade da medida. O objetivo apresentado \u00e9 equilibrar vida nocturna com tranquilidade residencial, sem bloquear a atividade econ\u00f3mica.<\/p>\n<h3>Quem est\u00e1 envolvido<\/h3>\n<p>Alguns apoiam a interdi\u00e7\u00e3o de venda de \u00e1lcool no espa\u00e7o p\u00fablico, argumentando que a proibi\u00e7\u00e3o pode reduzir incidentes e desconfortos. A C\u00e2mara de Lisboa deve ouvir diferentes perspetivas antes de oficializar a altera\u00e7\u00e3o.<\/p>\n<p>A discuss\u00e3o na verea\u00e7\u00e3o, marcada para esta semana, inclui detalhes de implementa\u00e7\u00e3o, fiscaliza\u00e7\u00e3o e poss\u00edveis exce\u00e7\u00f5es. A decis\u00e3o pode definir o hor\u00e1rio aplic\u00e1vel e as regras de cumprimento pelos comerciantes.<\/p>\n","protected":false},"excerpt":{"rendered":"<ul>\n<li>O presidente da C\u00e2mara Municipal de Lisboa, Carlos Moedas, anunciou a proibi\u00e7\u00e3o da venda de bebidas alco\u00f3licas para o espa\u00e7o p\u00fablico a partir das 23h.<\/li>\n<li>A medida define hor\u00e1rios espec\u00edficos: venda proibida entre domingo e quinta-feira a partir das 23h, e a partir da meia-noite \u00e0s sextas-feiras, s\u00e1bados e v\u00e9speras de feriados.<\/li>\n<li>H\u00e1 quem acredite que a proibi\u00e7\u00e3o n\u00e3o impedir\u00e1 ajuntamentos e, por isso, pede uma interdi\u00e7\u00e3o total; Paula Teixeira da Cruz sustenta que a lei j\u00e1 o permite.<\/li>\n<li>A proposta ser\u00e1 discutida na reuni\u00e3o de verea\u00e7\u00e3o da C\u00e2mara de Lisboa, agendada para esta quarta-feira.<\/li>\n<li>Moedas justificou a medida num v\u00eddeo publicado nas redes sociais, descrevendo-a como simples e equilibrada para manter a cidade din\u00e2mica e confort\u00e1vel para quem reside nela.<\/li>\n<\/ul>\n","protected":false},"author":2,"featured_media":139088,"comment_status":"closed","ping_status":"closed","sticky":false,"template":"","format":"standard","meta":{"footnotes":""},"categories":[1],"tags":[244,221,695,981,250,2891],"class_list":["post-139079","post","type-post","status-publish","format-standard","has-post-thumbnail","hentry","category-noticias","tag-comercio","tag-excesso-de-alcool","tag-fiscalizacao","tag-lisboa","tag-seguranca-publica","tag-via-publica"],"yoast_head":"<!-- This site is optimized with the Yoast SEO plugin v27.2 - https:\/\/yoast.com\/product\/yoast-seo-wordpress\/ -->\n<title>Alguns defendem fim do consumo de \u00e1lcool nas ruas de Lisboa - Portal Tela Portugal<\/title>\n<meta name=\"robots\" content=\"index, follow, max-snippet:-1, max-image-preview:large, max-video-preview:-1\" \/>\n<meta property=\"og:locale\" content=\"pt_PT\" \/>\n<meta property=\"og:type\" content=\"article\" \/>\n<meta property=\"og:title\" content=\"Alguns defendem fim do consumo de \u00e1lcool nas ruas de Lisboa - Portal Tela Portugal\" \/>\n<meta property=\"og:description\" content=\"O presidente da C\u00e2mara Municipal de Lisboa, Carlos Moedas, anunciou a proibi\u00e7\u00e3o da venda de bebidas alco\u00f3licas para o espa\u00e7o p\u00fablico a partir das 23h. A medida define hor\u00e1rios espec\u00edficos: venda proibida entre domingo e quinta-feira a partir das 23h, e a partir da meia-noite \u00e0s sextas-feiras, s\u00e1bados e v\u00e9speras de feriados. H\u00e1 quem acredite que a proibi\u00e7\u00e3o n\u00e3o impedir\u00e1 ajuntamentos e, por isso, pede uma interdi\u00e7\u00e3o total; Paula Teixeira da Cruz sustenta que a lei j\u00e1 o permite. A proposta ser\u00e1 discutida na reuni\u00e3o de verea\u00e7\u00e3o da C\u00e2mara de Lisboa, agendada para esta quarta-feira. Moedas justificou a medida num v\u00eddeo publicado nas redes sociais, descrevendo-a como simples e equilibrada para manter a cidade din\u00e2mica e confort\u00e1vel para quem reside nela.\" \/>\n<meta property=\"og:url\" content=\"https:\/\/portaltela.pt\/noticias\/2026\/01\/13\/alguns-defendem-fim-do-consumo-de-alcool-nas-ruas-de-lisboa\/\" \/>\n<meta property=\"og:site_name\" content=\"Portal Tela Portugal\" \/>\n<meta property=\"article:published_time\" content=\"2026-01-13T17:01:00+00:00\" \/>\n<meta name=\"author\" content=\"Telinha\" \/>\n<meta name=\"twitter:card\" content=\"summary_large_image\" \/>\n<meta name=\"twitter:label1\" content=\"Escrito por\" \/>\n\t<meta name=\"twitter:data1\" content=\"Telinha\" \/>\n\t<meta name=\"twitter:label2\" content=\"Tempo estimado de leitura\" \/>\n\t<meta name=\"twitter:data2\" content=\"1 minuto\" \/>\n<script type=\"application\/ld+json\" class=\"yoast-schema-graph\">{\"@context\":\"https:\/\/schema.org\",\"@graph\":[{\"@type\":\"Article\",\"@id\":\"https:\/\/portaltela.pt\/noticias\/2026\/01\/13\/alguns-defendem-fim-do-consumo-de-alcool-nas-ruas-de-lisboa\/#article\",\"isPartOf\":{\"@id\":\"https:\/\/portaltela.pt\/noticias\/2026\/01\/13\/alguns-defendem-fim-do-consumo-de-alcool-nas-ruas-de-lisboa\/\"},\"author\":{\"name\":\"Telinha\",\"@id\":\"https:\/\/portaltela.pt\/#\/schema\/person\/c4278d4a6028830caff9ee44b42d32ed\"},\"headline\":\"Alguns defendem fim do consumo de \u00e1lcool nas ruas de Lisboa\",\"datePublished\":\"2026-01-13T17:01:00+00:00\",\"mainEntityOfPage\":{\"@id\":\"https:\/\/portaltela.pt\/noticias\/2026\/01\/13\/alguns-defendem-fim-do-consumo-de-alcool-nas-ruas-de-lisboa\/\"},\"wordCount\":233,\"image\":{\"@id\":\"https:\/\/portaltela.pt\/noticias\/2026\/01\/13\/alguns-defendem-fim-do-consumo-de-alcool-nas-ruas-de-lisboa\/#primaryimage\"},\"thumbnailUrl\":\"https:\/\/portaltela.pt\/s.01k8rhncp4jt1\/2026\/01\/2058933.jpg\",\"keywords\":[\"com\u00e9rcio\",\"excesso de \u00e1lcool\",\"fiscaliza\u00e7\u00e3o\",\"Lisboa\",\"seguran\u00e7a p\u00fablica\",\"via p\u00fablica\"],\"articleSection\":[\"Not\u00edcias\"],\"inLanguage\":\"pt-PT\"},{\"@type\":\"WebPage\",\"@id\":\"https:\/\/portaltela.pt\/noticias\/2026\/01\/13\/alguns-defendem-fim-do-consumo-de-alcool-nas-ruas-de-lisboa\/\",\"url\":\"https:\/\/portaltela.pt\/noticias\/2026\/01\/13\/alguns-defendem-fim-do-consumo-de-alcool-nas-ruas-de-lisboa\/\",\"name\":\"Alguns defendem fim do consumo de \u00e1lcool nas ruas de Lisboa - Portal Tela Portugal\",\"isPartOf\":{\"@id\":\"https:\/\/portaltela.pt\/#website\"},\"primaryImageOfPage\":{\"@id\":\"https:\/\/portaltela.pt\/noticias\/2026\/01\/13\/alguns-defendem-fim-do-consumo-de-alcool-nas-ruas-de-lisboa\/#primaryimage\"},\"image\":{\"@id\":\"https:\/\/portaltela.pt\/noticias\/2026\/01\/13\/alguns-defendem-fim-do-consumo-de-alcool-nas-ruas-de-lisboa\/#primaryimage\"},\"thumbnailUrl\":\"https:\/\/portaltela.pt\/s.01k8rhncp4jt1\/2026\/01\/2058933.jpg\",\"datePublished\":\"2026-01-13T17:01:00+00:00\",\"author\":{\"@id\":\"https:\/\/portaltela.pt\/#\/schema\/person\/c4278d4a6028830caff9ee44b42d32ed\"},\"breadcrumb\":{\"@id\":\"https:\/\/portaltela.pt\/noticias\/2026\/01\/13\/alguns-defendem-fim-do-consumo-de-alcool-nas-ruas-de-lisboa\/#breadcrumb\"},\"inLanguage\":\"pt-PT\",\"potentialAction\":[{\"@type\":\"ReadAction\",\"target\":[\"https:\/\/portaltela.pt\/noticias\/2026\/01\/13\/alguns-defendem-fim-do-consumo-de-alcool-nas-ruas-de-lisboa\/\"]}]},{\"@type\":\"ImageObject\",\"inLanguage\":\"pt-PT\",\"@id\":\"https:\/\/portaltela.pt\/noticias\/2026\/01\/13\/alguns-defendem-fim-do-consumo-de-alcool-nas-ruas-de-lisboa\/#primaryimage\",\"url\":\"https:\/\/portaltela.pt\/s.01k8rhncp4jt1\/2026\/01\/2058933.jpg\",\"contentUrl\":\"https:\/\/portaltela.pt\/s.01k8rhncp4jt1\/2026\/01\/2058933.jpg\",\"width\":796,\"height\":448,\"caption\":\"Associa\u00e7\u00f5es consideram que imposi\u00e7\u00e3o de hor\u00e1rio de venda para a rua n\u00e3o resolver\u00e1 problemas\"},{\"@type\":\"BreadcrumbList\",\"@id\":\"https:\/\/portaltela.pt\/noticias\/2026\/01\/13\/alguns-defendem-fim-do-consumo-de-alcool-nas-ruas-de-lisboa\/#breadcrumb\",\"itemListElement\":[{\"@type\":\"ListItem\",\"position\":1,\"name\":\"In\u00edcio\",\"item\":\"https:\/\/portaltela.pt\/\"},{\"@type\":\"ListItem\",\"position\":2,\"name\":\"Alguns defendem fim do consumo de \u00e1lcool nas ruas de Lisboa\"}]},{\"@type\":\"WebSite\",\"@id\":\"https:\/\/portaltela.pt\/#website\",\"url\":\"https:\/\/portaltela.pt\/\",\"name\":\"Portal Tela Portugal\",\"description\":\"\",\"potentialAction\":[{\"@type\":\"SearchAction\",\"target\":{\"@type\":\"EntryPoint\",\"urlTemplate\":\"https:\/\/portaltela.pt\/?s={search_term_string}\"},\"query-input\":{\"@type\":\"PropertyValueSpecification\",\"valueRequired\":true,\"valueName\":\"search_term_string\"}}],\"inLanguage\":\"pt-PT\"},{\"@type\":\"Person\",\"@id\":\"https:\/\/portaltela.pt\/#\/schema\/person\/c4278d4a6028830caff9ee44b42d32ed\",\"name\":\"Telinha\",\"image\":{\"@type\":\"ImageObject\",\"inLanguage\":\"pt-PT\",\"@id\":\"https:\/\/portaltela.pt\/s.01k8rhncp4jt1\/2025\/11\/talking-bot-125x125.png\",\"url\":\"https:\/\/portaltela.pt\/s.01k8rhncp4jt1\/2025\/11\/talking-bot-125x125.png\",\"contentUrl\":\"https:\/\/portaltela.pt\/s.01k8rhncp4jt1\/2025\/11\/talking-bot-125x125.png\",\"caption\":\"Telinha\"},\"sameAs\":[\"https:\/\/portaltela.pt\/\"],\"url\":\"https:\/\/portaltela.pt\/por\/367410592786\/\"}]}<\/script>\n<!-- \/ Yoast SEO plugin. -->","yoast_head_json":{"title":"Alguns defendem fim do consumo de \u00e1lcool nas ruas de Lisboa - Portal Tela Portugal","robots":{"index":"index","follow":"follow","max-snippet":"max-snippet:-1","max-image-preview":"max-image-preview:large","max-video-preview":"max-video-preview:-1"},"og_locale":"pt_PT","og_type":"article","og_title":"Alguns defendem fim do consumo de \u00e1lcool nas ruas de Lisboa - Portal Tela Portugal","og_description":"O presidente da C\u00e2mara Municipal de Lisboa, Carlos Moedas, anunciou a proibi\u00e7\u00e3o da venda de bebidas alco\u00f3licas para o espa\u00e7o p\u00fablico a partir das 23h. A medida define hor\u00e1rios espec\u00edficos: venda proibida entre domingo e quinta-feira a partir das 23h, e a partir da meia-noite \u00e0s sextas-feiras, s\u00e1bados e v\u00e9speras de feriados. H\u00e1 quem acredite que a proibi\u00e7\u00e3o n\u00e3o impedir\u00e1 ajuntamentos e, por isso, pede uma interdi\u00e7\u00e3o total; Paula Teixeira da Cruz sustenta que a lei j\u00e1 o permite. A proposta ser\u00e1 discutida na reuni\u00e3o de verea\u00e7\u00e3o da C\u00e2mara de Lisboa, agendada para esta quarta-feira. Moedas justificou a medida num v\u00eddeo publicado nas redes sociais, descrevendo-a como simples e equilibrada para manter a cidade din\u00e2mica e confort\u00e1vel para quem reside nela.","og_url":"https:\/\/portaltela.pt\/noticias\/2026\/01\/13\/alguns-defendem-fim-do-consumo-de-alcool-nas-ruas-de-lisboa\/","og_site_name":"Portal Tela Portugal","article_published_time":"2026-01-13T17:01:00+00:00","author":"Telinha","twitter_card":"summary_large_image","twitter_misc":{"Escrito por":"Telinha","Tempo estimado de leitura":"1 minuto"},"schema":{"@context":"https:\/\/schema.org","@graph":[{"@type":"Article","@id":"https:\/\/portaltela.pt\/noticias\/2026\/01\/13\/alguns-defendem-fim-do-consumo-de-alcool-nas-ruas-de-lisboa\/#article","isPartOf":{"@id":"https:\/\/portaltela.pt\/noticias\/2026\/01\/13\/alguns-defendem-fim-do-consumo-de-alcool-nas-ruas-de-lisboa\/"},"author":{"name":"Telinha","@id":"https:\/\/portaltela.pt\/#\/schema\/person\/c4278d4a6028830caff9ee44b42d32ed"},"headline":"Alguns defendem fim do consumo de \u00e1lcool nas ruas de Lisboa","datePublished":"2026-01-13T17:01:00+00:00","mainEntityOfPage":{"@id":"https:\/\/portaltela.pt\/noticias\/2026\/01\/13\/alguns-defendem-fim-do-consumo-de-alcool-nas-ruas-de-lisboa\/"},"wordCount":233,"image":{"@id":"https:\/\/portaltela.pt\/noticias\/2026\/01\/13\/alguns-defendem-fim-do-consumo-de-alcool-nas-ruas-de-lisboa\/#primaryimage"},"thumbnailUrl":"https:\/\/portaltela.pt\/s.01k8rhncp4jt1\/2026\/01\/2058933.jpg","keywords":["com\u00e9rcio","excesso de \u00e1lcool","fiscaliza\u00e7\u00e3o","Lisboa","seguran\u00e7a p\u00fablica","via p\u00fablica"],"articleSection":["Not\u00edcias"],"inLanguage":"pt-PT"},{"@type":"WebPage","@id":"https:\/\/portaltela.pt\/noticias\/2026\/01\/13\/alguns-defendem-fim-do-consumo-de-alcool-nas-ruas-de-lisboa\/","url":"https:\/\/portaltela.pt\/noticias\/2026\/01\/13\/alguns-defendem-fim-do-consumo-de-alcool-nas-ruas-de-lisboa\/","name":"Alguns defendem fim do consumo de \u00e1lcool nas ruas de Lisboa - Portal Tela Portugal","isPartOf":{"@id":"https:\/\/portaltela.pt\/#website"},"primaryImageOfPage":{"@id":"https:\/\/portaltela.pt\/noticias\/2026\/01\/13\/alguns-defendem-fim-do-consumo-de-alcool-nas-ruas-de-lisboa\/#primaryimage"},"image":{"@id":"https:\/\/portaltela.pt\/noticias\/2026\/01\/13\/alguns-defendem-fim-do-consumo-de-alcool-nas-ruas-de-lisboa\/#primaryimage"},"thumbnailUrl":"https:\/\/portaltela.pt\/s.01k8rhncp4jt1\/2026\/01\/2058933.jpg","datePublished":"2026-01-13T17:01:00+00:00","author":{"@id":"https:\/\/portaltela.pt\/#\/schema\/person\/c4278d4a6028830caff9ee44b42d32ed"},"breadcrumb":{"@id":"https:\/\/portaltela.pt\/noticias\/2026\/01\/13\/alguns-defendem-fim-do-consumo-de-alcool-nas-ruas-de-lisboa\/#breadcrumb"},"inLanguage":"pt-PT","potentialAction":[{"@type":"ReadAction","target":["https:\/\/portaltela.pt\/noticias\/2026\/01\/13\/alguns-defendem-fim-do-consumo-de-alcool-nas-ruas-de-lisboa\/"]}]},{"@type":"ImageObject","inLanguage":"pt-PT","@id":"https:\/\/portaltela.pt\/noticias\/2026\/01\/13\/alguns-defendem-fim-do-consumo-de-alcool-nas-ruas-de-lisboa\/#primaryimage","url":"https:\/\/portaltela.pt\/s.01k8rhncp4jt1\/2026\/01\/2058933.jpg","contentUrl":"https:\/\/portaltela.pt\/s.01k8rhncp4jt1\/2026\/01\/2058933.jpg","width":796,"height":448,"caption":"Associa\u00e7\u00f5es consideram que imposi\u00e7\u00e3o de hor\u00e1rio de venda para a rua n\u00e3o resolver\u00e1 problemas"},{"@type":"BreadcrumbList","@id":"https:\/\/portaltela.pt\/noticias\/2026\/01\/13\/alguns-defendem-fim-do-consumo-de-alcool-nas-ruas-de-lisboa\/#breadcrumb","itemListElement":[{"@type":"ListItem","position":1,"name":"In\u00edcio","item":"https:\/\/portaltela.pt\/"},{"@type":"ListItem","position":2,"name":"Alguns defendem fim do consumo de \u00e1lcool nas ruas de Lisboa"}]},{"@type":"WebSite","@id":"https:\/\/portaltela.pt\/#website","url":"https:\/\/portaltela.pt\/","name":"Portal Tela Portugal","description":"","potentialAction":[{"@type":"SearchAction","target":{"@type":"EntryPoint","urlTemplate":"https:\/\/portaltela.pt\/?s={search_term_string}"},"query-input":{"@type":"PropertyValueSpecification","valueRequired":true,"valueName":"search_term_string"}}],"inLanguage":"pt-PT"},{"@type":"Person","@id":"https:\/\/portaltela.pt\/#\/schema\/person\/c4278d4a6028830caff9ee44b42d32ed","name":"Telinha","image":{"@type":"ImageObject","inLanguage":"pt-PT","@id":"https:\/\/portaltela.pt\/s.01k8rhncp4jt1\/2025\/11\/talking-bot-125x125.png","url":"https:\/\/portaltela.pt\/s.01k8rhncp4jt1\/2025\/11\/talking-bot-125x125.png","contentUrl":"https:\/\/portaltela.pt\/s.01k8rhncp4jt1\/2025\/11\/talking-bot-125x125.png","caption":"Telinha"},"sameAs":["https:\/\/portaltela.pt\/"],"url":"https:\/\/portaltela.pt\/por\/367410592786\/"}]}},"_links":{"self":[{"href":"https:\/\/portaltela.pt\/api\/wp\/v2\/posts\/139079","targetHints":{"allow":["GET"]}}],"collection":[{"href":"https:\/\/portaltela.pt\/api\/wp\/v2\/posts"}],"about":[{"href":"https:\/\/portaltela.pt\/api\/wp\/v2\/types\/post"}],"author":[{"embeddable":true,"href":"https:\/\/portaltela.pt\/api\/wp\/v2\/users\/2"}],"replies":[{"embeddable":true,"href":"https:\/\/portaltela.pt\/api\/wp\/v2\/comments?post=139079"}],"version-history":[{"count":0,"href":"https:\/\/portaltela.pt\/api\/wp\/v2\/posts\/139079\/revisions"}],"wp:featuredmedia":[{"embeddable":true,"href":"https:\/\/portaltela.pt\/api\/wp\/v2\/media\/139088"}],"wp:attachment":[{"href":"https:\/\/portaltela.pt\/api\/wp\/v2\/media?parent=139079"}],"wp:term":[{"taxonomy":"category","embeddable":true,"href":"https:\/\/portaltela.pt\/api\/wp\/v2\/categories?post=139079"},{"taxonomy":"post_tag","embeddable":true,"href":"https:\/\/portaltela.pt\/api\/wp\/v2\/tags?post=139079"}],"curies":[{"name":"wp","href":"https:\/\/api.w.org\/{rel}","templated":true}]}}