{"id":139063,"date":"2026-01-13T14:06:58","date_gmt":"2026-01-13T17:06:58","guid":{"rendered":"https:\/\/portaltela.pt\/noticias\/2026\/01\/13\/antf-celebra-40-anos-memoria-identidade-e-futuro\/"},"modified":"2026-01-13T14:06:58","modified_gmt":"2026-01-13T17:06:58","slug":"antf-celebra-40-anos-memoria-identidade-e-futuro","status":"publish","type":"post","link":"https:\/\/portaltela.pt\/desporto\/futebol\/2026\/01\/13\/antf-celebra-40-anos-memoria-identidade-e-futuro\/","title":{"rendered":"ANTF celebra 40 anos: mem\u00f3ria, identidade e futuro"},"content":{"rendered":"<p>A Associa\u00e7\u00e3o Nacional de Treinadores de Futebol (ANTF) celebra 40 anos de vida formal. A sua g\u00e9nese \u00e9 anterior a 1986, quando j\u00e1 surgiam vozes a defender uma entidade \u00fanica, forte e representativa dos treinadores portugueses.<\/p>\n<p>Nomes de relevo do futebol defendiam, pela palavra e pelo exemplo, a cria\u00e7\u00e3o de uma organiza\u00e7\u00e3o com voz, identidade e dignidade pr\u00f3prias para a profiss\u00e3o.<\/p>\n<h3>Origens e objectivo<\/h3>\n<p>Antes de janeiro de 1986, figuras como C\u00e2ndido de Oliveira, Fernando Vaz e Jos\u00e9 Maria Pedroto defendiam a necessidade de uma associa\u00e7\u00e3o que agrupasse treinadores. A ideia era criar uma estrutura capaz de promover forma\u00e7\u00e3o, condi\u00e7\u00f5es de trabalho e reconhecimento profissional.<\/p>\n<p>Ao longo dos anos, a ANTF consolidou-se como representante da categoria, buscando evoluir com o futebol nacional e servir de ponte entre treinadores, clubes e institui\u00e7\u00f5es. A edi\u00e7\u00e3o do 40\u00ba anivers\u00e1rio marca, assim, o reconhecimento da mem\u00f3ria, da identidade e do futuro da profiss\u00e3o.<\/p>\n","protected":false},"excerpt":{"rendered":"<ul>\n<li>A Associa\u00e7\u00e3o Nacional de Treinadores de Futebol (ANTF) celebra quarenta anos de vida formal.<\/li>\n<li>A g\u00e9nese da ANTF \u00e9 anterior a 1986, com atletas do futebol portugu\u00eas a defender a cria\u00e7\u00e3o de uma entidade \u00fanica e representativa.<\/li>\n<li>Entre os defensores estiveram C\u00e2ndido de Oliveira, Fernando Vaz e Jos\u00e9 Maria Pedroto.<\/li>\n<li>O impulso veio pela palavra, pela escrita e pelo exemplo, para conferir \u00e0 profiss\u00e3o voz, identidade e dignidade.<\/li>\n<li>A not\u00edcia destaca mem\u00f3ria, identidade e o caminho para o futuro da ANTF.<\/li>\n<\/ul>\n","protected":false},"author":2,"featured_media":139065,"comment_status":"closed","ping_status":"closed","sticky":false,"template":"","format":"standard","meta":{"footnotes":""},"categories":[21,24],"tags":[1264,278,1640,152,32,2477],"class_list":["post-139063","post","type-post","status-publish","format-standard","has-post-thumbnail","hentry","category-desporto","category-futebol","tag-associacao-desportiva","tag-associacao-desportiva-do-ano","tag-associacoes-desportivas","tag-desporto","tag-futebol","tag-treinadores"],"yoast_head":"<!-- This site is optimized with the Yoast SEO plugin v27.2 - https:\/\/yoast.com\/product\/yoast-seo-wordpress\/ -->\n<title>ANTF celebra 40 anos: mem\u00f3ria, identidade e futuro - Portal Tela Portugal<\/title>\n<meta name=\"robots\" content=\"index, follow, max-snippet:-1, max-image-preview:large, max-video-preview:-1\" \/>\n<meta property=\"og:locale\" content=\"pt_PT\" \/>\n<meta property=\"og:type\" content=\"article\" \/>\n<meta property=\"og:title\" content=\"ANTF celebra 40 anos: mem\u00f3ria, identidade e futuro - Portal Tela Portugal\" \/>\n<meta property=\"og:description\" content=\"A Associa\u00e7\u00e3o Nacional de Treinadores de Futebol (ANTF) celebra quarenta anos de vida formal. A g\u00e9nese da ANTF \u00e9 anterior a 1986, com atletas do futebol portugu\u00eas a defender a cria\u00e7\u00e3o de uma entidade \u00fanica e representativa. Entre os defensores estiveram C\u00e2ndido de Oliveira, Fernando Vaz e Jos\u00e9 Maria Pedroto. O impulso veio pela palavra, pela escrita e pelo exemplo, para conferir \u00e0 profiss\u00e3o voz, identidade e dignidade. A not\u00edcia destaca mem\u00f3ria, identidade e o caminho para o futuro da ANTF.\" \/>\n<meta property=\"og:url\" content=\"https:\/\/portaltela.pt\/noticias\/2026\/01\/13\/antf-celebra-40-anos-memoria-identidade-e-futuro\/\" \/>\n<meta property=\"og:site_name\" content=\"Portal Tela Portugal\" \/>\n<meta property=\"article:published_time\" content=\"2026-01-13T17:06:58+00:00\" \/>\n<meta name=\"author\" content=\"Telinha\" \/>\n<meta name=\"twitter:card\" content=\"summary_large_image\" \/>\n<meta name=\"twitter:label1\" content=\"Escrito por\" \/>\n\t<meta name=\"twitter:data1\" content=\"Telinha\" \/>\n\t<meta name=\"twitter:label2\" content=\"Tempo estimado de leitura\" \/>\n\t<meta name=\"twitter:data2\" content=\"1 minuto\" \/>\n<script type=\"application\/ld+json\" class=\"yoast-schema-graph\">{\"@context\":\"https:\/\/schema.org\",\"@graph\":[{\"@type\":\"Article\",\"@id\":\"https:\/\/portaltela.pt\/noticias\/2026\/01\/13\/antf-celebra-40-anos-memoria-identidade-e-futuro\/#article\",\"isPartOf\":{\"@id\":\"https:\/\/portaltela.pt\/noticias\/2026\/01\/13\/antf-celebra-40-anos-memoria-identidade-e-futuro\/\"},\"author\":{\"name\":\"Telinha\",\"@id\":\"https:\/\/portaltela.pt\/#\/schema\/person\/c4278d4a6028830caff9ee44b42d32ed\"},\"headline\":\"ANTF celebra 40 anos: mem\u00f3ria, identidade e futuro\",\"datePublished\":\"2026-01-13T17:06:58+00:00\",\"mainEntityOfPage\":{\"@id\":\"https:\/\/portaltela.pt\/noticias\/2026\/01\/13\/antf-celebra-40-anos-memoria-identidade-e-futuro\/\"},\"wordCount\":167,\"image\":{\"@id\":\"https:\/\/portaltela.pt\/noticias\/2026\/01\/13\/antf-celebra-40-anos-memoria-identidade-e-futuro\/#primaryimage\"},\"thumbnailUrl\":\"https:\/\/portaltela.pt\/s.01k8rhncp4jt1\/2026\/01\/img_293x165uu2025-09-24-17-21-22-2391771.jpg\",\"keywords\":[\"associa\u00e7\u00e3o desportiva\",\"Associa\u00e7\u00e3o Desportiva do Ano\",\"associa\u00e7\u00f5es desportivas\",\"desporto\",\"futebol\",\"treinadores\"],\"articleSection\":[\"Desporto\",\"Futebol\"],\"inLanguage\":\"pt-PT\"},{\"@type\":\"WebPage\",\"@id\":\"https:\/\/portaltela.pt\/noticias\/2026\/01\/13\/antf-celebra-40-anos-memoria-identidade-e-futuro\/\",\"url\":\"https:\/\/portaltela.pt\/noticias\/2026\/01\/13\/antf-celebra-40-anos-memoria-identidade-e-futuro\/\",\"name\":\"ANTF celebra 40 anos: mem\u00f3ria, identidade e futuro - Portal Tela Portugal\",\"isPartOf\":{\"@id\":\"https:\/\/portaltela.pt\/#website\"},\"primaryImageOfPage\":{\"@id\":\"https:\/\/portaltela.pt\/noticias\/2026\/01\/13\/antf-celebra-40-anos-memoria-identidade-e-futuro\/#primaryimage\"},\"image\":{\"@id\":\"https:\/\/portaltela.pt\/noticias\/2026\/01\/13\/antf-celebra-40-anos-memoria-identidade-e-futuro\/#primaryimage\"},\"thumbnailUrl\":\"https:\/\/portaltela.pt\/s.01k8rhncp4jt1\/2026\/01\/img_293x165uu2025-09-24-17-21-22-2391771.jpg\",\"datePublished\":\"2026-01-13T17:06:58+00:00\",\"author\":{\"@id\":\"https:\/\/portaltela.pt\/#\/schema\/person\/c4278d4a6028830caff9ee44b42d32ed\"},\"breadcrumb\":{\"@id\":\"https:\/\/portaltela.pt\/noticias\/2026\/01\/13\/antf-celebra-40-anos-memoria-identidade-e-futuro\/#breadcrumb\"},\"inLanguage\":\"pt-PT\",\"potentialAction\":[{\"@type\":\"ReadAction\",\"target\":[\"https:\/\/portaltela.pt\/noticias\/2026\/01\/13\/antf-celebra-40-anos-memoria-identidade-e-futuro\/\"]}]},{\"@type\":\"ImageObject\",\"inLanguage\":\"pt-PT\",\"@id\":\"https:\/\/portaltela.pt\/noticias\/2026\/01\/13\/antf-celebra-40-anos-memoria-identidade-e-futuro\/#primaryimage\",\"url\":\"https:\/\/portaltela.pt\/s.01k8rhncp4jt1\/2026\/01\/img_293x165uu2025-09-24-17-21-22-2391771.jpg\",\"contentUrl\":\"https:\/\/portaltela.pt\/s.01k8rhncp4jt1\/2026\/01\/img_293x165uu2025-09-24-17-21-22-2391771.jpg\",\"width\":796,\"height\":448,\"caption\":\"40 anos da ANTF: mem\u00f3ria, identidade e futuro\"},{\"@type\":\"BreadcrumbList\",\"@id\":\"https:\/\/portaltela.pt\/noticias\/2026\/01\/13\/antf-celebra-40-anos-memoria-identidade-e-futuro\/#breadcrumb\",\"itemListElement\":[{\"@type\":\"ListItem\",\"position\":1,\"name\":\"In\u00edcio\",\"item\":\"https:\/\/portaltela.pt\/\"},{\"@type\":\"ListItem\",\"position\":2,\"name\":\"ANTF celebra 40 anos: mem\u00f3ria, identidade e futuro\"}]},{\"@type\":\"WebSite\",\"@id\":\"https:\/\/portaltela.pt\/#website\",\"url\":\"https:\/\/portaltela.pt\/\",\"name\":\"Portal Tela Portugal\",\"description\":\"\",\"potentialAction\":[{\"@type\":\"SearchAction\",\"target\":{\"@type\":\"EntryPoint\",\"urlTemplate\":\"https:\/\/portaltela.pt\/?s={search_term_string}\"},\"query-input\":{\"@type\":\"PropertyValueSpecification\",\"valueRequired\":true,\"valueName\":\"search_term_string\"}}],\"inLanguage\":\"pt-PT\"},{\"@type\":\"Person\",\"@id\":\"https:\/\/portaltela.pt\/#\/schema\/person\/c4278d4a6028830caff9ee44b42d32ed\",\"name\":\"Telinha\",\"image\":{\"@type\":\"ImageObject\",\"inLanguage\":\"pt-PT\",\"@id\":\"https:\/\/portaltela.pt\/s.01k8rhncp4jt1\/2025\/11\/talking-bot-125x125.png\",\"url\":\"https:\/\/portaltela.pt\/s.01k8rhncp4jt1\/2025\/11\/talking-bot-125x125.png\",\"contentUrl\":\"https:\/\/portaltela.pt\/s.01k8rhncp4jt1\/2025\/11\/talking-bot-125x125.png\",\"caption\":\"Telinha\"},\"sameAs\":[\"https:\/\/portaltela.pt\/\"],\"url\":\"https:\/\/portaltela.pt\/por\/367410592786\/\"}]}<\/script>\n<!-- \/ Yoast SEO plugin. -->","yoast_head_json":{"title":"ANTF celebra 40 anos: mem\u00f3ria, identidade e futuro - Portal Tela Portugal","robots":{"index":"index","follow":"follow","max-snippet":"max-snippet:-1","max-image-preview":"max-image-preview:large","max-video-preview":"max-video-preview:-1"},"og_locale":"pt_PT","og_type":"article","og_title":"ANTF celebra 40 anos: mem\u00f3ria, identidade e futuro - Portal Tela Portugal","og_description":"A Associa\u00e7\u00e3o Nacional de Treinadores de Futebol (ANTF) celebra quarenta anos de vida formal. A g\u00e9nese da ANTF \u00e9 anterior a 1986, com atletas do futebol portugu\u00eas a defender a cria\u00e7\u00e3o de uma entidade \u00fanica e representativa. Entre os defensores estiveram C\u00e2ndido de Oliveira, Fernando Vaz e Jos\u00e9 Maria Pedroto. O impulso veio pela palavra, pela escrita e pelo exemplo, para conferir \u00e0 profiss\u00e3o voz, identidade e dignidade. A not\u00edcia destaca mem\u00f3ria, identidade e o caminho para o futuro da ANTF.","og_url":"https:\/\/portaltela.pt\/noticias\/2026\/01\/13\/antf-celebra-40-anos-memoria-identidade-e-futuro\/","og_site_name":"Portal Tela Portugal","article_published_time":"2026-01-13T17:06:58+00:00","author":"Telinha","twitter_card":"summary_large_image","twitter_misc":{"Escrito por":"Telinha","Tempo estimado de leitura":"1 minuto"},"schema":{"@context":"https:\/\/schema.org","@graph":[{"@type":"Article","@id":"https:\/\/portaltela.pt\/noticias\/2026\/01\/13\/antf-celebra-40-anos-memoria-identidade-e-futuro\/#article","isPartOf":{"@id":"https:\/\/portaltela.pt\/noticias\/2026\/01\/13\/antf-celebra-40-anos-memoria-identidade-e-futuro\/"},"author":{"name":"Telinha","@id":"https:\/\/portaltela.pt\/#\/schema\/person\/c4278d4a6028830caff9ee44b42d32ed"},"headline":"ANTF celebra 40 anos: mem\u00f3ria, identidade e futuro","datePublished":"2026-01-13T17:06:58+00:00","mainEntityOfPage":{"@id":"https:\/\/portaltela.pt\/noticias\/2026\/01\/13\/antf-celebra-40-anos-memoria-identidade-e-futuro\/"},"wordCount":167,"image":{"@id":"https:\/\/portaltela.pt\/noticias\/2026\/01\/13\/antf-celebra-40-anos-memoria-identidade-e-futuro\/#primaryimage"},"thumbnailUrl":"https:\/\/portaltela.pt\/s.01k8rhncp4jt1\/2026\/01\/img_293x165uu2025-09-24-17-21-22-2391771.jpg","keywords":["associa\u00e7\u00e3o desportiva","Associa\u00e7\u00e3o Desportiva do Ano","associa\u00e7\u00f5es desportivas","desporto","futebol","treinadores"],"articleSection":["Desporto","Futebol"],"inLanguage":"pt-PT"},{"@type":"WebPage","@id":"https:\/\/portaltela.pt\/noticias\/2026\/01\/13\/antf-celebra-40-anos-memoria-identidade-e-futuro\/","url":"https:\/\/portaltela.pt\/noticias\/2026\/01\/13\/antf-celebra-40-anos-memoria-identidade-e-futuro\/","name":"ANTF celebra 40 anos: mem\u00f3ria, identidade e futuro - Portal Tela Portugal","isPartOf":{"@id":"https:\/\/portaltela.pt\/#website"},"primaryImageOfPage":{"@id":"https:\/\/portaltela.pt\/noticias\/2026\/01\/13\/antf-celebra-40-anos-memoria-identidade-e-futuro\/#primaryimage"},"image":{"@id":"https:\/\/portaltela.pt\/noticias\/2026\/01\/13\/antf-celebra-40-anos-memoria-identidade-e-futuro\/#primaryimage"},"thumbnailUrl":"https:\/\/portaltela.pt\/s.01k8rhncp4jt1\/2026\/01\/img_293x165uu2025-09-24-17-21-22-2391771.jpg","datePublished":"2026-01-13T17:06:58+00:00","author":{"@id":"https:\/\/portaltela.pt\/#\/schema\/person\/c4278d4a6028830caff9ee44b42d32ed"},"breadcrumb":{"@id":"https:\/\/portaltela.pt\/noticias\/2026\/01\/13\/antf-celebra-40-anos-memoria-identidade-e-futuro\/#breadcrumb"},"inLanguage":"pt-PT","potentialAction":[{"@type":"ReadAction","target":["https:\/\/portaltela.pt\/noticias\/2026\/01\/13\/antf-celebra-40-anos-memoria-identidade-e-futuro\/"]}]},{"@type":"ImageObject","inLanguage":"pt-PT","@id":"https:\/\/portaltela.pt\/noticias\/2026\/01\/13\/antf-celebra-40-anos-memoria-identidade-e-futuro\/#primaryimage","url":"https:\/\/portaltela.pt\/s.01k8rhncp4jt1\/2026\/01\/img_293x165uu2025-09-24-17-21-22-2391771.jpg","contentUrl":"https:\/\/portaltela.pt\/s.01k8rhncp4jt1\/2026\/01\/img_293x165uu2025-09-24-17-21-22-2391771.jpg","width":796,"height":448,"caption":"40 anos da ANTF: mem\u00f3ria, identidade e futuro"},{"@type":"BreadcrumbList","@id":"https:\/\/portaltela.pt\/noticias\/2026\/01\/13\/antf-celebra-40-anos-memoria-identidade-e-futuro\/#breadcrumb","itemListElement":[{"@type":"ListItem","position":1,"name":"In\u00edcio","item":"https:\/\/portaltela.pt\/"},{"@type":"ListItem","position":2,"name":"ANTF celebra 40 anos: mem\u00f3ria, identidade e futuro"}]},{"@type":"WebSite","@id":"https:\/\/portaltela.pt\/#website","url":"https:\/\/portaltela.pt\/","name":"Portal Tela Portugal","description":"","potentialAction":[{"@type":"SearchAction","target":{"@type":"EntryPoint","urlTemplate":"https:\/\/portaltela.pt\/?s={search_term_string}"},"query-input":{"@type":"PropertyValueSpecification","valueRequired":true,"valueName":"search_term_string"}}],"inLanguage":"pt-PT"},{"@type":"Person","@id":"https:\/\/portaltela.pt\/#\/schema\/person\/c4278d4a6028830caff9ee44b42d32ed","name":"Telinha","image":{"@type":"ImageObject","inLanguage":"pt-PT","@id":"https:\/\/portaltela.pt\/s.01k8rhncp4jt1\/2025\/11\/talking-bot-125x125.png","url":"https:\/\/portaltela.pt\/s.01k8rhncp4jt1\/2025\/11\/talking-bot-125x125.png","contentUrl":"https:\/\/portaltela.pt\/s.01k8rhncp4jt1\/2025\/11\/talking-bot-125x125.png","caption":"Telinha"},"sameAs":["https:\/\/portaltela.pt\/"],"url":"https:\/\/portaltela.pt\/por\/367410592786\/"}]}},"_links":{"self":[{"href":"https:\/\/portaltela.pt\/api\/wp\/v2\/posts\/139063","targetHints":{"allow":["GET"]}}],"collection":[{"href":"https:\/\/portaltela.pt\/api\/wp\/v2\/posts"}],"about":[{"href":"https:\/\/portaltela.pt\/api\/wp\/v2\/types\/post"}],"author":[{"embeddable":true,"href":"https:\/\/portaltela.pt\/api\/wp\/v2\/users\/2"}],"replies":[{"embeddable":true,"href":"https:\/\/portaltela.pt\/api\/wp\/v2\/comments?post=139063"}],"version-history":[{"count":0,"href":"https:\/\/portaltela.pt\/api\/wp\/v2\/posts\/139063\/revisions"}],"wp:featuredmedia":[{"embeddable":true,"href":"https:\/\/portaltela.pt\/api\/wp\/v2\/media\/139065"}],"wp:attachment":[{"href":"https:\/\/portaltela.pt\/api\/wp\/v2\/media?parent=139063"}],"wp:term":[{"taxonomy":"category","embeddable":true,"href":"https:\/\/portaltela.pt\/api\/wp\/v2\/categories?post=139063"},{"taxonomy":"post_tag","embeddable":true,"href":"https:\/\/portaltela.pt\/api\/wp\/v2\/tags?post=139063"}],"curies":[{"name":"wp","href":"https:\/\/api.w.org\/{rel}","templated":true}]}}