{"id":138985,"date":"2026-01-13T13:41:00","date_gmt":"2026-01-13T16:41:00","guid":{"rendered":"https:\/\/portaltela.pt\/noticias\/2026\/01\/13\/vingegaard-fara-giro-e-tour-e-falha-volta-ao-algarve\/"},"modified":"2026-01-13T13:41:00","modified_gmt":"2026-01-13T16:41:00","slug":"vingegaard-fara-giro-e-tour-e-falha-volta-ao-algarve","status":"publish","type":"post","link":"https:\/\/portaltela.pt\/desporto\/2026\/01\/13\/vingegaard-fara-giro-e-tour-e-falha-volta-ao-algarve\/","title":{"rendered":"Vingegaard far\u00e1 Giro e Tour e falha Volta ao Algarve"},"content":{"rendered":"<p>Jonas Vingegaard vai iniciar a sua \u00e9poca com o Giro d&#8217;Italia, seguindo-se o Tour de France, anunciou hoje a Visma\u2013Leaase a Bike. O dinamarqu\u00eas n\u00e3o vai defender o t\u00edtulo da Volta ao Algarve, onde foi campe\u00e3o na edi\u00e7\u00e3o anterior.<\/p>\n<p>O l\u00edder da equipa holandesa confirmou que o Giro era uma prioridade antiga e que pretende completar a tr\u00edade das grandes voltas. Vingegaard destacou que quer vestir pela primeira vez a camisola rosa durante a corrida italiana.<\/p>\n<p>O an\u00fancio inclui ainda a participa\u00e7\u00e3o de Jo\u00e3o Almeida, rival de Vingegaard na luta pela camisola vermelha na Volta a Espanha 2025, na mesma equipa UAE Emirates que o enfrentar\u00e1 no Giro. O calend\u00e1rio do ciclista mant\u00e9m o foco nas grandes provas de etapas.<\/p>\n<h3>Calend\u00e1rio de Vingegaard<\/h3>\n<p>A temporada come\u00e7a com a Volta aos Emirados \u00c1rabes Unidos, de 16 a 22 de fevereiro, e segue com a Volta \u00e0 Catalunha, de 23 a 29 de mar\u00e7o. Estas s\u00e3o as \u00fanicas duas corridas ante o Giro, que decorre entre 8 e 31 de maio, segundo o programa apresentado hoje.<\/p>\n<p>A Visma\u2013Leaase a Bike aponta o Tour de France, de 4 a 26 de julho, como a corrida que abrir\u00e1 a segunda metade da \u00e9poca. Ap\u00f3s o Tour, o corredor afirma estar sem planos definidos para o restante da temporada.<\/p>\n<p>O an\u00fancio detalha ainda que a decis\u00e3o de n\u00e3o competir na Volta ao Algarve teve como motiva\u00e7\u00e3o a aposta numa prepara\u00e7\u00e3o para o Giro e para o Tour, com o objetivo de alcan\u00e7ar a tr\u00edade de grandes voltas.<\/p>\n","protected":false},"excerpt":{"rendered":"<ul>\n<li>Jonas Vingegaard vai estrear-se no Giro d&#8217;Italia antes de disputar o Tour de France, segundo an\u00fancio da Visma-Lease a Bike.<\/li>\n<li>O dinamarqu\u00eas n\u00e3o defender\u00e1 o t\u00edtulo da Volta ao Algarve, conquistado no ano passado.<\/li>\n<li>O Giro d&#8217;Italia realiza-se entre 8 e 31 de maio; o Tour de France decorre de 4 a 26 de julho.<\/li>\n<li>Na Volta a It\u00e1lia, o l\u00edder da Visma-Lease a Bike ir\u00e1 reencontrar o portugu\u00eas Jo\u00e3o Almeida.<\/li>\n<li>O calend\u00e1rio inicial de Vingegaard prev\u00ea as Voltas dos Emirados \u00c1rabes Unidos (16 a 22 de fevereiro) e a Volta \u00e0 Catalunha (23 a 29 de mar\u00e7o como prepara\u00e7\u00f5es para o Giro.<\/li>\n<\/ul>\n","protected":false},"author":2,"featured_media":138990,"comment_status":"closed","ping_status":"closed","sticky":false,"template":"","format":"standard","meta":{"footnotes":""},"categories":[21],"tags":[1898,1014,1347,2235],"class_list":["post-138985","post","type-post","status-publish","format-standard","has-post-thumbnail","hentry","category-desporto","tag-federacao-portuguesa-de-ciclismo","tag-portugal","tag-volta-a-catalunha","tag-volta-a-portugal"],"yoast_head":"<!-- This site is optimized with the Yoast SEO plugin v27.2 - https:\/\/yoast.com\/product\/yoast-seo-wordpress\/ -->\n<title>Vingegaard far\u00e1 Giro e Tour e falha Volta ao Algarve - Portal Tela Portugal<\/title>\n<meta name=\"robots\" content=\"index, follow, max-snippet:-1, max-image-preview:large, max-video-preview:-1\" \/>\n<meta property=\"og:locale\" content=\"pt_PT\" \/>\n<meta property=\"og:type\" content=\"article\" \/>\n<meta property=\"og:title\" content=\"Vingegaard far\u00e1 Giro e Tour e falha Volta ao Algarve - Portal Tela Portugal\" \/>\n<meta property=\"og:description\" content=\"Jonas Vingegaard vai estrear-se no Giro d&#039;Italia antes de disputar o Tour de France, segundo an\u00fancio da Visma-Lease a Bike. O dinamarqu\u00eas n\u00e3o defender\u00e1 o t\u00edtulo da Volta ao Algarve, conquistado no ano passado. O Giro d&#039;Italia realiza-se entre 8 e 31 de maio; o Tour de France decorre de 4 a 26 de julho. Na Volta a It\u00e1lia, o l\u00edder da Visma-Lease a Bike ir\u00e1 reencontrar o portugu\u00eas Jo\u00e3o Almeida. O calend\u00e1rio inicial de Vingegaard prev\u00ea as Voltas dos Emirados \u00c1rabes Unidos (16 a 22 de fevereiro) e a Volta \u00e0 Catalunha (23 a 29 de mar\u00e7o como prepara\u00e7\u00f5es para o Giro.\" \/>\n<meta property=\"og:url\" content=\"https:\/\/portaltela.pt\/noticias\/2026\/01\/13\/vingegaard-fara-giro-e-tour-e-falha-volta-ao-algarve\/\" \/>\n<meta property=\"og:site_name\" content=\"Portal Tela Portugal\" \/>\n<meta property=\"article:published_time\" content=\"2026-01-13T16:41:00+00:00\" \/>\n<meta name=\"author\" content=\"Telinha\" \/>\n<meta name=\"twitter:card\" content=\"summary_large_image\" \/>\n<meta name=\"twitter:label1\" content=\"Escrito por\" \/>\n\t<meta name=\"twitter:data1\" content=\"Telinha\" \/>\n\t<meta name=\"twitter:label2\" content=\"Tempo estimado de leitura\" \/>\n\t<meta name=\"twitter:data2\" content=\"1 minuto\" \/>\n<script type=\"application\/ld+json\" class=\"yoast-schema-graph\">{\"@context\":\"https:\/\/schema.org\",\"@graph\":[{\"@type\":\"Article\",\"@id\":\"https:\/\/portaltela.pt\/noticias\/2026\/01\/13\/vingegaard-fara-giro-e-tour-e-falha-volta-ao-algarve\/#article\",\"isPartOf\":{\"@id\":\"https:\/\/portaltela.pt\/noticias\/2026\/01\/13\/vingegaard-fara-giro-e-tour-e-falha-volta-ao-algarve\/\"},\"author\":{\"name\":\"Telinha\",\"@id\":\"https:\/\/portaltela.pt\/#\/schema\/person\/c4278d4a6028830caff9ee44b42d32ed\"},\"headline\":\"Vingegaard far\u00e1 Giro e Tour e falha Volta ao Algarve\",\"datePublished\":\"2026-01-13T16:41:00+00:00\",\"mainEntityOfPage\":{\"@id\":\"https:\/\/portaltela.pt\/noticias\/2026\/01\/13\/vingegaard-fara-giro-e-tour-e-falha-volta-ao-algarve\/\"},\"wordCount\":279,\"image\":{\"@id\":\"https:\/\/portaltela.pt\/noticias\/2026\/01\/13\/vingegaard-fara-giro-e-tour-e-falha-volta-ao-algarve\/#primaryimage\"},\"thumbnailUrl\":\"https:\/\/portaltela.pt\/s.01k8rhncp4jt1\/2026\/01\/image-805.jpg\",\"keywords\":[\"Federa\u00e7\u00e3o Portuguesa de Ciclismo\",\"Portugal\",\"Volta a Catalunha\",\"Volta a Portugal\"],\"articleSection\":[\"Desporto\"],\"inLanguage\":\"pt-PT\"},{\"@type\":\"WebPage\",\"@id\":\"https:\/\/portaltela.pt\/noticias\/2026\/01\/13\/vingegaard-fara-giro-e-tour-e-falha-volta-ao-algarve\/\",\"url\":\"https:\/\/portaltela.pt\/noticias\/2026\/01\/13\/vingegaard-fara-giro-e-tour-e-falha-volta-ao-algarve\/\",\"name\":\"Vingegaard far\u00e1 Giro e Tour e falha Volta ao Algarve - Portal Tela Portugal\",\"isPartOf\":{\"@id\":\"https:\/\/portaltela.pt\/#website\"},\"primaryImageOfPage\":{\"@id\":\"https:\/\/portaltela.pt\/noticias\/2026\/01\/13\/vingegaard-fara-giro-e-tour-e-falha-volta-ao-algarve\/#primaryimage\"},\"image\":{\"@id\":\"https:\/\/portaltela.pt\/noticias\/2026\/01\/13\/vingegaard-fara-giro-e-tour-e-falha-volta-ao-algarve\/#primaryimage\"},\"thumbnailUrl\":\"https:\/\/portaltela.pt\/s.01k8rhncp4jt1\/2026\/01\/image-805.jpg\",\"datePublished\":\"2026-01-13T16:41:00+00:00\",\"author\":{\"@id\":\"https:\/\/portaltela.pt\/#\/schema\/person\/c4278d4a6028830caff9ee44b42d32ed\"},\"breadcrumb\":{\"@id\":\"https:\/\/portaltela.pt\/noticias\/2026\/01\/13\/vingegaard-fara-giro-e-tour-e-falha-volta-ao-algarve\/#breadcrumb\"},\"inLanguage\":\"pt-PT\",\"potentialAction\":[{\"@type\":\"ReadAction\",\"target\":[\"https:\/\/portaltela.pt\/noticias\/2026\/01\/13\/vingegaard-fara-giro-e-tour-e-falha-volta-ao-algarve\/\"]}]},{\"@type\":\"ImageObject\",\"inLanguage\":\"pt-PT\",\"@id\":\"https:\/\/portaltela.pt\/noticias\/2026\/01\/13\/vingegaard-fara-giro-e-tour-e-falha-volta-ao-algarve\/#primaryimage\",\"url\":\"https:\/\/portaltela.pt\/s.01k8rhncp4jt1\/2026\/01\/image-805.jpg\",\"contentUrl\":\"https:\/\/portaltela.pt\/s.01k8rhncp4jt1\/2026\/01\/image-805.jpg\",\"width\":796,\"height\":448,\"caption\":\"Ciclista dinamarqu\u00eas venceu a \u00faltima edi\u00e7\u00e3o da Volta ao Algarve\"},{\"@type\":\"BreadcrumbList\",\"@id\":\"https:\/\/portaltela.pt\/noticias\/2026\/01\/13\/vingegaard-fara-giro-e-tour-e-falha-volta-ao-algarve\/#breadcrumb\",\"itemListElement\":[{\"@type\":\"ListItem\",\"position\":1,\"name\":\"In\u00edcio\",\"item\":\"https:\/\/portaltela.pt\/\"},{\"@type\":\"ListItem\",\"position\":2,\"name\":\"Vingegaard far\u00e1 Giro e Tour e falha Volta ao Algarve\"}]},{\"@type\":\"WebSite\",\"@id\":\"https:\/\/portaltela.pt\/#website\",\"url\":\"https:\/\/portaltela.pt\/\",\"name\":\"Portal Tela Portugal\",\"description\":\"\",\"potentialAction\":[{\"@type\":\"SearchAction\",\"target\":{\"@type\":\"EntryPoint\",\"urlTemplate\":\"https:\/\/portaltela.pt\/?s={search_term_string}\"},\"query-input\":{\"@type\":\"PropertyValueSpecification\",\"valueRequired\":true,\"valueName\":\"search_term_string\"}}],\"inLanguage\":\"pt-PT\"},{\"@type\":\"Person\",\"@id\":\"https:\/\/portaltela.pt\/#\/schema\/person\/c4278d4a6028830caff9ee44b42d32ed\",\"name\":\"Telinha\",\"image\":{\"@type\":\"ImageObject\",\"inLanguage\":\"pt-PT\",\"@id\":\"https:\/\/portaltela.pt\/s.01k8rhncp4jt1\/2025\/11\/talking-bot-125x125.png\",\"url\":\"https:\/\/portaltela.pt\/s.01k8rhncp4jt1\/2025\/11\/talking-bot-125x125.png\",\"contentUrl\":\"https:\/\/portaltela.pt\/s.01k8rhncp4jt1\/2025\/11\/talking-bot-125x125.png\",\"caption\":\"Telinha\"},\"sameAs\":[\"https:\/\/portaltela.pt\/\"],\"url\":\"https:\/\/portaltela.pt\/por\/367410592786\/\"}]}<\/script>\n<!-- \/ Yoast SEO plugin. -->","yoast_head_json":{"title":"Vingegaard far\u00e1 Giro e Tour e falha Volta ao Algarve - Portal Tela Portugal","robots":{"index":"index","follow":"follow","max-snippet":"max-snippet:-1","max-image-preview":"max-image-preview:large","max-video-preview":"max-video-preview:-1"},"og_locale":"pt_PT","og_type":"article","og_title":"Vingegaard far\u00e1 Giro e Tour e falha Volta ao Algarve - Portal Tela Portugal","og_description":"Jonas Vingegaard vai estrear-se no Giro d'Italia antes de disputar o Tour de France, segundo an\u00fancio da Visma-Lease a Bike. O dinamarqu\u00eas n\u00e3o defender\u00e1 o t\u00edtulo da Volta ao Algarve, conquistado no ano passado. O Giro d'Italia realiza-se entre 8 e 31 de maio; o Tour de France decorre de 4 a 26 de julho. Na Volta a It\u00e1lia, o l\u00edder da Visma-Lease a Bike ir\u00e1 reencontrar o portugu\u00eas Jo\u00e3o Almeida. O calend\u00e1rio inicial de Vingegaard prev\u00ea as Voltas dos Emirados \u00c1rabes Unidos (16 a 22 de fevereiro) e a Volta \u00e0 Catalunha (23 a 29 de mar\u00e7o como prepara\u00e7\u00f5es para o Giro.","og_url":"https:\/\/portaltela.pt\/noticias\/2026\/01\/13\/vingegaard-fara-giro-e-tour-e-falha-volta-ao-algarve\/","og_site_name":"Portal Tela Portugal","article_published_time":"2026-01-13T16:41:00+00:00","author":"Telinha","twitter_card":"summary_large_image","twitter_misc":{"Escrito por":"Telinha","Tempo estimado de leitura":"1 minuto"},"schema":{"@context":"https:\/\/schema.org","@graph":[{"@type":"Article","@id":"https:\/\/portaltela.pt\/noticias\/2026\/01\/13\/vingegaard-fara-giro-e-tour-e-falha-volta-ao-algarve\/#article","isPartOf":{"@id":"https:\/\/portaltela.pt\/noticias\/2026\/01\/13\/vingegaard-fara-giro-e-tour-e-falha-volta-ao-algarve\/"},"author":{"name":"Telinha","@id":"https:\/\/portaltela.pt\/#\/schema\/person\/c4278d4a6028830caff9ee44b42d32ed"},"headline":"Vingegaard far\u00e1 Giro e Tour e falha Volta ao Algarve","datePublished":"2026-01-13T16:41:00+00:00","mainEntityOfPage":{"@id":"https:\/\/portaltela.pt\/noticias\/2026\/01\/13\/vingegaard-fara-giro-e-tour-e-falha-volta-ao-algarve\/"},"wordCount":279,"image":{"@id":"https:\/\/portaltela.pt\/noticias\/2026\/01\/13\/vingegaard-fara-giro-e-tour-e-falha-volta-ao-algarve\/#primaryimage"},"thumbnailUrl":"https:\/\/portaltela.pt\/s.01k8rhncp4jt1\/2026\/01\/image-805.jpg","keywords":["Federa\u00e7\u00e3o Portuguesa de Ciclismo","Portugal","Volta a Catalunha","Volta a Portugal"],"articleSection":["Desporto"],"inLanguage":"pt-PT"},{"@type":"WebPage","@id":"https:\/\/portaltela.pt\/noticias\/2026\/01\/13\/vingegaard-fara-giro-e-tour-e-falha-volta-ao-algarve\/","url":"https:\/\/portaltela.pt\/noticias\/2026\/01\/13\/vingegaard-fara-giro-e-tour-e-falha-volta-ao-algarve\/","name":"Vingegaard far\u00e1 Giro e Tour e falha Volta ao Algarve - Portal Tela Portugal","isPartOf":{"@id":"https:\/\/portaltela.pt\/#website"},"primaryImageOfPage":{"@id":"https:\/\/portaltela.pt\/noticias\/2026\/01\/13\/vingegaard-fara-giro-e-tour-e-falha-volta-ao-algarve\/#primaryimage"},"image":{"@id":"https:\/\/portaltela.pt\/noticias\/2026\/01\/13\/vingegaard-fara-giro-e-tour-e-falha-volta-ao-algarve\/#primaryimage"},"thumbnailUrl":"https:\/\/portaltela.pt\/s.01k8rhncp4jt1\/2026\/01\/image-805.jpg","datePublished":"2026-01-13T16:41:00+00:00","author":{"@id":"https:\/\/portaltela.pt\/#\/schema\/person\/c4278d4a6028830caff9ee44b42d32ed"},"breadcrumb":{"@id":"https:\/\/portaltela.pt\/noticias\/2026\/01\/13\/vingegaard-fara-giro-e-tour-e-falha-volta-ao-algarve\/#breadcrumb"},"inLanguage":"pt-PT","potentialAction":[{"@type":"ReadAction","target":["https:\/\/portaltela.pt\/noticias\/2026\/01\/13\/vingegaard-fara-giro-e-tour-e-falha-volta-ao-algarve\/"]}]},{"@type":"ImageObject","inLanguage":"pt-PT","@id":"https:\/\/portaltela.pt\/noticias\/2026\/01\/13\/vingegaard-fara-giro-e-tour-e-falha-volta-ao-algarve\/#primaryimage","url":"https:\/\/portaltela.pt\/s.01k8rhncp4jt1\/2026\/01\/image-805.jpg","contentUrl":"https:\/\/portaltela.pt\/s.01k8rhncp4jt1\/2026\/01\/image-805.jpg","width":796,"height":448,"caption":"Ciclista dinamarqu\u00eas venceu a \u00faltima edi\u00e7\u00e3o da Volta ao Algarve"},{"@type":"BreadcrumbList","@id":"https:\/\/portaltela.pt\/noticias\/2026\/01\/13\/vingegaard-fara-giro-e-tour-e-falha-volta-ao-algarve\/#breadcrumb","itemListElement":[{"@type":"ListItem","position":1,"name":"In\u00edcio","item":"https:\/\/portaltela.pt\/"},{"@type":"ListItem","position":2,"name":"Vingegaard far\u00e1 Giro e Tour e falha Volta ao Algarve"}]},{"@type":"WebSite","@id":"https:\/\/portaltela.pt\/#website","url":"https:\/\/portaltela.pt\/","name":"Portal Tela Portugal","description":"","potentialAction":[{"@type":"SearchAction","target":{"@type":"EntryPoint","urlTemplate":"https:\/\/portaltela.pt\/?s={search_term_string}"},"query-input":{"@type":"PropertyValueSpecification","valueRequired":true,"valueName":"search_term_string"}}],"inLanguage":"pt-PT"},{"@type":"Person","@id":"https:\/\/portaltela.pt\/#\/schema\/person\/c4278d4a6028830caff9ee44b42d32ed","name":"Telinha","image":{"@type":"ImageObject","inLanguage":"pt-PT","@id":"https:\/\/portaltela.pt\/s.01k8rhncp4jt1\/2025\/11\/talking-bot-125x125.png","url":"https:\/\/portaltela.pt\/s.01k8rhncp4jt1\/2025\/11\/talking-bot-125x125.png","contentUrl":"https:\/\/portaltela.pt\/s.01k8rhncp4jt1\/2025\/11\/talking-bot-125x125.png","caption":"Telinha"},"sameAs":["https:\/\/portaltela.pt\/"],"url":"https:\/\/portaltela.pt\/por\/367410592786\/"}]}},"_links":{"self":[{"href":"https:\/\/portaltela.pt\/api\/wp\/v2\/posts\/138985","targetHints":{"allow":["GET"]}}],"collection":[{"href":"https:\/\/portaltela.pt\/api\/wp\/v2\/posts"}],"about":[{"href":"https:\/\/portaltela.pt\/api\/wp\/v2\/types\/post"}],"author":[{"embeddable":true,"href":"https:\/\/portaltela.pt\/api\/wp\/v2\/users\/2"}],"replies":[{"embeddable":true,"href":"https:\/\/portaltela.pt\/api\/wp\/v2\/comments?post=138985"}],"version-history":[{"count":0,"href":"https:\/\/portaltela.pt\/api\/wp\/v2\/posts\/138985\/revisions"}],"wp:featuredmedia":[{"embeddable":true,"href":"https:\/\/portaltela.pt\/api\/wp\/v2\/media\/138990"}],"wp:attachment":[{"href":"https:\/\/portaltela.pt\/api\/wp\/v2\/media?parent=138985"}],"wp:term":[{"taxonomy":"category","embeddable":true,"href":"https:\/\/portaltela.pt\/api\/wp\/v2\/categories?post=138985"},{"taxonomy":"post_tag","embeddable":true,"href":"https:\/\/portaltela.pt\/api\/wp\/v2\/tags?post=138985"}],"curies":[{"name":"wp","href":"https:\/\/api.w.org\/{rel}","templated":true}]}}