{"id":138921,"date":"2026-01-13T13:19:00","date_gmt":"2026-01-13T16:19:00","guid":{"rendered":"https:\/\/portaltela.pt\/noticias\/2026\/01\/13\/julio-iglesias-acusado-de-agressao-sexual-por-duas-ex-funcionarias\/"},"modified":"2026-01-13T13:19:00","modified_gmt":"2026-01-13T16:19:00","slug":"julio-iglesias-acusado-de-agressao-sexual-por-duas-ex-funcionarias","status":"publish","type":"post","link":"https:\/\/portaltela.pt\/noticias\/2026\/01\/13\/julio-iglesias-acusado-de-agressao-sexual-por-duas-ex-funcionarias\/","title":{"rendered":"Julio Iglesias acusado de agress\u00e3o sexual por duas ex-funcion\u00e1rias"},"content":{"rendered":"<p>Julio Iglesias \u00e9 acusado de agress\u00f5es sexuais a duas ex-funcion\u00e1rias que trabalhavam nas casas do artista na Rep\u00fablica Dominicana e nas Bahamas. As den\u00fancias remontam a 2021 e foram apresentadas ao Minist\u00e9rio P\u00fablico no in\u00edcio deste m\u00eas. O leque de acusa\u00e7\u00f5es pode incluir tr\u00e1fico de pessoas para trabalho for\u00e7ado, servid\u00e3o e crimes contra a liberdade sexual.<\/p>\n<p>As queixas, apuradas pelo elDiario.es e pela Univision Noticias ap\u00f3s tr\u00eas anos de investiga\u00e7\u00e3o, descrevem um padr\u00e3o de abuso de poder. As testemunhas dizem que as jornadas eram longas, com trabalho quase cont\u00ednuo, e que rela\u00e7\u00f5es sexuais eram impostas de forma reiterada. O cantor de 82 anos n\u00e3o reagiu publicamente, e a esposa Miranda Rijnsburger permanece em sil\u00eancio.<\/p>\n<p>Rebeca, a primeira a relatar, afirma ter sido pressionada a ter rela\u00e7\u00f5es quase todas as noites, com insultos quando resistia. Laura, a segunda denunciou o controle exercido por Iglesias, incluindo amea\u00e7as de demiss\u00e3o. Ambas n\u00e3o teriam contrato formal e teriam sido contratadas ap\u00f3s uma entrevista por WhatsApp, com remunera\u00e7\u00e3o de cerca de 350 euros mensais.<\/p>\n<p>A rela\u00e7\u00e3o de trabalho descreve ainda uma press\u00e3o por parte do artista para manter as funcion\u00e1rias em casa, como forma de evitar cont\u00e1gio de covid-19. As den\u00fancias detalham acordos de trabalho de 10 horas di\u00e1rias, sem folgas nos primeiros meses, com moradia na resid\u00eancia do artista.<\/p>\n<p>Entre os relatos, uma das denunciantes, que era fisioterapeuta do artista, descreve situa\u00e7\u00f5es de toque inadequado e avan\u00e7os sexuais em praias privadas. Outra ex-funcion\u00e1ria relata confirmar pedidos de contato sexual e situa\u00e7\u00f5es que a deixaram com trauma psicol\u00f3gico ap\u00f3s o t\u00e9rmino do v\u00ednculo.<\/p>\n<p>Ex-funcion\u00e1rias ouvidas apontam para uma hierarquia de funcion\u00e1rias, com as que trabalhavam como parte do grupo conhecido como \u201cdamas\u201d a receber condi\u00e7\u00f5es relativamente melhores, ainda assim envolvidas em convites para rela\u00e7\u00f5es impr\u00f3prias. Todos os depoimentos mencionam exames ginecol\u00f3gicos e de DST marcados pela respons\u00e1vel de recursos humanos, que n\u00e3o respondeu \u00e0 investiga\u00e7\u00e3o.<\/p>\n<p>Entre as rea\u00e7\u00f5es, uma antiga chefe de servi\u00e7o classificou as acusa\u00e7\u00f5es como infundadas e manteve o apre\u00e7o por Julio Iglesias, descrito como humilde e respeitoso com as mulheres. O caso j\u00e1 provocou impactos editoriais, com a editora Libros del Asteroide anunciando uma edi\u00e7\u00e3o revista de uma biografia do artista para refletir as alega\u00e7\u00f5es.<\/p>\n<p>&gt; Fonte: investiga\u00e7\u00e3o conjunta de elDiario.es e Univision Noticias, com consultas a mais de 15 ex-funcion\u00e1rios que trabalharam nas casas entre 1990 e 2023. A situa\u00e7\u00e3o permanece em avalia\u00e7\u00e3o pelas autoridades espanholas.<\/p>\n","protected":false},"excerpt":{"rendered":"<ul>\n<li>Julio Iglesias \u00e9 acusado de agredir sexualmente duas ex-funcion\u00e1rias que trabalhavam nas casas do cantor na Rep\u00fablica Dominicana e nas Bahamas, com casos que remontam a 2021.<\/li>\n<li>A queixa foi apresentada ao Minist\u00e9rio P\u00fablico no in\u00edcio deste m\u00eas, segundo investiga\u00e7\u00f5es do elDiario.es e da Univision Noticias que duraram tr\u00eas anos.<\/li>\n<li>As denunciantes dizem sofreram abusos repetidos, toques sexuais n\u00e3o consentidos e um ambiente de abuso de poder, com poss\u00edvel crimes de tr\u00e1fico de pessoas para trabalho for\u00e7ado e servid\u00e3o, entre outros.<\/li>\n<li>As trabalhadoras afirmaram condi\u00e7\u00f5es de trabalho abusivas, jornadas longas e aus\u00eancia de contratos formais, com remunera\u00e7\u00e3o em torno de 25 mil pesos dominicanos (cerca de 350 euros).<\/li>\n<li>O cantor, com 82 anos, e a mulher, Miranda Rijnsburger, ainda n\u00e3o se pronunciaram; a biografia de Ignacio Peyr\u00f3 pode ganhar edi\u00e7\u00e3o revisada para incluir as acusa\u00e7\u00f5es.<\/li>\n<\/ul>\n","protected":false},"author":2,"featured_media":138935,"comment_status":"closed","ping_status":"closed","sticky":false,"template":"","format":"standard","meta":{"footnotes":""},"categories":[1],"tags":[470,212,1039,2633,3048,473],"class_list":["post-138921","post","type-post","status-publish","format-standard","has-post-thumbnail","hentry","category-noticias","tag-abuso-de-autoridade","tag-abuso-de-poder","tag-assedio-sexista","tag-direitos-humanos","tag-servidao","tag-trafico-de-pessoas"],"yoast_head":"<!-- This site is optimized with the Yoast SEO plugin v27.2 - https:\/\/yoast.com\/product\/yoast-seo-wordpress\/ -->\n<title>Julio Iglesias acusado de agress\u00e3o sexual por duas ex-funcion\u00e1rias - Portal Tela Portugal<\/title>\n<meta name=\"robots\" content=\"index, follow, max-snippet:-1, max-image-preview:large, max-video-preview:-1\" \/>\n<meta property=\"og:locale\" content=\"pt_PT\" \/>\n<meta property=\"og:type\" content=\"article\" \/>\n<meta property=\"og:title\" content=\"Julio Iglesias acusado de agress\u00e3o sexual por duas ex-funcion\u00e1rias - Portal Tela Portugal\" \/>\n<meta property=\"og:description\" content=\"Julio Iglesias \u00e9 acusado de agredir sexualmente duas ex-funcion\u00e1rias que trabalhavam nas casas do cantor na Rep\u00fablica Dominicana e nas Bahamas, com casos que remontam a 2021. A queixa foi apresentada ao Minist\u00e9rio P\u00fablico no in\u00edcio deste m\u00eas, segundo investiga\u00e7\u00f5es do elDiario.es e da Univision Noticias que duraram tr\u00eas anos. As denunciantes dizem sofreram abusos repetidos, toques sexuais n\u00e3o consentidos e um ambiente de abuso de poder, com poss\u00edvel crimes de tr\u00e1fico de pessoas para trabalho for\u00e7ado e servid\u00e3o, entre outros. As trabalhadoras afirmaram condi\u00e7\u00f5es de trabalho abusivas, jornadas longas e aus\u00eancia de contratos formais, com remunera\u00e7\u00e3o em torno de 25 mil pesos dominicanos (cerca de 350 euros). O cantor, com 82 anos, e a mulher, Miranda Rijnsburger, ainda n\u00e3o se pronunciaram; a biografia de Ignacio Peyr\u00f3 pode ganhar edi\u00e7\u00e3o revisada para incluir as acusa\u00e7\u00f5es.\" \/>\n<meta property=\"og:url\" content=\"https:\/\/portaltela.pt\/noticias\/2026\/01\/13\/julio-iglesias-acusado-de-agressao-sexual-por-duas-ex-funcionarias\/\" \/>\n<meta property=\"og:site_name\" content=\"Portal Tela Portugal\" \/>\n<meta property=\"article:published_time\" content=\"2026-01-13T16:19:00+00:00\" \/>\n<meta name=\"author\" content=\"Telinha\" \/>\n<meta name=\"twitter:card\" content=\"summary_large_image\" \/>\n<meta name=\"twitter:label1\" content=\"Escrito por\" \/>\n\t<meta name=\"twitter:data1\" content=\"Telinha\" \/>\n\t<meta name=\"twitter:label2\" content=\"Tempo estimado de leitura\" \/>\n\t<meta name=\"twitter:data2\" content=\"2 minutos\" \/>\n<script type=\"application\/ld+json\" class=\"yoast-schema-graph\">{\"@context\":\"https:\/\/schema.org\",\"@graph\":[{\"@type\":\"Article\",\"@id\":\"https:\/\/portaltela.pt\/noticias\/2026\/01\/13\/julio-iglesias-acusado-de-agressao-sexual-por-duas-ex-funcionarias\/#article\",\"isPartOf\":{\"@id\":\"https:\/\/portaltela.pt\/noticias\/2026\/01\/13\/julio-iglesias-acusado-de-agressao-sexual-por-duas-ex-funcionarias\/\"},\"author\":{\"name\":\"Telinha\",\"@id\":\"https:\/\/portaltela.pt\/#\/schema\/person\/c4278d4a6028830caff9ee44b42d32ed\"},\"headline\":\"Julio Iglesias acusado de agress\u00e3o sexual por duas ex-funcion\u00e1rias\",\"datePublished\":\"2026-01-13T16:19:00+00:00\",\"mainEntityOfPage\":{\"@id\":\"https:\/\/portaltela.pt\/noticias\/2026\/01\/13\/julio-iglesias-acusado-de-agressao-sexual-por-duas-ex-funcionarias\/\"},\"wordCount\":459,\"image\":{\"@id\":\"https:\/\/portaltela.pt\/noticias\/2026\/01\/13\/julio-iglesias-acusado-de-agressao-sexual-por-duas-ex-funcionarias\/#primaryimage\"},\"thumbnailUrl\":\"https:\/\/portaltela.pt\/s.01k8rhncp4jt1\/2026\/01\/2058932.jpg\",\"keywords\":[\"abuso de autoridade\",\"abuso de poder\",\"ass\u00e9dio sexista\",\"direitos humanos\",\"servid\u00e3o\",\"tr\u00e1fico de pessoas\"],\"articleSection\":[\"Not\u00edcias\"],\"inLanguage\":\"pt-PT\"},{\"@type\":\"WebPage\",\"@id\":\"https:\/\/portaltela.pt\/noticias\/2026\/01\/13\/julio-iglesias-acusado-de-agressao-sexual-por-duas-ex-funcionarias\/\",\"url\":\"https:\/\/portaltela.pt\/noticias\/2026\/01\/13\/julio-iglesias-acusado-de-agressao-sexual-por-duas-ex-funcionarias\/\",\"name\":\"Julio Iglesias acusado de agress\u00e3o sexual por duas ex-funcion\u00e1rias - Portal Tela Portugal\",\"isPartOf\":{\"@id\":\"https:\/\/portaltela.pt\/#website\"},\"primaryImageOfPage\":{\"@id\":\"https:\/\/portaltela.pt\/noticias\/2026\/01\/13\/julio-iglesias-acusado-de-agressao-sexual-por-duas-ex-funcionarias\/#primaryimage\"},\"image\":{\"@id\":\"https:\/\/portaltela.pt\/noticias\/2026\/01\/13\/julio-iglesias-acusado-de-agressao-sexual-por-duas-ex-funcionarias\/#primaryimage\"},\"thumbnailUrl\":\"https:\/\/portaltela.pt\/s.01k8rhncp4jt1\/2026\/01\/2058932.jpg\",\"datePublished\":\"2026-01-13T16:19:00+00:00\",\"author\":{\"@id\":\"https:\/\/portaltela.pt\/#\/schema\/person\/c4278d4a6028830caff9ee44b42d32ed\"},\"breadcrumb\":{\"@id\":\"https:\/\/portaltela.pt\/noticias\/2026\/01\/13\/julio-iglesias-acusado-de-agressao-sexual-por-duas-ex-funcionarias\/#breadcrumb\"},\"inLanguage\":\"pt-PT\",\"potentialAction\":[{\"@type\":\"ReadAction\",\"target\":[\"https:\/\/portaltela.pt\/noticias\/2026\/01\/13\/julio-iglesias-acusado-de-agressao-sexual-por-duas-ex-funcionarias\/\"]}]},{\"@type\":\"ImageObject\",\"inLanguage\":\"pt-PT\",\"@id\":\"https:\/\/portaltela.pt\/noticias\/2026\/01\/13\/julio-iglesias-acusado-de-agressao-sexual-por-duas-ex-funcionarias\/#primaryimage\",\"url\":\"https:\/\/portaltela.pt\/s.01k8rhncp4jt1\/2026\/01\/2058932.jpg\",\"contentUrl\":\"https:\/\/portaltela.pt\/s.01k8rhncp4jt1\/2026\/01\/2058932.jpg\",\"width\":796,\"height\":448,\"caption\":\"Julio Iglesias tem 82 anos\"},{\"@type\":\"BreadcrumbList\",\"@id\":\"https:\/\/portaltela.pt\/noticias\/2026\/01\/13\/julio-iglesias-acusado-de-agressao-sexual-por-duas-ex-funcionarias\/#breadcrumb\",\"itemListElement\":[{\"@type\":\"ListItem\",\"position\":1,\"name\":\"In\u00edcio\",\"item\":\"https:\/\/portaltela.pt\/\"},{\"@type\":\"ListItem\",\"position\":2,\"name\":\"Julio Iglesias acusado de agress\u00e3o sexual por duas ex-funcion\u00e1rias\"}]},{\"@type\":\"WebSite\",\"@id\":\"https:\/\/portaltela.pt\/#website\",\"url\":\"https:\/\/portaltela.pt\/\",\"name\":\"Portal Tela Portugal\",\"description\":\"\",\"potentialAction\":[{\"@type\":\"SearchAction\",\"target\":{\"@type\":\"EntryPoint\",\"urlTemplate\":\"https:\/\/portaltela.pt\/?s={search_term_string}\"},\"query-input\":{\"@type\":\"PropertyValueSpecification\",\"valueRequired\":true,\"valueName\":\"search_term_string\"}}],\"inLanguage\":\"pt-PT\"},{\"@type\":\"Person\",\"@id\":\"https:\/\/portaltela.pt\/#\/schema\/person\/c4278d4a6028830caff9ee44b42d32ed\",\"name\":\"Telinha\",\"image\":{\"@type\":\"ImageObject\",\"inLanguage\":\"pt-PT\",\"@id\":\"https:\/\/portaltela.pt\/s.01k8rhncp4jt1\/2025\/11\/talking-bot-125x125.png\",\"url\":\"https:\/\/portaltela.pt\/s.01k8rhncp4jt1\/2025\/11\/talking-bot-125x125.png\",\"contentUrl\":\"https:\/\/portaltela.pt\/s.01k8rhncp4jt1\/2025\/11\/talking-bot-125x125.png\",\"caption\":\"Telinha\"},\"sameAs\":[\"https:\/\/portaltela.pt\/\"],\"url\":\"https:\/\/portaltela.pt\/por\/367410592786\/\"}]}<\/script>\n<!-- \/ Yoast SEO plugin. -->","yoast_head_json":{"title":"Julio Iglesias acusado de agress\u00e3o sexual por duas ex-funcion\u00e1rias - Portal Tela Portugal","robots":{"index":"index","follow":"follow","max-snippet":"max-snippet:-1","max-image-preview":"max-image-preview:large","max-video-preview":"max-video-preview:-1"},"og_locale":"pt_PT","og_type":"article","og_title":"Julio Iglesias acusado de agress\u00e3o sexual por duas ex-funcion\u00e1rias - Portal Tela Portugal","og_description":"Julio Iglesias \u00e9 acusado de agredir sexualmente duas ex-funcion\u00e1rias que trabalhavam nas casas do cantor na Rep\u00fablica Dominicana e nas Bahamas, com casos que remontam a 2021. A queixa foi apresentada ao Minist\u00e9rio P\u00fablico no in\u00edcio deste m\u00eas, segundo investiga\u00e7\u00f5es do elDiario.es e da Univision Noticias que duraram tr\u00eas anos. As denunciantes dizem sofreram abusos repetidos, toques sexuais n\u00e3o consentidos e um ambiente de abuso de poder, com poss\u00edvel crimes de tr\u00e1fico de pessoas para trabalho for\u00e7ado e servid\u00e3o, entre outros. As trabalhadoras afirmaram condi\u00e7\u00f5es de trabalho abusivas, jornadas longas e aus\u00eancia de contratos formais, com remunera\u00e7\u00e3o em torno de 25 mil pesos dominicanos (cerca de 350 euros). O cantor, com 82 anos, e a mulher, Miranda Rijnsburger, ainda n\u00e3o se pronunciaram; a biografia de Ignacio Peyr\u00f3 pode ganhar edi\u00e7\u00e3o revisada para incluir as acusa\u00e7\u00f5es.","og_url":"https:\/\/portaltela.pt\/noticias\/2026\/01\/13\/julio-iglesias-acusado-de-agressao-sexual-por-duas-ex-funcionarias\/","og_site_name":"Portal Tela Portugal","article_published_time":"2026-01-13T16:19:00+00:00","author":"Telinha","twitter_card":"summary_large_image","twitter_misc":{"Escrito por":"Telinha","Tempo estimado de leitura":"2 minutos"},"schema":{"@context":"https:\/\/schema.org","@graph":[{"@type":"Article","@id":"https:\/\/portaltela.pt\/noticias\/2026\/01\/13\/julio-iglesias-acusado-de-agressao-sexual-por-duas-ex-funcionarias\/#article","isPartOf":{"@id":"https:\/\/portaltela.pt\/noticias\/2026\/01\/13\/julio-iglesias-acusado-de-agressao-sexual-por-duas-ex-funcionarias\/"},"author":{"name":"Telinha","@id":"https:\/\/portaltela.pt\/#\/schema\/person\/c4278d4a6028830caff9ee44b42d32ed"},"headline":"Julio Iglesias acusado de agress\u00e3o sexual por duas ex-funcion\u00e1rias","datePublished":"2026-01-13T16:19:00+00:00","mainEntityOfPage":{"@id":"https:\/\/portaltela.pt\/noticias\/2026\/01\/13\/julio-iglesias-acusado-de-agressao-sexual-por-duas-ex-funcionarias\/"},"wordCount":459,"image":{"@id":"https:\/\/portaltela.pt\/noticias\/2026\/01\/13\/julio-iglesias-acusado-de-agressao-sexual-por-duas-ex-funcionarias\/#primaryimage"},"thumbnailUrl":"https:\/\/portaltela.pt\/s.01k8rhncp4jt1\/2026\/01\/2058932.jpg","keywords":["abuso de autoridade","abuso de poder","ass\u00e9dio sexista","direitos humanos","servid\u00e3o","tr\u00e1fico de pessoas"],"articleSection":["Not\u00edcias"],"inLanguage":"pt-PT"},{"@type":"WebPage","@id":"https:\/\/portaltela.pt\/noticias\/2026\/01\/13\/julio-iglesias-acusado-de-agressao-sexual-por-duas-ex-funcionarias\/","url":"https:\/\/portaltela.pt\/noticias\/2026\/01\/13\/julio-iglesias-acusado-de-agressao-sexual-por-duas-ex-funcionarias\/","name":"Julio Iglesias acusado de agress\u00e3o sexual por duas ex-funcion\u00e1rias - Portal Tela Portugal","isPartOf":{"@id":"https:\/\/portaltela.pt\/#website"},"primaryImageOfPage":{"@id":"https:\/\/portaltela.pt\/noticias\/2026\/01\/13\/julio-iglesias-acusado-de-agressao-sexual-por-duas-ex-funcionarias\/#primaryimage"},"image":{"@id":"https:\/\/portaltela.pt\/noticias\/2026\/01\/13\/julio-iglesias-acusado-de-agressao-sexual-por-duas-ex-funcionarias\/#primaryimage"},"thumbnailUrl":"https:\/\/portaltela.pt\/s.01k8rhncp4jt1\/2026\/01\/2058932.jpg","datePublished":"2026-01-13T16:19:00+00:00","author":{"@id":"https:\/\/portaltela.pt\/#\/schema\/person\/c4278d4a6028830caff9ee44b42d32ed"},"breadcrumb":{"@id":"https:\/\/portaltela.pt\/noticias\/2026\/01\/13\/julio-iglesias-acusado-de-agressao-sexual-por-duas-ex-funcionarias\/#breadcrumb"},"inLanguage":"pt-PT","potentialAction":[{"@type":"ReadAction","target":["https:\/\/portaltela.pt\/noticias\/2026\/01\/13\/julio-iglesias-acusado-de-agressao-sexual-por-duas-ex-funcionarias\/"]}]},{"@type":"ImageObject","inLanguage":"pt-PT","@id":"https:\/\/portaltela.pt\/noticias\/2026\/01\/13\/julio-iglesias-acusado-de-agressao-sexual-por-duas-ex-funcionarias\/#primaryimage","url":"https:\/\/portaltela.pt\/s.01k8rhncp4jt1\/2026\/01\/2058932.jpg","contentUrl":"https:\/\/portaltela.pt\/s.01k8rhncp4jt1\/2026\/01\/2058932.jpg","width":796,"height":448,"caption":"Julio Iglesias tem 82 anos"},{"@type":"BreadcrumbList","@id":"https:\/\/portaltela.pt\/noticias\/2026\/01\/13\/julio-iglesias-acusado-de-agressao-sexual-por-duas-ex-funcionarias\/#breadcrumb","itemListElement":[{"@type":"ListItem","position":1,"name":"In\u00edcio","item":"https:\/\/portaltela.pt\/"},{"@type":"ListItem","position":2,"name":"Julio Iglesias acusado de agress\u00e3o sexual por duas ex-funcion\u00e1rias"}]},{"@type":"WebSite","@id":"https:\/\/portaltela.pt\/#website","url":"https:\/\/portaltela.pt\/","name":"Portal Tela Portugal","description":"","potentialAction":[{"@type":"SearchAction","target":{"@type":"EntryPoint","urlTemplate":"https:\/\/portaltela.pt\/?s={search_term_string}"},"query-input":{"@type":"PropertyValueSpecification","valueRequired":true,"valueName":"search_term_string"}}],"inLanguage":"pt-PT"},{"@type":"Person","@id":"https:\/\/portaltela.pt\/#\/schema\/person\/c4278d4a6028830caff9ee44b42d32ed","name":"Telinha","image":{"@type":"ImageObject","inLanguage":"pt-PT","@id":"https:\/\/portaltela.pt\/s.01k8rhncp4jt1\/2025\/11\/talking-bot-125x125.png","url":"https:\/\/portaltela.pt\/s.01k8rhncp4jt1\/2025\/11\/talking-bot-125x125.png","contentUrl":"https:\/\/portaltela.pt\/s.01k8rhncp4jt1\/2025\/11\/talking-bot-125x125.png","caption":"Telinha"},"sameAs":["https:\/\/portaltela.pt\/"],"url":"https:\/\/portaltela.pt\/por\/367410592786\/"}]}},"_links":{"self":[{"href":"https:\/\/portaltela.pt\/api\/wp\/v2\/posts\/138921","targetHints":{"allow":["GET"]}}],"collection":[{"href":"https:\/\/portaltela.pt\/api\/wp\/v2\/posts"}],"about":[{"href":"https:\/\/portaltela.pt\/api\/wp\/v2\/types\/post"}],"author":[{"embeddable":true,"href":"https:\/\/portaltela.pt\/api\/wp\/v2\/users\/2"}],"replies":[{"embeddable":true,"href":"https:\/\/portaltela.pt\/api\/wp\/v2\/comments?post=138921"}],"version-history":[{"count":0,"href":"https:\/\/portaltela.pt\/api\/wp\/v2\/posts\/138921\/revisions"}],"wp:featuredmedia":[{"embeddable":true,"href":"https:\/\/portaltela.pt\/api\/wp\/v2\/media\/138935"}],"wp:attachment":[{"href":"https:\/\/portaltela.pt\/api\/wp\/v2\/media?parent=138921"}],"wp:term":[{"taxonomy":"category","embeddable":true,"href":"https:\/\/portaltela.pt\/api\/wp\/v2\/categories?post=138921"},{"taxonomy":"post_tag","embeddable":true,"href":"https:\/\/portaltela.pt\/api\/wp\/v2\/tags?post=138921"}],"curies":[{"name":"wp","href":"https:\/\/api.w.org\/{rel}","templated":true}]}}