{"id":138908,"date":"2026-01-13T13:15:00","date_gmt":"2026-01-13T16:15:00","guid":{"rendered":"https:\/\/portaltela.pt\/noticias\/2026\/01\/13\/homem-detido-por-violencia-domestica-em-aljustrel-fica-com-pulseira-eletronica\/"},"modified":"2026-01-13T13:15:00","modified_gmt":"2026-01-13T16:15:00","slug":"homem-detido-por-violencia-domestica-em-aljustrel-fica-com-pulseira-eletronica","status":"publish","type":"post","link":"https:\/\/portaltela.pt\/noticias\/2026\/01\/13\/homem-detido-por-violencia-domestica-em-aljustrel-fica-com-pulseira-eletronica\/","title":{"rendered":"Homem detido por viol\u00eancia dom\u00e9stica em Aljustrel fica com pulseira eletr\u00f3nica"},"content":{"rendered":"<p>Um homem de 40 anos foi detido no dia 6 de janeiro no concelho de Aljustrel, por suspeitas de viol\u00eancia dom\u00e9stica, em uma investiga\u00e7\u00e3o do Comando Territorial de Beja da GNR, com o apoio do NIAVE de Beja.<\/p>\n<p>Dilig\u00eancias policiais apuraram que o suspeito exercia viol\u00eancia f\u00edsica, verbal e psicol\u00f3gica sobre a companheira, de 39 anos. Foi dado cumprimento a um mandado de deten\u00e7\u00e3o e o homem foi detido.<\/p>\n<p>O detido foi apresentados no Tribunal Judicial de Ourique, onde lhe foram aplicadas v\u00e1rias medidas de coa\u00e7\u00e3o. Entre elas est\u00e3o a proibi\u00e7\u00e3o de contactos com a v\u00edtima por qualquer meio ou atrav\u00e9s de terceiros e a proibi\u00e7\u00e3o de aproxima\u00e7\u00e3o, num raio de 500 metros.<\/p>\n<p>Al\u00e9m disso, o homem fica sujeito \u00e0 vigil\u00e2ncia por meios t\u00e9cnicos de controlo \u00e0 dist\u00e2ncia, atrav\u00e9s de uma pulseira eletr\u00f3nica.<\/p>\n","protected":false},"excerpt":{"rendered":"<ul>\n<li>Um homem de 40 anos foi detido no dia 6 de janeiro no concelho de Aljustrel, por suspeitas de viol\u00eancia dom\u00e9stica, no \u00e2mbito de uma investiga\u00e7\u00e3o da Guarda Nacional Republicana (GNR) atrav\u00e9s do NIAVE de Beja.<\/li>\n<li>A investiga\u00e7\u00e3o revelou que o suspeito exercia viol\u00eancia f\u00edsica, verbal e psicol\u00f3gica sobre a companheira, de 39 anos.<\/li>\n<li>Foi cumprido um mandado de deten\u00e7\u00e3o, levando \u00e0 deten\u00e7\u00e3o do homem.<\/li>\n<li>O detido foi apresentado no Tribunal Judicial de Ourique, onde lhe foram impostas v\u00e1rias medidas de coa\u00e7\u00e3o, incluindo a interdi\u00e7\u00e3o de contactos com a v\u00edtima e de aproxima\u00e7\u00e3o a menos de quinhentos metros.<\/li>\n<li>O homem fica ainda obrigado a usar pulseira eletr\u00f3nica para vigil\u00e2ncia \u00e0 dist\u00e2ncia.<\/li>\n<\/ul>\n","protected":false},"author":2,"featured_media":138912,"comment_status":"closed","ping_status":"closed","sticky":false,"template":"","format":"standard","meta":{"footnotes":""},"categories":[1],"tags":[1325,943,554,3045,939,214],"class_list":["post-138908","post","type-post","status-publish","format-standard","has-post-thumbnail","hentry","category-noticias","tag-aljustrel","tag-beja","tag-policia-publica","tag-vigilancia-electronica","tag-violencia","tag-violencia-domestica"],"yoast_head":"<!-- This site is optimized with the Yoast SEO plugin v27.2 - https:\/\/yoast.com\/product\/yoast-seo-wordpress\/ -->\n<title>Homem detido por viol\u00eancia dom\u00e9stica em Aljustrel fica com pulseira eletr\u00f3nica - Portal Tela Portugal<\/title>\n<meta name=\"robots\" content=\"index, follow, max-snippet:-1, max-image-preview:large, max-video-preview:-1\" \/>\n<meta property=\"og:locale\" content=\"pt_PT\" \/>\n<meta property=\"og:type\" content=\"article\" \/>\n<meta property=\"og:title\" content=\"Homem detido por viol\u00eancia dom\u00e9stica em Aljustrel fica com pulseira eletr\u00f3nica - Portal Tela Portugal\" \/>\n<meta property=\"og:description\" content=\"Um homem de 40 anos foi detido no dia 6 de janeiro no concelho de Aljustrel, por suspeitas de viol\u00eancia dom\u00e9stica, no \u00e2mbito de uma investiga\u00e7\u00e3o da Guarda Nacional Republicana (GNR) atrav\u00e9s do NIAVE de Beja. A investiga\u00e7\u00e3o revelou que o suspeito exercia viol\u00eancia f\u00edsica, verbal e psicol\u00f3gica sobre a companheira, de 39 anos. Foi cumprido um mandado de deten\u00e7\u00e3o, levando \u00e0 deten\u00e7\u00e3o do homem. O detido foi apresentado no Tribunal Judicial de Ourique, onde lhe foram impostas v\u00e1rias medidas de coa\u00e7\u00e3o, incluindo a interdi\u00e7\u00e3o de contactos com a v\u00edtima e de aproxima\u00e7\u00e3o a menos de quinhentos metros. O homem fica ainda obrigado a usar pulseira eletr\u00f3nica para vigil\u00e2ncia \u00e0 dist\u00e2ncia.\" \/>\n<meta property=\"og:url\" content=\"https:\/\/portaltela.pt\/noticias\/2026\/01\/13\/homem-detido-por-violencia-domestica-em-aljustrel-fica-com-pulseira-eletronica\/\" \/>\n<meta property=\"og:site_name\" content=\"Portal Tela Portugal\" \/>\n<meta property=\"article:published_time\" content=\"2026-01-13T16:15:00+00:00\" \/>\n<meta name=\"author\" content=\"Telinha\" \/>\n<meta name=\"twitter:card\" content=\"summary_large_image\" \/>\n<meta name=\"twitter:label1\" content=\"Escrito por\" \/>\n\t<meta name=\"twitter:data1\" content=\"Telinha\" \/>\n\t<meta name=\"twitter:label2\" content=\"Tempo estimado de leitura\" \/>\n\t<meta name=\"twitter:data2\" content=\"1 minuto\" \/>\n<script type=\"application\/ld+json\" class=\"yoast-schema-graph\">{\"@context\":\"https:\/\/schema.org\",\"@graph\":[{\"@type\":\"Article\",\"@id\":\"https:\/\/portaltela.pt\/noticias\/2026\/01\/13\/homem-detido-por-violencia-domestica-em-aljustrel-fica-com-pulseira-eletronica\/#article\",\"isPartOf\":{\"@id\":\"https:\/\/portaltela.pt\/noticias\/2026\/01\/13\/homem-detido-por-violencia-domestica-em-aljustrel-fica-com-pulseira-eletronica\/\"},\"author\":{\"name\":\"Telinha\",\"@id\":\"https:\/\/portaltela.pt\/#\/schema\/person\/c4278d4a6028830caff9ee44b42d32ed\"},\"headline\":\"Homem detido por viol\u00eancia dom\u00e9stica em Aljustrel fica com pulseira eletr\u00f3nica\",\"datePublished\":\"2026-01-13T16:15:00+00:00\",\"mainEntityOfPage\":{\"@id\":\"https:\/\/portaltela.pt\/noticias\/2026\/01\/13\/homem-detido-por-violencia-domestica-em-aljustrel-fica-com-pulseira-eletronica\/\"},\"wordCount\":163,\"image\":{\"@id\":\"https:\/\/portaltela.pt\/noticias\/2026\/01\/13\/homem-detido-por-violencia-domestica-em-aljustrel-fica-com-pulseira-eletronica\/#primaryimage\"},\"thumbnailUrl\":\"https:\/\/portaltela.pt\/s.01k8rhncp4jt1\/2026\/01\/pulseira.jpg\",\"keywords\":[\"Aljustrel\",\"Beja\",\"pol\u00edcia p\u00fablica\",\"vigil\u00e2ncia electr\u00f3nica\",\"viol\u00eancia\",\"viol\u00eancia dom\u00e9stica\"],\"articleSection\":[\"Not\u00edcias\"],\"inLanguage\":\"pt-PT\"},{\"@type\":\"WebPage\",\"@id\":\"https:\/\/portaltela.pt\/noticias\/2026\/01\/13\/homem-detido-por-violencia-domestica-em-aljustrel-fica-com-pulseira-eletronica\/\",\"url\":\"https:\/\/portaltela.pt\/noticias\/2026\/01\/13\/homem-detido-por-violencia-domestica-em-aljustrel-fica-com-pulseira-eletronica\/\",\"name\":\"Homem detido por viol\u00eancia dom\u00e9stica em Aljustrel fica com pulseira eletr\u00f3nica - Portal Tela Portugal\",\"isPartOf\":{\"@id\":\"https:\/\/portaltela.pt\/#website\"},\"primaryImageOfPage\":{\"@id\":\"https:\/\/portaltela.pt\/noticias\/2026\/01\/13\/homem-detido-por-violencia-domestica-em-aljustrel-fica-com-pulseira-eletronica\/#primaryimage\"},\"image\":{\"@id\":\"https:\/\/portaltela.pt\/noticias\/2026\/01\/13\/homem-detido-por-violencia-domestica-em-aljustrel-fica-com-pulseira-eletronica\/#primaryimage\"},\"thumbnailUrl\":\"https:\/\/portaltela.pt\/s.01k8rhncp4jt1\/2026\/01\/pulseira.jpg\",\"datePublished\":\"2026-01-13T16:15:00+00:00\",\"author\":{\"@id\":\"https:\/\/portaltela.pt\/#\/schema\/person\/c4278d4a6028830caff9ee44b42d32ed\"},\"breadcrumb\":{\"@id\":\"https:\/\/portaltela.pt\/noticias\/2026\/01\/13\/homem-detido-por-violencia-domestica-em-aljustrel-fica-com-pulseira-eletronica\/#breadcrumb\"},\"inLanguage\":\"pt-PT\",\"potentialAction\":[{\"@type\":\"ReadAction\",\"target\":[\"https:\/\/portaltela.pt\/noticias\/2026\/01\/13\/homem-detido-por-violencia-domestica-em-aljustrel-fica-com-pulseira-eletronica\/\"]}]},{\"@type\":\"ImageObject\",\"inLanguage\":\"pt-PT\",\"@id\":\"https:\/\/portaltela.pt\/noticias\/2026\/01\/13\/homem-detido-por-violencia-domestica-em-aljustrel-fica-com-pulseira-eletronica\/#primaryimage\",\"url\":\"https:\/\/portaltela.pt\/s.01k8rhncp4jt1\/2026\/01\/pulseira.jpg\",\"contentUrl\":\"https:\/\/portaltela.pt\/s.01k8rhncp4jt1\/2026\/01\/pulseira.jpg\",\"width\":796,\"height\":448,\"caption\":\"Odemira: Individuo que agredia a companheira fica com pulseira eletr\u00f3nica\"},{\"@type\":\"BreadcrumbList\",\"@id\":\"https:\/\/portaltela.pt\/noticias\/2026\/01\/13\/homem-detido-por-violencia-domestica-em-aljustrel-fica-com-pulseira-eletronica\/#breadcrumb\",\"itemListElement\":[{\"@type\":\"ListItem\",\"position\":1,\"name\":\"In\u00edcio\",\"item\":\"https:\/\/portaltela.pt\/\"},{\"@type\":\"ListItem\",\"position\":2,\"name\":\"Homem detido por viol\u00eancia dom\u00e9stica em Aljustrel fica com pulseira eletr\u00f3nica\"}]},{\"@type\":\"WebSite\",\"@id\":\"https:\/\/portaltela.pt\/#website\",\"url\":\"https:\/\/portaltela.pt\/\",\"name\":\"Portal Tela Portugal\",\"description\":\"\",\"potentialAction\":[{\"@type\":\"SearchAction\",\"target\":{\"@type\":\"EntryPoint\",\"urlTemplate\":\"https:\/\/portaltela.pt\/?s={search_term_string}\"},\"query-input\":{\"@type\":\"PropertyValueSpecification\",\"valueRequired\":true,\"valueName\":\"search_term_string\"}}],\"inLanguage\":\"pt-PT\"},{\"@type\":\"Person\",\"@id\":\"https:\/\/portaltela.pt\/#\/schema\/person\/c4278d4a6028830caff9ee44b42d32ed\",\"name\":\"Telinha\",\"image\":{\"@type\":\"ImageObject\",\"inLanguage\":\"pt-PT\",\"@id\":\"https:\/\/portaltela.pt\/s.01k8rhncp4jt1\/2025\/11\/talking-bot-125x125.png\",\"url\":\"https:\/\/portaltela.pt\/s.01k8rhncp4jt1\/2025\/11\/talking-bot-125x125.png\",\"contentUrl\":\"https:\/\/portaltela.pt\/s.01k8rhncp4jt1\/2025\/11\/talking-bot-125x125.png\",\"caption\":\"Telinha\"},\"sameAs\":[\"https:\/\/portaltela.pt\/\"],\"url\":\"https:\/\/portaltela.pt\/por\/367410592786\/\"}]}<\/script>\n<!-- \/ Yoast SEO plugin. -->","yoast_head_json":{"title":"Homem detido por viol\u00eancia dom\u00e9stica em Aljustrel fica com pulseira eletr\u00f3nica - Portal Tela Portugal","robots":{"index":"index","follow":"follow","max-snippet":"max-snippet:-1","max-image-preview":"max-image-preview:large","max-video-preview":"max-video-preview:-1"},"og_locale":"pt_PT","og_type":"article","og_title":"Homem detido por viol\u00eancia dom\u00e9stica em Aljustrel fica com pulseira eletr\u00f3nica - Portal Tela Portugal","og_description":"Um homem de 40 anos foi detido no dia 6 de janeiro no concelho de Aljustrel, por suspeitas de viol\u00eancia dom\u00e9stica, no \u00e2mbito de uma investiga\u00e7\u00e3o da Guarda Nacional Republicana (GNR) atrav\u00e9s do NIAVE de Beja. A investiga\u00e7\u00e3o revelou que o suspeito exercia viol\u00eancia f\u00edsica, verbal e psicol\u00f3gica sobre a companheira, de 39 anos. Foi cumprido um mandado de deten\u00e7\u00e3o, levando \u00e0 deten\u00e7\u00e3o do homem. O detido foi apresentado no Tribunal Judicial de Ourique, onde lhe foram impostas v\u00e1rias medidas de coa\u00e7\u00e3o, incluindo a interdi\u00e7\u00e3o de contactos com a v\u00edtima e de aproxima\u00e7\u00e3o a menos de quinhentos metros. O homem fica ainda obrigado a usar pulseira eletr\u00f3nica para vigil\u00e2ncia \u00e0 dist\u00e2ncia.","og_url":"https:\/\/portaltela.pt\/noticias\/2026\/01\/13\/homem-detido-por-violencia-domestica-em-aljustrel-fica-com-pulseira-eletronica\/","og_site_name":"Portal Tela Portugal","article_published_time":"2026-01-13T16:15:00+00:00","author":"Telinha","twitter_card":"summary_large_image","twitter_misc":{"Escrito por":"Telinha","Tempo estimado de leitura":"1 minuto"},"schema":{"@context":"https:\/\/schema.org","@graph":[{"@type":"Article","@id":"https:\/\/portaltela.pt\/noticias\/2026\/01\/13\/homem-detido-por-violencia-domestica-em-aljustrel-fica-com-pulseira-eletronica\/#article","isPartOf":{"@id":"https:\/\/portaltela.pt\/noticias\/2026\/01\/13\/homem-detido-por-violencia-domestica-em-aljustrel-fica-com-pulseira-eletronica\/"},"author":{"name":"Telinha","@id":"https:\/\/portaltela.pt\/#\/schema\/person\/c4278d4a6028830caff9ee44b42d32ed"},"headline":"Homem detido por viol\u00eancia dom\u00e9stica em Aljustrel fica com pulseira eletr\u00f3nica","datePublished":"2026-01-13T16:15:00+00:00","mainEntityOfPage":{"@id":"https:\/\/portaltela.pt\/noticias\/2026\/01\/13\/homem-detido-por-violencia-domestica-em-aljustrel-fica-com-pulseira-eletronica\/"},"wordCount":163,"image":{"@id":"https:\/\/portaltela.pt\/noticias\/2026\/01\/13\/homem-detido-por-violencia-domestica-em-aljustrel-fica-com-pulseira-eletronica\/#primaryimage"},"thumbnailUrl":"https:\/\/portaltela.pt\/s.01k8rhncp4jt1\/2026\/01\/pulseira.jpg","keywords":["Aljustrel","Beja","pol\u00edcia p\u00fablica","vigil\u00e2ncia electr\u00f3nica","viol\u00eancia","viol\u00eancia dom\u00e9stica"],"articleSection":["Not\u00edcias"],"inLanguage":"pt-PT"},{"@type":"WebPage","@id":"https:\/\/portaltela.pt\/noticias\/2026\/01\/13\/homem-detido-por-violencia-domestica-em-aljustrel-fica-com-pulseira-eletronica\/","url":"https:\/\/portaltela.pt\/noticias\/2026\/01\/13\/homem-detido-por-violencia-domestica-em-aljustrel-fica-com-pulseira-eletronica\/","name":"Homem detido por viol\u00eancia dom\u00e9stica em Aljustrel fica com pulseira eletr\u00f3nica - Portal Tela Portugal","isPartOf":{"@id":"https:\/\/portaltela.pt\/#website"},"primaryImageOfPage":{"@id":"https:\/\/portaltela.pt\/noticias\/2026\/01\/13\/homem-detido-por-violencia-domestica-em-aljustrel-fica-com-pulseira-eletronica\/#primaryimage"},"image":{"@id":"https:\/\/portaltela.pt\/noticias\/2026\/01\/13\/homem-detido-por-violencia-domestica-em-aljustrel-fica-com-pulseira-eletronica\/#primaryimage"},"thumbnailUrl":"https:\/\/portaltela.pt\/s.01k8rhncp4jt1\/2026\/01\/pulseira.jpg","datePublished":"2026-01-13T16:15:00+00:00","author":{"@id":"https:\/\/portaltela.pt\/#\/schema\/person\/c4278d4a6028830caff9ee44b42d32ed"},"breadcrumb":{"@id":"https:\/\/portaltela.pt\/noticias\/2026\/01\/13\/homem-detido-por-violencia-domestica-em-aljustrel-fica-com-pulseira-eletronica\/#breadcrumb"},"inLanguage":"pt-PT","potentialAction":[{"@type":"ReadAction","target":["https:\/\/portaltela.pt\/noticias\/2026\/01\/13\/homem-detido-por-violencia-domestica-em-aljustrel-fica-com-pulseira-eletronica\/"]}]},{"@type":"ImageObject","inLanguage":"pt-PT","@id":"https:\/\/portaltela.pt\/noticias\/2026\/01\/13\/homem-detido-por-violencia-domestica-em-aljustrel-fica-com-pulseira-eletronica\/#primaryimage","url":"https:\/\/portaltela.pt\/s.01k8rhncp4jt1\/2026\/01\/pulseira.jpg","contentUrl":"https:\/\/portaltela.pt\/s.01k8rhncp4jt1\/2026\/01\/pulseira.jpg","width":796,"height":448,"caption":"Odemira: Individuo que agredia a companheira fica com pulseira eletr\u00f3nica"},{"@type":"BreadcrumbList","@id":"https:\/\/portaltela.pt\/noticias\/2026\/01\/13\/homem-detido-por-violencia-domestica-em-aljustrel-fica-com-pulseira-eletronica\/#breadcrumb","itemListElement":[{"@type":"ListItem","position":1,"name":"In\u00edcio","item":"https:\/\/portaltela.pt\/"},{"@type":"ListItem","position":2,"name":"Homem detido por viol\u00eancia dom\u00e9stica em Aljustrel fica com pulseira eletr\u00f3nica"}]},{"@type":"WebSite","@id":"https:\/\/portaltela.pt\/#website","url":"https:\/\/portaltela.pt\/","name":"Portal Tela Portugal","description":"","potentialAction":[{"@type":"SearchAction","target":{"@type":"EntryPoint","urlTemplate":"https:\/\/portaltela.pt\/?s={search_term_string}"},"query-input":{"@type":"PropertyValueSpecification","valueRequired":true,"valueName":"search_term_string"}}],"inLanguage":"pt-PT"},{"@type":"Person","@id":"https:\/\/portaltela.pt\/#\/schema\/person\/c4278d4a6028830caff9ee44b42d32ed","name":"Telinha","image":{"@type":"ImageObject","inLanguage":"pt-PT","@id":"https:\/\/portaltela.pt\/s.01k8rhncp4jt1\/2025\/11\/talking-bot-125x125.png","url":"https:\/\/portaltela.pt\/s.01k8rhncp4jt1\/2025\/11\/talking-bot-125x125.png","contentUrl":"https:\/\/portaltela.pt\/s.01k8rhncp4jt1\/2025\/11\/talking-bot-125x125.png","caption":"Telinha"},"sameAs":["https:\/\/portaltela.pt\/"],"url":"https:\/\/portaltela.pt\/por\/367410592786\/"}]}},"_links":{"self":[{"href":"https:\/\/portaltela.pt\/api\/wp\/v2\/posts\/138908","targetHints":{"allow":["GET"]}}],"collection":[{"href":"https:\/\/portaltela.pt\/api\/wp\/v2\/posts"}],"about":[{"href":"https:\/\/portaltela.pt\/api\/wp\/v2\/types\/post"}],"author":[{"embeddable":true,"href":"https:\/\/portaltela.pt\/api\/wp\/v2\/users\/2"}],"replies":[{"embeddable":true,"href":"https:\/\/portaltela.pt\/api\/wp\/v2\/comments?post=138908"}],"version-history":[{"count":0,"href":"https:\/\/portaltela.pt\/api\/wp\/v2\/posts\/138908\/revisions"}],"wp:featuredmedia":[{"embeddable":true,"href":"https:\/\/portaltela.pt\/api\/wp\/v2\/media\/138912"}],"wp:attachment":[{"href":"https:\/\/portaltela.pt\/api\/wp\/v2\/media?parent=138908"}],"wp:term":[{"taxonomy":"category","embeddable":true,"href":"https:\/\/portaltela.pt\/api\/wp\/v2\/categories?post=138908"},{"taxonomy":"post_tag","embeddable":true,"href":"https:\/\/portaltela.pt\/api\/wp\/v2\/tags?post=138908"}],"curies":[{"name":"wp","href":"https:\/\/api.w.org\/{rel}","templated":true}]}}