{"id":138862,"date":"2026-01-13T12:47:28","date_gmt":"2026-01-13T15:47:28","guid":{"rendered":"https:\/\/portaltela.pt\/noticias\/2026\/01\/13\/vingegaard-planeia-dobradinha-giro-tour-falha-na-volta-ao-algarve\/"},"modified":"2026-01-13T12:47:28","modified_gmt":"2026-01-13T15:47:28","slug":"vingegaard-planeia-dobradinha-giro-tour-falha-na-volta-ao-algarve","status":"publish","type":"post","link":"https:\/\/portaltela.pt\/desporto\/2026\/01\/13\/vingegaard-planeia-dobradinha-giro-tour-falha-na-volta-ao-algarve\/","title":{"rendered":"Vingegaard planeia dobradinha Giro-Tour; falha na Volta ao Algarve"},"content":{"rendered":"<p>O ciclista Jonas Vingegaard vai abrir a temporada com a Volta aos Emirados \u00c1rabes, em fevereiro, antes de estrear-se no Giro d\u2019Italia e seguir para o Tour de France. A not\u00edcia foi confirmada pela equipa Visma-Lease a Bike, que divulgou o calend\u00e1rio do dinamarqu\u00eas.<\/p>\n<p>Segundo a equipa, Vingegaard n\u00e3o vai defender o t\u00edtulo da Volta ao Algarve, a prova que venceu no ano passado. A origem da decis\u00e3o est\u00e1 ligada ao desejo de competir pela primeira vez no Giro, a segunda grande volta que ainda n\u00e3o disputou.<\/p>\n<p>A Volta a It\u00e1lia est\u00e1 marcada entre 8 e 31 de maio, a par do objetivo de acrescentar a camisola rosa \u00e0 cole\u00e7\u00e3o e completar a tr\u00edade de grandes voltas. O piloto pretende viver a prova italiana de dentro para ganhar experi\u00eancia.<\/p>\n<p>Na confer\u00eancia de imprensa do dia de imprensa da equipa, o l\u00edder reconheceu a vontade de vencer o Giro e destacou que, no ano passado, j\u00e1 sentiu uma melhoria inesperada ap\u00f3s disputar duas grandes voltas consecutivas. A Volta a It\u00e1lia ser\u00e1 o primeiro grande desafio.<\/p>\n<p>Al\u00e9m do Giro, Vingegaard tem no seu programa o Tour de France, que decorre de 4 a 26 de julho. A Volta ao Algarve fica de fora do calend\u00e1rio deste ano, repetindo uma op\u00e7\u00e3o anterior de n\u00e3o competir na prova portuguesa, na qual venceu em 2024.<\/p>\n<p>Antes do Giro, o dinamarqu\u00eas vai competir na Volta aos Emirados (16-22 fev) e na Volta \u00e0 Catalunha (23-29 mar). Estas duas corridas s\u00e3o as \u00fanicas confirmadas como prepara\u00e7\u00e3o para a primeira grande volta da temporada.<\/p>\n<p>O portugu\u00eas Jo\u00e3o Almeida, da UAE Emirates, estar\u00e1 novamente entre os advers\u00e1rios de Vingegaard no Giro, numa edi\u00e7\u00e3o que promete enfrentar acontencimentos significativos na luta pela camisola rosa e pela vit\u00f3ria geral. A Volta dever\u00e1 decorrer numa rota desafiadora, com v\u00e1rias etapas-chave.<\/p>\n","protected":false},"excerpt":{"rendered":"<ul>\n<li>Jonas Vingegaard vai estrear-se no Giro d\u2019Italia antes do Tour de France, conforme confirmou a Visma-Lease a Bike ao apresentar o calend\u00e1rio do ciclista.<\/li>\n<li>O dinamarqu\u00eas n\u00e3o ir\u00e1 defender o t\u00edtulo na Volta ao Algarve, mantendo o foco nas grandes voltas.<\/li>\n<li>O objetivo \u00e9 completar a trilogia de grandes voltas, vindo depois da Volta a Espanha, que ganhou no ano passado.<\/li>\n<li>O programa de in\u00edcio de temporada inclui a Volta aos Emirados \u00c1rabes Unidos (16 a 22 de fevereiro) e a Volta \u00e0 Catalunha (23 a 29 de mar\u00e7o), antes do Giro (8 a 31 de maio).<\/li>\n<li>No Giro, Vingegaard reencontra-se com o portugu\u00eas Jo\u00e3o Almeida (UAE Emirates), advers\u00e1rio que derrotou na luta pela camisola vermelha na Vuelta de 2025.<\/li>\n<\/ul>\n","protected":false},"author":2,"featured_media":138868,"comment_status":"closed","ping_status":"closed","sticky":false,"template":"","format":"standard","meta":{"footnotes":""},"categories":[21],"tags":[923,1347,2235],"class_list":["post-138862","post","type-post","status-publish","format-standard","has-post-thumbnail","hentry","category-desporto","tag-ciclismo","tag-volta-a-catalunha","tag-volta-a-portugal"],"yoast_head":"<!-- This site is optimized with the Yoast SEO plugin v27.2 - https:\/\/yoast.com\/product\/yoast-seo-wordpress\/ -->\n<title>Vingegaard planeia dobradinha Giro-Tour; falha na Volta ao Algarve - Portal Tela Portugal<\/title>\n<meta name=\"robots\" content=\"index, follow, max-snippet:-1, max-image-preview:large, max-video-preview:-1\" \/>\n<meta property=\"og:locale\" content=\"pt_PT\" \/>\n<meta property=\"og:type\" content=\"article\" \/>\n<meta property=\"og:title\" content=\"Vingegaard planeia dobradinha Giro-Tour; falha na Volta ao Algarve - Portal Tela Portugal\" \/>\n<meta property=\"og:description\" content=\"Jonas Vingegaard vai estrear-se no Giro d\u2019Italia antes do Tour de France, conforme confirmou a Visma-Lease a Bike ao apresentar o calend\u00e1rio do ciclista. O dinamarqu\u00eas n\u00e3o ir\u00e1 defender o t\u00edtulo na Volta ao Algarve, mantendo o foco nas grandes voltas. O objetivo \u00e9 completar a trilogia de grandes voltas, vindo depois da Volta a Espanha, que ganhou no ano passado. O programa de in\u00edcio de temporada inclui a Volta aos Emirados \u00c1rabes Unidos (16 a 22 de fevereiro) e a Volta \u00e0 Catalunha (23 a 29 de mar\u00e7o), antes do Giro (8 a 31 de maio). No Giro, Vingegaard reencontra-se com o portugu\u00eas Jo\u00e3o Almeida (UAE Emirates), advers\u00e1rio que derrotou na luta pela camisola vermelha na Vuelta de 2025.\" \/>\n<meta property=\"og:url\" content=\"https:\/\/portaltela.pt\/noticias\/2026\/01\/13\/vingegaard-planeia-dobradinha-giro-tour-falha-na-volta-ao-algarve\/\" \/>\n<meta property=\"og:site_name\" content=\"Portal Tela Portugal\" \/>\n<meta property=\"article:published_time\" content=\"2026-01-13T15:47:28+00:00\" \/>\n<meta name=\"author\" content=\"Telinha\" \/>\n<meta name=\"twitter:card\" content=\"summary_large_image\" \/>\n<meta name=\"twitter:label1\" content=\"Escrito por\" \/>\n\t<meta name=\"twitter:data1\" content=\"Telinha\" \/>\n\t<meta name=\"twitter:label2\" content=\"Tempo estimado de leitura\" \/>\n\t<meta name=\"twitter:data2\" content=\"2 minutos\" \/>\n<script type=\"application\/ld+json\" class=\"yoast-schema-graph\">{\"@context\":\"https:\/\/schema.org\",\"@graph\":[{\"@type\":\"Article\",\"@id\":\"https:\/\/portaltela.pt\/noticias\/2026\/01\/13\/vingegaard-planeia-dobradinha-giro-tour-falha-na-volta-ao-algarve\/#article\",\"isPartOf\":{\"@id\":\"https:\/\/portaltela.pt\/noticias\/2026\/01\/13\/vingegaard-planeia-dobradinha-giro-tour-falha-na-volta-ao-algarve\/\"},\"author\":{\"name\":\"Telinha\",\"@id\":\"https:\/\/portaltela.pt\/#\/schema\/person\/c4278d4a6028830caff9ee44b42d32ed\"},\"headline\":\"Vingegaard planeia dobradinha Giro-Tour; falha na Volta ao Algarve\",\"datePublished\":\"2026-01-13T15:47:28+00:00\",\"mainEntityOfPage\":{\"@id\":\"https:\/\/portaltela.pt\/noticias\/2026\/01\/13\/vingegaard-planeia-dobradinha-giro-tour-falha-na-volta-ao-algarve\/\"},\"wordCount\":329,\"image\":{\"@id\":\"https:\/\/portaltela.pt\/noticias\/2026\/01\/13\/vingegaard-planeia-dobradinha-giro-tour-falha-na-volta-ao-algarve\/#primaryimage\"},\"thumbnailUrl\":\"https:\/\/portaltela.pt\/s.01k8rhncp4jt1\/2026\/01\/img_920x518uu2025-09-13-16-44-43-2389617.jpg\",\"keywords\":[\"ciclismo\",\"Volta a Catalunha\",\"Volta a Portugal\"],\"articleSection\":[\"Desporto\"],\"inLanguage\":\"pt-PT\"},{\"@type\":\"WebPage\",\"@id\":\"https:\/\/portaltela.pt\/noticias\/2026\/01\/13\/vingegaard-planeia-dobradinha-giro-tour-falha-na-volta-ao-algarve\/\",\"url\":\"https:\/\/portaltela.pt\/noticias\/2026\/01\/13\/vingegaard-planeia-dobradinha-giro-tour-falha-na-volta-ao-algarve\/\",\"name\":\"Vingegaard planeia dobradinha Giro-Tour; falha na Volta ao Algarve - Portal Tela Portugal\",\"isPartOf\":{\"@id\":\"https:\/\/portaltela.pt\/#website\"},\"primaryImageOfPage\":{\"@id\":\"https:\/\/portaltela.pt\/noticias\/2026\/01\/13\/vingegaard-planeia-dobradinha-giro-tour-falha-na-volta-ao-algarve\/#primaryimage\"},\"image\":{\"@id\":\"https:\/\/portaltela.pt\/noticias\/2026\/01\/13\/vingegaard-planeia-dobradinha-giro-tour-falha-na-volta-ao-algarve\/#primaryimage\"},\"thumbnailUrl\":\"https:\/\/portaltela.pt\/s.01k8rhncp4jt1\/2026\/01\/img_920x518uu2025-09-13-16-44-43-2389617.jpg\",\"datePublished\":\"2026-01-13T15:47:28+00:00\",\"author\":{\"@id\":\"https:\/\/portaltela.pt\/#\/schema\/person\/c4278d4a6028830caff9ee44b42d32ed\"},\"breadcrumb\":{\"@id\":\"https:\/\/portaltela.pt\/noticias\/2026\/01\/13\/vingegaard-planeia-dobradinha-giro-tour-falha-na-volta-ao-algarve\/#breadcrumb\"},\"inLanguage\":\"pt-PT\",\"potentialAction\":[{\"@type\":\"ReadAction\",\"target\":[\"https:\/\/portaltela.pt\/noticias\/2026\/01\/13\/vingegaard-planeia-dobradinha-giro-tour-falha-na-volta-ao-algarve\/\"]}]},{\"@type\":\"ImageObject\",\"inLanguage\":\"pt-PT\",\"@id\":\"https:\/\/portaltela.pt\/noticias\/2026\/01\/13\/vingegaard-planeia-dobradinha-giro-tour-falha-na-volta-ao-algarve\/#primaryimage\",\"url\":\"https:\/\/portaltela.pt\/s.01k8rhncp4jt1\/2026\/01\/img_920x518uu2025-09-13-16-44-43-2389617.jpg\",\"contentUrl\":\"https:\/\/portaltela.pt\/s.01k8rhncp4jt1\/2026\/01\/img_920x518uu2025-09-13-16-44-43-2389617.jpg\",\"width\":796,\"height\":448,\"caption\":\"Vingegaard\"},{\"@type\":\"BreadcrumbList\",\"@id\":\"https:\/\/portaltela.pt\/noticias\/2026\/01\/13\/vingegaard-planeia-dobradinha-giro-tour-falha-na-volta-ao-algarve\/#breadcrumb\",\"itemListElement\":[{\"@type\":\"ListItem\",\"position\":1,\"name\":\"In\u00edcio\",\"item\":\"https:\/\/portaltela.pt\/\"},{\"@type\":\"ListItem\",\"position\":2,\"name\":\"Vingegaard planeia dobradinha Giro-Tour; falha na Volta ao Algarve\"}]},{\"@type\":\"WebSite\",\"@id\":\"https:\/\/portaltela.pt\/#website\",\"url\":\"https:\/\/portaltela.pt\/\",\"name\":\"Portal Tela Portugal\",\"description\":\"\",\"potentialAction\":[{\"@type\":\"SearchAction\",\"target\":{\"@type\":\"EntryPoint\",\"urlTemplate\":\"https:\/\/portaltela.pt\/?s={search_term_string}\"},\"query-input\":{\"@type\":\"PropertyValueSpecification\",\"valueRequired\":true,\"valueName\":\"search_term_string\"}}],\"inLanguage\":\"pt-PT\"},{\"@type\":\"Person\",\"@id\":\"https:\/\/portaltela.pt\/#\/schema\/person\/c4278d4a6028830caff9ee44b42d32ed\",\"name\":\"Telinha\",\"image\":{\"@type\":\"ImageObject\",\"inLanguage\":\"pt-PT\",\"@id\":\"https:\/\/portaltela.pt\/s.01k8rhncp4jt1\/2025\/11\/talking-bot-125x125.png\",\"url\":\"https:\/\/portaltela.pt\/s.01k8rhncp4jt1\/2025\/11\/talking-bot-125x125.png\",\"contentUrl\":\"https:\/\/portaltela.pt\/s.01k8rhncp4jt1\/2025\/11\/talking-bot-125x125.png\",\"caption\":\"Telinha\"},\"sameAs\":[\"https:\/\/portaltela.pt\/\"],\"url\":\"https:\/\/portaltela.pt\/por\/367410592786\/\"}]}<\/script>\n<!-- \/ Yoast SEO plugin. -->","yoast_head_json":{"title":"Vingegaard planeia dobradinha Giro-Tour; falha na Volta ao Algarve - Portal Tela Portugal","robots":{"index":"index","follow":"follow","max-snippet":"max-snippet:-1","max-image-preview":"max-image-preview:large","max-video-preview":"max-video-preview:-1"},"og_locale":"pt_PT","og_type":"article","og_title":"Vingegaard planeia dobradinha Giro-Tour; falha na Volta ao Algarve - Portal Tela Portugal","og_description":"Jonas Vingegaard vai estrear-se no Giro d\u2019Italia antes do Tour de France, conforme confirmou a Visma-Lease a Bike ao apresentar o calend\u00e1rio do ciclista. O dinamarqu\u00eas n\u00e3o ir\u00e1 defender o t\u00edtulo na Volta ao Algarve, mantendo o foco nas grandes voltas. O objetivo \u00e9 completar a trilogia de grandes voltas, vindo depois da Volta a Espanha, que ganhou no ano passado. O programa de in\u00edcio de temporada inclui a Volta aos Emirados \u00c1rabes Unidos (16 a 22 de fevereiro) e a Volta \u00e0 Catalunha (23 a 29 de mar\u00e7o), antes do Giro (8 a 31 de maio). No Giro, Vingegaard reencontra-se com o portugu\u00eas Jo\u00e3o Almeida (UAE Emirates), advers\u00e1rio que derrotou na luta pela camisola vermelha na Vuelta de 2025.","og_url":"https:\/\/portaltela.pt\/noticias\/2026\/01\/13\/vingegaard-planeia-dobradinha-giro-tour-falha-na-volta-ao-algarve\/","og_site_name":"Portal Tela Portugal","article_published_time":"2026-01-13T15:47:28+00:00","author":"Telinha","twitter_card":"summary_large_image","twitter_misc":{"Escrito por":"Telinha","Tempo estimado de leitura":"2 minutos"},"schema":{"@context":"https:\/\/schema.org","@graph":[{"@type":"Article","@id":"https:\/\/portaltela.pt\/noticias\/2026\/01\/13\/vingegaard-planeia-dobradinha-giro-tour-falha-na-volta-ao-algarve\/#article","isPartOf":{"@id":"https:\/\/portaltela.pt\/noticias\/2026\/01\/13\/vingegaard-planeia-dobradinha-giro-tour-falha-na-volta-ao-algarve\/"},"author":{"name":"Telinha","@id":"https:\/\/portaltela.pt\/#\/schema\/person\/c4278d4a6028830caff9ee44b42d32ed"},"headline":"Vingegaard planeia dobradinha Giro-Tour; falha na Volta ao Algarve","datePublished":"2026-01-13T15:47:28+00:00","mainEntityOfPage":{"@id":"https:\/\/portaltela.pt\/noticias\/2026\/01\/13\/vingegaard-planeia-dobradinha-giro-tour-falha-na-volta-ao-algarve\/"},"wordCount":329,"image":{"@id":"https:\/\/portaltela.pt\/noticias\/2026\/01\/13\/vingegaard-planeia-dobradinha-giro-tour-falha-na-volta-ao-algarve\/#primaryimage"},"thumbnailUrl":"https:\/\/portaltela.pt\/s.01k8rhncp4jt1\/2026\/01\/img_920x518uu2025-09-13-16-44-43-2389617.jpg","keywords":["ciclismo","Volta a Catalunha","Volta a Portugal"],"articleSection":["Desporto"],"inLanguage":"pt-PT"},{"@type":"WebPage","@id":"https:\/\/portaltela.pt\/noticias\/2026\/01\/13\/vingegaard-planeia-dobradinha-giro-tour-falha-na-volta-ao-algarve\/","url":"https:\/\/portaltela.pt\/noticias\/2026\/01\/13\/vingegaard-planeia-dobradinha-giro-tour-falha-na-volta-ao-algarve\/","name":"Vingegaard planeia dobradinha Giro-Tour; falha na Volta ao Algarve - Portal Tela Portugal","isPartOf":{"@id":"https:\/\/portaltela.pt\/#website"},"primaryImageOfPage":{"@id":"https:\/\/portaltela.pt\/noticias\/2026\/01\/13\/vingegaard-planeia-dobradinha-giro-tour-falha-na-volta-ao-algarve\/#primaryimage"},"image":{"@id":"https:\/\/portaltela.pt\/noticias\/2026\/01\/13\/vingegaard-planeia-dobradinha-giro-tour-falha-na-volta-ao-algarve\/#primaryimage"},"thumbnailUrl":"https:\/\/portaltela.pt\/s.01k8rhncp4jt1\/2026\/01\/img_920x518uu2025-09-13-16-44-43-2389617.jpg","datePublished":"2026-01-13T15:47:28+00:00","author":{"@id":"https:\/\/portaltela.pt\/#\/schema\/person\/c4278d4a6028830caff9ee44b42d32ed"},"breadcrumb":{"@id":"https:\/\/portaltela.pt\/noticias\/2026\/01\/13\/vingegaard-planeia-dobradinha-giro-tour-falha-na-volta-ao-algarve\/#breadcrumb"},"inLanguage":"pt-PT","potentialAction":[{"@type":"ReadAction","target":["https:\/\/portaltela.pt\/noticias\/2026\/01\/13\/vingegaard-planeia-dobradinha-giro-tour-falha-na-volta-ao-algarve\/"]}]},{"@type":"ImageObject","inLanguage":"pt-PT","@id":"https:\/\/portaltela.pt\/noticias\/2026\/01\/13\/vingegaard-planeia-dobradinha-giro-tour-falha-na-volta-ao-algarve\/#primaryimage","url":"https:\/\/portaltela.pt\/s.01k8rhncp4jt1\/2026\/01\/img_920x518uu2025-09-13-16-44-43-2389617.jpg","contentUrl":"https:\/\/portaltela.pt\/s.01k8rhncp4jt1\/2026\/01\/img_920x518uu2025-09-13-16-44-43-2389617.jpg","width":796,"height":448,"caption":"Vingegaard"},{"@type":"BreadcrumbList","@id":"https:\/\/portaltela.pt\/noticias\/2026\/01\/13\/vingegaard-planeia-dobradinha-giro-tour-falha-na-volta-ao-algarve\/#breadcrumb","itemListElement":[{"@type":"ListItem","position":1,"name":"In\u00edcio","item":"https:\/\/portaltela.pt\/"},{"@type":"ListItem","position":2,"name":"Vingegaard planeia dobradinha Giro-Tour; falha na Volta ao Algarve"}]},{"@type":"WebSite","@id":"https:\/\/portaltela.pt\/#website","url":"https:\/\/portaltela.pt\/","name":"Portal Tela Portugal","description":"","potentialAction":[{"@type":"SearchAction","target":{"@type":"EntryPoint","urlTemplate":"https:\/\/portaltela.pt\/?s={search_term_string}"},"query-input":{"@type":"PropertyValueSpecification","valueRequired":true,"valueName":"search_term_string"}}],"inLanguage":"pt-PT"},{"@type":"Person","@id":"https:\/\/portaltela.pt\/#\/schema\/person\/c4278d4a6028830caff9ee44b42d32ed","name":"Telinha","image":{"@type":"ImageObject","inLanguage":"pt-PT","@id":"https:\/\/portaltela.pt\/s.01k8rhncp4jt1\/2025\/11\/talking-bot-125x125.png","url":"https:\/\/portaltela.pt\/s.01k8rhncp4jt1\/2025\/11\/talking-bot-125x125.png","contentUrl":"https:\/\/portaltela.pt\/s.01k8rhncp4jt1\/2025\/11\/talking-bot-125x125.png","caption":"Telinha"},"sameAs":["https:\/\/portaltela.pt\/"],"url":"https:\/\/portaltela.pt\/por\/367410592786\/"}]}},"_links":{"self":[{"href":"https:\/\/portaltela.pt\/api\/wp\/v2\/posts\/138862","targetHints":{"allow":["GET"]}}],"collection":[{"href":"https:\/\/portaltela.pt\/api\/wp\/v2\/posts"}],"about":[{"href":"https:\/\/portaltela.pt\/api\/wp\/v2\/types\/post"}],"author":[{"embeddable":true,"href":"https:\/\/portaltela.pt\/api\/wp\/v2\/users\/2"}],"replies":[{"embeddable":true,"href":"https:\/\/portaltela.pt\/api\/wp\/v2\/comments?post=138862"}],"version-history":[{"count":0,"href":"https:\/\/portaltela.pt\/api\/wp\/v2\/posts\/138862\/revisions"}],"wp:featuredmedia":[{"embeddable":true,"href":"https:\/\/portaltela.pt\/api\/wp\/v2\/media\/138868"}],"wp:attachment":[{"href":"https:\/\/portaltela.pt\/api\/wp\/v2\/media?parent=138862"}],"wp:term":[{"taxonomy":"category","embeddable":true,"href":"https:\/\/portaltela.pt\/api\/wp\/v2\/categories?post=138862"},{"taxonomy":"post_tag","embeddable":true,"href":"https:\/\/portaltela.pt\/api\/wp\/v2\/tags?post=138862"}],"curies":[{"name":"wp","href":"https:\/\/api.w.org\/{rel}","templated":true}]}}