{"id":138810,"date":"2026-01-13T12:18:02","date_gmt":"2026-01-13T15:18:02","guid":{"rendered":"https:\/\/portaltela.pt\/noticias\/2026\/01\/13\/psp-detem-tres-homens-em-coimbra-por-furto-droga-e-conducao-sem-habilitacao\/"},"modified":"2026-01-13T12:18:02","modified_gmt":"2026-01-13T15:18:02","slug":"psp-detem-tres-homens-em-coimbra-por-furto-droga-e-conducao-sem-habilitacao","status":"publish","type":"post","link":"https:\/\/portaltela.pt\/noticias\/2026\/01\/13\/psp-detem-tres-homens-em-coimbra-por-furto-droga-e-conducao-sem-habilitacao\/","title":{"rendered":"PSP det\u00e9m tr\u00eas homens em Coimbra por furto, droga e condu\u00e7\u00e3o sem habilita\u00e7\u00e3o"},"content":{"rendered":"<p>A PSP deteve ontem e hoje em Coimbra tr\u00eas homens, suspeitos de furto qualificado, tr\u00e1fico de estupefacientes e condu\u00e7\u00e3o sem habilita\u00e7\u00e3o. Os factos ocorreram entre 12 e 13 de janeiro, com a\u00e7\u00f5es na cidade e em Eiras. A atua\u00e7\u00e3o insere-se numa opera\u00e7\u00e3o de rotina de patrulha e fiscaliza\u00e7\u00e3o.<\/p>\n<p>Na madrugada de hoje, um homem de 44 anos foi detido por furto qualificado, ap\u00f3s arrombar a porta de um estabelecimento comercial em Eiras, provocando danos. O arrombamento aconteceu durante a madrugada, com a deten\u00e7\u00e3o \u00e0s 01h30.<\/p>\n<p>Outro homem, de 22 anos, foi detido por tr\u00e1fico de estupefacientes ao ser encontrado na posse de 12 doses de coca\u00edna. A identifica\u00e7\u00e3o ocorreu na mesma madrugada, durante a opera\u00e7\u00e3o policial.<\/p>\n<p>Um jovem de 19 anos ficou ainda detido por condu\u00e7\u00e3o sem habilita\u00e7\u00e3o legal. A deten\u00e7\u00e3o ocorreu \u00e0s 21h20, no bairro do Loreto, referem as autoridades.<\/p>\n<h3>Detalhes dos casos<\/h3>\n<p>As deten\u00e7\u00f5es s\u00e3o associadas a uma opera\u00e7\u00e3o que visa crimes de furto qualificado, tr\u00e1fico de droga e condu\u00e7\u00e3o irregular. As autoridades n\u00e3o divulgam dados adicionais de identifica\u00e7\u00e3o nem de eventuais antecedentes.<\/p>\n<p>A PSP refor\u00e7a que as ocorr\u00eancias permanecem em investiga\u00e7\u00e3o para estabelecer a rela\u00e7\u00e3o entre os suspeitos e eventuais crimes cometidos, bem como a origem das subst\u00e2ncias apreendidas.<\/p>\n","protected":false},"excerpt":{"rendered":"<ul>\n<li>Deten\u00e7\u00f5es em Coimbra ocorreram entre ontem, 12 de janeiro, e a madrugada de hoje, 13 de janeiro, por furto qualificado, tr\u00e1fico de estupefacientes e condu\u00e7\u00e3o sem habilita\u00e7\u00e3o.<\/li>\n<li>Na madrugada de hoje, um homem de 44 anos foi detido por furto qualificado, ap\u00f3s arrombar a porta de um estabelecimento em Eiras, causando danos.<\/li>\n<li>Um homem de 22 anos foi detido por tr\u00e1fico de estupefacientes, ao ser encontrado com 12 doses de coca\u00edna.<\/li>\n<li>Um jovem de 19 anos foi detido por condu\u00e7\u00e3o sem habilita\u00e7\u00e3o legal, numa ocorr\u00eancia \u00e0s 21h20 no Loreto.<\/li>\n<\/ul>\n","protected":false},"author":2,"featured_media":138817,"comment_status":"closed","ping_status":"closed","sticky":false,"template":"","format":"standard","meta":{"footnotes":""},"categories":[1],"tags":[1070,160,1806,1659,250,1442],"class_list":["post-138810","post","type-post","status-publish","format-standard","has-post-thumbnail","hentry","category-noticias","tag-coimbra","tag-conducao-sem-habilitacao","tag-falta-de-habilitacao","tag-furto-qualificado","tag-seguranca-publica","tag-trafico-de-estupefacientes"],"yoast_head":"<!-- This site is optimized with the Yoast SEO plugin v27.2 - https:\/\/yoast.com\/product\/yoast-seo-wordpress\/ -->\n<title>PSP det\u00e9m tr\u00eas homens em Coimbra por furto, droga e condu\u00e7\u00e3o sem habilita\u00e7\u00e3o - Portal Tela Portugal<\/title>\n<meta name=\"robots\" content=\"index, follow, max-snippet:-1, max-image-preview:large, max-video-preview:-1\" \/>\n<meta property=\"og:locale\" content=\"pt_PT\" \/>\n<meta property=\"og:type\" content=\"article\" \/>\n<meta property=\"og:title\" content=\"PSP det\u00e9m tr\u00eas homens em Coimbra por furto, droga e condu\u00e7\u00e3o sem habilita\u00e7\u00e3o - Portal Tela Portugal\" \/>\n<meta property=\"og:description\" content=\"Deten\u00e7\u00f5es em Coimbra ocorreram entre ontem, 12 de janeiro, e a madrugada de hoje, 13 de janeiro, por furto qualificado, tr\u00e1fico de estupefacientes e condu\u00e7\u00e3o sem habilita\u00e7\u00e3o. Na madrugada de hoje, um homem de 44 anos foi detido por furto qualificado, ap\u00f3s arrombar a porta de um estabelecimento em Eiras, causando danos. Um homem de 22 anos foi detido por tr\u00e1fico de estupefacientes, ao ser encontrado com 12 doses de coca\u00edna. Um jovem de 19 anos foi detido por condu\u00e7\u00e3o sem habilita\u00e7\u00e3o legal, numa ocorr\u00eancia \u00e0s 21h20 no Loreto.\" \/>\n<meta property=\"og:url\" content=\"https:\/\/portaltela.pt\/noticias\/2026\/01\/13\/psp-detem-tres-homens-em-coimbra-por-furto-droga-e-conducao-sem-habilitacao\/\" \/>\n<meta property=\"og:site_name\" content=\"Portal Tela Portugal\" \/>\n<meta property=\"article:published_time\" content=\"2026-01-13T15:18:02+00:00\" \/>\n<meta name=\"author\" content=\"Telinha\" \/>\n<meta name=\"twitter:card\" content=\"summary_large_image\" \/>\n<meta name=\"twitter:label1\" content=\"Escrito por\" \/>\n\t<meta name=\"twitter:data1\" content=\"Telinha\" \/>\n\t<meta name=\"twitter:label2\" content=\"Tempo estimado de leitura\" \/>\n\t<meta name=\"twitter:data2\" content=\"1 minuto\" \/>\n<script type=\"application\/ld+json\" class=\"yoast-schema-graph\">{\"@context\":\"https:\/\/schema.org\",\"@graph\":[{\"@type\":\"Article\",\"@id\":\"https:\/\/portaltela.pt\/noticias\/2026\/01\/13\/psp-detem-tres-homens-em-coimbra-por-furto-droga-e-conducao-sem-habilitacao\/#article\",\"isPartOf\":{\"@id\":\"https:\/\/portaltela.pt\/noticias\/2026\/01\/13\/psp-detem-tres-homens-em-coimbra-por-furto-droga-e-conducao-sem-habilitacao\/\"},\"author\":{\"name\":\"Telinha\",\"@id\":\"https:\/\/portaltela.pt\/#\/schema\/person\/c4278d4a6028830caff9ee44b42d32ed\"},\"headline\":\"PSP det\u00e9m tr\u00eas homens em Coimbra por furto, droga e condu\u00e7\u00e3o sem habilita\u00e7\u00e3o\",\"datePublished\":\"2026-01-13T15:18:02+00:00\",\"mainEntityOfPage\":{\"@id\":\"https:\/\/portaltela.pt\/noticias\/2026\/01\/13\/psp-detem-tres-homens-em-coimbra-por-furto-droga-e-conducao-sem-habilitacao\/\"},\"wordCount\":242,\"image\":{\"@id\":\"https:\/\/portaltela.pt\/noticias\/2026\/01\/13\/psp-detem-tres-homens-em-coimbra-por-furto-droga-e-conducao-sem-habilitacao\/#primaryimage\"},\"thumbnailUrl\":\"https:\/\/portaltela.pt\/s.01k8rhncp4jt1\/2026\/01\/algemas-copy.jpg\",\"keywords\":[\"Coimbra\",\"condu\u00e7\u00e3o sem habilita\u00e7\u00e3o\",\"falta de habilita\u00e7\u00e3o\",\"furto qualificado\",\"seguran\u00e7a p\u00fablica\",\"tr\u00e1fico de estupefacientes\"],\"articleSection\":[\"Not\u00edcias\"],\"inLanguage\":\"pt-PT\"},{\"@type\":\"WebPage\",\"@id\":\"https:\/\/portaltela.pt\/noticias\/2026\/01\/13\/psp-detem-tres-homens-em-coimbra-por-furto-droga-e-conducao-sem-habilitacao\/\",\"url\":\"https:\/\/portaltela.pt\/noticias\/2026\/01\/13\/psp-detem-tres-homens-em-coimbra-por-furto-droga-e-conducao-sem-habilitacao\/\",\"name\":\"PSP det\u00e9m tr\u00eas homens em Coimbra por furto, droga e condu\u00e7\u00e3o sem habilita\u00e7\u00e3o - Portal Tela Portugal\",\"isPartOf\":{\"@id\":\"https:\/\/portaltela.pt\/#website\"},\"primaryImageOfPage\":{\"@id\":\"https:\/\/portaltela.pt\/noticias\/2026\/01\/13\/psp-detem-tres-homens-em-coimbra-por-furto-droga-e-conducao-sem-habilitacao\/#primaryimage\"},\"image\":{\"@id\":\"https:\/\/portaltela.pt\/noticias\/2026\/01\/13\/psp-detem-tres-homens-em-coimbra-por-furto-droga-e-conducao-sem-habilitacao\/#primaryimage\"},\"thumbnailUrl\":\"https:\/\/portaltela.pt\/s.01k8rhncp4jt1\/2026\/01\/algemas-copy.jpg\",\"datePublished\":\"2026-01-13T15:18:02+00:00\",\"author\":{\"@id\":\"https:\/\/portaltela.pt\/#\/schema\/person\/c4278d4a6028830caff9ee44b42d32ed\"},\"breadcrumb\":{\"@id\":\"https:\/\/portaltela.pt\/noticias\/2026\/01\/13\/psp-detem-tres-homens-em-coimbra-por-furto-droga-e-conducao-sem-habilitacao\/#breadcrumb\"},\"inLanguage\":\"pt-PT\",\"potentialAction\":[{\"@type\":\"ReadAction\",\"target\":[\"https:\/\/portaltela.pt\/noticias\/2026\/01\/13\/psp-detem-tres-homens-em-coimbra-por-furto-droga-e-conducao-sem-habilitacao\/\"]}]},{\"@type\":\"ImageObject\",\"inLanguage\":\"pt-PT\",\"@id\":\"https:\/\/portaltela.pt\/noticias\/2026\/01\/13\/psp-detem-tres-homens-em-coimbra-por-furto-droga-e-conducao-sem-habilitacao\/#primaryimage\",\"url\":\"https:\/\/portaltela.pt\/s.01k8rhncp4jt1\/2026\/01\/algemas-copy.jpg\",\"contentUrl\":\"https:\/\/portaltela.pt\/s.01k8rhncp4jt1\/2026\/01\/algemas-copy.jpg\",\"width\":796,\"height\":448,\"caption\":\"PJ det\u00e9m militante neonazi\"},{\"@type\":\"BreadcrumbList\",\"@id\":\"https:\/\/portaltela.pt\/noticias\/2026\/01\/13\/psp-detem-tres-homens-em-coimbra-por-furto-droga-e-conducao-sem-habilitacao\/#breadcrumb\",\"itemListElement\":[{\"@type\":\"ListItem\",\"position\":1,\"name\":\"In\u00edcio\",\"item\":\"https:\/\/portaltela.pt\/\"},{\"@type\":\"ListItem\",\"position\":2,\"name\":\"PSP det\u00e9m tr\u00eas homens em Coimbra por furto, droga e condu\u00e7\u00e3o sem habilita\u00e7\u00e3o\"}]},{\"@type\":\"WebSite\",\"@id\":\"https:\/\/portaltela.pt\/#website\",\"url\":\"https:\/\/portaltela.pt\/\",\"name\":\"Portal Tela Portugal\",\"description\":\"\",\"potentialAction\":[{\"@type\":\"SearchAction\",\"target\":{\"@type\":\"EntryPoint\",\"urlTemplate\":\"https:\/\/portaltela.pt\/?s={search_term_string}\"},\"query-input\":{\"@type\":\"PropertyValueSpecification\",\"valueRequired\":true,\"valueName\":\"search_term_string\"}}],\"inLanguage\":\"pt-PT\"},{\"@type\":\"Person\",\"@id\":\"https:\/\/portaltela.pt\/#\/schema\/person\/c4278d4a6028830caff9ee44b42d32ed\",\"name\":\"Telinha\",\"image\":{\"@type\":\"ImageObject\",\"inLanguage\":\"pt-PT\",\"@id\":\"https:\/\/portaltela.pt\/s.01k8rhncp4jt1\/2025\/11\/talking-bot-125x125.png\",\"url\":\"https:\/\/portaltela.pt\/s.01k8rhncp4jt1\/2025\/11\/talking-bot-125x125.png\",\"contentUrl\":\"https:\/\/portaltela.pt\/s.01k8rhncp4jt1\/2025\/11\/talking-bot-125x125.png\",\"caption\":\"Telinha\"},\"sameAs\":[\"https:\/\/portaltela.pt\/\"],\"url\":\"https:\/\/portaltela.pt\/por\/367410592786\/\"}]}<\/script>\n<!-- \/ Yoast SEO plugin. -->","yoast_head_json":{"title":"PSP det\u00e9m tr\u00eas homens em Coimbra por furto, droga e condu\u00e7\u00e3o sem habilita\u00e7\u00e3o - Portal Tela Portugal","robots":{"index":"index","follow":"follow","max-snippet":"max-snippet:-1","max-image-preview":"max-image-preview:large","max-video-preview":"max-video-preview:-1"},"og_locale":"pt_PT","og_type":"article","og_title":"PSP det\u00e9m tr\u00eas homens em Coimbra por furto, droga e condu\u00e7\u00e3o sem habilita\u00e7\u00e3o - Portal Tela Portugal","og_description":"Deten\u00e7\u00f5es em Coimbra ocorreram entre ontem, 12 de janeiro, e a madrugada de hoje, 13 de janeiro, por furto qualificado, tr\u00e1fico de estupefacientes e condu\u00e7\u00e3o sem habilita\u00e7\u00e3o. Na madrugada de hoje, um homem de 44 anos foi detido por furto qualificado, ap\u00f3s arrombar a porta de um estabelecimento em Eiras, causando danos. Um homem de 22 anos foi detido por tr\u00e1fico de estupefacientes, ao ser encontrado com 12 doses de coca\u00edna. Um jovem de 19 anos foi detido por condu\u00e7\u00e3o sem habilita\u00e7\u00e3o legal, numa ocorr\u00eancia \u00e0s 21h20 no Loreto.","og_url":"https:\/\/portaltela.pt\/noticias\/2026\/01\/13\/psp-detem-tres-homens-em-coimbra-por-furto-droga-e-conducao-sem-habilitacao\/","og_site_name":"Portal Tela Portugal","article_published_time":"2026-01-13T15:18:02+00:00","author":"Telinha","twitter_card":"summary_large_image","twitter_misc":{"Escrito por":"Telinha","Tempo estimado de leitura":"1 minuto"},"schema":{"@context":"https:\/\/schema.org","@graph":[{"@type":"Article","@id":"https:\/\/portaltela.pt\/noticias\/2026\/01\/13\/psp-detem-tres-homens-em-coimbra-por-furto-droga-e-conducao-sem-habilitacao\/#article","isPartOf":{"@id":"https:\/\/portaltela.pt\/noticias\/2026\/01\/13\/psp-detem-tres-homens-em-coimbra-por-furto-droga-e-conducao-sem-habilitacao\/"},"author":{"name":"Telinha","@id":"https:\/\/portaltela.pt\/#\/schema\/person\/c4278d4a6028830caff9ee44b42d32ed"},"headline":"PSP det\u00e9m tr\u00eas homens em Coimbra por furto, droga e condu\u00e7\u00e3o sem habilita\u00e7\u00e3o","datePublished":"2026-01-13T15:18:02+00:00","mainEntityOfPage":{"@id":"https:\/\/portaltela.pt\/noticias\/2026\/01\/13\/psp-detem-tres-homens-em-coimbra-por-furto-droga-e-conducao-sem-habilitacao\/"},"wordCount":242,"image":{"@id":"https:\/\/portaltela.pt\/noticias\/2026\/01\/13\/psp-detem-tres-homens-em-coimbra-por-furto-droga-e-conducao-sem-habilitacao\/#primaryimage"},"thumbnailUrl":"https:\/\/portaltela.pt\/s.01k8rhncp4jt1\/2026\/01\/algemas-copy.jpg","keywords":["Coimbra","condu\u00e7\u00e3o sem habilita\u00e7\u00e3o","falta de habilita\u00e7\u00e3o","furto qualificado","seguran\u00e7a p\u00fablica","tr\u00e1fico de estupefacientes"],"articleSection":["Not\u00edcias"],"inLanguage":"pt-PT"},{"@type":"WebPage","@id":"https:\/\/portaltela.pt\/noticias\/2026\/01\/13\/psp-detem-tres-homens-em-coimbra-por-furto-droga-e-conducao-sem-habilitacao\/","url":"https:\/\/portaltela.pt\/noticias\/2026\/01\/13\/psp-detem-tres-homens-em-coimbra-por-furto-droga-e-conducao-sem-habilitacao\/","name":"PSP det\u00e9m tr\u00eas homens em Coimbra por furto, droga e condu\u00e7\u00e3o sem habilita\u00e7\u00e3o - Portal Tela Portugal","isPartOf":{"@id":"https:\/\/portaltela.pt\/#website"},"primaryImageOfPage":{"@id":"https:\/\/portaltela.pt\/noticias\/2026\/01\/13\/psp-detem-tres-homens-em-coimbra-por-furto-droga-e-conducao-sem-habilitacao\/#primaryimage"},"image":{"@id":"https:\/\/portaltela.pt\/noticias\/2026\/01\/13\/psp-detem-tres-homens-em-coimbra-por-furto-droga-e-conducao-sem-habilitacao\/#primaryimage"},"thumbnailUrl":"https:\/\/portaltela.pt\/s.01k8rhncp4jt1\/2026\/01\/algemas-copy.jpg","datePublished":"2026-01-13T15:18:02+00:00","author":{"@id":"https:\/\/portaltela.pt\/#\/schema\/person\/c4278d4a6028830caff9ee44b42d32ed"},"breadcrumb":{"@id":"https:\/\/portaltela.pt\/noticias\/2026\/01\/13\/psp-detem-tres-homens-em-coimbra-por-furto-droga-e-conducao-sem-habilitacao\/#breadcrumb"},"inLanguage":"pt-PT","potentialAction":[{"@type":"ReadAction","target":["https:\/\/portaltela.pt\/noticias\/2026\/01\/13\/psp-detem-tres-homens-em-coimbra-por-furto-droga-e-conducao-sem-habilitacao\/"]}]},{"@type":"ImageObject","inLanguage":"pt-PT","@id":"https:\/\/portaltela.pt\/noticias\/2026\/01\/13\/psp-detem-tres-homens-em-coimbra-por-furto-droga-e-conducao-sem-habilitacao\/#primaryimage","url":"https:\/\/portaltela.pt\/s.01k8rhncp4jt1\/2026\/01\/algemas-copy.jpg","contentUrl":"https:\/\/portaltela.pt\/s.01k8rhncp4jt1\/2026\/01\/algemas-copy.jpg","width":796,"height":448,"caption":"PJ det\u00e9m militante neonazi"},{"@type":"BreadcrumbList","@id":"https:\/\/portaltela.pt\/noticias\/2026\/01\/13\/psp-detem-tres-homens-em-coimbra-por-furto-droga-e-conducao-sem-habilitacao\/#breadcrumb","itemListElement":[{"@type":"ListItem","position":1,"name":"In\u00edcio","item":"https:\/\/portaltela.pt\/"},{"@type":"ListItem","position":2,"name":"PSP det\u00e9m tr\u00eas homens em Coimbra por furto, droga e condu\u00e7\u00e3o sem habilita\u00e7\u00e3o"}]},{"@type":"WebSite","@id":"https:\/\/portaltela.pt\/#website","url":"https:\/\/portaltela.pt\/","name":"Portal Tela Portugal","description":"","potentialAction":[{"@type":"SearchAction","target":{"@type":"EntryPoint","urlTemplate":"https:\/\/portaltela.pt\/?s={search_term_string}"},"query-input":{"@type":"PropertyValueSpecification","valueRequired":true,"valueName":"search_term_string"}}],"inLanguage":"pt-PT"},{"@type":"Person","@id":"https:\/\/portaltela.pt\/#\/schema\/person\/c4278d4a6028830caff9ee44b42d32ed","name":"Telinha","image":{"@type":"ImageObject","inLanguage":"pt-PT","@id":"https:\/\/portaltela.pt\/s.01k8rhncp4jt1\/2025\/11\/talking-bot-125x125.png","url":"https:\/\/portaltela.pt\/s.01k8rhncp4jt1\/2025\/11\/talking-bot-125x125.png","contentUrl":"https:\/\/portaltela.pt\/s.01k8rhncp4jt1\/2025\/11\/talking-bot-125x125.png","caption":"Telinha"},"sameAs":["https:\/\/portaltela.pt\/"],"url":"https:\/\/portaltela.pt\/por\/367410592786\/"}]}},"_links":{"self":[{"href":"https:\/\/portaltela.pt\/api\/wp\/v2\/posts\/138810","targetHints":{"allow":["GET"]}}],"collection":[{"href":"https:\/\/portaltela.pt\/api\/wp\/v2\/posts"}],"about":[{"href":"https:\/\/portaltela.pt\/api\/wp\/v2\/types\/post"}],"author":[{"embeddable":true,"href":"https:\/\/portaltela.pt\/api\/wp\/v2\/users\/2"}],"replies":[{"embeddable":true,"href":"https:\/\/portaltela.pt\/api\/wp\/v2\/comments?post=138810"}],"version-history":[{"count":0,"href":"https:\/\/portaltela.pt\/api\/wp\/v2\/posts\/138810\/revisions"}],"wp:featuredmedia":[{"embeddable":true,"href":"https:\/\/portaltela.pt\/api\/wp\/v2\/media\/138817"}],"wp:attachment":[{"href":"https:\/\/portaltela.pt\/api\/wp\/v2\/media?parent=138810"}],"wp:term":[{"taxonomy":"category","embeddable":true,"href":"https:\/\/portaltela.pt\/api\/wp\/v2\/categories?post=138810"},{"taxonomy":"post_tag","embeddable":true,"href":"https:\/\/portaltela.pt\/api\/wp\/v2\/tags?post=138810"}],"curies":[{"name":"wp","href":"https:\/\/api.w.org\/{rel}","templated":true}]}}