{"id":138793,"date":"2026-01-13T12:44:07","date_gmt":"2026-01-13T15:44:07","guid":{"rendered":"https:\/\/portaltela.pt\/noticias\/2026\/01\/13\/jovem-de-26-anos-executado-por-protestos-no-irao-dez-minutos-com-a-familia\/"},"modified":"2026-01-13T12:44:07","modified_gmt":"2026-01-13T15:44:07","slug":"jovem-de-26-anos-executado-por-protestos-no-irao-dez-minutos-com-a-familia","status":"publish","type":"post","link":"https:\/\/portaltela.pt\/noticias\/politica\/2026\/01\/13\/jovem-de-26-anos-executado-por-protestos-no-irao-dez-minutos-com-a-familia\/","title":{"rendered":"Jovem de 26 anos executado por protestos no Ir\u00e3o; dez minutos com a fam\u00edlia"},"content":{"rendered":"<p>Erfan Soltani, um jovem iraniano de 26 anos, ser\u00e1 a primeira pessoa a ser executada no \u00e2mbito dos protestos anti-governo no Ir\u00e3o. A senten\u00e7a \u00e9 por enforcamento, aplic\u00e1vel ap\u00f3s a deten\u00e7\u00e3o ocorrida na semana passada.<\/p>\n<p>Segundo grupos de direitos humanos, Soltani foi detido em casa na sequ\u00eancia de um protesto ocorrido na quinta-feira anterior. A condena\u00e7\u00e3o \u00e0 pena de morte foi registada pelo di\u00e1rio Daily Mail, sem que a fam\u00edlia tenha tido acesso a informa\u00e7\u00f5es oficiais definitivas.<\/p>\n<p>A fam\u00edlia descreve o choque e a press\u00e3o emocional vivida desde a deten\u00e7\u00e3o. A organiza\u00e7\u00e3o Hengaw indica que o jovem n\u00e3o era um ativista pol\u00edtico conhecido, apenas integrou uma gera\u00e7\u00e3o que participou nos protestos recentes. Arina Moradi destaca ainda a falta de acesso a um advogado durante o processo.<\/p>\n<h3>Contexto dos protestos no Ir\u00e3o<\/h3>\n<p>Dados da HRANA apontam que mais de 10 mil pessoas foram detidas desde o in\u00edcio dos protestos, em fim de 2025. Autoridades iranianas relatam um saldo de cerca de 2 mil mortes associadas aos protestos, num per\u00edodo marcado por cortes de internet que dificultam a verifica\u00e7\u00e3o de informa\u00e7\u00f5es.<\/p>\n<p>A Hengaw adianta que a irm\u00e3 de Soltani, advogada, tentou interpor recursos legais, mas foi impedida de aceder ao processo. A organiza\u00e7\u00e3o considera o caso uma viola\u00e7\u00e3o do direito internacional dos direitos humanos, dada a alega\u00e7\u00e3o de falta de acesso a informa\u00e7\u00e3o e defesa adequada.<\/p>\n","protected":false},"excerpt":{"rendered":"<ul>\n<li>Erfan Soltani, 26 anos, ser\u00e1 a primeira pessoa a ser executada no \u00e2mbito dos protests anti-governo no Ir\u00e3o.<\/li>\n<li>Detido durante um protesto, foi condenado a enforcamento e ter\u00e1 apenas 10 minutos com a fam\u00edlia antes da execu\u00e7\u00e3o, prevista para quarta-feira.<\/li>\n<li>A fam\u00edlia afirma que ele n\u00e3o teve acesso a advogado e que a condena\u00e7\u00e3o n\u00e3o foi clarificada, sem oferecimento de informa\u00e7\u00e3o oficial pelas autoridades.<\/li>\n<li>Organiza\u00e7\u00f5es de direitos humanos indicam que mais de dez mil pessoas foram detidas desde o in\u00edcio dos protestos no final de 2025, e cerca de 2 mil morreram, segundo balan\u00e7os oficiais.<\/li>\n<li>A internet no Ir\u00e3o permanece bloqueada em parte, dificultando o contacto com a fam\u00edlia; Hengaw sustenta que Soltani poder\u00e1 estar a ser torturado na pris\u00e3o.<\/li>\n<\/ul>\n","protected":false},"author":2,"featured_media":138794,"comment_status":"closed","ping_status":"closed","sticky":false,"template":"","format":"standard","meta":{"footnotes":""},"categories":[1,5],"tags":[1384,2633,1465,2023,2857,2730],"class_list":["post-138793","post","type-post","status-publish","format-standard","has-post-thumbnail","hentry","category-noticias","category-politica","tag-condenacoes-internacionais","tag-direitos-humanos","tag-direitos-internacionais","tag-organizacoes-internacionais","tag-protestos","tag-protestos-internacionais"],"yoast_head":"<!-- This site is optimized with the Yoast SEO plugin v27.2 - https:\/\/yoast.com\/product\/yoast-seo-wordpress\/ -->\n<title>Jovem de 26 anos executado por protestos no Ir\u00e3o; dez minutos com a fam\u00edlia - Portal Tela Portugal<\/title>\n<meta name=\"robots\" content=\"index, follow, max-snippet:-1, max-image-preview:large, max-video-preview:-1\" \/>\n<meta property=\"og:locale\" content=\"pt_PT\" \/>\n<meta property=\"og:type\" content=\"article\" \/>\n<meta property=\"og:title\" content=\"Jovem de 26 anos executado por protestos no Ir\u00e3o; dez minutos com a fam\u00edlia - Portal Tela Portugal\" \/>\n<meta property=\"og:description\" content=\"Erfan Soltani, 26 anos, ser\u00e1 a primeira pessoa a ser executada no \u00e2mbito dos protests anti-governo no Ir\u00e3o. Detido durante um protesto, foi condenado a enforcamento e ter\u00e1 apenas 10 minutos com a fam\u00edlia antes da execu\u00e7\u00e3o, prevista para quarta-feira. A fam\u00edlia afirma que ele n\u00e3o teve acesso a advogado e que a condena\u00e7\u00e3o n\u00e3o foi clarificada, sem oferecimento de informa\u00e7\u00e3o oficial pelas autoridades. Organiza\u00e7\u00f5es de direitos humanos indicam que mais de dez mil pessoas foram detidas desde o in\u00edcio dos protestos no final de 2025, e cerca de 2 mil morreram, segundo balan\u00e7os oficiais. A internet no Ir\u00e3o permanece bloqueada em parte, dificultando o contacto com a fam\u00edlia; Hengaw sustenta que Soltani poder\u00e1 estar a ser torturado na pris\u00e3o.\" \/>\n<meta property=\"og:url\" content=\"https:\/\/portaltela.pt\/noticias\/2026\/01\/13\/jovem-de-26-anos-executado-por-protestos-no-irao-dez-minutos-com-a-familia\/\" \/>\n<meta property=\"og:site_name\" content=\"Portal Tela Portugal\" \/>\n<meta property=\"article:published_time\" content=\"2026-01-13T15:44:07+00:00\" \/>\n<meta name=\"author\" content=\"Telinha\" \/>\n<meta name=\"twitter:card\" content=\"summary_large_image\" \/>\n<meta name=\"twitter:label1\" content=\"Escrito por\" \/>\n\t<meta name=\"twitter:data1\" content=\"Telinha\" \/>\n\t<meta name=\"twitter:label2\" content=\"Tempo estimado de leitura\" \/>\n\t<meta name=\"twitter:data2\" content=\"1 minuto\" \/>\n<script type=\"application\/ld+json\" class=\"yoast-schema-graph\">{\"@context\":\"https:\/\/schema.org\",\"@graph\":[{\"@type\":\"Article\",\"@id\":\"https:\/\/portaltela.pt\/noticias\/2026\/01\/13\/jovem-de-26-anos-executado-por-protestos-no-irao-dez-minutos-com-a-familia\/#article\",\"isPartOf\":{\"@id\":\"https:\/\/portaltela.pt\/noticias\/2026\/01\/13\/jovem-de-26-anos-executado-por-protestos-no-irao-dez-minutos-com-a-familia\/\"},\"author\":{\"name\":\"Telinha\",\"@id\":\"https:\/\/portaltela.pt\/#\/schema\/person\/c4278d4a6028830caff9ee44b42d32ed\"},\"headline\":\"Jovem de 26 anos executado por protestos no Ir\u00e3o; dez minutos com a fam\u00edlia\",\"datePublished\":\"2026-01-13T15:44:07+00:00\",\"mainEntityOfPage\":{\"@id\":\"https:\/\/portaltela.pt\/noticias\/2026\/01\/13\/jovem-de-26-anos-executado-por-protestos-no-irao-dez-minutos-com-a-familia\/\"},\"wordCount\":259,\"image\":{\"@id\":\"https:\/\/portaltela.pt\/noticias\/2026\/01\/13\/jovem-de-26-anos-executado-por-protestos-no-irao-dez-minutos-com-a-familia\/#primaryimage\"},\"thumbnailUrl\":\"https:\/\/portaltela.pt\/s.01k8rhncp4jt1\/2026\/01\/img_1500x1000uu2026-01-13-15-27-02-2259876.jpg\",\"keywords\":[\"condena\u00e7\u00f5es internacionais\",\"direitos humanos\",\"direitos internacionais\",\"organiza\u00e7\u00f5es internacionais\",\"protestos\",\"protestos internacionais\"],\"articleSection\":[\"Not\u00edcias\",\"Pol\u00edtica\"],\"inLanguage\":\"pt-PT\"},{\"@type\":\"WebPage\",\"@id\":\"https:\/\/portaltela.pt\/noticias\/2026\/01\/13\/jovem-de-26-anos-executado-por-protestos-no-irao-dez-minutos-com-a-familia\/\",\"url\":\"https:\/\/portaltela.pt\/noticias\/2026\/01\/13\/jovem-de-26-anos-executado-por-protestos-no-irao-dez-minutos-com-a-familia\/\",\"name\":\"Jovem de 26 anos executado por protestos no Ir\u00e3o; dez minutos com a fam\u00edlia - Portal Tela Portugal\",\"isPartOf\":{\"@id\":\"https:\/\/portaltela.pt\/#website\"},\"primaryImageOfPage\":{\"@id\":\"https:\/\/portaltela.pt\/noticias\/2026\/01\/13\/jovem-de-26-anos-executado-por-protestos-no-irao-dez-minutos-com-a-familia\/#primaryimage\"},\"image\":{\"@id\":\"https:\/\/portaltela.pt\/noticias\/2026\/01\/13\/jovem-de-26-anos-executado-por-protestos-no-irao-dez-minutos-com-a-familia\/#primaryimage\"},\"thumbnailUrl\":\"https:\/\/portaltela.pt\/s.01k8rhncp4jt1\/2026\/01\/img_1500x1000uu2026-01-13-15-27-02-2259876.jpg\",\"datePublished\":\"2026-01-13T15:44:07+00:00\",\"author\":{\"@id\":\"https:\/\/portaltela.pt\/#\/schema\/person\/c4278d4a6028830caff9ee44b42d32ed\"},\"breadcrumb\":{\"@id\":\"https:\/\/portaltela.pt\/noticias\/2026\/01\/13\/jovem-de-26-anos-executado-por-protestos-no-irao-dez-minutos-com-a-familia\/#breadcrumb\"},\"inLanguage\":\"pt-PT\",\"potentialAction\":[{\"@type\":\"ReadAction\",\"target\":[\"https:\/\/portaltela.pt\/noticias\/2026\/01\/13\/jovem-de-26-anos-executado-por-protestos-no-irao-dez-minutos-com-a-familia\/\"]}]},{\"@type\":\"ImageObject\",\"inLanguage\":\"pt-PT\",\"@id\":\"https:\/\/portaltela.pt\/noticias\/2026\/01\/13\/jovem-de-26-anos-executado-por-protestos-no-irao-dez-minutos-com-a-familia\/#primaryimage\",\"url\":\"https:\/\/portaltela.pt\/s.01k8rhncp4jt1\/2026\/01\/img_1500x1000uu2026-01-13-15-27-02-2259876.jpg\",\"contentUrl\":\"https:\/\/portaltela.pt\/s.01k8rhncp4jt1\/2026\/01\/img_1500x1000uu2026-01-13-15-27-02-2259876.jpg\",\"width\":796,\"height\":448,\"caption\":\"Erfan Soltani foi condenado a pena de morte\"},{\"@type\":\"BreadcrumbList\",\"@id\":\"https:\/\/portaltela.pt\/noticias\/2026\/01\/13\/jovem-de-26-anos-executado-por-protestos-no-irao-dez-minutos-com-a-familia\/#breadcrumb\",\"itemListElement\":[{\"@type\":\"ListItem\",\"position\":1,\"name\":\"In\u00edcio\",\"item\":\"https:\/\/portaltela.pt\/\"},{\"@type\":\"ListItem\",\"position\":2,\"name\":\"Jovem de 26 anos executado por protestos no Ir\u00e3o; dez minutos com a fam\u00edlia\"}]},{\"@type\":\"WebSite\",\"@id\":\"https:\/\/portaltela.pt\/#website\",\"url\":\"https:\/\/portaltela.pt\/\",\"name\":\"Portal Tela Portugal\",\"description\":\"\",\"potentialAction\":[{\"@type\":\"SearchAction\",\"target\":{\"@type\":\"EntryPoint\",\"urlTemplate\":\"https:\/\/portaltela.pt\/?s={search_term_string}\"},\"query-input\":{\"@type\":\"PropertyValueSpecification\",\"valueRequired\":true,\"valueName\":\"search_term_string\"}}],\"inLanguage\":\"pt-PT\"},{\"@type\":\"Person\",\"@id\":\"https:\/\/portaltela.pt\/#\/schema\/person\/c4278d4a6028830caff9ee44b42d32ed\",\"name\":\"Telinha\",\"image\":{\"@type\":\"ImageObject\",\"inLanguage\":\"pt-PT\",\"@id\":\"https:\/\/portaltela.pt\/s.01k8rhncp4jt1\/2025\/11\/talking-bot-125x125.png\",\"url\":\"https:\/\/portaltela.pt\/s.01k8rhncp4jt1\/2025\/11\/talking-bot-125x125.png\",\"contentUrl\":\"https:\/\/portaltela.pt\/s.01k8rhncp4jt1\/2025\/11\/talking-bot-125x125.png\",\"caption\":\"Telinha\"},\"sameAs\":[\"https:\/\/portaltela.pt\/\"],\"url\":\"https:\/\/portaltela.pt\/por\/367410592786\/\"}]}<\/script>\n<!-- \/ Yoast SEO plugin. -->","yoast_head_json":{"title":"Jovem de 26 anos executado por protestos no Ir\u00e3o; dez minutos com a fam\u00edlia - Portal Tela Portugal","robots":{"index":"index","follow":"follow","max-snippet":"max-snippet:-1","max-image-preview":"max-image-preview:large","max-video-preview":"max-video-preview:-1"},"og_locale":"pt_PT","og_type":"article","og_title":"Jovem de 26 anos executado por protestos no Ir\u00e3o; dez minutos com a fam\u00edlia - Portal Tela Portugal","og_description":"Erfan Soltani, 26 anos, ser\u00e1 a primeira pessoa a ser executada no \u00e2mbito dos protests anti-governo no Ir\u00e3o. Detido durante um protesto, foi condenado a enforcamento e ter\u00e1 apenas 10 minutos com a fam\u00edlia antes da execu\u00e7\u00e3o, prevista para quarta-feira. A fam\u00edlia afirma que ele n\u00e3o teve acesso a advogado e que a condena\u00e7\u00e3o n\u00e3o foi clarificada, sem oferecimento de informa\u00e7\u00e3o oficial pelas autoridades. Organiza\u00e7\u00f5es de direitos humanos indicam que mais de dez mil pessoas foram detidas desde o in\u00edcio dos protestos no final de 2025, e cerca de 2 mil morreram, segundo balan\u00e7os oficiais. A internet no Ir\u00e3o permanece bloqueada em parte, dificultando o contacto com a fam\u00edlia; Hengaw sustenta que Soltani poder\u00e1 estar a ser torturado na pris\u00e3o.","og_url":"https:\/\/portaltela.pt\/noticias\/2026\/01\/13\/jovem-de-26-anos-executado-por-protestos-no-irao-dez-minutos-com-a-familia\/","og_site_name":"Portal Tela Portugal","article_published_time":"2026-01-13T15:44:07+00:00","author":"Telinha","twitter_card":"summary_large_image","twitter_misc":{"Escrito por":"Telinha","Tempo estimado de leitura":"1 minuto"},"schema":{"@context":"https:\/\/schema.org","@graph":[{"@type":"Article","@id":"https:\/\/portaltela.pt\/noticias\/2026\/01\/13\/jovem-de-26-anos-executado-por-protestos-no-irao-dez-minutos-com-a-familia\/#article","isPartOf":{"@id":"https:\/\/portaltela.pt\/noticias\/2026\/01\/13\/jovem-de-26-anos-executado-por-protestos-no-irao-dez-minutos-com-a-familia\/"},"author":{"name":"Telinha","@id":"https:\/\/portaltela.pt\/#\/schema\/person\/c4278d4a6028830caff9ee44b42d32ed"},"headline":"Jovem de 26 anos executado por protestos no Ir\u00e3o; dez minutos com a fam\u00edlia","datePublished":"2026-01-13T15:44:07+00:00","mainEntityOfPage":{"@id":"https:\/\/portaltela.pt\/noticias\/2026\/01\/13\/jovem-de-26-anos-executado-por-protestos-no-irao-dez-minutos-com-a-familia\/"},"wordCount":259,"image":{"@id":"https:\/\/portaltela.pt\/noticias\/2026\/01\/13\/jovem-de-26-anos-executado-por-protestos-no-irao-dez-minutos-com-a-familia\/#primaryimage"},"thumbnailUrl":"https:\/\/portaltela.pt\/s.01k8rhncp4jt1\/2026\/01\/img_1500x1000uu2026-01-13-15-27-02-2259876.jpg","keywords":["condena\u00e7\u00f5es internacionais","direitos humanos","direitos internacionais","organiza\u00e7\u00f5es internacionais","protestos","protestos internacionais"],"articleSection":["Not\u00edcias","Pol\u00edtica"],"inLanguage":"pt-PT"},{"@type":"WebPage","@id":"https:\/\/portaltela.pt\/noticias\/2026\/01\/13\/jovem-de-26-anos-executado-por-protestos-no-irao-dez-minutos-com-a-familia\/","url":"https:\/\/portaltela.pt\/noticias\/2026\/01\/13\/jovem-de-26-anos-executado-por-protestos-no-irao-dez-minutos-com-a-familia\/","name":"Jovem de 26 anos executado por protestos no Ir\u00e3o; dez minutos com a fam\u00edlia - Portal Tela Portugal","isPartOf":{"@id":"https:\/\/portaltela.pt\/#website"},"primaryImageOfPage":{"@id":"https:\/\/portaltela.pt\/noticias\/2026\/01\/13\/jovem-de-26-anos-executado-por-protestos-no-irao-dez-minutos-com-a-familia\/#primaryimage"},"image":{"@id":"https:\/\/portaltela.pt\/noticias\/2026\/01\/13\/jovem-de-26-anos-executado-por-protestos-no-irao-dez-minutos-com-a-familia\/#primaryimage"},"thumbnailUrl":"https:\/\/portaltela.pt\/s.01k8rhncp4jt1\/2026\/01\/img_1500x1000uu2026-01-13-15-27-02-2259876.jpg","datePublished":"2026-01-13T15:44:07+00:00","author":{"@id":"https:\/\/portaltela.pt\/#\/schema\/person\/c4278d4a6028830caff9ee44b42d32ed"},"breadcrumb":{"@id":"https:\/\/portaltela.pt\/noticias\/2026\/01\/13\/jovem-de-26-anos-executado-por-protestos-no-irao-dez-minutos-com-a-familia\/#breadcrumb"},"inLanguage":"pt-PT","potentialAction":[{"@type":"ReadAction","target":["https:\/\/portaltela.pt\/noticias\/2026\/01\/13\/jovem-de-26-anos-executado-por-protestos-no-irao-dez-minutos-com-a-familia\/"]}]},{"@type":"ImageObject","inLanguage":"pt-PT","@id":"https:\/\/portaltela.pt\/noticias\/2026\/01\/13\/jovem-de-26-anos-executado-por-protestos-no-irao-dez-minutos-com-a-familia\/#primaryimage","url":"https:\/\/portaltela.pt\/s.01k8rhncp4jt1\/2026\/01\/img_1500x1000uu2026-01-13-15-27-02-2259876.jpg","contentUrl":"https:\/\/portaltela.pt\/s.01k8rhncp4jt1\/2026\/01\/img_1500x1000uu2026-01-13-15-27-02-2259876.jpg","width":796,"height":448,"caption":"Erfan Soltani foi condenado a pena de morte"},{"@type":"BreadcrumbList","@id":"https:\/\/portaltela.pt\/noticias\/2026\/01\/13\/jovem-de-26-anos-executado-por-protestos-no-irao-dez-minutos-com-a-familia\/#breadcrumb","itemListElement":[{"@type":"ListItem","position":1,"name":"In\u00edcio","item":"https:\/\/portaltela.pt\/"},{"@type":"ListItem","position":2,"name":"Jovem de 26 anos executado por protestos no Ir\u00e3o; dez minutos com a fam\u00edlia"}]},{"@type":"WebSite","@id":"https:\/\/portaltela.pt\/#website","url":"https:\/\/portaltela.pt\/","name":"Portal Tela Portugal","description":"","potentialAction":[{"@type":"SearchAction","target":{"@type":"EntryPoint","urlTemplate":"https:\/\/portaltela.pt\/?s={search_term_string}"},"query-input":{"@type":"PropertyValueSpecification","valueRequired":true,"valueName":"search_term_string"}}],"inLanguage":"pt-PT"},{"@type":"Person","@id":"https:\/\/portaltela.pt\/#\/schema\/person\/c4278d4a6028830caff9ee44b42d32ed","name":"Telinha","image":{"@type":"ImageObject","inLanguage":"pt-PT","@id":"https:\/\/portaltela.pt\/s.01k8rhncp4jt1\/2025\/11\/talking-bot-125x125.png","url":"https:\/\/portaltela.pt\/s.01k8rhncp4jt1\/2025\/11\/talking-bot-125x125.png","contentUrl":"https:\/\/portaltela.pt\/s.01k8rhncp4jt1\/2025\/11\/talking-bot-125x125.png","caption":"Telinha"},"sameAs":["https:\/\/portaltela.pt\/"],"url":"https:\/\/portaltela.pt\/por\/367410592786\/"}]}},"_links":{"self":[{"href":"https:\/\/portaltela.pt\/api\/wp\/v2\/posts\/138793","targetHints":{"allow":["GET"]}}],"collection":[{"href":"https:\/\/portaltela.pt\/api\/wp\/v2\/posts"}],"about":[{"href":"https:\/\/portaltela.pt\/api\/wp\/v2\/types\/post"}],"author":[{"embeddable":true,"href":"https:\/\/portaltela.pt\/api\/wp\/v2\/users\/2"}],"replies":[{"embeddable":true,"href":"https:\/\/portaltela.pt\/api\/wp\/v2\/comments?post=138793"}],"version-history":[{"count":0,"href":"https:\/\/portaltela.pt\/api\/wp\/v2\/posts\/138793\/revisions"}],"wp:featuredmedia":[{"embeddable":true,"href":"https:\/\/portaltela.pt\/api\/wp\/v2\/media\/138794"}],"wp:attachment":[{"href":"https:\/\/portaltela.pt\/api\/wp\/v2\/media?parent=138793"}],"wp:term":[{"taxonomy":"category","embeddable":true,"href":"https:\/\/portaltela.pt\/api\/wp\/v2\/categories?post=138793"},{"taxonomy":"post_tag","embeddable":true,"href":"https:\/\/portaltela.pt\/api\/wp\/v2\/tags?post=138793"}],"curies":[{"name":"wp","href":"https:\/\/api.w.org\/{rel}","templated":true}]}}