{"id":138716,"date":"2026-01-13T11:45:49","date_gmt":"2026-01-13T14:45:49","guid":{"rendered":"https:\/\/portaltela.pt\/noticias\/2026\/01\/13\/ines-fonseca-revalida-titulo-nacional-em-ciclocrosse-sub-17-femininas\/"},"modified":"2026-01-13T11:45:49","modified_gmt":"2026-01-13T14:45:49","slug":"ines-fonseca-revalida-titulo-nacional-em-ciclocrosse-sub-17-femininas","status":"publish","type":"post","link":"https:\/\/portaltela.pt\/desporto\/2026\/01\/13\/ines-fonseca-revalida-titulo-nacional-em-ciclocrosse-sub-17-femininas\/","title":{"rendered":"In\u00eas Fonseca revalida t\u00edtulo nacional em Ciclocrosse Sub-17 Femininas"},"content":{"rendered":"<p>In\u00eas Fonseca, atleta da Escola de Ciclismo TriumT\u00e9rmica-\u00c1guias de Alpiar\u00e7a, revalida o t\u00edtulo nacional de Ciclocrosse na categoria Sub-17 Femininas. A prova aconteceu no Parque da Bela Vista, em Lisboa, disputada sob a organiza\u00e7\u00e3o da Federa\u00e7\u00e3o Portuguesa de Ciclismo.<\/p>\n<p>A jovem mostrou consist\u00eancia ao longo do percurso, impondo-se com superioridade frente \u00e0s advers\u00e1rias e assegurando o segundo t\u00edtulo consecutivo na mesma \u00e9poca.<\/p>\n<p>Al\u00e9m da vit\u00f3ria individual, Fonseca sagrou-se Campe\u00e3 Nacional de Team Relay, numa prova coletiva realizada no mesmo local, no s\u00e1bado. A estafeta por equipas foi pela primeira vez disputada em Portugal, marcando um momento in\u00e9dito.<\/p>\n<h3>Prova de Team Relay marca momento hist\u00f3rico<\/h3>\n<p>A competi\u00e7\u00e3o por equipas reuniu ciclistas de v\u00e1rias regi\u00f5es do pa\u00eds, em formato de estafeta, e contribuiu para o hist\u00f3rico do Ciclocrosse nacional. A organiza\u00e7\u00e3o refor\u00e7a o interesse crescente pelas provas combinadas e pela participa\u00e7\u00e3o juvenil.<\/p>\n<p>A Federa\u00e7\u00e3o Portuguesa de Ciclismo confirmou a realiza\u00e7\u00e3o de futuras edi\u00e7\u00f5es deste formato, com o objetivo de expandir a participa\u00e7\u00e3o e fortalecer a modalidade no panorama nacional.<\/p>\n","protected":false},"excerpt":{"rendered":"<ul>\n<li>In\u00eas Fonseca revalidou o t\u00edtulo nacional de Ciclocrosse em Sub-17 Femininas, ao vencer no Parque da Bela Vista, em Lisboa.<\/li>\n<li>A atleta pertence \u00e0 equipa Escola de Ciclismo TriumT\u00e9rmica-\u00c1guias de Alpiar\u00e7a.<\/li>\n<li>O campeonato foi organizado pela Federa\u00e7\u00e3o Portuguesa de Ciclismo, com participa\u00e7\u00e3o de ciclistas de v\u00e1rias regi\u00f5es.<\/li>\n<li>Al\u00e9m da vit\u00f3ria individual, In\u00eas Fonseca sagrou-se Campe\u00e3 Nacional de Team Relay, numa estafeta por equipas disputada no mesmo evento.<\/li>\n<li>A estafeta por equipas foi realizada pela primeira vez em Portugal, numa prova in\u00e9dita da modalidade.<\/li>\n<\/ul>\n","protected":false},"author":2,"featured_media":138724,"comment_status":"closed","ping_status":"closed","sticky":false,"template":"","format":"standard","meta":{"footnotes":""},"categories":[21],"tags":[227,923,152,1898,1242,981],"class_list":["post-138716","post","type-post","status-publish","format-standard","has-post-thumbnail","hentry","category-desporto","tag-campeonato","tag-ciclismo","tag-desporto","tag-federacao-portuguesa-de-ciclismo","tag-feminino","tag-lisboa"],"yoast_head":"<!-- This site is optimized with the Yoast SEO plugin v27.2 - https:\/\/yoast.com\/product\/yoast-seo-wordpress\/ -->\n<title>In\u00eas Fonseca revalida t\u00edtulo nacional em Ciclocrosse Sub-17 Femininas - Portal Tela Portugal<\/title>\n<meta name=\"robots\" content=\"index, follow, max-snippet:-1, max-image-preview:large, max-video-preview:-1\" \/>\n<meta property=\"og:locale\" content=\"pt_PT\" \/>\n<meta property=\"og:type\" content=\"article\" \/>\n<meta property=\"og:title\" content=\"In\u00eas Fonseca revalida t\u00edtulo nacional em Ciclocrosse Sub-17 Femininas - Portal Tela Portugal\" \/>\n<meta property=\"og:description\" content=\"In\u00eas Fonseca revalidou o t\u00edtulo nacional de Ciclocrosse em Sub-17 Femininas, ao vencer no Parque da Bela Vista, em Lisboa. A atleta pertence \u00e0 equipa Escola de Ciclismo TriumT\u00e9rmica-\u00c1guias de Alpiar\u00e7a. O campeonato foi organizado pela Federa\u00e7\u00e3o Portuguesa de Ciclismo, com participa\u00e7\u00e3o de ciclistas de v\u00e1rias regi\u00f5es. Al\u00e9m da vit\u00f3ria individual, In\u00eas Fonseca sagrou-se Campe\u00e3 Nacional de Team Relay, numa estafeta por equipas disputada no mesmo evento. A estafeta por equipas foi realizada pela primeira vez em Portugal, numa prova in\u00e9dita da modalidade.\" \/>\n<meta property=\"og:url\" content=\"https:\/\/portaltela.pt\/noticias\/2026\/01\/13\/ines-fonseca-revalida-titulo-nacional-em-ciclocrosse-sub-17-femininas\/\" \/>\n<meta property=\"og:site_name\" content=\"Portal Tela Portugal\" \/>\n<meta property=\"article:published_time\" content=\"2026-01-13T14:45:49+00:00\" \/>\n<meta name=\"author\" content=\"Telinha\" \/>\n<meta name=\"twitter:card\" content=\"summary_large_image\" \/>\n<meta name=\"twitter:label1\" content=\"Escrito por\" \/>\n\t<meta name=\"twitter:data1\" content=\"Telinha\" \/>\n\t<meta name=\"twitter:label2\" content=\"Tempo estimado de leitura\" \/>\n\t<meta name=\"twitter:data2\" content=\"1 minuto\" \/>\n<script type=\"application\/ld+json\" class=\"yoast-schema-graph\">{\"@context\":\"https:\/\/schema.org\",\"@graph\":[{\"@type\":\"Article\",\"@id\":\"https:\/\/portaltela.pt\/noticias\/2026\/01\/13\/ines-fonseca-revalida-titulo-nacional-em-ciclocrosse-sub-17-femininas\/#article\",\"isPartOf\":{\"@id\":\"https:\/\/portaltela.pt\/noticias\/2026\/01\/13\/ines-fonseca-revalida-titulo-nacional-em-ciclocrosse-sub-17-femininas\/\"},\"author\":{\"name\":\"Telinha\",\"@id\":\"https:\/\/portaltela.pt\/#\/schema\/person\/c4278d4a6028830caff9ee44b42d32ed\"},\"headline\":\"In\u00eas Fonseca revalida t\u00edtulo nacional em Ciclocrosse Sub-17 Femininas\",\"datePublished\":\"2026-01-13T14:45:49+00:00\",\"mainEntityOfPage\":{\"@id\":\"https:\/\/portaltela.pt\/noticias\/2026\/01\/13\/ines-fonseca-revalida-titulo-nacional-em-ciclocrosse-sub-17-femininas\/\"},\"wordCount\":205,\"image\":{\"@id\":\"https:\/\/portaltela.pt\/noticias\/2026\/01\/13\/ines-fonseca-revalida-titulo-nacional-em-ciclocrosse-sub-17-femininas\/#primaryimage\"},\"thumbnailUrl\":\"https:\/\/portaltela.pt\/s.01k8rhncp4jt1\/2026\/01\/615275797_18049538231686188_412096172081694771_n.jpg\",\"keywords\":[\"campeonato\",\"ciclismo\",\"desporto\",\"Federa\u00e7\u00e3o Portuguesa de Ciclismo\",\"feminino\",\"Lisboa\"],\"articleSection\":[\"Desporto\"],\"inLanguage\":\"pt-PT\"},{\"@type\":\"WebPage\",\"@id\":\"https:\/\/portaltela.pt\/noticias\/2026\/01\/13\/ines-fonseca-revalida-titulo-nacional-em-ciclocrosse-sub-17-femininas\/\",\"url\":\"https:\/\/portaltela.pt\/noticias\/2026\/01\/13\/ines-fonseca-revalida-titulo-nacional-em-ciclocrosse-sub-17-femininas\/\",\"name\":\"In\u00eas Fonseca revalida t\u00edtulo nacional em Ciclocrosse Sub-17 Femininas - Portal Tela Portugal\",\"isPartOf\":{\"@id\":\"https:\/\/portaltela.pt\/#website\"},\"primaryImageOfPage\":{\"@id\":\"https:\/\/portaltela.pt\/noticias\/2026\/01\/13\/ines-fonseca-revalida-titulo-nacional-em-ciclocrosse-sub-17-femininas\/#primaryimage\"},\"image\":{\"@id\":\"https:\/\/portaltela.pt\/noticias\/2026\/01\/13\/ines-fonseca-revalida-titulo-nacional-em-ciclocrosse-sub-17-femininas\/#primaryimage\"},\"thumbnailUrl\":\"https:\/\/portaltela.pt\/s.01k8rhncp4jt1\/2026\/01\/615275797_18049538231686188_412096172081694771_n.jpg\",\"datePublished\":\"2026-01-13T14:45:49+00:00\",\"author\":{\"@id\":\"https:\/\/portaltela.pt\/#\/schema\/person\/c4278d4a6028830caff9ee44b42d32ed\"},\"breadcrumb\":{\"@id\":\"https:\/\/portaltela.pt\/noticias\/2026\/01\/13\/ines-fonseca-revalida-titulo-nacional-em-ciclocrosse-sub-17-femininas\/#breadcrumb\"},\"inLanguage\":\"pt-PT\",\"potentialAction\":[{\"@type\":\"ReadAction\",\"target\":[\"https:\/\/portaltela.pt\/noticias\/2026\/01\/13\/ines-fonseca-revalida-titulo-nacional-em-ciclocrosse-sub-17-femininas\/\"]}]},{\"@type\":\"ImageObject\",\"inLanguage\":\"pt-PT\",\"@id\":\"https:\/\/portaltela.pt\/noticias\/2026\/01\/13\/ines-fonseca-revalida-titulo-nacional-em-ciclocrosse-sub-17-femininas\/#primaryimage\",\"url\":\"https:\/\/portaltela.pt\/s.01k8rhncp4jt1\/2026\/01\/615275797_18049538231686188_412096172081694771_n.jpg\",\"contentUrl\":\"https:\/\/portaltela.pt\/s.01k8rhncp4jt1\/2026\/01\/615275797_18049538231686188_412096172081694771_n.jpg\",\"width\":796,\"height\":448,\"caption\":\"In\u00eas Fonseca revalida t\u00edtulo nacional de Ciclocrosse em Sub-17 Femininas\"},{\"@type\":\"BreadcrumbList\",\"@id\":\"https:\/\/portaltela.pt\/noticias\/2026\/01\/13\/ines-fonseca-revalida-titulo-nacional-em-ciclocrosse-sub-17-femininas\/#breadcrumb\",\"itemListElement\":[{\"@type\":\"ListItem\",\"position\":1,\"name\":\"In\u00edcio\",\"item\":\"https:\/\/portaltela.pt\/\"},{\"@type\":\"ListItem\",\"position\":2,\"name\":\"In\u00eas Fonseca revalida t\u00edtulo nacional em Ciclocrosse Sub-17 Femininas\"}]},{\"@type\":\"WebSite\",\"@id\":\"https:\/\/portaltela.pt\/#website\",\"url\":\"https:\/\/portaltela.pt\/\",\"name\":\"Portal Tela Portugal\",\"description\":\"\",\"potentialAction\":[{\"@type\":\"SearchAction\",\"target\":{\"@type\":\"EntryPoint\",\"urlTemplate\":\"https:\/\/portaltela.pt\/?s={search_term_string}\"},\"query-input\":{\"@type\":\"PropertyValueSpecification\",\"valueRequired\":true,\"valueName\":\"search_term_string\"}}],\"inLanguage\":\"pt-PT\"},{\"@type\":\"Person\",\"@id\":\"https:\/\/portaltela.pt\/#\/schema\/person\/c4278d4a6028830caff9ee44b42d32ed\",\"name\":\"Telinha\",\"image\":{\"@type\":\"ImageObject\",\"inLanguage\":\"pt-PT\",\"@id\":\"https:\/\/portaltela.pt\/s.01k8rhncp4jt1\/2025\/11\/talking-bot-125x125.png\",\"url\":\"https:\/\/portaltela.pt\/s.01k8rhncp4jt1\/2025\/11\/talking-bot-125x125.png\",\"contentUrl\":\"https:\/\/portaltela.pt\/s.01k8rhncp4jt1\/2025\/11\/talking-bot-125x125.png\",\"caption\":\"Telinha\"},\"sameAs\":[\"https:\/\/portaltela.pt\/\"],\"url\":\"https:\/\/portaltela.pt\/por\/367410592786\/\"}]}<\/script>\n<!-- \/ Yoast SEO plugin. -->","yoast_head_json":{"title":"In\u00eas Fonseca revalida t\u00edtulo nacional em Ciclocrosse Sub-17 Femininas - Portal Tela Portugal","robots":{"index":"index","follow":"follow","max-snippet":"max-snippet:-1","max-image-preview":"max-image-preview:large","max-video-preview":"max-video-preview:-1"},"og_locale":"pt_PT","og_type":"article","og_title":"In\u00eas Fonseca revalida t\u00edtulo nacional em Ciclocrosse Sub-17 Femininas - Portal Tela Portugal","og_description":"In\u00eas Fonseca revalidou o t\u00edtulo nacional de Ciclocrosse em Sub-17 Femininas, ao vencer no Parque da Bela Vista, em Lisboa. A atleta pertence \u00e0 equipa Escola de Ciclismo TriumT\u00e9rmica-\u00c1guias de Alpiar\u00e7a. O campeonato foi organizado pela Federa\u00e7\u00e3o Portuguesa de Ciclismo, com participa\u00e7\u00e3o de ciclistas de v\u00e1rias regi\u00f5es. Al\u00e9m da vit\u00f3ria individual, In\u00eas Fonseca sagrou-se Campe\u00e3 Nacional de Team Relay, numa estafeta por equipas disputada no mesmo evento. A estafeta por equipas foi realizada pela primeira vez em Portugal, numa prova in\u00e9dita da modalidade.","og_url":"https:\/\/portaltela.pt\/noticias\/2026\/01\/13\/ines-fonseca-revalida-titulo-nacional-em-ciclocrosse-sub-17-femininas\/","og_site_name":"Portal Tela Portugal","article_published_time":"2026-01-13T14:45:49+00:00","author":"Telinha","twitter_card":"summary_large_image","twitter_misc":{"Escrito por":"Telinha","Tempo estimado de leitura":"1 minuto"},"schema":{"@context":"https:\/\/schema.org","@graph":[{"@type":"Article","@id":"https:\/\/portaltela.pt\/noticias\/2026\/01\/13\/ines-fonseca-revalida-titulo-nacional-em-ciclocrosse-sub-17-femininas\/#article","isPartOf":{"@id":"https:\/\/portaltela.pt\/noticias\/2026\/01\/13\/ines-fonseca-revalida-titulo-nacional-em-ciclocrosse-sub-17-femininas\/"},"author":{"name":"Telinha","@id":"https:\/\/portaltela.pt\/#\/schema\/person\/c4278d4a6028830caff9ee44b42d32ed"},"headline":"In\u00eas Fonseca revalida t\u00edtulo nacional em Ciclocrosse Sub-17 Femininas","datePublished":"2026-01-13T14:45:49+00:00","mainEntityOfPage":{"@id":"https:\/\/portaltela.pt\/noticias\/2026\/01\/13\/ines-fonseca-revalida-titulo-nacional-em-ciclocrosse-sub-17-femininas\/"},"wordCount":205,"image":{"@id":"https:\/\/portaltela.pt\/noticias\/2026\/01\/13\/ines-fonseca-revalida-titulo-nacional-em-ciclocrosse-sub-17-femininas\/#primaryimage"},"thumbnailUrl":"https:\/\/portaltela.pt\/s.01k8rhncp4jt1\/2026\/01\/615275797_18049538231686188_412096172081694771_n.jpg","keywords":["campeonato","ciclismo","desporto","Federa\u00e7\u00e3o Portuguesa de Ciclismo","feminino","Lisboa"],"articleSection":["Desporto"],"inLanguage":"pt-PT"},{"@type":"WebPage","@id":"https:\/\/portaltela.pt\/noticias\/2026\/01\/13\/ines-fonseca-revalida-titulo-nacional-em-ciclocrosse-sub-17-femininas\/","url":"https:\/\/portaltela.pt\/noticias\/2026\/01\/13\/ines-fonseca-revalida-titulo-nacional-em-ciclocrosse-sub-17-femininas\/","name":"In\u00eas Fonseca revalida t\u00edtulo nacional em Ciclocrosse Sub-17 Femininas - Portal Tela Portugal","isPartOf":{"@id":"https:\/\/portaltela.pt\/#website"},"primaryImageOfPage":{"@id":"https:\/\/portaltela.pt\/noticias\/2026\/01\/13\/ines-fonseca-revalida-titulo-nacional-em-ciclocrosse-sub-17-femininas\/#primaryimage"},"image":{"@id":"https:\/\/portaltela.pt\/noticias\/2026\/01\/13\/ines-fonseca-revalida-titulo-nacional-em-ciclocrosse-sub-17-femininas\/#primaryimage"},"thumbnailUrl":"https:\/\/portaltela.pt\/s.01k8rhncp4jt1\/2026\/01\/615275797_18049538231686188_412096172081694771_n.jpg","datePublished":"2026-01-13T14:45:49+00:00","author":{"@id":"https:\/\/portaltela.pt\/#\/schema\/person\/c4278d4a6028830caff9ee44b42d32ed"},"breadcrumb":{"@id":"https:\/\/portaltela.pt\/noticias\/2026\/01\/13\/ines-fonseca-revalida-titulo-nacional-em-ciclocrosse-sub-17-femininas\/#breadcrumb"},"inLanguage":"pt-PT","potentialAction":[{"@type":"ReadAction","target":["https:\/\/portaltela.pt\/noticias\/2026\/01\/13\/ines-fonseca-revalida-titulo-nacional-em-ciclocrosse-sub-17-femininas\/"]}]},{"@type":"ImageObject","inLanguage":"pt-PT","@id":"https:\/\/portaltela.pt\/noticias\/2026\/01\/13\/ines-fonseca-revalida-titulo-nacional-em-ciclocrosse-sub-17-femininas\/#primaryimage","url":"https:\/\/portaltela.pt\/s.01k8rhncp4jt1\/2026\/01\/615275797_18049538231686188_412096172081694771_n.jpg","contentUrl":"https:\/\/portaltela.pt\/s.01k8rhncp4jt1\/2026\/01\/615275797_18049538231686188_412096172081694771_n.jpg","width":796,"height":448,"caption":"In\u00eas Fonseca revalida t\u00edtulo nacional de Ciclocrosse em Sub-17 Femininas"},{"@type":"BreadcrumbList","@id":"https:\/\/portaltela.pt\/noticias\/2026\/01\/13\/ines-fonseca-revalida-titulo-nacional-em-ciclocrosse-sub-17-femininas\/#breadcrumb","itemListElement":[{"@type":"ListItem","position":1,"name":"In\u00edcio","item":"https:\/\/portaltela.pt\/"},{"@type":"ListItem","position":2,"name":"In\u00eas Fonseca revalida t\u00edtulo nacional em Ciclocrosse Sub-17 Femininas"}]},{"@type":"WebSite","@id":"https:\/\/portaltela.pt\/#website","url":"https:\/\/portaltela.pt\/","name":"Portal Tela Portugal","description":"","potentialAction":[{"@type":"SearchAction","target":{"@type":"EntryPoint","urlTemplate":"https:\/\/portaltela.pt\/?s={search_term_string}"},"query-input":{"@type":"PropertyValueSpecification","valueRequired":true,"valueName":"search_term_string"}}],"inLanguage":"pt-PT"},{"@type":"Person","@id":"https:\/\/portaltela.pt\/#\/schema\/person\/c4278d4a6028830caff9ee44b42d32ed","name":"Telinha","image":{"@type":"ImageObject","inLanguage":"pt-PT","@id":"https:\/\/portaltela.pt\/s.01k8rhncp4jt1\/2025\/11\/talking-bot-125x125.png","url":"https:\/\/portaltela.pt\/s.01k8rhncp4jt1\/2025\/11\/talking-bot-125x125.png","contentUrl":"https:\/\/portaltela.pt\/s.01k8rhncp4jt1\/2025\/11\/talking-bot-125x125.png","caption":"Telinha"},"sameAs":["https:\/\/portaltela.pt\/"],"url":"https:\/\/portaltela.pt\/por\/367410592786\/"}]}},"_links":{"self":[{"href":"https:\/\/portaltela.pt\/api\/wp\/v2\/posts\/138716","targetHints":{"allow":["GET"]}}],"collection":[{"href":"https:\/\/portaltela.pt\/api\/wp\/v2\/posts"}],"about":[{"href":"https:\/\/portaltela.pt\/api\/wp\/v2\/types\/post"}],"author":[{"embeddable":true,"href":"https:\/\/portaltela.pt\/api\/wp\/v2\/users\/2"}],"replies":[{"embeddable":true,"href":"https:\/\/portaltela.pt\/api\/wp\/v2\/comments?post=138716"}],"version-history":[{"count":0,"href":"https:\/\/portaltela.pt\/api\/wp\/v2\/posts\/138716\/revisions"}],"wp:featuredmedia":[{"embeddable":true,"href":"https:\/\/portaltela.pt\/api\/wp\/v2\/media\/138724"}],"wp:attachment":[{"href":"https:\/\/portaltela.pt\/api\/wp\/v2\/media?parent=138716"}],"wp:term":[{"taxonomy":"category","embeddable":true,"href":"https:\/\/portaltela.pt\/api\/wp\/v2\/categories?post=138716"},{"taxonomy":"post_tag","embeddable":true,"href":"https:\/\/portaltela.pt\/api\/wp\/v2\/tags?post=138716"}],"curies":[{"name":"wp","href":"https:\/\/api.w.org\/{rel}","templated":true}]}}