{"id":138703,"date":"2026-01-13T11:49:04","date_gmt":"2026-01-13T14:49:04","guid":{"rendered":"https:\/\/portaltela.pt\/noticias\/2026\/01\/13\/amanhecer-inicia-o-ano-com-15-sacoes-da-sorte\/"},"modified":"2026-01-13T11:49:04","modified_gmt":"2026-01-13T14:49:04","slug":"amanhecer-inicia-o-ano-com-15-sacoes-da-sorte","status":"publish","type":"post","link":"https:\/\/portaltela.pt\/noticias\/economia\/2026\/01\/13\/amanhecer-inicia-o-ano-com-15-sacoes-da-sorte\/","title":{"rendered":"Amanhecer inicia o ano com 15 Sac\u00f5es da Sorte"},"content":{"rendered":"<p>O Amanhecer assinala 15 anos no com\u00e9rcio local portugu\u00eas, celebrando 2026 com 15 Sac\u00f5es da Sorte. A iniciativa arrancou no in\u00edcio do ano, com oportunidades de ganhar at\u00e9 28 de janeiro, refor\u00e7ando a ideia de comprar perto.<\/p>\n<p>Ao longo de 15 anos, o com\u00e9rcio de proximidade resistiu, adaptou-se e reinventou-se. Em mais de 750 lojas, cada lojista conhece os clientes pelo nome, promovendo um espa\u00e7o de confian\u00e7a, conversa e apoio di\u00e1rio.<\/p>\n<p>A marca criou tamb\u00e9m uma Marca Pr\u00f3pria s\u00f3lida, com mais de mil refer\u00eancias para responder \u00e0s necessidades di\u00e1rias das fam\u00edlias, mantendo qualidade, tend\u00eancias e pre\u00e7os acess\u00edveis.<\/p>\n<h3>15 Sac\u00f5es da Sorte: celebra\u00e7\u00e3o que se partilha<\/h3>\n<p>A comemora\u00e7\u00e3o inclui a iniciativa Sac\u00e3o da Sorte, com cinco vencedores por semana durante tr\u00eas semanas. No total, s\u00e3o atribu\u00eddos 15 sac\u00f5es de 500\u20ac em compras, para estimular a frequ\u00eancia de visitas dos clientes. O presente \u00e9 para os vizinhos.<\/p>\n<p>Em paralelo, o projeto refor\u00e7a o papel do Amanhecer como refer\u00eancia de proximidade, qualidade e confian\u00e7a, ao servi\u00e7o das comunidades locais. O equil\u00edbrio entre tradi\u00e7\u00e3o e atualiza\u00e7\u00e3o persiste para enfrentar o futuro.<\/p>\n<p>Mais de 750 lojas Amanhecer operam no pa\u00eds, mantendo o modelo de lojas de proximidade associadas a uma Marca Pr\u00f3pria de qualidade. O objetivo \u00e9 sustentar o empreendedorismo local com oferta centrada no cliente.<\/p>\n","protected":false},"excerpt":{"rendered":"<ul>\n<li>O Amanhecer celebra 15 anos de presen\u00e7a no territ\u00f3rio nacional em 2026, reconhecendo o com\u00e9rcio de proximidade.<\/li>\n<li>Conta com mais de 750 lojas espalhadas pelo pa\u00eds, onde os lojistas conhecem os clientes pelo nome.<\/li>\n<li>A marca pr\u00f3pria tornou-se s\u00f3lida, com mais de mil refer\u00eancias para o dia a dia das fam\u00edlias, mantendo pre\u00e7os acess\u00edveis.<\/li>\n<li>A iniciativa Sac\u00e3o da Sorte oferece 15 sac\u00f5es de 500\u20ac em compras, com cinco vencedores por semana durante tr\u00eas semanas, at\u00e9 28 de janeiro.<\/li>\n<li>O objetivo \u00e9 manter a liga\u00e7\u00e3o humana, a confian\u00e7a e a conveni\u00eancia do com\u00e9rcio local, destacando o papel dos vizinhos.<\/li>\n<\/ul>\n","protected":false},"author":2,"featured_media":138708,"comment_status":"closed","ping_status":"closed","sticky":false,"template":"","format":"standard","meta":{"footnotes":""},"categories":[2,1],"tags":[244,903,28,2697,148,2999],"class_list":["post-138703","post","type-post","status-publish","format-standard","has-post-thumbnail","hentry","category-economia","category-noticias","tag-comercio","tag-comunidades","tag-economia","tag-empresas","tag-familias","tag-marca"],"yoast_head":"<!-- This site is optimized with the Yoast SEO plugin v27.2 - https:\/\/yoast.com\/product\/yoast-seo-wordpress\/ -->\n<title>Amanhecer inicia o ano com 15 Sac\u00f5es da Sorte - Portal Tela Portugal<\/title>\n<meta name=\"robots\" content=\"index, follow, max-snippet:-1, max-image-preview:large, max-video-preview:-1\" \/>\n<meta property=\"og:locale\" content=\"pt_PT\" \/>\n<meta property=\"og:type\" content=\"article\" \/>\n<meta property=\"og:title\" content=\"Amanhecer inicia o ano com 15 Sac\u00f5es da Sorte - Portal Tela Portugal\" \/>\n<meta property=\"og:description\" content=\"O Amanhecer celebra 15 anos de presen\u00e7a no territ\u00f3rio nacional em 2026, reconhecendo o com\u00e9rcio de proximidade. Conta com mais de 750 lojas espalhadas pelo pa\u00eds, onde os lojistas conhecem os clientes pelo nome. A marca pr\u00f3pria tornou-se s\u00f3lida, com mais de mil refer\u00eancias para o dia a dia das fam\u00edlias, mantendo pre\u00e7os acess\u00edveis. A iniciativa Sac\u00e3o da Sorte oferece 15 sac\u00f5es de 500\u20ac em compras, com cinco vencedores por semana durante tr\u00eas semanas, at\u00e9 28 de janeiro. O objetivo \u00e9 manter a liga\u00e7\u00e3o humana, a confian\u00e7a e a conveni\u00eancia do com\u00e9rcio local, destacando o papel dos vizinhos.\" \/>\n<meta property=\"og:url\" content=\"https:\/\/portaltela.pt\/noticias\/2026\/01\/13\/amanhecer-inicia-o-ano-com-15-sacoes-da-sorte\/\" \/>\n<meta property=\"og:site_name\" content=\"Portal Tela Portugal\" \/>\n<meta property=\"article:published_time\" content=\"2026-01-13T14:49:04+00:00\" \/>\n<meta name=\"author\" content=\"Telinha\" \/>\n<meta name=\"twitter:card\" content=\"summary_large_image\" \/>\n<meta name=\"twitter:label1\" content=\"Escrito por\" \/>\n\t<meta name=\"twitter:data1\" content=\"Telinha\" \/>\n\t<meta name=\"twitter:label2\" content=\"Tempo estimado de leitura\" \/>\n\t<meta name=\"twitter:data2\" content=\"1 minuto\" \/>\n<script type=\"application\/ld+json\" class=\"yoast-schema-graph\">{\"@context\":\"https:\/\/schema.org\",\"@graph\":[{\"@type\":\"Article\",\"@id\":\"https:\/\/portaltela.pt\/noticias\/2026\/01\/13\/amanhecer-inicia-o-ano-com-15-sacoes-da-sorte\/#article\",\"isPartOf\":{\"@id\":\"https:\/\/portaltela.pt\/noticias\/2026\/01\/13\/amanhecer-inicia-o-ano-com-15-sacoes-da-sorte\/\"},\"author\":{\"name\":\"Telinha\",\"@id\":\"https:\/\/portaltela.pt\/#\/schema\/person\/c4278d4a6028830caff9ee44b42d32ed\"},\"headline\":\"Amanhecer inicia o ano com 15 Sac\u00f5es da Sorte\",\"datePublished\":\"2026-01-13T14:49:04+00:00\",\"mainEntityOfPage\":{\"@id\":\"https:\/\/portaltela.pt\/noticias\/2026\/01\/13\/amanhecer-inicia-o-ano-com-15-sacoes-da-sorte\/\"},\"wordCount\":244,\"image\":{\"@id\":\"https:\/\/portaltela.pt\/noticias\/2026\/01\/13\/amanhecer-inicia-o-ano-com-15-sacoes-da-sorte\/#primaryimage\"},\"thumbnailUrl\":\"https:\/\/portaltela.pt\/s.01k8rhncp4jt1\/2026\/01\/img_1280x719uu2026-01-12-17-23-16-2259674-im-639038354405819498.jpg\",\"keywords\":[\"com\u00e9rcio\",\"comunidades\",\"economia\",\"empresas\",\"fam\u00edlias\",\"Marca\"],\"articleSection\":[\"Economia\",\"Not\u00edcias\"],\"inLanguage\":\"pt-PT\"},{\"@type\":\"WebPage\",\"@id\":\"https:\/\/portaltela.pt\/noticias\/2026\/01\/13\/amanhecer-inicia-o-ano-com-15-sacoes-da-sorte\/\",\"url\":\"https:\/\/portaltela.pt\/noticias\/2026\/01\/13\/amanhecer-inicia-o-ano-com-15-sacoes-da-sorte\/\",\"name\":\"Amanhecer inicia o ano com 15 Sac\u00f5es da Sorte - Portal Tela Portugal\",\"isPartOf\":{\"@id\":\"https:\/\/portaltela.pt\/#website\"},\"primaryImageOfPage\":{\"@id\":\"https:\/\/portaltela.pt\/noticias\/2026\/01\/13\/amanhecer-inicia-o-ano-com-15-sacoes-da-sorte\/#primaryimage\"},\"image\":{\"@id\":\"https:\/\/portaltela.pt\/noticias\/2026\/01\/13\/amanhecer-inicia-o-ano-com-15-sacoes-da-sorte\/#primaryimage\"},\"thumbnailUrl\":\"https:\/\/portaltela.pt\/s.01k8rhncp4jt1\/2026\/01\/img_1280x719uu2026-01-12-17-23-16-2259674-im-639038354405819498.jpg\",\"datePublished\":\"2026-01-13T14:49:04+00:00\",\"author\":{\"@id\":\"https:\/\/portaltela.pt\/#\/schema\/person\/c4278d4a6028830caff9ee44b42d32ed\"},\"breadcrumb\":{\"@id\":\"https:\/\/portaltela.pt\/noticias\/2026\/01\/13\/amanhecer-inicia-o-ano-com-15-sacoes-da-sorte\/#breadcrumb\"},\"inLanguage\":\"pt-PT\",\"potentialAction\":[{\"@type\":\"ReadAction\",\"target\":[\"https:\/\/portaltela.pt\/noticias\/2026\/01\/13\/amanhecer-inicia-o-ano-com-15-sacoes-da-sorte\/\"]}]},{\"@type\":\"ImageObject\",\"inLanguage\":\"pt-PT\",\"@id\":\"https:\/\/portaltela.pt\/noticias\/2026\/01\/13\/amanhecer-inicia-o-ano-com-15-sacoes-da-sorte\/#primaryimage\",\"url\":\"https:\/\/portaltela.pt\/s.01k8rhncp4jt1\/2026\/01\/img_1280x719uu2026-01-12-17-23-16-2259674-im-639038354405819498.jpg\",\"contentUrl\":\"https:\/\/portaltela.pt\/s.01k8rhncp4jt1\/2026\/01\/img_1280x719uu2026-01-12-17-23-16-2259674-im-639038354405819498.jpg\",\"width\":796,\"height\":448,\"caption\":\"Photo\"},{\"@type\":\"BreadcrumbList\",\"@id\":\"https:\/\/portaltela.pt\/noticias\/2026\/01\/13\/amanhecer-inicia-o-ano-com-15-sacoes-da-sorte\/#breadcrumb\",\"itemListElement\":[{\"@type\":\"ListItem\",\"position\":1,\"name\":\"In\u00edcio\",\"item\":\"https:\/\/portaltela.pt\/\"},{\"@type\":\"ListItem\",\"position\":2,\"name\":\"Amanhecer inicia o ano com 15 Sac\u00f5es da Sorte\"}]},{\"@type\":\"WebSite\",\"@id\":\"https:\/\/portaltela.pt\/#website\",\"url\":\"https:\/\/portaltela.pt\/\",\"name\":\"Portal Tela Portugal\",\"description\":\"\",\"potentialAction\":[{\"@type\":\"SearchAction\",\"target\":{\"@type\":\"EntryPoint\",\"urlTemplate\":\"https:\/\/portaltela.pt\/?s={search_term_string}\"},\"query-input\":{\"@type\":\"PropertyValueSpecification\",\"valueRequired\":true,\"valueName\":\"search_term_string\"}}],\"inLanguage\":\"pt-PT\"},{\"@type\":\"Person\",\"@id\":\"https:\/\/portaltela.pt\/#\/schema\/person\/c4278d4a6028830caff9ee44b42d32ed\",\"name\":\"Telinha\",\"image\":{\"@type\":\"ImageObject\",\"inLanguage\":\"pt-PT\",\"@id\":\"https:\/\/portaltela.pt\/s.01k8rhncp4jt1\/2025\/11\/talking-bot-125x125.png\",\"url\":\"https:\/\/portaltela.pt\/s.01k8rhncp4jt1\/2025\/11\/talking-bot-125x125.png\",\"contentUrl\":\"https:\/\/portaltela.pt\/s.01k8rhncp4jt1\/2025\/11\/talking-bot-125x125.png\",\"caption\":\"Telinha\"},\"sameAs\":[\"https:\/\/portaltela.pt\/\"],\"url\":\"https:\/\/portaltela.pt\/por\/367410592786\/\"}]}<\/script>\n<!-- \/ Yoast SEO plugin. -->","yoast_head_json":{"title":"Amanhecer inicia o ano com 15 Sac\u00f5es da Sorte - Portal Tela Portugal","robots":{"index":"index","follow":"follow","max-snippet":"max-snippet:-1","max-image-preview":"max-image-preview:large","max-video-preview":"max-video-preview:-1"},"og_locale":"pt_PT","og_type":"article","og_title":"Amanhecer inicia o ano com 15 Sac\u00f5es da Sorte - Portal Tela Portugal","og_description":"O Amanhecer celebra 15 anos de presen\u00e7a no territ\u00f3rio nacional em 2026, reconhecendo o com\u00e9rcio de proximidade. Conta com mais de 750 lojas espalhadas pelo pa\u00eds, onde os lojistas conhecem os clientes pelo nome. A marca pr\u00f3pria tornou-se s\u00f3lida, com mais de mil refer\u00eancias para o dia a dia das fam\u00edlias, mantendo pre\u00e7os acess\u00edveis. A iniciativa Sac\u00e3o da Sorte oferece 15 sac\u00f5es de 500\u20ac em compras, com cinco vencedores por semana durante tr\u00eas semanas, at\u00e9 28 de janeiro. O objetivo \u00e9 manter a liga\u00e7\u00e3o humana, a confian\u00e7a e a conveni\u00eancia do com\u00e9rcio local, destacando o papel dos vizinhos.","og_url":"https:\/\/portaltela.pt\/noticias\/2026\/01\/13\/amanhecer-inicia-o-ano-com-15-sacoes-da-sorte\/","og_site_name":"Portal Tela Portugal","article_published_time":"2026-01-13T14:49:04+00:00","author":"Telinha","twitter_card":"summary_large_image","twitter_misc":{"Escrito por":"Telinha","Tempo estimado de leitura":"1 minuto"},"schema":{"@context":"https:\/\/schema.org","@graph":[{"@type":"Article","@id":"https:\/\/portaltela.pt\/noticias\/2026\/01\/13\/amanhecer-inicia-o-ano-com-15-sacoes-da-sorte\/#article","isPartOf":{"@id":"https:\/\/portaltela.pt\/noticias\/2026\/01\/13\/amanhecer-inicia-o-ano-com-15-sacoes-da-sorte\/"},"author":{"name":"Telinha","@id":"https:\/\/portaltela.pt\/#\/schema\/person\/c4278d4a6028830caff9ee44b42d32ed"},"headline":"Amanhecer inicia o ano com 15 Sac\u00f5es da Sorte","datePublished":"2026-01-13T14:49:04+00:00","mainEntityOfPage":{"@id":"https:\/\/portaltela.pt\/noticias\/2026\/01\/13\/amanhecer-inicia-o-ano-com-15-sacoes-da-sorte\/"},"wordCount":244,"image":{"@id":"https:\/\/portaltela.pt\/noticias\/2026\/01\/13\/amanhecer-inicia-o-ano-com-15-sacoes-da-sorte\/#primaryimage"},"thumbnailUrl":"https:\/\/portaltela.pt\/s.01k8rhncp4jt1\/2026\/01\/img_1280x719uu2026-01-12-17-23-16-2259674-im-639038354405819498.jpg","keywords":["com\u00e9rcio","comunidades","economia","empresas","fam\u00edlias","Marca"],"articleSection":["Economia","Not\u00edcias"],"inLanguage":"pt-PT"},{"@type":"WebPage","@id":"https:\/\/portaltela.pt\/noticias\/2026\/01\/13\/amanhecer-inicia-o-ano-com-15-sacoes-da-sorte\/","url":"https:\/\/portaltela.pt\/noticias\/2026\/01\/13\/amanhecer-inicia-o-ano-com-15-sacoes-da-sorte\/","name":"Amanhecer inicia o ano com 15 Sac\u00f5es da Sorte - Portal Tela Portugal","isPartOf":{"@id":"https:\/\/portaltela.pt\/#website"},"primaryImageOfPage":{"@id":"https:\/\/portaltela.pt\/noticias\/2026\/01\/13\/amanhecer-inicia-o-ano-com-15-sacoes-da-sorte\/#primaryimage"},"image":{"@id":"https:\/\/portaltela.pt\/noticias\/2026\/01\/13\/amanhecer-inicia-o-ano-com-15-sacoes-da-sorte\/#primaryimage"},"thumbnailUrl":"https:\/\/portaltela.pt\/s.01k8rhncp4jt1\/2026\/01\/img_1280x719uu2026-01-12-17-23-16-2259674-im-639038354405819498.jpg","datePublished":"2026-01-13T14:49:04+00:00","author":{"@id":"https:\/\/portaltela.pt\/#\/schema\/person\/c4278d4a6028830caff9ee44b42d32ed"},"breadcrumb":{"@id":"https:\/\/portaltela.pt\/noticias\/2026\/01\/13\/amanhecer-inicia-o-ano-com-15-sacoes-da-sorte\/#breadcrumb"},"inLanguage":"pt-PT","potentialAction":[{"@type":"ReadAction","target":["https:\/\/portaltela.pt\/noticias\/2026\/01\/13\/amanhecer-inicia-o-ano-com-15-sacoes-da-sorte\/"]}]},{"@type":"ImageObject","inLanguage":"pt-PT","@id":"https:\/\/portaltela.pt\/noticias\/2026\/01\/13\/amanhecer-inicia-o-ano-com-15-sacoes-da-sorte\/#primaryimage","url":"https:\/\/portaltela.pt\/s.01k8rhncp4jt1\/2026\/01\/img_1280x719uu2026-01-12-17-23-16-2259674-im-639038354405819498.jpg","contentUrl":"https:\/\/portaltela.pt\/s.01k8rhncp4jt1\/2026\/01\/img_1280x719uu2026-01-12-17-23-16-2259674-im-639038354405819498.jpg","width":796,"height":448,"caption":"Photo"},{"@type":"BreadcrumbList","@id":"https:\/\/portaltela.pt\/noticias\/2026\/01\/13\/amanhecer-inicia-o-ano-com-15-sacoes-da-sorte\/#breadcrumb","itemListElement":[{"@type":"ListItem","position":1,"name":"In\u00edcio","item":"https:\/\/portaltela.pt\/"},{"@type":"ListItem","position":2,"name":"Amanhecer inicia o ano com 15 Sac\u00f5es da Sorte"}]},{"@type":"WebSite","@id":"https:\/\/portaltela.pt\/#website","url":"https:\/\/portaltela.pt\/","name":"Portal Tela Portugal","description":"","potentialAction":[{"@type":"SearchAction","target":{"@type":"EntryPoint","urlTemplate":"https:\/\/portaltela.pt\/?s={search_term_string}"},"query-input":{"@type":"PropertyValueSpecification","valueRequired":true,"valueName":"search_term_string"}}],"inLanguage":"pt-PT"},{"@type":"Person","@id":"https:\/\/portaltela.pt\/#\/schema\/person\/c4278d4a6028830caff9ee44b42d32ed","name":"Telinha","image":{"@type":"ImageObject","inLanguage":"pt-PT","@id":"https:\/\/portaltela.pt\/s.01k8rhncp4jt1\/2025\/11\/talking-bot-125x125.png","url":"https:\/\/portaltela.pt\/s.01k8rhncp4jt1\/2025\/11\/talking-bot-125x125.png","contentUrl":"https:\/\/portaltela.pt\/s.01k8rhncp4jt1\/2025\/11\/talking-bot-125x125.png","caption":"Telinha"},"sameAs":["https:\/\/portaltela.pt\/"],"url":"https:\/\/portaltela.pt\/por\/367410592786\/"}]}},"_links":{"self":[{"href":"https:\/\/portaltela.pt\/api\/wp\/v2\/posts\/138703","targetHints":{"allow":["GET"]}}],"collection":[{"href":"https:\/\/portaltela.pt\/api\/wp\/v2\/posts"}],"about":[{"href":"https:\/\/portaltela.pt\/api\/wp\/v2\/types\/post"}],"author":[{"embeddable":true,"href":"https:\/\/portaltela.pt\/api\/wp\/v2\/users\/2"}],"replies":[{"embeddable":true,"href":"https:\/\/portaltela.pt\/api\/wp\/v2\/comments?post=138703"}],"version-history":[{"count":0,"href":"https:\/\/portaltela.pt\/api\/wp\/v2\/posts\/138703\/revisions"}],"wp:featuredmedia":[{"embeddable":true,"href":"https:\/\/portaltela.pt\/api\/wp\/v2\/media\/138708"}],"wp:attachment":[{"href":"https:\/\/portaltela.pt\/api\/wp\/v2\/media?parent=138703"}],"wp:term":[{"taxonomy":"category","embeddable":true,"href":"https:\/\/portaltela.pt\/api\/wp\/v2\/categories?post=138703"},{"taxonomy":"post_tag","embeddable":true,"href":"https:\/\/portaltela.pt\/api\/wp\/v2\/tags?post=138703"}],"curies":[{"name":"wp","href":"https:\/\/api.w.org\/{rel}","templated":true}]}}