{"id":138647,"date":"2026-01-13T11:10:55","date_gmt":"2026-01-13T14:10:55","guid":{"rendered":"https:\/\/portaltela.pt\/noticias\/2026\/01\/13\/vingegaard-falha-na-volta-ao-algarve-e-nao-defende-o-titulo\/"},"modified":"2026-01-13T11:10:55","modified_gmt":"2026-01-13T14:10:55","slug":"vingegaard-falha-na-volta-ao-algarve-e-nao-defende-o-titulo","status":"publish","type":"post","link":"https:\/\/portaltela.pt\/desporto\/2026\/01\/13\/vingegaard-falha-na-volta-ao-algarve-e-nao-defende-o-titulo\/","title":{"rendered":"Vingegaard falha na Volta ao Algarve e n\u00e3o defende o t\u00edtulo"},"content":{"rendered":"<p>Jonas Vingegaard n\u00e3o vai defender o t\u00edtulo na Volta ao Algarve, anunciou a Movistar? N\u00e3o, a Visma-Lease a Bike, na ter\u00e7a-feira, ao divulgar o calend\u00e1rio do ciclista. O dinamarqu\u00eas vai come\u00e7ar a \u00e9poca com a Volta aos Emirados \u00c1rabes Unidos, de 16 a 22 de fevereiro, e seguir para a Volta \u00e0 Catalunha.<\/p>\n<p>O objetivo principal do campe\u00e3o da Volta a Espanha passa pela estreia na Giro d\u2019Italia, que decorre entre 8 e 31 de maio de 2026. Posteriormente, disputar\u00e1 o Tour de France, de 4 a 26 de julho, mantendo-se fora da Volta ao Algarve.<\/p>\n<p>A decis\u00e3o acompanha a ambi\u00e7\u00e3o de completar a tr\u00edade das grandes voltas. Vingegaard j\u00e1 venceu duas edi\u00e7\u00f5es da Volta a Fran\u00e7a (2022 e 2023) e foi vice em 2021, atr\u00e1s de Pogacar. A lista de compromissos traduz a estrat\u00e9gia de temporada do corredor.<\/p>\n<h3>Calend\u00e1rio e objetivos para 2026<\/h3>\n<p>Ametade da \u00e9poca come\u00e7a com a participa\u00e7\u00e3o nos Emirados e na Catalunha, pr\u00f3ximas corridas antes do Giro. A inclus\u00e3o do Giro d\u2019Italia representa a estreia do ciclista nessa prova, considerada uma das maiores do calend\u00e1rio. O percurso do Tour encerra a trilogia pretendida.<\/p>\n","protected":false},"excerpt":{"rendered":"<ul>\n<li>Jonas Vingegaard n\u00e3o defender\u00e1 o t\u00edtulo na Volta ao Algarve e vai focar-se no Giro d&#8217;Italia e no Tour de France.<\/li>\n<li>O dinamarqu\u00eas vai estrear-se no Giro d&#8217;Italia, que decorre entre 8 e 31 de maio de 2026.<\/li>\n<li>O calend\u00e1rio previsto inclui o Tour de France, de 4 a 26 de julho, ap\u00f3s o Giro.<\/li>\n<li>Vingegaard foi campe\u00e3o da Volta a Espanha e venceu a Volta ao Algarve no ano passado, com Jo\u00e3o Almeida em segundo.<\/li>\n<li>A \u00e9poca come\u00e7a com a Volta aos Emirados \u00c1rabes Unidos (16 a 22 de fevereiro) e a Volta \u00e0 Catalunha (23 a 29 de mar\u00e7o).<\/li>\n<\/ul>\n","protected":false},"author":2,"featured_media":138657,"comment_status":"closed","ping_status":"closed","sticky":false,"template":"","format":"standard","meta":{"footnotes":""},"categories":[21],"tags":[923,1285,152,2619,2370,1347],"class_list":["post-138647","post","type-post","status-publish","format-standard","has-post-thumbnail","hentry","category-desporto","tag-ciclismo","tag-competicao","tag-desporto","tag-desportos-internacionais","tag-emirados-arabes-unidos","tag-volta-a-catalunha"],"yoast_head":"<!-- This site is optimized with the Yoast SEO plugin v27.2 - https:\/\/yoast.com\/product\/yoast-seo-wordpress\/ -->\n<title>Vingegaard falha na Volta ao Algarve e n\u00e3o defende o t\u00edtulo - Portal Tela Portugal<\/title>\n<meta name=\"robots\" content=\"index, follow, max-snippet:-1, max-image-preview:large, max-video-preview:-1\" \/>\n<meta property=\"og:locale\" content=\"pt_PT\" \/>\n<meta property=\"og:type\" content=\"article\" \/>\n<meta property=\"og:title\" content=\"Vingegaard falha na Volta ao Algarve e n\u00e3o defende o t\u00edtulo - Portal Tela Portugal\" \/>\n<meta property=\"og:description\" content=\"Jonas Vingegaard n\u00e3o defender\u00e1 o t\u00edtulo na Volta ao Algarve e vai focar-se no Giro d&#039;Italia e no Tour de France. O dinamarqu\u00eas vai estrear-se no Giro d&#039;Italia, que decorre entre 8 e 31 de maio de 2026. O calend\u00e1rio previsto inclui o Tour de France, de 4 a 26 de julho, ap\u00f3s o Giro. Vingegaard foi campe\u00e3o da Volta a Espanha e venceu a Volta ao Algarve no ano passado, com Jo\u00e3o Almeida em segundo. A \u00e9poca come\u00e7a com a Volta aos Emirados \u00c1rabes Unidos (16 a 22 de fevereiro) e a Volta \u00e0 Catalunha (23 a 29 de mar\u00e7o).\" \/>\n<meta property=\"og:url\" content=\"https:\/\/portaltela.pt\/noticias\/2026\/01\/13\/vingegaard-falha-na-volta-ao-algarve-e-nao-defende-o-titulo\/\" \/>\n<meta property=\"og:site_name\" content=\"Portal Tela Portugal\" \/>\n<meta property=\"article:published_time\" content=\"2026-01-13T14:10:55+00:00\" \/>\n<meta name=\"author\" content=\"Telinha\" \/>\n<meta name=\"twitter:card\" content=\"summary_large_image\" \/>\n<meta name=\"twitter:label1\" content=\"Escrito por\" \/>\n\t<meta name=\"twitter:data1\" content=\"Telinha\" \/>\n\t<meta name=\"twitter:label2\" content=\"Tempo estimado de leitura\" \/>\n\t<meta name=\"twitter:data2\" content=\"1 minuto\" \/>\n<script type=\"application\/ld+json\" class=\"yoast-schema-graph\">{\"@context\":\"https:\/\/schema.org\",\"@graph\":[{\"@type\":\"Article\",\"@id\":\"https:\/\/portaltela.pt\/noticias\/2026\/01\/13\/vingegaard-falha-na-volta-ao-algarve-e-nao-defende-o-titulo\/#article\",\"isPartOf\":{\"@id\":\"https:\/\/portaltela.pt\/noticias\/2026\/01\/13\/vingegaard-falha-na-volta-ao-algarve-e-nao-defende-o-titulo\/\"},\"author\":{\"name\":\"Telinha\",\"@id\":\"https:\/\/portaltela.pt\/#\/schema\/person\/c4278d4a6028830caff9ee44b42d32ed\"},\"headline\":\"Vingegaard falha na Volta ao Algarve e n\u00e3o defende o t\u00edtulo\",\"datePublished\":\"2026-01-13T14:10:55+00:00\",\"mainEntityOfPage\":{\"@id\":\"https:\/\/portaltela.pt\/noticias\/2026\/01\/13\/vingegaard-falha-na-volta-ao-algarve-e-nao-defende-o-titulo\/\"},\"wordCount\":211,\"image\":{\"@id\":\"https:\/\/portaltela.pt\/noticias\/2026\/01\/13\/vingegaard-falha-na-volta-ao-algarve-e-nao-defende-o-titulo\/#primaryimage\"},\"thumbnailUrl\":\"https:\/\/portaltela.pt\/s.01k8rhncp4jt1\/2026\/01\/35a6bdea-9260-4e4d-9705-31f28efe856b.jpg\",\"keywords\":[\"ciclismo\",\"competi\u00e7\u00e3o\",\"desporto\",\"desportos internacionais\",\"Emirados \u00c1rabes Unidos\",\"Volta a Catalunha\"],\"articleSection\":[\"Desporto\"],\"inLanguage\":\"pt-PT\"},{\"@type\":\"WebPage\",\"@id\":\"https:\/\/portaltela.pt\/noticias\/2026\/01\/13\/vingegaard-falha-na-volta-ao-algarve-e-nao-defende-o-titulo\/\",\"url\":\"https:\/\/portaltela.pt\/noticias\/2026\/01\/13\/vingegaard-falha-na-volta-ao-algarve-e-nao-defende-o-titulo\/\",\"name\":\"Vingegaard falha na Volta ao Algarve e n\u00e3o defende o t\u00edtulo - Portal Tela Portugal\",\"isPartOf\":{\"@id\":\"https:\/\/portaltela.pt\/#website\"},\"primaryImageOfPage\":{\"@id\":\"https:\/\/portaltela.pt\/noticias\/2026\/01\/13\/vingegaard-falha-na-volta-ao-algarve-e-nao-defende-o-titulo\/#primaryimage\"},\"image\":{\"@id\":\"https:\/\/portaltela.pt\/noticias\/2026\/01\/13\/vingegaard-falha-na-volta-ao-algarve-e-nao-defende-o-titulo\/#primaryimage\"},\"thumbnailUrl\":\"https:\/\/portaltela.pt\/s.01k8rhncp4jt1\/2026\/01\/35a6bdea-9260-4e4d-9705-31f28efe856b.jpg\",\"datePublished\":\"2026-01-13T14:10:55+00:00\",\"author\":{\"@id\":\"https:\/\/portaltela.pt\/#\/schema\/person\/c4278d4a6028830caff9ee44b42d32ed\"},\"breadcrumb\":{\"@id\":\"https:\/\/portaltela.pt\/noticias\/2026\/01\/13\/vingegaard-falha-na-volta-ao-algarve-e-nao-defende-o-titulo\/#breadcrumb\"},\"inLanguage\":\"pt-PT\",\"potentialAction\":[{\"@type\":\"ReadAction\",\"target\":[\"https:\/\/portaltela.pt\/noticias\/2026\/01\/13\/vingegaard-falha-na-volta-ao-algarve-e-nao-defende-o-titulo\/\"]}]},{\"@type\":\"ImageObject\",\"inLanguage\":\"pt-PT\",\"@id\":\"https:\/\/portaltela.pt\/noticias\/2026\/01\/13\/vingegaard-falha-na-volta-ao-algarve-e-nao-defende-o-titulo\/#primaryimage\",\"url\":\"https:\/\/portaltela.pt\/s.01k8rhncp4jt1\/2026\/01\/35a6bdea-9260-4e4d-9705-31f28efe856b.jpg\",\"contentUrl\":\"https:\/\/portaltela.pt\/s.01k8rhncp4jt1\/2026\/01\/35a6bdea-9260-4e4d-9705-31f28efe856b.jpg\",\"width\":796,\"height\":448,\"caption\":\"Jonas Vingegaard e Jo\u00e3o Almeida cumprimentam-se no p\u00f3dio final da Volta ao Algarve 2025\"},{\"@type\":\"BreadcrumbList\",\"@id\":\"https:\/\/portaltela.pt\/noticias\/2026\/01\/13\/vingegaard-falha-na-volta-ao-algarve-e-nao-defende-o-titulo\/#breadcrumb\",\"itemListElement\":[{\"@type\":\"ListItem\",\"position\":1,\"name\":\"In\u00edcio\",\"item\":\"https:\/\/portaltela.pt\/\"},{\"@type\":\"ListItem\",\"position\":2,\"name\":\"Vingegaard falha na Volta ao Algarve e n\u00e3o defende o t\u00edtulo\"}]},{\"@type\":\"WebSite\",\"@id\":\"https:\/\/portaltela.pt\/#website\",\"url\":\"https:\/\/portaltela.pt\/\",\"name\":\"Portal Tela Portugal\",\"description\":\"\",\"potentialAction\":[{\"@type\":\"SearchAction\",\"target\":{\"@type\":\"EntryPoint\",\"urlTemplate\":\"https:\/\/portaltela.pt\/?s={search_term_string}\"},\"query-input\":{\"@type\":\"PropertyValueSpecification\",\"valueRequired\":true,\"valueName\":\"search_term_string\"}}],\"inLanguage\":\"pt-PT\"},{\"@type\":\"Person\",\"@id\":\"https:\/\/portaltela.pt\/#\/schema\/person\/c4278d4a6028830caff9ee44b42d32ed\",\"name\":\"Telinha\",\"image\":{\"@type\":\"ImageObject\",\"inLanguage\":\"pt-PT\",\"@id\":\"https:\/\/portaltela.pt\/s.01k8rhncp4jt1\/2025\/11\/talking-bot-125x125.png\",\"url\":\"https:\/\/portaltela.pt\/s.01k8rhncp4jt1\/2025\/11\/talking-bot-125x125.png\",\"contentUrl\":\"https:\/\/portaltela.pt\/s.01k8rhncp4jt1\/2025\/11\/talking-bot-125x125.png\",\"caption\":\"Telinha\"},\"sameAs\":[\"https:\/\/portaltela.pt\/\"],\"url\":\"https:\/\/portaltela.pt\/por\/367410592786\/\"}]}<\/script>\n<!-- \/ Yoast SEO plugin. -->","yoast_head_json":{"title":"Vingegaard falha na Volta ao Algarve e n\u00e3o defende o t\u00edtulo - Portal Tela Portugal","robots":{"index":"index","follow":"follow","max-snippet":"max-snippet:-1","max-image-preview":"max-image-preview:large","max-video-preview":"max-video-preview:-1"},"og_locale":"pt_PT","og_type":"article","og_title":"Vingegaard falha na Volta ao Algarve e n\u00e3o defende o t\u00edtulo - Portal Tela Portugal","og_description":"Jonas Vingegaard n\u00e3o defender\u00e1 o t\u00edtulo na Volta ao Algarve e vai focar-se no Giro d'Italia e no Tour de France. O dinamarqu\u00eas vai estrear-se no Giro d'Italia, que decorre entre 8 e 31 de maio de 2026. O calend\u00e1rio previsto inclui o Tour de France, de 4 a 26 de julho, ap\u00f3s o Giro. Vingegaard foi campe\u00e3o da Volta a Espanha e venceu a Volta ao Algarve no ano passado, com Jo\u00e3o Almeida em segundo. A \u00e9poca come\u00e7a com a Volta aos Emirados \u00c1rabes Unidos (16 a 22 de fevereiro) e a Volta \u00e0 Catalunha (23 a 29 de mar\u00e7o).","og_url":"https:\/\/portaltela.pt\/noticias\/2026\/01\/13\/vingegaard-falha-na-volta-ao-algarve-e-nao-defende-o-titulo\/","og_site_name":"Portal Tela Portugal","article_published_time":"2026-01-13T14:10:55+00:00","author":"Telinha","twitter_card":"summary_large_image","twitter_misc":{"Escrito por":"Telinha","Tempo estimado de leitura":"1 minuto"},"schema":{"@context":"https:\/\/schema.org","@graph":[{"@type":"Article","@id":"https:\/\/portaltela.pt\/noticias\/2026\/01\/13\/vingegaard-falha-na-volta-ao-algarve-e-nao-defende-o-titulo\/#article","isPartOf":{"@id":"https:\/\/portaltela.pt\/noticias\/2026\/01\/13\/vingegaard-falha-na-volta-ao-algarve-e-nao-defende-o-titulo\/"},"author":{"name":"Telinha","@id":"https:\/\/portaltela.pt\/#\/schema\/person\/c4278d4a6028830caff9ee44b42d32ed"},"headline":"Vingegaard falha na Volta ao Algarve e n\u00e3o defende o t\u00edtulo","datePublished":"2026-01-13T14:10:55+00:00","mainEntityOfPage":{"@id":"https:\/\/portaltela.pt\/noticias\/2026\/01\/13\/vingegaard-falha-na-volta-ao-algarve-e-nao-defende-o-titulo\/"},"wordCount":211,"image":{"@id":"https:\/\/portaltela.pt\/noticias\/2026\/01\/13\/vingegaard-falha-na-volta-ao-algarve-e-nao-defende-o-titulo\/#primaryimage"},"thumbnailUrl":"https:\/\/portaltela.pt\/s.01k8rhncp4jt1\/2026\/01\/35a6bdea-9260-4e4d-9705-31f28efe856b.jpg","keywords":["ciclismo","competi\u00e7\u00e3o","desporto","desportos internacionais","Emirados \u00c1rabes Unidos","Volta a Catalunha"],"articleSection":["Desporto"],"inLanguage":"pt-PT"},{"@type":"WebPage","@id":"https:\/\/portaltela.pt\/noticias\/2026\/01\/13\/vingegaard-falha-na-volta-ao-algarve-e-nao-defende-o-titulo\/","url":"https:\/\/portaltela.pt\/noticias\/2026\/01\/13\/vingegaard-falha-na-volta-ao-algarve-e-nao-defende-o-titulo\/","name":"Vingegaard falha na Volta ao Algarve e n\u00e3o defende o t\u00edtulo - Portal Tela Portugal","isPartOf":{"@id":"https:\/\/portaltela.pt\/#website"},"primaryImageOfPage":{"@id":"https:\/\/portaltela.pt\/noticias\/2026\/01\/13\/vingegaard-falha-na-volta-ao-algarve-e-nao-defende-o-titulo\/#primaryimage"},"image":{"@id":"https:\/\/portaltela.pt\/noticias\/2026\/01\/13\/vingegaard-falha-na-volta-ao-algarve-e-nao-defende-o-titulo\/#primaryimage"},"thumbnailUrl":"https:\/\/portaltela.pt\/s.01k8rhncp4jt1\/2026\/01\/35a6bdea-9260-4e4d-9705-31f28efe856b.jpg","datePublished":"2026-01-13T14:10:55+00:00","author":{"@id":"https:\/\/portaltela.pt\/#\/schema\/person\/c4278d4a6028830caff9ee44b42d32ed"},"breadcrumb":{"@id":"https:\/\/portaltela.pt\/noticias\/2026\/01\/13\/vingegaard-falha-na-volta-ao-algarve-e-nao-defende-o-titulo\/#breadcrumb"},"inLanguage":"pt-PT","potentialAction":[{"@type":"ReadAction","target":["https:\/\/portaltela.pt\/noticias\/2026\/01\/13\/vingegaard-falha-na-volta-ao-algarve-e-nao-defende-o-titulo\/"]}]},{"@type":"ImageObject","inLanguage":"pt-PT","@id":"https:\/\/portaltela.pt\/noticias\/2026\/01\/13\/vingegaard-falha-na-volta-ao-algarve-e-nao-defende-o-titulo\/#primaryimage","url":"https:\/\/portaltela.pt\/s.01k8rhncp4jt1\/2026\/01\/35a6bdea-9260-4e4d-9705-31f28efe856b.jpg","contentUrl":"https:\/\/portaltela.pt\/s.01k8rhncp4jt1\/2026\/01\/35a6bdea-9260-4e4d-9705-31f28efe856b.jpg","width":796,"height":448,"caption":"Jonas Vingegaard e Jo\u00e3o Almeida cumprimentam-se no p\u00f3dio final da Volta ao Algarve 2025"},{"@type":"BreadcrumbList","@id":"https:\/\/portaltela.pt\/noticias\/2026\/01\/13\/vingegaard-falha-na-volta-ao-algarve-e-nao-defende-o-titulo\/#breadcrumb","itemListElement":[{"@type":"ListItem","position":1,"name":"In\u00edcio","item":"https:\/\/portaltela.pt\/"},{"@type":"ListItem","position":2,"name":"Vingegaard falha na Volta ao Algarve e n\u00e3o defende o t\u00edtulo"}]},{"@type":"WebSite","@id":"https:\/\/portaltela.pt\/#website","url":"https:\/\/portaltela.pt\/","name":"Portal Tela Portugal","description":"","potentialAction":[{"@type":"SearchAction","target":{"@type":"EntryPoint","urlTemplate":"https:\/\/portaltela.pt\/?s={search_term_string}"},"query-input":{"@type":"PropertyValueSpecification","valueRequired":true,"valueName":"search_term_string"}}],"inLanguage":"pt-PT"},{"@type":"Person","@id":"https:\/\/portaltela.pt\/#\/schema\/person\/c4278d4a6028830caff9ee44b42d32ed","name":"Telinha","image":{"@type":"ImageObject","inLanguage":"pt-PT","@id":"https:\/\/portaltela.pt\/s.01k8rhncp4jt1\/2025\/11\/talking-bot-125x125.png","url":"https:\/\/portaltela.pt\/s.01k8rhncp4jt1\/2025\/11\/talking-bot-125x125.png","contentUrl":"https:\/\/portaltela.pt\/s.01k8rhncp4jt1\/2025\/11\/talking-bot-125x125.png","caption":"Telinha"},"sameAs":["https:\/\/portaltela.pt\/"],"url":"https:\/\/portaltela.pt\/por\/367410592786\/"}]}},"_links":{"self":[{"href":"https:\/\/portaltela.pt\/api\/wp\/v2\/posts\/138647","targetHints":{"allow":["GET"]}}],"collection":[{"href":"https:\/\/portaltela.pt\/api\/wp\/v2\/posts"}],"about":[{"href":"https:\/\/portaltela.pt\/api\/wp\/v2\/types\/post"}],"author":[{"embeddable":true,"href":"https:\/\/portaltela.pt\/api\/wp\/v2\/users\/2"}],"replies":[{"embeddable":true,"href":"https:\/\/portaltela.pt\/api\/wp\/v2\/comments?post=138647"}],"version-history":[{"count":0,"href":"https:\/\/portaltela.pt\/api\/wp\/v2\/posts\/138647\/revisions"}],"wp:featuredmedia":[{"embeddable":true,"href":"https:\/\/portaltela.pt\/api\/wp\/v2\/media\/138657"}],"wp:attachment":[{"href":"https:\/\/portaltela.pt\/api\/wp\/v2\/media?parent=138647"}],"wp:term":[{"taxonomy":"category","embeddable":true,"href":"https:\/\/portaltela.pt\/api\/wp\/v2\/categories?post=138647"},{"taxonomy":"post_tag","embeddable":true,"href":"https:\/\/portaltela.pt\/api\/wp\/v2\/tags?post=138647"}],"curies":[{"name":"wp","href":"https:\/\/api.w.org\/{rel}","templated":true}]}}