{"id":138498,"date":"2026-01-13T10:16:00","date_gmt":"2026-01-13T13:16:00","guid":{"rendered":"https:\/\/portaltela.pt\/noticias\/2026\/01\/13\/santander-inaugura-o-5o-work-cafe\/"},"modified":"2026-01-13T10:16:00","modified_gmt":"2026-01-13T13:16:00","slug":"santander-inaugura-o-5o-work-cafe","status":"publish","type":"post","link":"https:\/\/portaltela.pt\/noticias\/2026\/01\/13\/santander-inaugura-o-5o-work-cafe\/","title":{"rendered":"Santander inaugura o 5\u00ba Work Caf\u00e9"},"content":{"rendered":"<p>O Santander inaugurou o quinto Work Caf\u00e9 em Lisboa, na Avenida D. Carlos I. O espa\u00e7o combina servi\u00e7os de ag\u00eancia, cafetaria e zona de coworking, pensado para quem vive e trabalha na cidade.<\/p>\n<p>At\u00e9 ao final de 2027, o banco pretende ter 25 Work Caf\u00e9s com hor\u00e1rio alargado das 8h30 \u00e0s 18h00, mantendo uma proposta aberta \u00e0 comunidade em formato open space.<\/p>\n<p>Est\u00e1 dispon\u00edvel Wi-Fi, \u00e1reas de trabalho partilhadas e gabinetes para reuni\u00f5es, al\u00e9m de uma zona de acolhimento que orienta para opera\u00e7\u00f5es via Santander Express ou atendimento com gestor.<\/p>\n<h3>Plano de expans\u00e3o<\/h3>\n<p>Este espa\u00e7o, o quinto da rede, refor\u00e7a a presen\u00e7a do Santander em Lisboa e no pa\u00eds, com planos de abrir mais unidades nos pr\u00f3ximos meses, mantendo a integra\u00e7\u00e3o entre banca, caf\u00e9 e espa\u00e7os de trabalho.<\/p>\n","protected":false},"excerpt":{"rendered":"<ul>\n<li>O Santander inaugurou, em Lisboa, o seu quinto Work Caf\u00e9, localizado na Avenida D. Carlos I.<\/li>\n<li>At\u00e9 ao final de 2027, o banco pretende ter uma rede de 27 espa\u00e7os que combinam servi\u00e7os de ag\u00eancia, cafetaria e zona de coworking.<\/li>\n<li>O espa\u00e7o \u00e9 em formato open space, com Wi\u2011Fi gratuito, \u00e1reas de trabalho partilhadas e gabinetes para reuni\u00f5es ou concentra\u00e7\u00e3o.<\/li>\n<li>O Work Caf\u00e9 funciona com hor\u00e1rio alargado, das 8h30 \u00e0s 18h00, e est\u00e1 desenhado para uso pela comunidade local.<\/li>\n<li>A vice\u2011presidente da comiss\u00e3o executiva do Santander Portugal, Isabel Guerreiro, afirma que o espa\u00e7o \u00e9 mais que um balc\u00e3o e que v\u00e3o abrir mais Work Caf\u00e9s nos pr\u00f3ximos meses, com orienta\u00e7\u00e3o para opera\u00e7\u00f5es via Santander Express ou atendimento personalizado.<\/li>\n<\/ul>\n","protected":false},"author":2,"featured_media":138512,"comment_status":"closed","ping_status":"closed","sticky":false,"template":"","format":"standard","meta":{"footnotes":""},"categories":[1],"tags":[2321,190,1615,981,1710,727],"class_list":["post-138498","post","type-post","status-publish","format-standard","has-post-thumbnail","hentry","category-noticias","tag-banco-digital","tag-desenvolvimento-economico","tag-infraestrutura","tag-lisboa","tag-santander","tag-servicos"],"yoast_head":"<!-- This site is optimized with the Yoast SEO plugin v27.2 - https:\/\/yoast.com\/product\/yoast-seo-wordpress\/ -->\n<title>Santander inaugura o 5\u00ba Work Caf\u00e9 - Portal Tela Portugal<\/title>\n<meta name=\"robots\" content=\"index, follow, max-snippet:-1, max-image-preview:large, max-video-preview:-1\" \/>\n<meta property=\"og:locale\" content=\"pt_PT\" \/>\n<meta property=\"og:type\" content=\"article\" \/>\n<meta property=\"og:title\" content=\"Santander inaugura o 5\u00ba Work Caf\u00e9 - Portal Tela Portugal\" \/>\n<meta property=\"og:description\" content=\"O Santander inaugurou, em Lisboa, o seu quinto Work Caf\u00e9, localizado na Avenida D. Carlos I. At\u00e9 ao final de 2027, o banco pretende ter uma rede de 27 espa\u00e7os que combinam servi\u00e7os de ag\u00eancia, cafetaria e zona de coworking. O espa\u00e7o \u00e9 em formato open space, com Wi\u2011Fi gratuito, \u00e1reas de trabalho partilhadas e gabinetes para reuni\u00f5es ou concentra\u00e7\u00e3o. O Work Caf\u00e9 funciona com hor\u00e1rio alargado, das 8h30 \u00e0s 18h00, e est\u00e1 desenhado para uso pela comunidade local. A vice\u2011presidente da comiss\u00e3o executiva do Santander Portugal, Isabel Guerreiro, afirma que o espa\u00e7o \u00e9 mais que um balc\u00e3o e que v\u00e3o abrir mais Work Caf\u00e9s nos pr\u00f3ximos meses, com orienta\u00e7\u00e3o para opera\u00e7\u00f5es via Santander Express ou atendimento personalizado.\" \/>\n<meta property=\"og:url\" content=\"https:\/\/portaltela.pt\/noticias\/2026\/01\/13\/santander-inaugura-o-5o-work-cafe\/\" \/>\n<meta property=\"og:site_name\" content=\"Portal Tela Portugal\" \/>\n<meta property=\"article:published_time\" content=\"2026-01-13T13:16:00+00:00\" \/>\n<meta name=\"author\" content=\"Telinha\" \/>\n<meta name=\"twitter:card\" content=\"summary_large_image\" \/>\n<meta name=\"twitter:label1\" content=\"Escrito por\" \/>\n\t<meta name=\"twitter:data1\" content=\"Telinha\" \/>\n\t<meta name=\"twitter:label2\" content=\"Tempo estimado de leitura\" \/>\n\t<meta name=\"twitter:data2\" content=\"1 minuto\" \/>\n<script type=\"application\/ld+json\" class=\"yoast-schema-graph\">{\"@context\":\"https:\/\/schema.org\",\"@graph\":[{\"@type\":\"Article\",\"@id\":\"https:\/\/portaltela.pt\/noticias\/2026\/01\/13\/santander-inaugura-o-5o-work-cafe\/#article\",\"isPartOf\":{\"@id\":\"https:\/\/portaltela.pt\/noticias\/2026\/01\/13\/santander-inaugura-o-5o-work-cafe\/\"},\"author\":{\"name\":\"Telinha\",\"@id\":\"https:\/\/portaltela.pt\/#\/schema\/person\/c4278d4a6028830caff9ee44b42d32ed\"},\"headline\":\"Santander inaugura o 5\u00ba Work Caf\u00e9\",\"datePublished\":\"2026-01-13T13:16:00+00:00\",\"mainEntityOfPage\":{\"@id\":\"https:\/\/portaltela.pt\/noticias\/2026\/01\/13\/santander-inaugura-o-5o-work-cafe\/\"},\"wordCount\":147,\"image\":{\"@id\":\"https:\/\/portaltela.pt\/noticias\/2026\/01\/13\/santander-inaugura-o-5o-work-cafe\/#primaryimage\"},\"thumbnailUrl\":\"https:\/\/portaltela.pt\/s.01k8rhncp4jt1\/2026\/01\/unnamed-file-2712.jpg\",\"keywords\":[\"Banco Digital\",\"Desenvolvimento econ\u00f3mico\",\"infraestrutura\",\"Lisboa\",\"Santander\",\"servi\u00e7os\"],\"articleSection\":[\"Not\u00edcias\"],\"inLanguage\":\"pt-PT\"},{\"@type\":\"WebPage\",\"@id\":\"https:\/\/portaltela.pt\/noticias\/2026\/01\/13\/santander-inaugura-o-5o-work-cafe\/\",\"url\":\"https:\/\/portaltela.pt\/noticias\/2026\/01\/13\/santander-inaugura-o-5o-work-cafe\/\",\"name\":\"Santander inaugura o 5\u00ba Work Caf\u00e9 - Portal Tela Portugal\",\"isPartOf\":{\"@id\":\"https:\/\/portaltela.pt\/#website\"},\"primaryImageOfPage\":{\"@id\":\"https:\/\/portaltela.pt\/noticias\/2026\/01\/13\/santander-inaugura-o-5o-work-cafe\/#primaryimage\"},\"image\":{\"@id\":\"https:\/\/portaltela.pt\/noticias\/2026\/01\/13\/santander-inaugura-o-5o-work-cafe\/#primaryimage\"},\"thumbnailUrl\":\"https:\/\/portaltela.pt\/s.01k8rhncp4jt1\/2026\/01\/unnamed-file-2712.jpg\",\"datePublished\":\"2026-01-13T13:16:00+00:00\",\"author\":{\"@id\":\"https:\/\/portaltela.pt\/#\/schema\/person\/c4278d4a6028830caff9ee44b42d32ed\"},\"breadcrumb\":{\"@id\":\"https:\/\/portaltela.pt\/noticias\/2026\/01\/13\/santander-inaugura-o-5o-work-cafe\/#breadcrumb\"},\"inLanguage\":\"pt-PT\",\"potentialAction\":[{\"@type\":\"ReadAction\",\"target\":[\"https:\/\/portaltela.pt\/noticias\/2026\/01\/13\/santander-inaugura-o-5o-work-cafe\/\"]}]},{\"@type\":\"ImageObject\",\"inLanguage\":\"pt-PT\",\"@id\":\"https:\/\/portaltela.pt\/noticias\/2026\/01\/13\/santander-inaugura-o-5o-work-cafe\/#primaryimage\",\"url\":\"https:\/\/portaltela.pt\/s.01k8rhncp4jt1\/2026\/01\/unnamed-file-2712.jpg\",\"contentUrl\":\"https:\/\/portaltela.pt\/s.01k8rhncp4jt1\/2026\/01\/unnamed-file-2712.jpg\",\"width\":796,\"height\":448,\"caption\":\"Santander inaugura o 5\u00ba Work Caf\u00e9\"},{\"@type\":\"BreadcrumbList\",\"@id\":\"https:\/\/portaltela.pt\/noticias\/2026\/01\/13\/santander-inaugura-o-5o-work-cafe\/#breadcrumb\",\"itemListElement\":[{\"@type\":\"ListItem\",\"position\":1,\"name\":\"In\u00edcio\",\"item\":\"https:\/\/portaltela.pt\/\"},{\"@type\":\"ListItem\",\"position\":2,\"name\":\"Santander inaugura o 5\u00ba Work Caf\u00e9\"}]},{\"@type\":\"WebSite\",\"@id\":\"https:\/\/portaltela.pt\/#website\",\"url\":\"https:\/\/portaltela.pt\/\",\"name\":\"Portal Tela Portugal\",\"description\":\"\",\"potentialAction\":[{\"@type\":\"SearchAction\",\"target\":{\"@type\":\"EntryPoint\",\"urlTemplate\":\"https:\/\/portaltela.pt\/?s={search_term_string}\"},\"query-input\":{\"@type\":\"PropertyValueSpecification\",\"valueRequired\":true,\"valueName\":\"search_term_string\"}}],\"inLanguage\":\"pt-PT\"},{\"@type\":\"Person\",\"@id\":\"https:\/\/portaltela.pt\/#\/schema\/person\/c4278d4a6028830caff9ee44b42d32ed\",\"name\":\"Telinha\",\"image\":{\"@type\":\"ImageObject\",\"inLanguage\":\"pt-PT\",\"@id\":\"https:\/\/portaltela.pt\/s.01k8rhncp4jt1\/2025\/11\/talking-bot-125x125.png\",\"url\":\"https:\/\/portaltela.pt\/s.01k8rhncp4jt1\/2025\/11\/talking-bot-125x125.png\",\"contentUrl\":\"https:\/\/portaltela.pt\/s.01k8rhncp4jt1\/2025\/11\/talking-bot-125x125.png\",\"caption\":\"Telinha\"},\"sameAs\":[\"https:\/\/portaltela.pt\/\"],\"url\":\"https:\/\/portaltela.pt\/por\/367410592786\/\"}]}<\/script>\n<!-- \/ Yoast SEO plugin. -->","yoast_head_json":{"title":"Santander inaugura o 5\u00ba Work Caf\u00e9 - Portal Tela Portugal","robots":{"index":"index","follow":"follow","max-snippet":"max-snippet:-1","max-image-preview":"max-image-preview:large","max-video-preview":"max-video-preview:-1"},"og_locale":"pt_PT","og_type":"article","og_title":"Santander inaugura o 5\u00ba Work Caf\u00e9 - Portal Tela Portugal","og_description":"O Santander inaugurou, em Lisboa, o seu quinto Work Caf\u00e9, localizado na Avenida D. Carlos I. At\u00e9 ao final de 2027, o banco pretende ter uma rede de 27 espa\u00e7os que combinam servi\u00e7os de ag\u00eancia, cafetaria e zona de coworking. O espa\u00e7o \u00e9 em formato open space, com Wi\u2011Fi gratuito, \u00e1reas de trabalho partilhadas e gabinetes para reuni\u00f5es ou concentra\u00e7\u00e3o. O Work Caf\u00e9 funciona com hor\u00e1rio alargado, das 8h30 \u00e0s 18h00, e est\u00e1 desenhado para uso pela comunidade local. A vice\u2011presidente da comiss\u00e3o executiva do Santander Portugal, Isabel Guerreiro, afirma que o espa\u00e7o \u00e9 mais que um balc\u00e3o e que v\u00e3o abrir mais Work Caf\u00e9s nos pr\u00f3ximos meses, com orienta\u00e7\u00e3o para opera\u00e7\u00f5es via Santander Express ou atendimento personalizado.","og_url":"https:\/\/portaltela.pt\/noticias\/2026\/01\/13\/santander-inaugura-o-5o-work-cafe\/","og_site_name":"Portal Tela Portugal","article_published_time":"2026-01-13T13:16:00+00:00","author":"Telinha","twitter_card":"summary_large_image","twitter_misc":{"Escrito por":"Telinha","Tempo estimado de leitura":"1 minuto"},"schema":{"@context":"https:\/\/schema.org","@graph":[{"@type":"Article","@id":"https:\/\/portaltela.pt\/noticias\/2026\/01\/13\/santander-inaugura-o-5o-work-cafe\/#article","isPartOf":{"@id":"https:\/\/portaltela.pt\/noticias\/2026\/01\/13\/santander-inaugura-o-5o-work-cafe\/"},"author":{"name":"Telinha","@id":"https:\/\/portaltela.pt\/#\/schema\/person\/c4278d4a6028830caff9ee44b42d32ed"},"headline":"Santander inaugura o 5\u00ba Work Caf\u00e9","datePublished":"2026-01-13T13:16:00+00:00","mainEntityOfPage":{"@id":"https:\/\/portaltela.pt\/noticias\/2026\/01\/13\/santander-inaugura-o-5o-work-cafe\/"},"wordCount":147,"image":{"@id":"https:\/\/portaltela.pt\/noticias\/2026\/01\/13\/santander-inaugura-o-5o-work-cafe\/#primaryimage"},"thumbnailUrl":"https:\/\/portaltela.pt\/s.01k8rhncp4jt1\/2026\/01\/unnamed-file-2712.jpg","keywords":["Banco Digital","Desenvolvimento econ\u00f3mico","infraestrutura","Lisboa","Santander","servi\u00e7os"],"articleSection":["Not\u00edcias"],"inLanguage":"pt-PT"},{"@type":"WebPage","@id":"https:\/\/portaltela.pt\/noticias\/2026\/01\/13\/santander-inaugura-o-5o-work-cafe\/","url":"https:\/\/portaltela.pt\/noticias\/2026\/01\/13\/santander-inaugura-o-5o-work-cafe\/","name":"Santander inaugura o 5\u00ba Work Caf\u00e9 - Portal Tela Portugal","isPartOf":{"@id":"https:\/\/portaltela.pt\/#website"},"primaryImageOfPage":{"@id":"https:\/\/portaltela.pt\/noticias\/2026\/01\/13\/santander-inaugura-o-5o-work-cafe\/#primaryimage"},"image":{"@id":"https:\/\/portaltela.pt\/noticias\/2026\/01\/13\/santander-inaugura-o-5o-work-cafe\/#primaryimage"},"thumbnailUrl":"https:\/\/portaltela.pt\/s.01k8rhncp4jt1\/2026\/01\/unnamed-file-2712.jpg","datePublished":"2026-01-13T13:16:00+00:00","author":{"@id":"https:\/\/portaltela.pt\/#\/schema\/person\/c4278d4a6028830caff9ee44b42d32ed"},"breadcrumb":{"@id":"https:\/\/portaltela.pt\/noticias\/2026\/01\/13\/santander-inaugura-o-5o-work-cafe\/#breadcrumb"},"inLanguage":"pt-PT","potentialAction":[{"@type":"ReadAction","target":["https:\/\/portaltela.pt\/noticias\/2026\/01\/13\/santander-inaugura-o-5o-work-cafe\/"]}]},{"@type":"ImageObject","inLanguage":"pt-PT","@id":"https:\/\/portaltela.pt\/noticias\/2026\/01\/13\/santander-inaugura-o-5o-work-cafe\/#primaryimage","url":"https:\/\/portaltela.pt\/s.01k8rhncp4jt1\/2026\/01\/unnamed-file-2712.jpg","contentUrl":"https:\/\/portaltela.pt\/s.01k8rhncp4jt1\/2026\/01\/unnamed-file-2712.jpg","width":796,"height":448,"caption":"Santander inaugura o 5\u00ba Work Caf\u00e9"},{"@type":"BreadcrumbList","@id":"https:\/\/portaltela.pt\/noticias\/2026\/01\/13\/santander-inaugura-o-5o-work-cafe\/#breadcrumb","itemListElement":[{"@type":"ListItem","position":1,"name":"In\u00edcio","item":"https:\/\/portaltela.pt\/"},{"@type":"ListItem","position":2,"name":"Santander inaugura o 5\u00ba Work Caf\u00e9"}]},{"@type":"WebSite","@id":"https:\/\/portaltela.pt\/#website","url":"https:\/\/portaltela.pt\/","name":"Portal Tela Portugal","description":"","potentialAction":[{"@type":"SearchAction","target":{"@type":"EntryPoint","urlTemplate":"https:\/\/portaltela.pt\/?s={search_term_string}"},"query-input":{"@type":"PropertyValueSpecification","valueRequired":true,"valueName":"search_term_string"}}],"inLanguage":"pt-PT"},{"@type":"Person","@id":"https:\/\/portaltela.pt\/#\/schema\/person\/c4278d4a6028830caff9ee44b42d32ed","name":"Telinha","image":{"@type":"ImageObject","inLanguage":"pt-PT","@id":"https:\/\/portaltela.pt\/s.01k8rhncp4jt1\/2025\/11\/talking-bot-125x125.png","url":"https:\/\/portaltela.pt\/s.01k8rhncp4jt1\/2025\/11\/talking-bot-125x125.png","contentUrl":"https:\/\/portaltela.pt\/s.01k8rhncp4jt1\/2025\/11\/talking-bot-125x125.png","caption":"Telinha"},"sameAs":["https:\/\/portaltela.pt\/"],"url":"https:\/\/portaltela.pt\/por\/367410592786\/"}]}},"_links":{"self":[{"href":"https:\/\/portaltela.pt\/api\/wp\/v2\/posts\/138498","targetHints":{"allow":["GET"]}}],"collection":[{"href":"https:\/\/portaltela.pt\/api\/wp\/v2\/posts"}],"about":[{"href":"https:\/\/portaltela.pt\/api\/wp\/v2\/types\/post"}],"author":[{"embeddable":true,"href":"https:\/\/portaltela.pt\/api\/wp\/v2\/users\/2"}],"replies":[{"embeddable":true,"href":"https:\/\/portaltela.pt\/api\/wp\/v2\/comments?post=138498"}],"version-history":[{"count":0,"href":"https:\/\/portaltela.pt\/api\/wp\/v2\/posts\/138498\/revisions"}],"wp:featuredmedia":[{"embeddable":true,"href":"https:\/\/portaltela.pt\/api\/wp\/v2\/media\/138512"}],"wp:attachment":[{"href":"https:\/\/portaltela.pt\/api\/wp\/v2\/media?parent=138498"}],"wp:term":[{"taxonomy":"category","embeddable":true,"href":"https:\/\/portaltela.pt\/api\/wp\/v2\/categories?post=138498"},{"taxonomy":"post_tag","embeddable":true,"href":"https:\/\/portaltela.pt\/api\/wp\/v2\/tags?post=138498"}],"curies":[{"name":"wp","href":"https:\/\/api.w.org\/{rel}","templated":true}]}}