{"id":138445,"date":"2026-01-13T10:27:33","date_gmt":"2026-01-13T13:27:33","guid":{"rendered":"https:\/\/portaltela.pt\/noticias\/2026\/01\/13\/nuno-homem-de-sa-inicia-julgamento-por-violencia-domestica-a-24-de-fevereiro\/"},"modified":"2026-01-13T10:27:33","modified_gmt":"2026-01-13T13:27:33","slug":"nuno-homem-de-sa-inicia-julgamento-por-violencia-domestica-a-24-de-fevereiro","status":"publish","type":"post","link":"https:\/\/portaltela.pt\/noticias\/2026\/01\/13\/nuno-homem-de-sa-inicia-julgamento-por-violencia-domestica-a-24-de-fevereiro\/","title":{"rendered":"Nuno Homem de S\u00e1 inicia julgamento por viol\u00eancia dom\u00e9stica a 24 de fevereiro"},"content":{"rendered":"<p>O ator Nuno Homem de S\u00e1 ser\u00e1 julgado no dia 24 de fevereiro, segundo o Minist\u00e9rio P\u00fablico. Est\u00e1 acusado de tr\u00eas crimes: viol\u00eancia dom\u00e9stica, viola\u00e7\u00e3o de domic\u00edlio e perturba\u00e7\u00e3o da vida privada.<\/p>\n<p>O MP apresentou as acusa\u00e7\u00f5es formais contra o artista, detalhando cada crime e a sua pr\u00e1tica alegada no \u00e2mbito do processo.<\/p>\n<p>O julgamento est\u00e1 marcado para ocorrer em territ\u00f3rio portugu\u00eas, conforme informa\u00e7\u00f5es oficiais do MP. A not\u00edcia foi publicada a 13 de janeiro de 2026.<\/p>\n","protected":false},"excerpt":{"rendered":"<ul>\n<li>O ator Nuno Homem de S\u00e1 ser\u00e1 julgado no dia 24 de fevereiro por viol\u00eancia dom\u00e9stica.<\/li>\n<li>O Minist\u00e9rio P\u00fablico acusa-o de tr\u00eas crimes: viol\u00eancia dom\u00e9stica, viola\u00e7\u00e3o de domic\u00edlio e perturba\u00e7\u00e3o da vida privada.<\/li>\n<li>O julgamento est\u00e1 marcado para 24 de fevereiro, segundo o MP.<\/li>\n<li>A not\u00edcia foi publicada a 13 de janeiro de 2026.<\/li>\n<\/ul>\n","protected":false},"author":2,"featured_media":138449,"comment_status":"closed","ping_status":"closed","sticky":false,"template":"","format":"standard","meta":{"footnotes":""},"categories":[1],"tags":[147,2649,1574,214],"class_list":["post-138445","post","type-post","status-publish","format-standard","has-post-thumbnail","hentry","category-noticias","tag-crime","tag-violacao-de-domicilio","tag-violacao-de-privacidade","tag-violencia-domestica"],"yoast_head":"<!-- This site is optimized with the Yoast SEO plugin v27.2 - https:\/\/yoast.com\/product\/yoast-seo-wordpress\/ -->\n<title>Nuno Homem de S\u00e1 inicia julgamento por viol\u00eancia dom\u00e9stica a 24 de fevereiro - Portal Tela Portugal<\/title>\n<meta name=\"robots\" content=\"index, follow, max-snippet:-1, max-image-preview:large, max-video-preview:-1\" \/>\n<meta property=\"og:locale\" content=\"pt_PT\" \/>\n<meta property=\"og:type\" content=\"article\" \/>\n<meta property=\"og:title\" content=\"Nuno Homem de S\u00e1 inicia julgamento por viol\u00eancia dom\u00e9stica a 24 de fevereiro - Portal Tela Portugal\" \/>\n<meta property=\"og:description\" content=\"O ator Nuno Homem de S\u00e1 ser\u00e1 julgado no dia 24 de fevereiro por viol\u00eancia dom\u00e9stica. O Minist\u00e9rio P\u00fablico acusa-o de tr\u00eas crimes: viol\u00eancia dom\u00e9stica, viola\u00e7\u00e3o de domic\u00edlio e perturba\u00e7\u00e3o da vida privada. O julgamento est\u00e1 marcado para 24 de fevereiro, segundo o MP. A not\u00edcia foi publicada a 13 de janeiro de 2026.\" \/>\n<meta property=\"og:url\" content=\"https:\/\/portaltela.pt\/noticias\/2026\/01\/13\/nuno-homem-de-sa-inicia-julgamento-por-violencia-domestica-a-24-de-fevereiro\/\" \/>\n<meta property=\"og:site_name\" content=\"Portal Tela Portugal\" \/>\n<meta property=\"article:published_time\" content=\"2026-01-13T13:27:33+00:00\" \/>\n<meta name=\"author\" content=\"Telinha\" \/>\n<meta name=\"twitter:card\" content=\"summary_large_image\" \/>\n<meta name=\"twitter:label1\" content=\"Escrito por\" \/>\n\t<meta name=\"twitter:data1\" content=\"Telinha\" \/>\n<script type=\"application\/ld+json\" class=\"yoast-schema-graph\">{\"@context\":\"https:\/\/schema.org\",\"@graph\":[{\"@type\":\"Article\",\"@id\":\"https:\/\/portaltela.pt\/noticias\/2026\/01\/13\/nuno-homem-de-sa-inicia-julgamento-por-violencia-domestica-a-24-de-fevereiro\/#article\",\"isPartOf\":{\"@id\":\"https:\/\/portaltela.pt\/noticias\/2026\/01\/13\/nuno-homem-de-sa-inicia-julgamento-por-violencia-domestica-a-24-de-fevereiro\/\"},\"author\":{\"name\":\"Telinha\",\"@id\":\"https:\/\/portaltela.pt\/#\/schema\/person\/c4278d4a6028830caff9ee44b42d32ed\"},\"headline\":\"Nuno Homem de S\u00e1 inicia julgamento por viol\u00eancia dom\u00e9stica a 24 de fevereiro\",\"datePublished\":\"2026-01-13T13:27:33+00:00\",\"mainEntityOfPage\":{\"@id\":\"https:\/\/portaltela.pt\/noticias\/2026\/01\/13\/nuno-homem-de-sa-inicia-julgamento-por-violencia-domestica-a-24-de-fevereiro\/\"},\"wordCount\":102,\"image\":{\"@id\":\"https:\/\/portaltela.pt\/noticias\/2026\/01\/13\/nuno-homem-de-sa-inicia-julgamento-por-violencia-domestica-a-24-de-fevereiro\/#primaryimage\"},\"thumbnailUrl\":\"https:\/\/portaltela.pt\/s.01k8rhncp4jt1\/2026\/01\/img_1280x722uu2025-09-14-21-45-25-2235340.jpg\",\"keywords\":[\"crime\",\"viola\u00e7\u00e3o de domic\u00edlio\",\"viola\u00e7\u00e3o de privacidade\",\"viol\u00eancia dom\u00e9stica\"],\"articleSection\":[\"Not\u00edcias\"],\"inLanguage\":\"pt-PT\"},{\"@type\":\"WebPage\",\"@id\":\"https:\/\/portaltela.pt\/noticias\/2026\/01\/13\/nuno-homem-de-sa-inicia-julgamento-por-violencia-domestica-a-24-de-fevereiro\/\",\"url\":\"https:\/\/portaltela.pt\/noticias\/2026\/01\/13\/nuno-homem-de-sa-inicia-julgamento-por-violencia-domestica-a-24-de-fevereiro\/\",\"name\":\"Nuno Homem de S\u00e1 inicia julgamento por viol\u00eancia dom\u00e9stica a 24 de fevereiro - Portal Tela Portugal\",\"isPartOf\":{\"@id\":\"https:\/\/portaltela.pt\/#website\"},\"primaryImageOfPage\":{\"@id\":\"https:\/\/portaltela.pt\/noticias\/2026\/01\/13\/nuno-homem-de-sa-inicia-julgamento-por-violencia-domestica-a-24-de-fevereiro\/#primaryimage\"},\"image\":{\"@id\":\"https:\/\/portaltela.pt\/noticias\/2026\/01\/13\/nuno-homem-de-sa-inicia-julgamento-por-violencia-domestica-a-24-de-fevereiro\/#primaryimage\"},\"thumbnailUrl\":\"https:\/\/portaltela.pt\/s.01k8rhncp4jt1\/2026\/01\/img_1280x722uu2025-09-14-21-45-25-2235340.jpg\",\"datePublished\":\"2026-01-13T13:27:33+00:00\",\"author\":{\"@id\":\"https:\/\/portaltela.pt\/#\/schema\/person\/c4278d4a6028830caff9ee44b42d32ed\"},\"breadcrumb\":{\"@id\":\"https:\/\/portaltela.pt\/noticias\/2026\/01\/13\/nuno-homem-de-sa-inicia-julgamento-por-violencia-domestica-a-24-de-fevereiro\/#breadcrumb\"},\"inLanguage\":\"pt-PT\",\"potentialAction\":[{\"@type\":\"ReadAction\",\"target\":[\"https:\/\/portaltela.pt\/noticias\/2026\/01\/13\/nuno-homem-de-sa-inicia-julgamento-por-violencia-domestica-a-24-de-fevereiro\/\"]}]},{\"@type\":\"ImageObject\",\"inLanguage\":\"pt-PT\",\"@id\":\"https:\/\/portaltela.pt\/noticias\/2026\/01\/13\/nuno-homem-de-sa-inicia-julgamento-por-violencia-domestica-a-24-de-fevereiro\/#primaryimage\",\"url\":\"https:\/\/portaltela.pt\/s.01k8rhncp4jt1\/2026\/01\/img_1280x722uu2025-09-14-21-45-25-2235340.jpg\",\"contentUrl\":\"https:\/\/portaltela.pt\/s.01k8rhncp4jt1\/2026\/01\/img_1280x722uu2025-09-14-21-45-25-2235340.jpg\",\"width\":796,\"height\":448,\"caption\":\"Photo\"},{\"@type\":\"BreadcrumbList\",\"@id\":\"https:\/\/portaltela.pt\/noticias\/2026\/01\/13\/nuno-homem-de-sa-inicia-julgamento-por-violencia-domestica-a-24-de-fevereiro\/#breadcrumb\",\"itemListElement\":[{\"@type\":\"ListItem\",\"position\":1,\"name\":\"In\u00edcio\",\"item\":\"https:\/\/portaltela.pt\/\"},{\"@type\":\"ListItem\",\"position\":2,\"name\":\"Nuno Homem de S\u00e1 inicia julgamento por viol\u00eancia dom\u00e9stica a 24 de fevereiro\"}]},{\"@type\":\"WebSite\",\"@id\":\"https:\/\/portaltela.pt\/#website\",\"url\":\"https:\/\/portaltela.pt\/\",\"name\":\"Portal Tela Portugal\",\"description\":\"\",\"potentialAction\":[{\"@type\":\"SearchAction\",\"target\":{\"@type\":\"EntryPoint\",\"urlTemplate\":\"https:\/\/portaltela.pt\/?s={search_term_string}\"},\"query-input\":{\"@type\":\"PropertyValueSpecification\",\"valueRequired\":true,\"valueName\":\"search_term_string\"}}],\"inLanguage\":\"pt-PT\"},{\"@type\":\"Person\",\"@id\":\"https:\/\/portaltela.pt\/#\/schema\/person\/c4278d4a6028830caff9ee44b42d32ed\",\"name\":\"Telinha\",\"image\":{\"@type\":\"ImageObject\",\"inLanguage\":\"pt-PT\",\"@id\":\"https:\/\/portaltela.pt\/s.01k8rhncp4jt1\/2025\/11\/talking-bot-125x125.png\",\"url\":\"https:\/\/portaltela.pt\/s.01k8rhncp4jt1\/2025\/11\/talking-bot-125x125.png\",\"contentUrl\":\"https:\/\/portaltela.pt\/s.01k8rhncp4jt1\/2025\/11\/talking-bot-125x125.png\",\"caption\":\"Telinha\"},\"sameAs\":[\"https:\/\/portaltela.pt\/\"],\"url\":\"https:\/\/portaltela.pt\/por\/367410592786\/\"}]}<\/script>\n<!-- \/ Yoast SEO plugin. -->","yoast_head_json":{"title":"Nuno Homem de S\u00e1 inicia julgamento por viol\u00eancia dom\u00e9stica a 24 de fevereiro - Portal Tela Portugal","robots":{"index":"index","follow":"follow","max-snippet":"max-snippet:-1","max-image-preview":"max-image-preview:large","max-video-preview":"max-video-preview:-1"},"og_locale":"pt_PT","og_type":"article","og_title":"Nuno Homem de S\u00e1 inicia julgamento por viol\u00eancia dom\u00e9stica a 24 de fevereiro - Portal Tela Portugal","og_description":"O ator Nuno Homem de S\u00e1 ser\u00e1 julgado no dia 24 de fevereiro por viol\u00eancia dom\u00e9stica. O Minist\u00e9rio P\u00fablico acusa-o de tr\u00eas crimes: viol\u00eancia dom\u00e9stica, viola\u00e7\u00e3o de domic\u00edlio e perturba\u00e7\u00e3o da vida privada. O julgamento est\u00e1 marcado para 24 de fevereiro, segundo o MP. A not\u00edcia foi publicada a 13 de janeiro de 2026.","og_url":"https:\/\/portaltela.pt\/noticias\/2026\/01\/13\/nuno-homem-de-sa-inicia-julgamento-por-violencia-domestica-a-24-de-fevereiro\/","og_site_name":"Portal Tela Portugal","article_published_time":"2026-01-13T13:27:33+00:00","author":"Telinha","twitter_card":"summary_large_image","twitter_misc":{"Escrito por":"Telinha"},"schema":{"@context":"https:\/\/schema.org","@graph":[{"@type":"Article","@id":"https:\/\/portaltela.pt\/noticias\/2026\/01\/13\/nuno-homem-de-sa-inicia-julgamento-por-violencia-domestica-a-24-de-fevereiro\/#article","isPartOf":{"@id":"https:\/\/portaltela.pt\/noticias\/2026\/01\/13\/nuno-homem-de-sa-inicia-julgamento-por-violencia-domestica-a-24-de-fevereiro\/"},"author":{"name":"Telinha","@id":"https:\/\/portaltela.pt\/#\/schema\/person\/c4278d4a6028830caff9ee44b42d32ed"},"headline":"Nuno Homem de S\u00e1 inicia julgamento por viol\u00eancia dom\u00e9stica a 24 de fevereiro","datePublished":"2026-01-13T13:27:33+00:00","mainEntityOfPage":{"@id":"https:\/\/portaltela.pt\/noticias\/2026\/01\/13\/nuno-homem-de-sa-inicia-julgamento-por-violencia-domestica-a-24-de-fevereiro\/"},"wordCount":102,"image":{"@id":"https:\/\/portaltela.pt\/noticias\/2026\/01\/13\/nuno-homem-de-sa-inicia-julgamento-por-violencia-domestica-a-24-de-fevereiro\/#primaryimage"},"thumbnailUrl":"https:\/\/portaltela.pt\/s.01k8rhncp4jt1\/2026\/01\/img_1280x722uu2025-09-14-21-45-25-2235340.jpg","keywords":["crime","viola\u00e7\u00e3o de domic\u00edlio","viola\u00e7\u00e3o de privacidade","viol\u00eancia dom\u00e9stica"],"articleSection":["Not\u00edcias"],"inLanguage":"pt-PT"},{"@type":"WebPage","@id":"https:\/\/portaltela.pt\/noticias\/2026\/01\/13\/nuno-homem-de-sa-inicia-julgamento-por-violencia-domestica-a-24-de-fevereiro\/","url":"https:\/\/portaltela.pt\/noticias\/2026\/01\/13\/nuno-homem-de-sa-inicia-julgamento-por-violencia-domestica-a-24-de-fevereiro\/","name":"Nuno Homem de S\u00e1 inicia julgamento por viol\u00eancia dom\u00e9stica a 24 de fevereiro - Portal Tela Portugal","isPartOf":{"@id":"https:\/\/portaltela.pt\/#website"},"primaryImageOfPage":{"@id":"https:\/\/portaltela.pt\/noticias\/2026\/01\/13\/nuno-homem-de-sa-inicia-julgamento-por-violencia-domestica-a-24-de-fevereiro\/#primaryimage"},"image":{"@id":"https:\/\/portaltela.pt\/noticias\/2026\/01\/13\/nuno-homem-de-sa-inicia-julgamento-por-violencia-domestica-a-24-de-fevereiro\/#primaryimage"},"thumbnailUrl":"https:\/\/portaltela.pt\/s.01k8rhncp4jt1\/2026\/01\/img_1280x722uu2025-09-14-21-45-25-2235340.jpg","datePublished":"2026-01-13T13:27:33+00:00","author":{"@id":"https:\/\/portaltela.pt\/#\/schema\/person\/c4278d4a6028830caff9ee44b42d32ed"},"breadcrumb":{"@id":"https:\/\/portaltela.pt\/noticias\/2026\/01\/13\/nuno-homem-de-sa-inicia-julgamento-por-violencia-domestica-a-24-de-fevereiro\/#breadcrumb"},"inLanguage":"pt-PT","potentialAction":[{"@type":"ReadAction","target":["https:\/\/portaltela.pt\/noticias\/2026\/01\/13\/nuno-homem-de-sa-inicia-julgamento-por-violencia-domestica-a-24-de-fevereiro\/"]}]},{"@type":"ImageObject","inLanguage":"pt-PT","@id":"https:\/\/portaltela.pt\/noticias\/2026\/01\/13\/nuno-homem-de-sa-inicia-julgamento-por-violencia-domestica-a-24-de-fevereiro\/#primaryimage","url":"https:\/\/portaltela.pt\/s.01k8rhncp4jt1\/2026\/01\/img_1280x722uu2025-09-14-21-45-25-2235340.jpg","contentUrl":"https:\/\/portaltela.pt\/s.01k8rhncp4jt1\/2026\/01\/img_1280x722uu2025-09-14-21-45-25-2235340.jpg","width":796,"height":448,"caption":"Photo"},{"@type":"BreadcrumbList","@id":"https:\/\/portaltela.pt\/noticias\/2026\/01\/13\/nuno-homem-de-sa-inicia-julgamento-por-violencia-domestica-a-24-de-fevereiro\/#breadcrumb","itemListElement":[{"@type":"ListItem","position":1,"name":"In\u00edcio","item":"https:\/\/portaltela.pt\/"},{"@type":"ListItem","position":2,"name":"Nuno Homem de S\u00e1 inicia julgamento por viol\u00eancia dom\u00e9stica a 24 de fevereiro"}]},{"@type":"WebSite","@id":"https:\/\/portaltela.pt\/#website","url":"https:\/\/portaltela.pt\/","name":"Portal Tela Portugal","description":"","potentialAction":[{"@type":"SearchAction","target":{"@type":"EntryPoint","urlTemplate":"https:\/\/portaltela.pt\/?s={search_term_string}"},"query-input":{"@type":"PropertyValueSpecification","valueRequired":true,"valueName":"search_term_string"}}],"inLanguage":"pt-PT"},{"@type":"Person","@id":"https:\/\/portaltela.pt\/#\/schema\/person\/c4278d4a6028830caff9ee44b42d32ed","name":"Telinha","image":{"@type":"ImageObject","inLanguage":"pt-PT","@id":"https:\/\/portaltela.pt\/s.01k8rhncp4jt1\/2025\/11\/talking-bot-125x125.png","url":"https:\/\/portaltela.pt\/s.01k8rhncp4jt1\/2025\/11\/talking-bot-125x125.png","contentUrl":"https:\/\/portaltela.pt\/s.01k8rhncp4jt1\/2025\/11\/talking-bot-125x125.png","caption":"Telinha"},"sameAs":["https:\/\/portaltela.pt\/"],"url":"https:\/\/portaltela.pt\/por\/367410592786\/"}]}},"_links":{"self":[{"href":"https:\/\/portaltela.pt\/api\/wp\/v2\/posts\/138445","targetHints":{"allow":["GET"]}}],"collection":[{"href":"https:\/\/portaltela.pt\/api\/wp\/v2\/posts"}],"about":[{"href":"https:\/\/portaltela.pt\/api\/wp\/v2\/types\/post"}],"author":[{"embeddable":true,"href":"https:\/\/portaltela.pt\/api\/wp\/v2\/users\/2"}],"replies":[{"embeddable":true,"href":"https:\/\/portaltela.pt\/api\/wp\/v2\/comments?post=138445"}],"version-history":[{"count":0,"href":"https:\/\/portaltela.pt\/api\/wp\/v2\/posts\/138445\/revisions"}],"wp:featuredmedia":[{"embeddable":true,"href":"https:\/\/portaltela.pt\/api\/wp\/v2\/media\/138449"}],"wp:attachment":[{"href":"https:\/\/portaltela.pt\/api\/wp\/v2\/media?parent=138445"}],"wp:term":[{"taxonomy":"category","embeddable":true,"href":"https:\/\/portaltela.pt\/api\/wp\/v2\/categories?post=138445"},{"taxonomy":"post_tag","embeddable":true,"href":"https:\/\/portaltela.pt\/api\/wp\/v2\/tags?post=138445"}],"curies":[{"name":"wp","href":"https:\/\/api.w.org\/{rel}","templated":true}]}}