{"id":138281,"date":"2026-01-13T09:00:09","date_gmt":"2026-01-13T12:00:09","guid":{"rendered":"https:\/\/portaltela.pt\/noticias\/2026\/01\/13\/campeonato-zonal-de-cadetes-de-judo-realizou-se-em-alcains\/"},"modified":"2026-01-13T09:00:09","modified_gmt":"2026-01-13T12:00:09","slug":"campeonato-zonal-de-cadetes-de-judo-realizou-se-em-alcains","status":"publish","type":"post","link":"https:\/\/portaltela.pt\/desporto\/2026\/01\/13\/campeonato-zonal-de-cadetes-de-judo-realizou-se-em-alcains\/","title":{"rendered":"Campeonato Zonal de Cadetes de Judo realizou-se em Alcains"},"content":{"rendered":"<p>Alcains, no concelho de Castelo Branco, recebeu o Campeonato Zonal de Cadetes (Sub-18) de Judo, apuramento para o Nacional a realizar em Aveiro nos dias 23 e 24 de janeiro. A prova decorreu no Pavilh\u00e3o do Agrupamento de Escolas Jos\u00e9 Sanches e S\u00e3o Vicente da Beira.<\/p>\n<p>A competi\u00e7\u00e3o reuniu atletas da Zona Centro Sul, incluindo Castelo Branco, Portalegre e \u00c9vora, com clubes tamb\u00e9m dos distritos da Guarda. A Associa\u00e7\u00e3o de Judo Distrital de Castelo Branco organizou o evento, destacando o elevado n\u00edvel competitivo.<\/p>\n<p>Ao longo do dia, foram promovidos dois treinos ap\u00f3s as provas: um de katas, orientado pelo Mestre S\u00e9rgio Carvalho, e outro de competi\u00e7\u00e3o para atletas em prepara\u00e7\u00e3o para o Nacional. A organiza\u00e7\u00e3o considera o Campeonato Zonal uma etapa-chave no desenvolvimento dos jovens judocas.<\/p>\n<h3>Campe\u00f5es Zonais de Cadetes<\/h3>\n<p>Femininos<\/p>\n<p>-44 kg: Mariana Martins (Escola de Judo Ana Hormigo)<\/p>\n<p>-48 kg: Beatriz Grecu (Escola de Judo Ana Hormigo)<\/p>\n<p>-52 kg: Carolina Nica (Academia de Judo da Guarda)<\/p>\n<p>-57 kg: Madalena Cruz (Escola de Judo Ana Hormigo)<\/p>\n<p>-63 kg: Leonor Fernandes (El\u00e9trico Futebol Clube, Portalegre)<\/p>\n<p>Masculinos<\/p>\n<p>-50 kg: Alexandre Silva (Escola de Judo Ana Hormigo)<\/p>\n<p>-55 kg: Diogo Parra (Academia de Judo de Castelo Branco)<\/p>\n<p>-60 kg: Martim Louro (Escola de Judo Ana Hormigo)<\/p>\n<p>-66 kg: Tiago Baj\u00e9 (Casa do Povo de Campo Maior)<\/p>\n<p>-73 kg: Rodrigo Cal\u00e7as (Escola de Judo Ana Hormigo)<\/p>\n<p>-90 kg: Daniel Ribeiro (Escola de Judo Ana Hormigo)<\/p>\n<p>+90 kg: Artur Horokhovskyy (Centro de Recreio Popular da Boa-F\u00e9, Portalegre)<\/p>\n","protected":false},"excerpt":{"rendered":"<ul>\n<li>Alcains, no concelho de Castelo Branco, acolheu o Campeonato Zonal de Cadetes (Sub-18) de Judo, apurat\u00f3rio para o Campeonato Nacional que se realiza em Aveiro a 23 e 24 de janeiro.<\/li>\n<li>A prova decorreu no Pavilh\u00e3o do Agrupamento de Escolas Jos\u00e9 Sanches e S\u00e3o Vicente da Beira e reuniu atletas da Zona Centro Sul, com clubes dos distritos da Guarda.<\/li>\n<li>A Associa\u00e7\u00e3o de Judo Distrital de Castelo Branco promoveu o evento, destacando o elevado n\u00edvel competitivo e o bom trabalho de forma\u00e7\u00e3o de jovens judocas.<\/li>\n<li>No final houve dois treinos promovidos pela organiza\u00e7\u00e3o: um de katas, orientado pelo Mestre S\u00e9rgio Carvalho, e outro de competi\u00e7\u00e3o para os atletas que preparam os campeonatos nacionais.<\/li>\n<li>Os novos Campe\u00f5es Zonais de Cadetes foram: Femininos -44 kg Mariana Martins; -48 kg Beatriz Grecu; -52 kg Carolina Nica; -57 kg Madalena Cruz; -63 kg Leonor Fernandes; Masculinos -50 kg Alexandre Silva; -55 kg Diogo Parra; -60 kg Martim Louro; -66 kg Tiago Baj\u00e9; -73 kg Rodrigo Cal\u00e7as; -90 kg Daniel Ribeiro; +90 kg Artur Horokhovskyy.<\/li>\n<\/ul>\n","protected":false},"author":2,"featured_media":138302,"comment_status":"closed","ping_status":"closed","sticky":false,"template":"","format":"standard","meta":{"footnotes":""},"categories":[21],"tags":[1955,1059,1112,1074,1862,1075],"class_list":["post-138281","post","type-post","status-publish","format-standard","has-post-thumbnail","hentry","category-desporto","tag-alcains","tag-aveiro","tag-castelo-branco","tag-evora","tag-judo","tag-portalegre"],"yoast_head":"<!-- This site is optimized with the Yoast SEO plugin v27.2 - https:\/\/yoast.com\/product\/yoast-seo-wordpress\/ -->\n<title>Campeonato Zonal de Cadetes de Judo realizou-se em Alcains - Portal Tela Portugal<\/title>\n<meta name=\"robots\" content=\"index, follow, max-snippet:-1, max-image-preview:large, max-video-preview:-1\" \/>\n<meta property=\"og:locale\" content=\"pt_PT\" \/>\n<meta property=\"og:type\" content=\"article\" \/>\n<meta property=\"og:title\" content=\"Campeonato Zonal de Cadetes de Judo realizou-se em Alcains - Portal Tela Portugal\" \/>\n<meta property=\"og:description\" content=\"Alcains, no concelho de Castelo Branco, acolheu o Campeonato Zonal de Cadetes (Sub-18) de Judo, apurat\u00f3rio para o Campeonato Nacional que se realiza em Aveiro a 23 e 24 de janeiro. A prova decorreu no Pavilh\u00e3o do Agrupamento de Escolas Jos\u00e9 Sanches e S\u00e3o Vicente da Beira e reuniu atletas da Zona Centro Sul, com clubes dos distritos da Guarda. A Associa\u00e7\u00e3o de Judo Distrital de Castelo Branco promoveu o evento, destacando o elevado n\u00edvel competitivo e o bom trabalho de forma\u00e7\u00e3o de jovens judocas. No final houve dois treinos promovidos pela organiza\u00e7\u00e3o: um de katas, orientado pelo Mestre S\u00e9rgio Carvalho, e outro de competi\u00e7\u00e3o para os atletas que preparam os campeonatos nacionais. Os novos Campe\u00f5es Zonais de Cadetes foram: Femininos -44 kg Mariana Martins; -48 kg Beatriz Grecu; -52 kg Carolina Nica; -57 kg Madalena Cruz; -63 kg Leonor Fernandes; Masculinos -50 kg Alexandre Silva; -55 kg Diogo Parra; -60 kg Martim Louro; -66 kg Tiago Baj\u00e9; -73 kg Rodrigo Cal\u00e7as; -90 kg Daniel Ribeiro; +90 kg Artur Horokhovskyy.\" \/>\n<meta property=\"og:url\" content=\"https:\/\/portaltela.pt\/noticias\/2026\/01\/13\/campeonato-zonal-de-cadetes-de-judo-realizou-se-em-alcains\/\" \/>\n<meta property=\"og:site_name\" content=\"Portal Tela Portugal\" \/>\n<meta property=\"article:published_time\" content=\"2026-01-13T12:00:09+00:00\" \/>\n<meta name=\"author\" content=\"Telinha\" \/>\n<meta name=\"twitter:card\" content=\"summary_large_image\" \/>\n<meta name=\"twitter:label1\" content=\"Escrito por\" \/>\n\t<meta name=\"twitter:data1\" content=\"Telinha\" \/>\n\t<meta name=\"twitter:label2\" content=\"Tempo estimado de leitura\" \/>\n\t<meta name=\"twitter:data2\" content=\"1 minuto\" \/>\n<script type=\"application\/ld+json\" class=\"yoast-schema-graph\">{\"@context\":\"https:\/\/schema.org\",\"@graph\":[{\"@type\":\"Article\",\"@id\":\"https:\/\/portaltela.pt\/noticias\/2026\/01\/13\/campeonato-zonal-de-cadetes-de-judo-realizou-se-em-alcains\/#article\",\"isPartOf\":{\"@id\":\"https:\/\/portaltela.pt\/noticias\/2026\/01\/13\/campeonato-zonal-de-cadetes-de-judo-realizou-se-em-alcains\/\"},\"author\":{\"name\":\"Telinha\",\"@id\":\"https:\/\/portaltela.pt\/#\/schema\/person\/c4278d4a6028830caff9ee44b42d32ed\"},\"headline\":\"Campeonato Zonal de Cadetes de Judo realizou-se em Alcains\",\"datePublished\":\"2026-01-13T12:00:09+00:00\",\"mainEntityOfPage\":{\"@id\":\"https:\/\/portaltela.pt\/noticias\/2026\/01\/13\/campeonato-zonal-de-cadetes-de-judo-realizou-se-em-alcains\/\"},\"wordCount\":263,\"image\":{\"@id\":\"https:\/\/portaltela.pt\/noticias\/2026\/01\/13\/campeonato-zonal-de-cadetes-de-judo-realizou-se-em-alcains\/#primaryimage\"},\"thumbnailUrl\":\"https:\/\/portaltela.pt\/s.01k8rhncp4jt1\/2026\/01\/unnamed-file-2697.jpg\",\"keywords\":[\"Alcains\",\"Aveiro\",\"Castelo Branco\",\"\u00c9vora\",\"judo\",\"Portalegre\"],\"articleSection\":[\"Desporto\"],\"inLanguage\":\"pt-PT\"},{\"@type\":\"WebPage\",\"@id\":\"https:\/\/portaltela.pt\/noticias\/2026\/01\/13\/campeonato-zonal-de-cadetes-de-judo-realizou-se-em-alcains\/\",\"url\":\"https:\/\/portaltela.pt\/noticias\/2026\/01\/13\/campeonato-zonal-de-cadetes-de-judo-realizou-se-em-alcains\/\",\"name\":\"Campeonato Zonal de Cadetes de Judo realizou-se em Alcains - Portal Tela Portugal\",\"isPartOf\":{\"@id\":\"https:\/\/portaltela.pt\/#website\"},\"primaryImageOfPage\":{\"@id\":\"https:\/\/portaltela.pt\/noticias\/2026\/01\/13\/campeonato-zonal-de-cadetes-de-judo-realizou-se-em-alcains\/#primaryimage\"},\"image\":{\"@id\":\"https:\/\/portaltela.pt\/noticias\/2026\/01\/13\/campeonato-zonal-de-cadetes-de-judo-realizou-se-em-alcains\/#primaryimage\"},\"thumbnailUrl\":\"https:\/\/portaltela.pt\/s.01k8rhncp4jt1\/2026\/01\/unnamed-file-2697.jpg\",\"datePublished\":\"2026-01-13T12:00:09+00:00\",\"author\":{\"@id\":\"https:\/\/portaltela.pt\/#\/schema\/person\/c4278d4a6028830caff9ee44b42d32ed\"},\"breadcrumb\":{\"@id\":\"https:\/\/portaltela.pt\/noticias\/2026\/01\/13\/campeonato-zonal-de-cadetes-de-judo-realizou-se-em-alcains\/#breadcrumb\"},\"inLanguage\":\"pt-PT\",\"potentialAction\":[{\"@type\":\"ReadAction\",\"target\":[\"https:\/\/portaltela.pt\/noticias\/2026\/01\/13\/campeonato-zonal-de-cadetes-de-judo-realizou-se-em-alcains\/\"]}]},{\"@type\":\"ImageObject\",\"inLanguage\":\"pt-PT\",\"@id\":\"https:\/\/portaltela.pt\/noticias\/2026\/01\/13\/campeonato-zonal-de-cadetes-de-judo-realizou-se-em-alcains\/#primaryimage\",\"url\":\"https:\/\/portaltela.pt\/s.01k8rhncp4jt1\/2026\/01\/unnamed-file-2697.jpg\",\"contentUrl\":\"https:\/\/portaltela.pt\/s.01k8rhncp4jt1\/2026\/01\/unnamed-file-2697.jpg\",\"width\":796,\"height\":448,\"caption\":\"Campeonato Zonal de Cadetes de Judo realizou-se em Alcains\"},{\"@type\":\"BreadcrumbList\",\"@id\":\"https:\/\/portaltela.pt\/noticias\/2026\/01\/13\/campeonato-zonal-de-cadetes-de-judo-realizou-se-em-alcains\/#breadcrumb\",\"itemListElement\":[{\"@type\":\"ListItem\",\"position\":1,\"name\":\"In\u00edcio\",\"item\":\"https:\/\/portaltela.pt\/\"},{\"@type\":\"ListItem\",\"position\":2,\"name\":\"Campeonato Zonal de Cadetes de Judo realizou-se em Alcains\"}]},{\"@type\":\"WebSite\",\"@id\":\"https:\/\/portaltela.pt\/#website\",\"url\":\"https:\/\/portaltela.pt\/\",\"name\":\"Portal Tela Portugal\",\"description\":\"\",\"potentialAction\":[{\"@type\":\"SearchAction\",\"target\":{\"@type\":\"EntryPoint\",\"urlTemplate\":\"https:\/\/portaltela.pt\/?s={search_term_string}\"},\"query-input\":{\"@type\":\"PropertyValueSpecification\",\"valueRequired\":true,\"valueName\":\"search_term_string\"}}],\"inLanguage\":\"pt-PT\"},{\"@type\":\"Person\",\"@id\":\"https:\/\/portaltela.pt\/#\/schema\/person\/c4278d4a6028830caff9ee44b42d32ed\",\"name\":\"Telinha\",\"image\":{\"@type\":\"ImageObject\",\"inLanguage\":\"pt-PT\",\"@id\":\"https:\/\/portaltela.pt\/s.01k8rhncp4jt1\/2025\/11\/talking-bot-125x125.png\",\"url\":\"https:\/\/portaltela.pt\/s.01k8rhncp4jt1\/2025\/11\/talking-bot-125x125.png\",\"contentUrl\":\"https:\/\/portaltela.pt\/s.01k8rhncp4jt1\/2025\/11\/talking-bot-125x125.png\",\"caption\":\"Telinha\"},\"sameAs\":[\"https:\/\/portaltela.pt\/\"],\"url\":\"https:\/\/portaltela.pt\/por\/367410592786\/\"}]}<\/script>\n<!-- \/ Yoast SEO plugin. -->","yoast_head_json":{"title":"Campeonato Zonal de Cadetes de Judo realizou-se em Alcains - Portal Tela Portugal","robots":{"index":"index","follow":"follow","max-snippet":"max-snippet:-1","max-image-preview":"max-image-preview:large","max-video-preview":"max-video-preview:-1"},"og_locale":"pt_PT","og_type":"article","og_title":"Campeonato Zonal de Cadetes de Judo realizou-se em Alcains - Portal Tela Portugal","og_description":"Alcains, no concelho de Castelo Branco, acolheu o Campeonato Zonal de Cadetes (Sub-18) de Judo, apurat\u00f3rio para o Campeonato Nacional que se realiza em Aveiro a 23 e 24 de janeiro. A prova decorreu no Pavilh\u00e3o do Agrupamento de Escolas Jos\u00e9 Sanches e S\u00e3o Vicente da Beira e reuniu atletas da Zona Centro Sul, com clubes dos distritos da Guarda. A Associa\u00e7\u00e3o de Judo Distrital de Castelo Branco promoveu o evento, destacando o elevado n\u00edvel competitivo e o bom trabalho de forma\u00e7\u00e3o de jovens judocas. No final houve dois treinos promovidos pela organiza\u00e7\u00e3o: um de katas, orientado pelo Mestre S\u00e9rgio Carvalho, e outro de competi\u00e7\u00e3o para os atletas que preparam os campeonatos nacionais. Os novos Campe\u00f5es Zonais de Cadetes foram: Femininos -44 kg Mariana Martins; -48 kg Beatriz Grecu; -52 kg Carolina Nica; -57 kg Madalena Cruz; -63 kg Leonor Fernandes; Masculinos -50 kg Alexandre Silva; -55 kg Diogo Parra; -60 kg Martim Louro; -66 kg Tiago Baj\u00e9; -73 kg Rodrigo Cal\u00e7as; -90 kg Daniel Ribeiro; +90 kg Artur Horokhovskyy.","og_url":"https:\/\/portaltela.pt\/noticias\/2026\/01\/13\/campeonato-zonal-de-cadetes-de-judo-realizou-se-em-alcains\/","og_site_name":"Portal Tela Portugal","article_published_time":"2026-01-13T12:00:09+00:00","author":"Telinha","twitter_card":"summary_large_image","twitter_misc":{"Escrito por":"Telinha","Tempo estimado de leitura":"1 minuto"},"schema":{"@context":"https:\/\/schema.org","@graph":[{"@type":"Article","@id":"https:\/\/portaltela.pt\/noticias\/2026\/01\/13\/campeonato-zonal-de-cadetes-de-judo-realizou-se-em-alcains\/#article","isPartOf":{"@id":"https:\/\/portaltela.pt\/noticias\/2026\/01\/13\/campeonato-zonal-de-cadetes-de-judo-realizou-se-em-alcains\/"},"author":{"name":"Telinha","@id":"https:\/\/portaltela.pt\/#\/schema\/person\/c4278d4a6028830caff9ee44b42d32ed"},"headline":"Campeonato Zonal de Cadetes de Judo realizou-se em Alcains","datePublished":"2026-01-13T12:00:09+00:00","mainEntityOfPage":{"@id":"https:\/\/portaltela.pt\/noticias\/2026\/01\/13\/campeonato-zonal-de-cadetes-de-judo-realizou-se-em-alcains\/"},"wordCount":263,"image":{"@id":"https:\/\/portaltela.pt\/noticias\/2026\/01\/13\/campeonato-zonal-de-cadetes-de-judo-realizou-se-em-alcains\/#primaryimage"},"thumbnailUrl":"https:\/\/portaltela.pt\/s.01k8rhncp4jt1\/2026\/01\/unnamed-file-2697.jpg","keywords":["Alcains","Aveiro","Castelo Branco","\u00c9vora","judo","Portalegre"],"articleSection":["Desporto"],"inLanguage":"pt-PT"},{"@type":"WebPage","@id":"https:\/\/portaltela.pt\/noticias\/2026\/01\/13\/campeonato-zonal-de-cadetes-de-judo-realizou-se-em-alcains\/","url":"https:\/\/portaltela.pt\/noticias\/2026\/01\/13\/campeonato-zonal-de-cadetes-de-judo-realizou-se-em-alcains\/","name":"Campeonato Zonal de Cadetes de Judo realizou-se em Alcains - Portal Tela Portugal","isPartOf":{"@id":"https:\/\/portaltela.pt\/#website"},"primaryImageOfPage":{"@id":"https:\/\/portaltela.pt\/noticias\/2026\/01\/13\/campeonato-zonal-de-cadetes-de-judo-realizou-se-em-alcains\/#primaryimage"},"image":{"@id":"https:\/\/portaltela.pt\/noticias\/2026\/01\/13\/campeonato-zonal-de-cadetes-de-judo-realizou-se-em-alcains\/#primaryimage"},"thumbnailUrl":"https:\/\/portaltela.pt\/s.01k8rhncp4jt1\/2026\/01\/unnamed-file-2697.jpg","datePublished":"2026-01-13T12:00:09+00:00","author":{"@id":"https:\/\/portaltela.pt\/#\/schema\/person\/c4278d4a6028830caff9ee44b42d32ed"},"breadcrumb":{"@id":"https:\/\/portaltela.pt\/noticias\/2026\/01\/13\/campeonato-zonal-de-cadetes-de-judo-realizou-se-em-alcains\/#breadcrumb"},"inLanguage":"pt-PT","potentialAction":[{"@type":"ReadAction","target":["https:\/\/portaltela.pt\/noticias\/2026\/01\/13\/campeonato-zonal-de-cadetes-de-judo-realizou-se-em-alcains\/"]}]},{"@type":"ImageObject","inLanguage":"pt-PT","@id":"https:\/\/portaltela.pt\/noticias\/2026\/01\/13\/campeonato-zonal-de-cadetes-de-judo-realizou-se-em-alcains\/#primaryimage","url":"https:\/\/portaltela.pt\/s.01k8rhncp4jt1\/2026\/01\/unnamed-file-2697.jpg","contentUrl":"https:\/\/portaltela.pt\/s.01k8rhncp4jt1\/2026\/01\/unnamed-file-2697.jpg","width":796,"height":448,"caption":"Campeonato Zonal de Cadetes de Judo realizou-se em Alcains"},{"@type":"BreadcrumbList","@id":"https:\/\/portaltela.pt\/noticias\/2026\/01\/13\/campeonato-zonal-de-cadetes-de-judo-realizou-se-em-alcains\/#breadcrumb","itemListElement":[{"@type":"ListItem","position":1,"name":"In\u00edcio","item":"https:\/\/portaltela.pt\/"},{"@type":"ListItem","position":2,"name":"Campeonato Zonal de Cadetes de Judo realizou-se em Alcains"}]},{"@type":"WebSite","@id":"https:\/\/portaltela.pt\/#website","url":"https:\/\/portaltela.pt\/","name":"Portal Tela Portugal","description":"","potentialAction":[{"@type":"SearchAction","target":{"@type":"EntryPoint","urlTemplate":"https:\/\/portaltela.pt\/?s={search_term_string}"},"query-input":{"@type":"PropertyValueSpecification","valueRequired":true,"valueName":"search_term_string"}}],"inLanguage":"pt-PT"},{"@type":"Person","@id":"https:\/\/portaltela.pt\/#\/schema\/person\/c4278d4a6028830caff9ee44b42d32ed","name":"Telinha","image":{"@type":"ImageObject","inLanguage":"pt-PT","@id":"https:\/\/portaltela.pt\/s.01k8rhncp4jt1\/2025\/11\/talking-bot-125x125.png","url":"https:\/\/portaltela.pt\/s.01k8rhncp4jt1\/2025\/11\/talking-bot-125x125.png","contentUrl":"https:\/\/portaltela.pt\/s.01k8rhncp4jt1\/2025\/11\/talking-bot-125x125.png","caption":"Telinha"},"sameAs":["https:\/\/portaltela.pt\/"],"url":"https:\/\/portaltela.pt\/por\/367410592786\/"}]}},"_links":{"self":[{"href":"https:\/\/portaltela.pt\/api\/wp\/v2\/posts\/138281","targetHints":{"allow":["GET"]}}],"collection":[{"href":"https:\/\/portaltela.pt\/api\/wp\/v2\/posts"}],"about":[{"href":"https:\/\/portaltela.pt\/api\/wp\/v2\/types\/post"}],"author":[{"embeddable":true,"href":"https:\/\/portaltela.pt\/api\/wp\/v2\/users\/2"}],"replies":[{"embeddable":true,"href":"https:\/\/portaltela.pt\/api\/wp\/v2\/comments?post=138281"}],"version-history":[{"count":0,"href":"https:\/\/portaltela.pt\/api\/wp\/v2\/posts\/138281\/revisions"}],"wp:featuredmedia":[{"embeddable":true,"href":"https:\/\/portaltela.pt\/api\/wp\/v2\/media\/138302"}],"wp:attachment":[{"href":"https:\/\/portaltela.pt\/api\/wp\/v2\/media?parent=138281"}],"wp:term":[{"taxonomy":"category","embeddable":true,"href":"https:\/\/portaltela.pt\/api\/wp\/v2\/categories?post=138281"},{"taxonomy":"post_tag","embeddable":true,"href":"https:\/\/portaltela.pt\/api\/wp\/v2\/tags?post=138281"}],"curies":[{"name":"wp","href":"https:\/\/api.w.org\/{rel}","templated":true}]}}