{"id":138224,"date":"2026-01-13T09:11:25","date_gmt":"2026-01-13T12:11:25","guid":{"rendered":"https:\/\/portaltela.pt\/noticias\/2026\/01\/13\/maya-diz-que-castelo-branco-teve-um-rebate-de-consciencia-na-entrevista-a-cmtv\/"},"modified":"2026-01-13T09:11:25","modified_gmt":"2026-01-13T12:11:25","slug":"maya-diz-que-castelo-branco-teve-um-rebate-de-consciencia-na-entrevista-a-cmtv","status":"publish","type":"post","link":"https:\/\/portaltela.pt\/noticias\/2026\/01\/13\/maya-diz-que-castelo-branco-teve-um-rebate-de-consciencia-na-entrevista-a-cmtv\/","title":{"rendered":"Maya diz que Castelo Branco teve um rebate de consci\u00eancia na entrevista \u00e0 CMTV"},"content":{"rendered":"<p>No Qu\u00e9nia, Jos\u00e9 Castelo Branco concedeu uma entrevista exclusiva \u00e0 CMTV, realizada pela rep\u00f3rter T\u00e2nia Laranjo. A pauta gerou rea\u00e7\u00e3o imediata de Maya, apresentadora do programa Noite de Estrelas, que acompanhou o encontro entre o socialite e a grande rep\u00f3rter. O conte\u00fado da entrevista foi agora alvo de an\u00e1lise p\u00fablica.<\/p>\n<p>Segundo Maya, o regresso de Castelo Branco aos conte\u00fados televisivos mereceu aten\u00e7\u00e3o pela forma como o socialite partilhou as suas palavras. A rea\u00e7\u00e3o surge no contexto de cobertura medi\u00e1tica de entrevistas recentes e das partilhas de bastidores sobre o seu comportamento em televis\u00e3o.<\/p>\n<h3>Reac\u00e7\u00f5es e desdobramentos<\/h3>\n<ul>\n<li>Liliana Oliveira reagiu \u00e0s declara\u00e7\u00f5es de Beatriz Barosa, afirmando que a confirma\u00e7\u00e3o de estar solteira foi recebida com pondera\u00e7\u00e3o.<\/li>\n<li>O professor Rui Pereira indicou que a aut\u00f3psia pode ser relevante para apurar as causas de uma morte associada ao caso de Maycon, mantendo o foco em dados t\u00e9cnicos.<\/li>\n<li>Maya comentou ainda a possibilidade de Cristina Ferreira envolver-se em neg\u00f3cios durante uma viagem com o namorado, apresentando a opini\u00e3o sob a perspetiva de reportagens sensacionalistas.<\/li>\n<li>Andr\u00e9 In\u00e1cio referiu que a aut\u00f3psia pode constituir a prova central para esclarecer as suspeitas associadas ao caso de Maycon Douglas.<\/li>\n<\/ul>\n<p>As informa\u00e7\u00f5es acima refletem declara\u00e7\u00f5es de figuras p\u00fablicas sobre temas de entretenimento e justice, sem ju\u00edzos de valor ou conclus\u00f5es, mantendo o foco em fatos e perspectivas anunciadas pelas fontes. As autoridades e os ve\u00edculos envolvidos n\u00e3o divulgaram novos detalhes oficiais at\u00e9 ao momento desta atualiza\u00e7\u00e3o.<\/p>\n","protected":false},"excerpt":{"rendered":"<ul>\n<li>Maya, apresentadora do Noite de Estrelas, comenta a entrevista exclusiva de Jos\u00e9 Castelo Branco \u00e0 CMTV e o encontro com T\u00e2nia Laranjo no Qu\u00e9nia.<\/li>\n<li>Liliana Oliveira diz que Beatriz Barosa confirmou que est\u00e1 solteira.<\/li>\n<li>O professor Rui Pereira afirma que a aut\u00f3psia pode esclarecer as causas da morte de Maycon.<\/li>\n<li>Maya fala sobre a possibilidade de Cristina Ferreira \u201cvender pipis\u201d durante viagem com o namorado.<\/li>\n<li>Andr\u00e9 In\u00e1cio sustenta que a aut\u00f3psia ser\u00e1 a prova r\u00e9gia de tudo o que envolve Maycon Douglas.<\/li>\n<\/ul>\n","protected":false},"author":2,"featured_media":138234,"comment_status":"closed","ping_status":"closed","sticky":false,"template":"","format":"standard","meta":{"footnotes":""},"categories":[12,1],"tags":[1112,76,195,879,1923],"class_list":["post-138224","post","type-post","status-publish","format-standard","has-post-thumbnail","hentry","category-entretenimento","category-noticias","tag-castelo-branco","tag-celebridades","tag-informacao","tag-noite-das-estrelas","tag-programacao"],"yoast_head":"<!-- This site is optimized with the Yoast SEO plugin v27.2 - https:\/\/yoast.com\/product\/yoast-seo-wordpress\/ -->\n<title>Maya diz que Castelo Branco teve um rebate de consci\u00eancia na entrevista \u00e0 CMTV - Portal Tela Portugal<\/title>\n<meta name=\"robots\" content=\"index, follow, max-snippet:-1, max-image-preview:large, max-video-preview:-1\" \/>\n<meta property=\"og:locale\" content=\"pt_PT\" \/>\n<meta property=\"og:type\" content=\"article\" \/>\n<meta property=\"og:title\" content=\"Maya diz que Castelo Branco teve um rebate de consci\u00eancia na entrevista \u00e0 CMTV - Portal Tela Portugal\" \/>\n<meta property=\"og:description\" content=\"Maya, apresentadora do Noite de Estrelas, comenta a entrevista exclusiva de Jos\u00e9 Castelo Branco \u00e0 CMTV e o encontro com T\u00e2nia Laranjo no Qu\u00e9nia. Liliana Oliveira diz que Beatriz Barosa confirmou que est\u00e1 solteira. O professor Rui Pereira afirma que a aut\u00f3psia pode esclarecer as causas da morte de Maycon. Maya fala sobre a possibilidade de Cristina Ferreira \u201cvender pipis\u201d durante viagem com o namorado. Andr\u00e9 In\u00e1cio sustenta que a aut\u00f3psia ser\u00e1 a prova r\u00e9gia de tudo o que envolve Maycon Douglas.\" \/>\n<meta property=\"og:url\" content=\"https:\/\/portaltela.pt\/noticias\/2026\/01\/13\/maya-diz-que-castelo-branco-teve-um-rebate-de-consciencia-na-entrevista-a-cmtv\/\" \/>\n<meta property=\"og:site_name\" content=\"Portal Tela Portugal\" \/>\n<meta property=\"article:published_time\" content=\"2026-01-13T12:11:25+00:00\" \/>\n<meta name=\"author\" content=\"Telinha\" \/>\n<meta name=\"twitter:card\" content=\"summary_large_image\" \/>\n<meta name=\"twitter:label1\" content=\"Escrito por\" \/>\n\t<meta name=\"twitter:data1\" content=\"Telinha\" \/>\n\t<meta name=\"twitter:label2\" content=\"Tempo estimado de leitura\" \/>\n\t<meta name=\"twitter:data2\" content=\"1 minuto\" \/>\n<script type=\"application\/ld+json\" class=\"yoast-schema-graph\">{\"@context\":\"https:\/\/schema.org\",\"@graph\":[{\"@type\":\"Article\",\"@id\":\"https:\/\/portaltela.pt\/noticias\/2026\/01\/13\/maya-diz-que-castelo-branco-teve-um-rebate-de-consciencia-na-entrevista-a-cmtv\/#article\",\"isPartOf\":{\"@id\":\"https:\/\/portaltela.pt\/noticias\/2026\/01\/13\/maya-diz-que-castelo-branco-teve-um-rebate-de-consciencia-na-entrevista-a-cmtv\/\"},\"author\":{\"name\":\"Telinha\",\"@id\":\"https:\/\/portaltela.pt\/#\/schema\/person\/c4278d4a6028830caff9ee44b42d32ed\"},\"headline\":\"Maya diz que Castelo Branco teve um rebate de consci\u00eancia na entrevista \u00e0 CMTV\",\"datePublished\":\"2026-01-13T12:11:25+00:00\",\"mainEntityOfPage\":{\"@id\":\"https:\/\/portaltela.pt\/noticias\/2026\/01\/13\/maya-diz-que-castelo-branco-teve-um-rebate-de-consciencia-na-entrevista-a-cmtv\/\"},\"wordCount\":281,\"image\":{\"@id\":\"https:\/\/portaltela.pt\/noticias\/2026\/01\/13\/maya-diz-que-castelo-branco-teve-um-rebate-de-consciencia-na-entrevista-a-cmtv\/#primaryimage\"},\"thumbnailUrl\":\"https:\/\/portaltela.pt\/s.01k8rhncp4jt1\/2026\/01\/img_1280x722uu2026-01-13-10-56-00-2259782.jpg\",\"keywords\":[\"Castelo Branco\",\"celebridades\",\"informa\u00e7\u00e3o\",\"Noite das Estrelas\",\"programa\u00e7\u00e3o\"],\"articleSection\":[\"Entretenimento\",\"Not\u00edcias\"],\"inLanguage\":\"pt-PT\"},{\"@type\":\"WebPage\",\"@id\":\"https:\/\/portaltela.pt\/noticias\/2026\/01\/13\/maya-diz-que-castelo-branco-teve-um-rebate-de-consciencia-na-entrevista-a-cmtv\/\",\"url\":\"https:\/\/portaltela.pt\/noticias\/2026\/01\/13\/maya-diz-que-castelo-branco-teve-um-rebate-de-consciencia-na-entrevista-a-cmtv\/\",\"name\":\"Maya diz que Castelo Branco teve um rebate de consci\u00eancia na entrevista \u00e0 CMTV - Portal Tela Portugal\",\"isPartOf\":{\"@id\":\"https:\/\/portaltela.pt\/#website\"},\"primaryImageOfPage\":{\"@id\":\"https:\/\/portaltela.pt\/noticias\/2026\/01\/13\/maya-diz-que-castelo-branco-teve-um-rebate-de-consciencia-na-entrevista-a-cmtv\/#primaryimage\"},\"image\":{\"@id\":\"https:\/\/portaltela.pt\/noticias\/2026\/01\/13\/maya-diz-que-castelo-branco-teve-um-rebate-de-consciencia-na-entrevista-a-cmtv\/#primaryimage\"},\"thumbnailUrl\":\"https:\/\/portaltela.pt\/s.01k8rhncp4jt1\/2026\/01\/img_1280x722uu2026-01-13-10-56-00-2259782.jpg\",\"datePublished\":\"2026-01-13T12:11:25+00:00\",\"author\":{\"@id\":\"https:\/\/portaltela.pt\/#\/schema\/person\/c4278d4a6028830caff9ee44b42d32ed\"},\"breadcrumb\":{\"@id\":\"https:\/\/portaltela.pt\/noticias\/2026\/01\/13\/maya-diz-que-castelo-branco-teve-um-rebate-de-consciencia-na-entrevista-a-cmtv\/#breadcrumb\"},\"inLanguage\":\"pt-PT\",\"potentialAction\":[{\"@type\":\"ReadAction\",\"target\":[\"https:\/\/portaltela.pt\/noticias\/2026\/01\/13\/maya-diz-que-castelo-branco-teve-um-rebate-de-consciencia-na-entrevista-a-cmtv\/\"]}]},{\"@type\":\"ImageObject\",\"inLanguage\":\"pt-PT\",\"@id\":\"https:\/\/portaltela.pt\/noticias\/2026\/01\/13\/maya-diz-que-castelo-branco-teve-um-rebate-de-consciencia-na-entrevista-a-cmtv\/#primaryimage\",\"url\":\"https:\/\/portaltela.pt\/s.01k8rhncp4jt1\/2026\/01\/img_1280x722uu2026-01-13-10-56-00-2259782.jpg\",\"contentUrl\":\"https:\/\/portaltela.pt\/s.01k8rhncp4jt1\/2026\/01\/img_1280x722uu2026-01-13-10-56-00-2259782.jpg\",\"width\":796,\"height\":448,\"caption\":\"Photo\"},{\"@type\":\"BreadcrumbList\",\"@id\":\"https:\/\/portaltela.pt\/noticias\/2026\/01\/13\/maya-diz-que-castelo-branco-teve-um-rebate-de-consciencia-na-entrevista-a-cmtv\/#breadcrumb\",\"itemListElement\":[{\"@type\":\"ListItem\",\"position\":1,\"name\":\"In\u00edcio\",\"item\":\"https:\/\/portaltela.pt\/\"},{\"@type\":\"ListItem\",\"position\":2,\"name\":\"Maya diz que Castelo Branco teve um rebate de consci\u00eancia na entrevista \u00e0 CMTV\"}]},{\"@type\":\"WebSite\",\"@id\":\"https:\/\/portaltela.pt\/#website\",\"url\":\"https:\/\/portaltela.pt\/\",\"name\":\"Portal Tela Portugal\",\"description\":\"\",\"potentialAction\":[{\"@type\":\"SearchAction\",\"target\":{\"@type\":\"EntryPoint\",\"urlTemplate\":\"https:\/\/portaltela.pt\/?s={search_term_string}\"},\"query-input\":{\"@type\":\"PropertyValueSpecification\",\"valueRequired\":true,\"valueName\":\"search_term_string\"}}],\"inLanguage\":\"pt-PT\"},{\"@type\":\"Person\",\"@id\":\"https:\/\/portaltela.pt\/#\/schema\/person\/c4278d4a6028830caff9ee44b42d32ed\",\"name\":\"Telinha\",\"image\":{\"@type\":\"ImageObject\",\"inLanguage\":\"pt-PT\",\"@id\":\"https:\/\/portaltela.pt\/s.01k8rhncp4jt1\/2025\/11\/talking-bot-125x125.png\",\"url\":\"https:\/\/portaltela.pt\/s.01k8rhncp4jt1\/2025\/11\/talking-bot-125x125.png\",\"contentUrl\":\"https:\/\/portaltela.pt\/s.01k8rhncp4jt1\/2025\/11\/talking-bot-125x125.png\",\"caption\":\"Telinha\"},\"sameAs\":[\"https:\/\/portaltela.pt\/\"],\"url\":\"https:\/\/portaltela.pt\/por\/367410592786\/\"}]}<\/script>\n<!-- \/ Yoast SEO plugin. -->","yoast_head_json":{"title":"Maya diz que Castelo Branco teve um rebate de consci\u00eancia na entrevista \u00e0 CMTV - Portal Tela Portugal","robots":{"index":"index","follow":"follow","max-snippet":"max-snippet:-1","max-image-preview":"max-image-preview:large","max-video-preview":"max-video-preview:-1"},"og_locale":"pt_PT","og_type":"article","og_title":"Maya diz que Castelo Branco teve um rebate de consci\u00eancia na entrevista \u00e0 CMTV - Portal Tela Portugal","og_description":"Maya, apresentadora do Noite de Estrelas, comenta a entrevista exclusiva de Jos\u00e9 Castelo Branco \u00e0 CMTV e o encontro com T\u00e2nia Laranjo no Qu\u00e9nia. Liliana Oliveira diz que Beatriz Barosa confirmou que est\u00e1 solteira. O professor Rui Pereira afirma que a aut\u00f3psia pode esclarecer as causas da morte de Maycon. Maya fala sobre a possibilidade de Cristina Ferreira \u201cvender pipis\u201d durante viagem com o namorado. Andr\u00e9 In\u00e1cio sustenta que a aut\u00f3psia ser\u00e1 a prova r\u00e9gia de tudo o que envolve Maycon Douglas.","og_url":"https:\/\/portaltela.pt\/noticias\/2026\/01\/13\/maya-diz-que-castelo-branco-teve-um-rebate-de-consciencia-na-entrevista-a-cmtv\/","og_site_name":"Portal Tela Portugal","article_published_time":"2026-01-13T12:11:25+00:00","author":"Telinha","twitter_card":"summary_large_image","twitter_misc":{"Escrito por":"Telinha","Tempo estimado de leitura":"1 minuto"},"schema":{"@context":"https:\/\/schema.org","@graph":[{"@type":"Article","@id":"https:\/\/portaltela.pt\/noticias\/2026\/01\/13\/maya-diz-que-castelo-branco-teve-um-rebate-de-consciencia-na-entrevista-a-cmtv\/#article","isPartOf":{"@id":"https:\/\/portaltela.pt\/noticias\/2026\/01\/13\/maya-diz-que-castelo-branco-teve-um-rebate-de-consciencia-na-entrevista-a-cmtv\/"},"author":{"name":"Telinha","@id":"https:\/\/portaltela.pt\/#\/schema\/person\/c4278d4a6028830caff9ee44b42d32ed"},"headline":"Maya diz que Castelo Branco teve um rebate de consci\u00eancia na entrevista \u00e0 CMTV","datePublished":"2026-01-13T12:11:25+00:00","mainEntityOfPage":{"@id":"https:\/\/portaltela.pt\/noticias\/2026\/01\/13\/maya-diz-que-castelo-branco-teve-um-rebate-de-consciencia-na-entrevista-a-cmtv\/"},"wordCount":281,"image":{"@id":"https:\/\/portaltela.pt\/noticias\/2026\/01\/13\/maya-diz-que-castelo-branco-teve-um-rebate-de-consciencia-na-entrevista-a-cmtv\/#primaryimage"},"thumbnailUrl":"https:\/\/portaltela.pt\/s.01k8rhncp4jt1\/2026\/01\/img_1280x722uu2026-01-13-10-56-00-2259782.jpg","keywords":["Castelo Branco","celebridades","informa\u00e7\u00e3o","Noite das Estrelas","programa\u00e7\u00e3o"],"articleSection":["Entretenimento","Not\u00edcias"],"inLanguage":"pt-PT"},{"@type":"WebPage","@id":"https:\/\/portaltela.pt\/noticias\/2026\/01\/13\/maya-diz-que-castelo-branco-teve-um-rebate-de-consciencia-na-entrevista-a-cmtv\/","url":"https:\/\/portaltela.pt\/noticias\/2026\/01\/13\/maya-diz-que-castelo-branco-teve-um-rebate-de-consciencia-na-entrevista-a-cmtv\/","name":"Maya diz que Castelo Branco teve um rebate de consci\u00eancia na entrevista \u00e0 CMTV - Portal Tela Portugal","isPartOf":{"@id":"https:\/\/portaltela.pt\/#website"},"primaryImageOfPage":{"@id":"https:\/\/portaltela.pt\/noticias\/2026\/01\/13\/maya-diz-que-castelo-branco-teve-um-rebate-de-consciencia-na-entrevista-a-cmtv\/#primaryimage"},"image":{"@id":"https:\/\/portaltela.pt\/noticias\/2026\/01\/13\/maya-diz-que-castelo-branco-teve-um-rebate-de-consciencia-na-entrevista-a-cmtv\/#primaryimage"},"thumbnailUrl":"https:\/\/portaltela.pt\/s.01k8rhncp4jt1\/2026\/01\/img_1280x722uu2026-01-13-10-56-00-2259782.jpg","datePublished":"2026-01-13T12:11:25+00:00","author":{"@id":"https:\/\/portaltela.pt\/#\/schema\/person\/c4278d4a6028830caff9ee44b42d32ed"},"breadcrumb":{"@id":"https:\/\/portaltela.pt\/noticias\/2026\/01\/13\/maya-diz-que-castelo-branco-teve-um-rebate-de-consciencia-na-entrevista-a-cmtv\/#breadcrumb"},"inLanguage":"pt-PT","potentialAction":[{"@type":"ReadAction","target":["https:\/\/portaltela.pt\/noticias\/2026\/01\/13\/maya-diz-que-castelo-branco-teve-um-rebate-de-consciencia-na-entrevista-a-cmtv\/"]}]},{"@type":"ImageObject","inLanguage":"pt-PT","@id":"https:\/\/portaltela.pt\/noticias\/2026\/01\/13\/maya-diz-que-castelo-branco-teve-um-rebate-de-consciencia-na-entrevista-a-cmtv\/#primaryimage","url":"https:\/\/portaltela.pt\/s.01k8rhncp4jt1\/2026\/01\/img_1280x722uu2026-01-13-10-56-00-2259782.jpg","contentUrl":"https:\/\/portaltela.pt\/s.01k8rhncp4jt1\/2026\/01\/img_1280x722uu2026-01-13-10-56-00-2259782.jpg","width":796,"height":448,"caption":"Photo"},{"@type":"BreadcrumbList","@id":"https:\/\/portaltela.pt\/noticias\/2026\/01\/13\/maya-diz-que-castelo-branco-teve-um-rebate-de-consciencia-na-entrevista-a-cmtv\/#breadcrumb","itemListElement":[{"@type":"ListItem","position":1,"name":"In\u00edcio","item":"https:\/\/portaltela.pt\/"},{"@type":"ListItem","position":2,"name":"Maya diz que Castelo Branco teve um rebate de consci\u00eancia na entrevista \u00e0 CMTV"}]},{"@type":"WebSite","@id":"https:\/\/portaltela.pt\/#website","url":"https:\/\/portaltela.pt\/","name":"Portal Tela Portugal","description":"","potentialAction":[{"@type":"SearchAction","target":{"@type":"EntryPoint","urlTemplate":"https:\/\/portaltela.pt\/?s={search_term_string}"},"query-input":{"@type":"PropertyValueSpecification","valueRequired":true,"valueName":"search_term_string"}}],"inLanguage":"pt-PT"},{"@type":"Person","@id":"https:\/\/portaltela.pt\/#\/schema\/person\/c4278d4a6028830caff9ee44b42d32ed","name":"Telinha","image":{"@type":"ImageObject","inLanguage":"pt-PT","@id":"https:\/\/portaltela.pt\/s.01k8rhncp4jt1\/2025\/11\/talking-bot-125x125.png","url":"https:\/\/portaltela.pt\/s.01k8rhncp4jt1\/2025\/11\/talking-bot-125x125.png","contentUrl":"https:\/\/portaltela.pt\/s.01k8rhncp4jt1\/2025\/11\/talking-bot-125x125.png","caption":"Telinha"},"sameAs":["https:\/\/portaltela.pt\/"],"url":"https:\/\/portaltela.pt\/por\/367410592786\/"}]}},"_links":{"self":[{"href":"https:\/\/portaltela.pt\/api\/wp\/v2\/posts\/138224","targetHints":{"allow":["GET"]}}],"collection":[{"href":"https:\/\/portaltela.pt\/api\/wp\/v2\/posts"}],"about":[{"href":"https:\/\/portaltela.pt\/api\/wp\/v2\/types\/post"}],"author":[{"embeddable":true,"href":"https:\/\/portaltela.pt\/api\/wp\/v2\/users\/2"}],"replies":[{"embeddable":true,"href":"https:\/\/portaltela.pt\/api\/wp\/v2\/comments?post=138224"}],"version-history":[{"count":0,"href":"https:\/\/portaltela.pt\/api\/wp\/v2\/posts\/138224\/revisions"}],"wp:featuredmedia":[{"embeddable":true,"href":"https:\/\/portaltela.pt\/api\/wp\/v2\/media\/138234"}],"wp:attachment":[{"href":"https:\/\/portaltela.pt\/api\/wp\/v2\/media?parent=138224"}],"wp:term":[{"taxonomy":"category","embeddable":true,"href":"https:\/\/portaltela.pt\/api\/wp\/v2\/categories?post=138224"},{"taxonomy":"post_tag","embeddable":true,"href":"https:\/\/portaltela.pt\/api\/wp\/v2\/tags?post=138224"}],"curies":[{"name":"wp","href":"https:\/\/api.w.org\/{rel}","templated":true}]}}