{"id":138125,"date":"2026-01-13T08:29:28","date_gmt":"2026-01-13T11:29:28","guid":{"rendered":"https:\/\/portaltela.pt\/noticias\/2026\/01\/13\/meia-maratona-do-vale-do-mondego-ja-marcada-na-agenda\/"},"modified":"2026-01-13T08:29:28","modified_gmt":"2026-01-13T11:29:28","slug":"meia-maratona-do-vale-do-mondego-ja-marcada-na-agenda","status":"publish","type":"post","link":"https:\/\/portaltela.pt\/desporto\/2026\/01\/13\/meia-maratona-do-vale-do-mondego-ja-marcada-na-agenda\/","title":{"rendered":"Meia Maratona do Vale do Mondego j\u00e1 marcada na agenda"},"content":{"rendered":"<p>A Meia Maratona do Vale do Mondego vai marcar o dia 7 de junho, quando o cora\u00e7\u00e3o da regi\u00e3o acolhe uma prova que combina desporto, natureza e patrim\u00f3nio. O trajeto liga Fornos de Algodres a Celorico da Beira, num cen\u00e1rio de paisagens \u00fanicas.<\/p>\n<p>A organiza\u00e7\u00e3o fica a cargo do Beiras Marca A.D.E, com o apoio do Mais Beiras Informa\u00e7\u00e3o. A corrida destina-se a atletas experientes e a quem procura superar-se, num convivio desportivo que valoriza a regi\u00e3o.<\/p>\n<p>O evento promete testar limites e apresentar a beleza do Vale do Mondego. Ao longo do percurso, os participantes podem usufruir da natureza, do envolvimento das popula\u00e7\u00f5es locais e de uma experi\u00eancia de desporto e supera\u00e7\u00e3o.<\/p>\n<p>Detalhes sobre os percursos, inscri\u00e7\u00f5es e hor\u00e1rios ser\u00e3o divulgados brevemente pela organiza\u00e7\u00e3o, que convida potenciais participantes a marcar a data e preparar-se para o desafio. Corre pelo Vale, sente o Mondego e vive o desafio.<\/p>\n","protected":false},"excerpt":{"rendered":"<ul>\n<li>A Meia Maratona do Vale do Mondego realiza-se em sete de junho, ligando Fornos de Algodres a Celorico da Beira.<\/li>\n<li>Organizada pela Beiras Marca A.D.E, com o apoio do Mais Beiras Informa\u00e7\u00e3o, a prova tem um percurso desafiador e inspirador.<\/li>\n<li>O trajeto oferece as paisagens do Vale do Mondego e o conv\u00edvio desportivo, com entusiasmo das comunidades locais.<\/li>\n<li>A corrida \u00e9 adequada tanto a atletas experientes como a quem quer superar-se, com detalhes sobre percursos, inscri\u00e7\u00f5es e hor\u00e1rios a serem anunciados em breve.<\/li>\n<li>Em breve ser\u00e3o divulgados os pormenores oficiais do evento.<\/li>\n<\/ul>\n","protected":false},"author":2,"featured_media":138140,"comment_status":"closed","ping_status":"closed","sticky":false,"template":"","format":"standard","meta":{"footnotes":""},"categories":[21],"tags":[1966,152,186,1354,399],"class_list":["post-138125","post","type-post","status-publish","format-standard","has-post-thumbnail","hentry","category-desporto","tag-celorico-da-beira","tag-desporto","tag-desportos","tag-fornos-de-algodres","tag-organizacao-desportiva"],"yoast_head":"<!-- This site is optimized with the Yoast SEO plugin v27.2 - https:\/\/yoast.com\/product\/yoast-seo-wordpress\/ -->\n<title>Meia Maratona do Vale do Mondego j\u00e1 marcada na agenda - Portal Tela Portugal<\/title>\n<meta name=\"robots\" content=\"index, follow, max-snippet:-1, max-image-preview:large, max-video-preview:-1\" \/>\n<meta property=\"og:locale\" content=\"pt_PT\" \/>\n<meta property=\"og:type\" content=\"article\" \/>\n<meta property=\"og:title\" content=\"Meia Maratona do Vale do Mondego j\u00e1 marcada na agenda - Portal Tela Portugal\" \/>\n<meta property=\"og:description\" content=\"A Meia Maratona do Vale do Mondego realiza-se em sete de junho, ligando Fornos de Algodres a Celorico da Beira. Organizada pela Beiras Marca A.D.E, com o apoio do Mais Beiras Informa\u00e7\u00e3o, a prova tem um percurso desafiador e inspirador. O trajeto oferece as paisagens do Vale do Mondego e o conv\u00edvio desportivo, com entusiasmo das comunidades locais. A corrida \u00e9 adequada tanto a atletas experientes como a quem quer superar-se, com detalhes sobre percursos, inscri\u00e7\u00f5es e hor\u00e1rios a serem anunciados em breve. Em breve ser\u00e3o divulgados os pormenores oficiais do evento.\" \/>\n<meta property=\"og:url\" content=\"https:\/\/portaltela.pt\/noticias\/2026\/01\/13\/meia-maratona-do-vale-do-mondego-ja-marcada-na-agenda\/\" \/>\n<meta property=\"og:site_name\" content=\"Portal Tela Portugal\" \/>\n<meta property=\"article:published_time\" content=\"2026-01-13T11:29:28+00:00\" \/>\n<meta name=\"author\" content=\"Telinha\" \/>\n<meta name=\"twitter:card\" content=\"summary_large_image\" \/>\n<meta name=\"twitter:label1\" content=\"Escrito por\" \/>\n\t<meta name=\"twitter:data1\" content=\"Telinha\" \/>\n\t<meta name=\"twitter:label2\" content=\"Tempo estimado de leitura\" \/>\n\t<meta name=\"twitter:data2\" content=\"1 minuto\" \/>\n<script type=\"application\/ld+json\" class=\"yoast-schema-graph\">{\"@context\":\"https:\/\/schema.org\",\"@graph\":[{\"@type\":\"Article\",\"@id\":\"https:\/\/portaltela.pt\/noticias\/2026\/01\/13\/meia-maratona-do-vale-do-mondego-ja-marcada-na-agenda\/#article\",\"isPartOf\":{\"@id\":\"https:\/\/portaltela.pt\/noticias\/2026\/01\/13\/meia-maratona-do-vale-do-mondego-ja-marcada-na-agenda\/\"},\"author\":{\"name\":\"Telinha\",\"@id\":\"https:\/\/portaltela.pt\/#\/schema\/person\/c4278d4a6028830caff9ee44b42d32ed\"},\"headline\":\"Meia Maratona do Vale do Mondego j\u00e1 marcada na agenda\",\"datePublished\":\"2026-01-13T11:29:28+00:00\",\"mainEntityOfPage\":{\"@id\":\"https:\/\/portaltela.pt\/noticias\/2026\/01\/13\/meia-maratona-do-vale-do-mondego-ja-marcada-na-agenda\/\"},\"wordCount\":173,\"image\":{\"@id\":\"https:\/\/portaltela.pt\/noticias\/2026\/01\/13\/meia-maratona-do-vale-do-mondego-ja-marcada-na-agenda\/#primaryimage\"},\"thumbnailUrl\":\"https:\/\/portaltela.pt\/s.01k8rhncp4jt1\/2026\/01\/unnamed-file-2684.jpg\",\"keywords\":[\"Celorico da Beira\",\"desporto\",\"desportos\",\"Fornos de Algodres\",\"organiza\u00e7\u00e3o desportiva\"],\"articleSection\":[\"Desporto\"],\"inLanguage\":\"pt-PT\"},{\"@type\":\"WebPage\",\"@id\":\"https:\/\/portaltela.pt\/noticias\/2026\/01\/13\/meia-maratona-do-vale-do-mondego-ja-marcada-na-agenda\/\",\"url\":\"https:\/\/portaltela.pt\/noticias\/2026\/01\/13\/meia-maratona-do-vale-do-mondego-ja-marcada-na-agenda\/\",\"name\":\"Meia Maratona do Vale do Mondego j\u00e1 marcada na agenda - Portal Tela Portugal\",\"isPartOf\":{\"@id\":\"https:\/\/portaltela.pt\/#website\"},\"primaryImageOfPage\":{\"@id\":\"https:\/\/portaltela.pt\/noticias\/2026\/01\/13\/meia-maratona-do-vale-do-mondego-ja-marcada-na-agenda\/#primaryimage\"},\"image\":{\"@id\":\"https:\/\/portaltela.pt\/noticias\/2026\/01\/13\/meia-maratona-do-vale-do-mondego-ja-marcada-na-agenda\/#primaryimage\"},\"thumbnailUrl\":\"https:\/\/portaltela.pt\/s.01k8rhncp4jt1\/2026\/01\/unnamed-file-2684.jpg\",\"datePublished\":\"2026-01-13T11:29:28+00:00\",\"author\":{\"@id\":\"https:\/\/portaltela.pt\/#\/schema\/person\/c4278d4a6028830caff9ee44b42d32ed\"},\"breadcrumb\":{\"@id\":\"https:\/\/portaltela.pt\/noticias\/2026\/01\/13\/meia-maratona-do-vale-do-mondego-ja-marcada-na-agenda\/#breadcrumb\"},\"inLanguage\":\"pt-PT\",\"potentialAction\":[{\"@type\":\"ReadAction\",\"target\":[\"https:\/\/portaltela.pt\/noticias\/2026\/01\/13\/meia-maratona-do-vale-do-mondego-ja-marcada-na-agenda\/\"]}]},{\"@type\":\"ImageObject\",\"inLanguage\":\"pt-PT\",\"@id\":\"https:\/\/portaltela.pt\/noticias\/2026\/01\/13\/meia-maratona-do-vale-do-mondego-ja-marcada-na-agenda\/#primaryimage\",\"url\":\"https:\/\/portaltela.pt\/s.01k8rhncp4jt1\/2026\/01\/unnamed-file-2684.jpg\",\"contentUrl\":\"https:\/\/portaltela.pt\/s.01k8rhncp4jt1\/2026\/01\/unnamed-file-2684.jpg\",\"width\":796,\"height\":448,\"caption\":\"Meia Maratona do Vale do Mondego. Marque na sua agenda!\"},{\"@type\":\"BreadcrumbList\",\"@id\":\"https:\/\/portaltela.pt\/noticias\/2026\/01\/13\/meia-maratona-do-vale-do-mondego-ja-marcada-na-agenda\/#breadcrumb\",\"itemListElement\":[{\"@type\":\"ListItem\",\"position\":1,\"name\":\"In\u00edcio\",\"item\":\"https:\/\/portaltela.pt\/\"},{\"@type\":\"ListItem\",\"position\":2,\"name\":\"Meia Maratona do Vale do Mondego j\u00e1 marcada na agenda\"}]},{\"@type\":\"WebSite\",\"@id\":\"https:\/\/portaltela.pt\/#website\",\"url\":\"https:\/\/portaltela.pt\/\",\"name\":\"Portal Tela Portugal\",\"description\":\"\",\"potentialAction\":[{\"@type\":\"SearchAction\",\"target\":{\"@type\":\"EntryPoint\",\"urlTemplate\":\"https:\/\/portaltela.pt\/?s={search_term_string}\"},\"query-input\":{\"@type\":\"PropertyValueSpecification\",\"valueRequired\":true,\"valueName\":\"search_term_string\"}}],\"inLanguage\":\"pt-PT\"},{\"@type\":\"Person\",\"@id\":\"https:\/\/portaltela.pt\/#\/schema\/person\/c4278d4a6028830caff9ee44b42d32ed\",\"name\":\"Telinha\",\"image\":{\"@type\":\"ImageObject\",\"inLanguage\":\"pt-PT\",\"@id\":\"https:\/\/portaltela.pt\/s.01k8rhncp4jt1\/2025\/11\/talking-bot-125x125.png\",\"url\":\"https:\/\/portaltela.pt\/s.01k8rhncp4jt1\/2025\/11\/talking-bot-125x125.png\",\"contentUrl\":\"https:\/\/portaltela.pt\/s.01k8rhncp4jt1\/2025\/11\/talking-bot-125x125.png\",\"caption\":\"Telinha\"},\"sameAs\":[\"https:\/\/portaltela.pt\/\"],\"url\":\"https:\/\/portaltela.pt\/por\/367410592786\/\"}]}<\/script>\n<!-- \/ Yoast SEO plugin. -->","yoast_head_json":{"title":"Meia Maratona do Vale do Mondego j\u00e1 marcada na agenda - Portal Tela Portugal","robots":{"index":"index","follow":"follow","max-snippet":"max-snippet:-1","max-image-preview":"max-image-preview:large","max-video-preview":"max-video-preview:-1"},"og_locale":"pt_PT","og_type":"article","og_title":"Meia Maratona do Vale do Mondego j\u00e1 marcada na agenda - Portal Tela Portugal","og_description":"A Meia Maratona do Vale do Mondego realiza-se em sete de junho, ligando Fornos de Algodres a Celorico da Beira. Organizada pela Beiras Marca A.D.E, com o apoio do Mais Beiras Informa\u00e7\u00e3o, a prova tem um percurso desafiador e inspirador. O trajeto oferece as paisagens do Vale do Mondego e o conv\u00edvio desportivo, com entusiasmo das comunidades locais. A corrida \u00e9 adequada tanto a atletas experientes como a quem quer superar-se, com detalhes sobre percursos, inscri\u00e7\u00f5es e hor\u00e1rios a serem anunciados em breve. Em breve ser\u00e3o divulgados os pormenores oficiais do evento.","og_url":"https:\/\/portaltela.pt\/noticias\/2026\/01\/13\/meia-maratona-do-vale-do-mondego-ja-marcada-na-agenda\/","og_site_name":"Portal Tela Portugal","article_published_time":"2026-01-13T11:29:28+00:00","author":"Telinha","twitter_card":"summary_large_image","twitter_misc":{"Escrito por":"Telinha","Tempo estimado de leitura":"1 minuto"},"schema":{"@context":"https:\/\/schema.org","@graph":[{"@type":"Article","@id":"https:\/\/portaltela.pt\/noticias\/2026\/01\/13\/meia-maratona-do-vale-do-mondego-ja-marcada-na-agenda\/#article","isPartOf":{"@id":"https:\/\/portaltela.pt\/noticias\/2026\/01\/13\/meia-maratona-do-vale-do-mondego-ja-marcada-na-agenda\/"},"author":{"name":"Telinha","@id":"https:\/\/portaltela.pt\/#\/schema\/person\/c4278d4a6028830caff9ee44b42d32ed"},"headline":"Meia Maratona do Vale do Mondego j\u00e1 marcada na agenda","datePublished":"2026-01-13T11:29:28+00:00","mainEntityOfPage":{"@id":"https:\/\/portaltela.pt\/noticias\/2026\/01\/13\/meia-maratona-do-vale-do-mondego-ja-marcada-na-agenda\/"},"wordCount":173,"image":{"@id":"https:\/\/portaltela.pt\/noticias\/2026\/01\/13\/meia-maratona-do-vale-do-mondego-ja-marcada-na-agenda\/#primaryimage"},"thumbnailUrl":"https:\/\/portaltela.pt\/s.01k8rhncp4jt1\/2026\/01\/unnamed-file-2684.jpg","keywords":["Celorico da Beira","desporto","desportos","Fornos de Algodres","organiza\u00e7\u00e3o desportiva"],"articleSection":["Desporto"],"inLanguage":"pt-PT"},{"@type":"WebPage","@id":"https:\/\/portaltela.pt\/noticias\/2026\/01\/13\/meia-maratona-do-vale-do-mondego-ja-marcada-na-agenda\/","url":"https:\/\/portaltela.pt\/noticias\/2026\/01\/13\/meia-maratona-do-vale-do-mondego-ja-marcada-na-agenda\/","name":"Meia Maratona do Vale do Mondego j\u00e1 marcada na agenda - Portal Tela Portugal","isPartOf":{"@id":"https:\/\/portaltela.pt\/#website"},"primaryImageOfPage":{"@id":"https:\/\/portaltela.pt\/noticias\/2026\/01\/13\/meia-maratona-do-vale-do-mondego-ja-marcada-na-agenda\/#primaryimage"},"image":{"@id":"https:\/\/portaltela.pt\/noticias\/2026\/01\/13\/meia-maratona-do-vale-do-mondego-ja-marcada-na-agenda\/#primaryimage"},"thumbnailUrl":"https:\/\/portaltela.pt\/s.01k8rhncp4jt1\/2026\/01\/unnamed-file-2684.jpg","datePublished":"2026-01-13T11:29:28+00:00","author":{"@id":"https:\/\/portaltela.pt\/#\/schema\/person\/c4278d4a6028830caff9ee44b42d32ed"},"breadcrumb":{"@id":"https:\/\/portaltela.pt\/noticias\/2026\/01\/13\/meia-maratona-do-vale-do-mondego-ja-marcada-na-agenda\/#breadcrumb"},"inLanguage":"pt-PT","potentialAction":[{"@type":"ReadAction","target":["https:\/\/portaltela.pt\/noticias\/2026\/01\/13\/meia-maratona-do-vale-do-mondego-ja-marcada-na-agenda\/"]}]},{"@type":"ImageObject","inLanguage":"pt-PT","@id":"https:\/\/portaltela.pt\/noticias\/2026\/01\/13\/meia-maratona-do-vale-do-mondego-ja-marcada-na-agenda\/#primaryimage","url":"https:\/\/portaltela.pt\/s.01k8rhncp4jt1\/2026\/01\/unnamed-file-2684.jpg","contentUrl":"https:\/\/portaltela.pt\/s.01k8rhncp4jt1\/2026\/01\/unnamed-file-2684.jpg","width":796,"height":448,"caption":"Meia Maratona do Vale do Mondego. Marque na sua agenda!"},{"@type":"BreadcrumbList","@id":"https:\/\/portaltela.pt\/noticias\/2026\/01\/13\/meia-maratona-do-vale-do-mondego-ja-marcada-na-agenda\/#breadcrumb","itemListElement":[{"@type":"ListItem","position":1,"name":"In\u00edcio","item":"https:\/\/portaltela.pt\/"},{"@type":"ListItem","position":2,"name":"Meia Maratona do Vale do Mondego j\u00e1 marcada na agenda"}]},{"@type":"WebSite","@id":"https:\/\/portaltela.pt\/#website","url":"https:\/\/portaltela.pt\/","name":"Portal Tela Portugal","description":"","potentialAction":[{"@type":"SearchAction","target":{"@type":"EntryPoint","urlTemplate":"https:\/\/portaltela.pt\/?s={search_term_string}"},"query-input":{"@type":"PropertyValueSpecification","valueRequired":true,"valueName":"search_term_string"}}],"inLanguage":"pt-PT"},{"@type":"Person","@id":"https:\/\/portaltela.pt\/#\/schema\/person\/c4278d4a6028830caff9ee44b42d32ed","name":"Telinha","image":{"@type":"ImageObject","inLanguage":"pt-PT","@id":"https:\/\/portaltela.pt\/s.01k8rhncp4jt1\/2025\/11\/talking-bot-125x125.png","url":"https:\/\/portaltela.pt\/s.01k8rhncp4jt1\/2025\/11\/talking-bot-125x125.png","contentUrl":"https:\/\/portaltela.pt\/s.01k8rhncp4jt1\/2025\/11\/talking-bot-125x125.png","caption":"Telinha"},"sameAs":["https:\/\/portaltela.pt\/"],"url":"https:\/\/portaltela.pt\/por\/367410592786\/"}]}},"_links":{"self":[{"href":"https:\/\/portaltela.pt\/api\/wp\/v2\/posts\/138125","targetHints":{"allow":["GET"]}}],"collection":[{"href":"https:\/\/portaltela.pt\/api\/wp\/v2\/posts"}],"about":[{"href":"https:\/\/portaltela.pt\/api\/wp\/v2\/types\/post"}],"author":[{"embeddable":true,"href":"https:\/\/portaltela.pt\/api\/wp\/v2\/users\/2"}],"replies":[{"embeddable":true,"href":"https:\/\/portaltela.pt\/api\/wp\/v2\/comments?post=138125"}],"version-history":[{"count":0,"href":"https:\/\/portaltela.pt\/api\/wp\/v2\/posts\/138125\/revisions"}],"wp:featuredmedia":[{"embeddable":true,"href":"https:\/\/portaltela.pt\/api\/wp\/v2\/media\/138140"}],"wp:attachment":[{"href":"https:\/\/portaltela.pt\/api\/wp\/v2\/media?parent=138125"}],"wp:term":[{"taxonomy":"category","embeddable":true,"href":"https:\/\/portaltela.pt\/api\/wp\/v2\/categories?post=138125"},{"taxonomy":"post_tag","embeddable":true,"href":"https:\/\/portaltela.pt\/api\/wp\/v2\/tags?post=138125"}],"curies":[{"name":"wp","href":"https:\/\/api.w.org\/{rel}","templated":true}]}}