{"id":138118,"date":"2026-01-13T08:42:43","date_gmt":"2026-01-13T11:42:43","guid":{"rendered":"https:\/\/portaltela.pt\/noticias\/2026\/01\/13\/mp-acusa-alegado-autor-de-atropelamento-mortal-com-fuga-em-evora\/"},"modified":"2026-01-13T08:42:43","modified_gmt":"2026-01-13T11:42:43","slug":"mp-acusa-alegado-autor-de-atropelamento-mortal-com-fuga-em-evora","status":"publish","type":"post","link":"https:\/\/portaltela.pt\/noticias\/2026\/01\/13\/mp-acusa-alegado-autor-de-atropelamento-mortal-com-fuga-em-evora\/","title":{"rendered":"MP acusa alegado autor de atropelamento mortal com fuga em \u00c9vora"},"content":{"rendered":"<p>Um homem de 59 anos foi acusado pelo Minist\u00e9rio P\u00fablico (MP) de homic\u00eddio por neglig\u00eancia e omiss\u00e3o de aux\u00edlio, no caso de um atropelhamento mortal com fuga em \u00c9vora. O acidente ocorreu a 27 de agosto de 2024, na Estrada da Chainha, no bairro do Bacelo, quando a idosa de 88 anos era atingida enquanto circulava a p\u00e9 na berma. O condutor seguia em um ve\u00edculo ligeiro de mercadorias.<\/p>\n<p>Segundo o MP, o atropelamento aconteceu devido \u00e0 velocidade excessiva e \u00e0 falta de aten\u00e7\u00e3o do condutor, que n\u00e3o respeitou as regras de tr\u00e2nsito. O suspeito deixou o local sem prestar aux\u00edlio ou activar meios de socorro. A v\u00edtima sofreu m\u00faltiplas les\u00f5es graves e acabou por falecer horas depois.<\/p>\n<p>A investiga\u00e7\u00e3o contou com a colabora\u00e7\u00e3o da PSP de \u00c9vora. Os familiares da v\u00edtima e o Hospital do Esp\u00edrito Santo de \u00c9vora foram notificados para eventual fim indemnizat\u00f3rio civil. O MP indicou que decorre o prazo para eventual abertura de instru\u00e7\u00e3o, com envio do processo a julgamento caso n\u00e3o haja requerimento de fase adicional.<\/p>\n<h3>Progresso da investiga\u00e7\u00e3o<\/h3>\n<p>O alerta para o acidente foi dado \u00e0s 20h47 do dia 27 de agosto. O suspeito apresentou-se na Esquadra da PSP de \u00c9vora dois dias depois, ap\u00f3s dilig\u00eancias que inclu\u00edram buscas na resid\u00eancia do suspeito. Foi constitu\u00eddo arguido e libertado sob termo de identidade e resid\u00eancia.<\/p>\n","protected":false},"excerpt":{"rendered":"<ul>\n<li>O Minist\u00e9rio P\u00fablico acusou um homem de 59 anos de homic\u00eddio por neglig\u00eancia e omiss\u00e3o de aux\u00edlio no atropelamento mortal com fuga ocorrido em \u00c9vora.<\/li>\n<li>O acidente aconteceu a 27 de agosto de 2024 na Estrada da Chainha, no Bacelo, quando o ve\u00edculo ligeiro de mercadorias embateu numa idosa de 88 anos que circulava a p\u00e9.<\/li>\n<li>O MP aponta que a velocidade excessiva e a falta de aten\u00e7\u00e3o do condutor violaram as regras de tr\u00e2nsito, levando \u00e0 morte da v\u00edtima horas depois.<\/li>\n<li>Ap\u00f3s o embate, o motorista abandonou o local sem prestar socorro; a PSP investigou e o arguido foi identificado dois dias depois e libertado sob termo de identidade e resid\u00eancia.<\/li>\n<li>Familiares da v\u00edtima e o Hospital do Esp\u00edrito Santo de \u00c9vora foram notificadas para eventual indemniza\u00e7\u00e3o civil; est\u00e1 aberto o prazo para poss\u00edvel abertura de instru\u00e7\u00e3o.<\/li>\n<\/ul>\n","protected":false},"author":2,"featured_media":138126,"comment_status":"closed","ping_status":"closed","sticky":false,"template":"","format":"standard","meta":{"footnotes":""},"categories":[1],"tags":[2088,1074,1345,215,1616,1381],"class_list":["post-138118","post","type-post","status-publish","format-standard","has-post-thumbnail","hentry","category-noticias","tag-acidente-de-viacao","tag-evora","tag-homicidio","tag-investigacao","tag-omissao-de-auxilio","tag-psp"],"yoast_head":"<!-- This site is optimized with the Yoast SEO plugin v27.2 - https:\/\/yoast.com\/product\/yoast-seo-wordpress\/ -->\n<title>MP acusa alegado autor de atropelamento mortal com fuga em \u00c9vora - Portal Tela Portugal<\/title>\n<meta name=\"robots\" content=\"index, follow, max-snippet:-1, max-image-preview:large, max-video-preview:-1\" \/>\n<meta property=\"og:locale\" content=\"pt_PT\" \/>\n<meta property=\"og:type\" content=\"article\" \/>\n<meta property=\"og:title\" content=\"MP acusa alegado autor de atropelamento mortal com fuga em \u00c9vora - Portal Tela Portugal\" \/>\n<meta property=\"og:description\" content=\"O Minist\u00e9rio P\u00fablico acusou um homem de 59 anos de homic\u00eddio por neglig\u00eancia e omiss\u00e3o de aux\u00edlio no atropelamento mortal com fuga ocorrido em \u00c9vora. O acidente aconteceu a 27 de agosto de 2024 na Estrada da Chainha, no Bacelo, quando o ve\u00edculo ligeiro de mercadorias embateu numa idosa de 88 anos que circulava a p\u00e9. O MP aponta que a velocidade excessiva e a falta de aten\u00e7\u00e3o do condutor violaram as regras de tr\u00e2nsito, levando \u00e0 morte da v\u00edtima horas depois. Ap\u00f3s o embate, o motorista abandonou o local sem prestar socorro; a PSP investigou e o arguido foi identificado dois dias depois e libertado sob termo de identidade e resid\u00eancia. Familiares da v\u00edtima e o Hospital do Esp\u00edrito Santo de \u00c9vora foram notificadas para eventual indemniza\u00e7\u00e3o civil; est\u00e1 aberto o prazo para poss\u00edvel abertura de instru\u00e7\u00e3o.\" \/>\n<meta property=\"og:url\" content=\"https:\/\/portaltela.pt\/noticias\/2026\/01\/13\/mp-acusa-alegado-autor-de-atropelamento-mortal-com-fuga-em-evora\/\" \/>\n<meta property=\"og:site_name\" content=\"Portal Tela Portugal\" \/>\n<meta property=\"article:published_time\" content=\"2026-01-13T11:42:43+00:00\" \/>\n<meta name=\"author\" content=\"Telinha\" \/>\n<meta name=\"twitter:card\" content=\"summary_large_image\" \/>\n<meta name=\"twitter:label1\" content=\"Escrito por\" \/>\n\t<meta name=\"twitter:data1\" content=\"Telinha\" \/>\n\t<meta name=\"twitter:label2\" content=\"Tempo estimado de leitura\" \/>\n\t<meta name=\"twitter:data2\" content=\"1 minuto\" \/>\n<script type=\"application\/ld+json\" class=\"yoast-schema-graph\">{\"@context\":\"https:\/\/schema.org\",\"@graph\":[{\"@type\":\"Article\",\"@id\":\"https:\/\/portaltela.pt\/noticias\/2026\/01\/13\/mp-acusa-alegado-autor-de-atropelamento-mortal-com-fuga-em-evora\/#article\",\"isPartOf\":{\"@id\":\"https:\/\/portaltela.pt\/noticias\/2026\/01\/13\/mp-acusa-alegado-autor-de-atropelamento-mortal-com-fuga-em-evora\/\"},\"author\":{\"name\":\"Telinha\",\"@id\":\"https:\/\/portaltela.pt\/#\/schema\/person\/c4278d4a6028830caff9ee44b42d32ed\"},\"headline\":\"MP acusa alegado autor de atropelamento mortal com fuga em \u00c9vora\",\"datePublished\":\"2026-01-13T11:42:43+00:00\",\"mainEntityOfPage\":{\"@id\":\"https:\/\/portaltela.pt\/noticias\/2026\/01\/13\/mp-acusa-alegado-autor-de-atropelamento-mortal-com-fuga-em-evora\/\"},\"wordCount\":253,\"image\":{\"@id\":\"https:\/\/portaltela.pt\/noticias\/2026\/01\/13\/mp-acusa-alegado-autor-de-atropelamento-mortal-com-fuga-em-evora\/#primaryimage\"},\"thumbnailUrl\":\"https:\/\/portaltela.pt\/s.01k8rhncp4jt1\/2026\/01\/img_1500x1000uu2024-06-10-14-20-00-1677056-5.jpg\",\"keywords\":[\"acidente de via\u00e7\u00e3o\",\"\u00c9vora\",\"homic\u00eddio\",\"investiga\u00e7\u00e3o\",\"omiss\u00e3o de aux\u00edlio\",\"PSP\"],\"articleSection\":[\"Not\u00edcias\"],\"inLanguage\":\"pt-PT\"},{\"@type\":\"WebPage\",\"@id\":\"https:\/\/portaltela.pt\/noticias\/2026\/01\/13\/mp-acusa-alegado-autor-de-atropelamento-mortal-com-fuga-em-evora\/\",\"url\":\"https:\/\/portaltela.pt\/noticias\/2026\/01\/13\/mp-acusa-alegado-autor-de-atropelamento-mortal-com-fuga-em-evora\/\",\"name\":\"MP acusa alegado autor de atropelamento mortal com fuga em \u00c9vora - Portal Tela Portugal\",\"isPartOf\":{\"@id\":\"https:\/\/portaltela.pt\/#website\"},\"primaryImageOfPage\":{\"@id\":\"https:\/\/portaltela.pt\/noticias\/2026\/01\/13\/mp-acusa-alegado-autor-de-atropelamento-mortal-com-fuga-em-evora\/#primaryimage\"},\"image\":{\"@id\":\"https:\/\/portaltela.pt\/noticias\/2026\/01\/13\/mp-acusa-alegado-autor-de-atropelamento-mortal-com-fuga-em-evora\/#primaryimage\"},\"thumbnailUrl\":\"https:\/\/portaltela.pt\/s.01k8rhncp4jt1\/2026\/01\/img_1500x1000uu2024-06-10-14-20-00-1677056-5.jpg\",\"datePublished\":\"2026-01-13T11:42:43+00:00\",\"author\":{\"@id\":\"https:\/\/portaltela.pt\/#\/schema\/person\/c4278d4a6028830caff9ee44b42d32ed\"},\"breadcrumb\":{\"@id\":\"https:\/\/portaltela.pt\/noticias\/2026\/01\/13\/mp-acusa-alegado-autor-de-atropelamento-mortal-com-fuga-em-evora\/#breadcrumb\"},\"inLanguage\":\"pt-PT\",\"potentialAction\":[{\"@type\":\"ReadAction\",\"target\":[\"https:\/\/portaltela.pt\/noticias\/2026\/01\/13\/mp-acusa-alegado-autor-de-atropelamento-mortal-com-fuga-em-evora\/\"]}]},{\"@type\":\"ImageObject\",\"inLanguage\":\"pt-PT\",\"@id\":\"https:\/\/portaltela.pt\/noticias\/2026\/01\/13\/mp-acusa-alegado-autor-de-atropelamento-mortal-com-fuga-em-evora\/#primaryimage\",\"url\":\"https:\/\/portaltela.pt\/s.01k8rhncp4jt1\/2026\/01\/img_1500x1000uu2024-06-10-14-20-00-1677056-5.jpg\",\"contentUrl\":\"https:\/\/portaltela.pt\/s.01k8rhncp4jt1\/2026\/01\/img_1500x1000uu2024-06-10-14-20-00-1677056-5.jpg\",\"width\":796,\"height\":448,\"caption\":\"PSP\"},{\"@type\":\"BreadcrumbList\",\"@id\":\"https:\/\/portaltela.pt\/noticias\/2026\/01\/13\/mp-acusa-alegado-autor-de-atropelamento-mortal-com-fuga-em-evora\/#breadcrumb\",\"itemListElement\":[{\"@type\":\"ListItem\",\"position\":1,\"name\":\"In\u00edcio\",\"item\":\"https:\/\/portaltela.pt\/\"},{\"@type\":\"ListItem\",\"position\":2,\"name\":\"MP acusa alegado autor de atropelamento mortal com fuga em \u00c9vora\"}]},{\"@type\":\"WebSite\",\"@id\":\"https:\/\/portaltela.pt\/#website\",\"url\":\"https:\/\/portaltela.pt\/\",\"name\":\"Portal Tela Portugal\",\"description\":\"\",\"potentialAction\":[{\"@type\":\"SearchAction\",\"target\":{\"@type\":\"EntryPoint\",\"urlTemplate\":\"https:\/\/portaltela.pt\/?s={search_term_string}\"},\"query-input\":{\"@type\":\"PropertyValueSpecification\",\"valueRequired\":true,\"valueName\":\"search_term_string\"}}],\"inLanguage\":\"pt-PT\"},{\"@type\":\"Person\",\"@id\":\"https:\/\/portaltela.pt\/#\/schema\/person\/c4278d4a6028830caff9ee44b42d32ed\",\"name\":\"Telinha\",\"image\":{\"@type\":\"ImageObject\",\"inLanguage\":\"pt-PT\",\"@id\":\"https:\/\/portaltela.pt\/s.01k8rhncp4jt1\/2025\/11\/talking-bot-125x125.png\",\"url\":\"https:\/\/portaltela.pt\/s.01k8rhncp4jt1\/2025\/11\/talking-bot-125x125.png\",\"contentUrl\":\"https:\/\/portaltela.pt\/s.01k8rhncp4jt1\/2025\/11\/talking-bot-125x125.png\",\"caption\":\"Telinha\"},\"sameAs\":[\"https:\/\/portaltela.pt\/\"],\"url\":\"https:\/\/portaltela.pt\/por\/367410592786\/\"}]}<\/script>\n<!-- \/ Yoast SEO plugin. -->","yoast_head_json":{"title":"MP acusa alegado autor de atropelamento mortal com fuga em \u00c9vora - Portal Tela Portugal","robots":{"index":"index","follow":"follow","max-snippet":"max-snippet:-1","max-image-preview":"max-image-preview:large","max-video-preview":"max-video-preview:-1"},"og_locale":"pt_PT","og_type":"article","og_title":"MP acusa alegado autor de atropelamento mortal com fuga em \u00c9vora - Portal Tela Portugal","og_description":"O Minist\u00e9rio P\u00fablico acusou um homem de 59 anos de homic\u00eddio por neglig\u00eancia e omiss\u00e3o de aux\u00edlio no atropelamento mortal com fuga ocorrido em \u00c9vora. O acidente aconteceu a 27 de agosto de 2024 na Estrada da Chainha, no Bacelo, quando o ve\u00edculo ligeiro de mercadorias embateu numa idosa de 88 anos que circulava a p\u00e9. O MP aponta que a velocidade excessiva e a falta de aten\u00e7\u00e3o do condutor violaram as regras de tr\u00e2nsito, levando \u00e0 morte da v\u00edtima horas depois. Ap\u00f3s o embate, o motorista abandonou o local sem prestar socorro; a PSP investigou e o arguido foi identificado dois dias depois e libertado sob termo de identidade e resid\u00eancia. Familiares da v\u00edtima e o Hospital do Esp\u00edrito Santo de \u00c9vora foram notificadas para eventual indemniza\u00e7\u00e3o civil; est\u00e1 aberto o prazo para poss\u00edvel abertura de instru\u00e7\u00e3o.","og_url":"https:\/\/portaltela.pt\/noticias\/2026\/01\/13\/mp-acusa-alegado-autor-de-atropelamento-mortal-com-fuga-em-evora\/","og_site_name":"Portal Tela Portugal","article_published_time":"2026-01-13T11:42:43+00:00","author":"Telinha","twitter_card":"summary_large_image","twitter_misc":{"Escrito por":"Telinha","Tempo estimado de leitura":"1 minuto"},"schema":{"@context":"https:\/\/schema.org","@graph":[{"@type":"Article","@id":"https:\/\/portaltela.pt\/noticias\/2026\/01\/13\/mp-acusa-alegado-autor-de-atropelamento-mortal-com-fuga-em-evora\/#article","isPartOf":{"@id":"https:\/\/portaltela.pt\/noticias\/2026\/01\/13\/mp-acusa-alegado-autor-de-atropelamento-mortal-com-fuga-em-evora\/"},"author":{"name":"Telinha","@id":"https:\/\/portaltela.pt\/#\/schema\/person\/c4278d4a6028830caff9ee44b42d32ed"},"headline":"MP acusa alegado autor de atropelamento mortal com fuga em \u00c9vora","datePublished":"2026-01-13T11:42:43+00:00","mainEntityOfPage":{"@id":"https:\/\/portaltela.pt\/noticias\/2026\/01\/13\/mp-acusa-alegado-autor-de-atropelamento-mortal-com-fuga-em-evora\/"},"wordCount":253,"image":{"@id":"https:\/\/portaltela.pt\/noticias\/2026\/01\/13\/mp-acusa-alegado-autor-de-atropelamento-mortal-com-fuga-em-evora\/#primaryimage"},"thumbnailUrl":"https:\/\/portaltela.pt\/s.01k8rhncp4jt1\/2026\/01\/img_1500x1000uu2024-06-10-14-20-00-1677056-5.jpg","keywords":["acidente de via\u00e7\u00e3o","\u00c9vora","homic\u00eddio","investiga\u00e7\u00e3o","omiss\u00e3o de aux\u00edlio","PSP"],"articleSection":["Not\u00edcias"],"inLanguage":"pt-PT"},{"@type":"WebPage","@id":"https:\/\/portaltela.pt\/noticias\/2026\/01\/13\/mp-acusa-alegado-autor-de-atropelamento-mortal-com-fuga-em-evora\/","url":"https:\/\/portaltela.pt\/noticias\/2026\/01\/13\/mp-acusa-alegado-autor-de-atropelamento-mortal-com-fuga-em-evora\/","name":"MP acusa alegado autor de atropelamento mortal com fuga em \u00c9vora - Portal Tela Portugal","isPartOf":{"@id":"https:\/\/portaltela.pt\/#website"},"primaryImageOfPage":{"@id":"https:\/\/portaltela.pt\/noticias\/2026\/01\/13\/mp-acusa-alegado-autor-de-atropelamento-mortal-com-fuga-em-evora\/#primaryimage"},"image":{"@id":"https:\/\/portaltela.pt\/noticias\/2026\/01\/13\/mp-acusa-alegado-autor-de-atropelamento-mortal-com-fuga-em-evora\/#primaryimage"},"thumbnailUrl":"https:\/\/portaltela.pt\/s.01k8rhncp4jt1\/2026\/01\/img_1500x1000uu2024-06-10-14-20-00-1677056-5.jpg","datePublished":"2026-01-13T11:42:43+00:00","author":{"@id":"https:\/\/portaltela.pt\/#\/schema\/person\/c4278d4a6028830caff9ee44b42d32ed"},"breadcrumb":{"@id":"https:\/\/portaltela.pt\/noticias\/2026\/01\/13\/mp-acusa-alegado-autor-de-atropelamento-mortal-com-fuga-em-evora\/#breadcrumb"},"inLanguage":"pt-PT","potentialAction":[{"@type":"ReadAction","target":["https:\/\/portaltela.pt\/noticias\/2026\/01\/13\/mp-acusa-alegado-autor-de-atropelamento-mortal-com-fuga-em-evora\/"]}]},{"@type":"ImageObject","inLanguage":"pt-PT","@id":"https:\/\/portaltela.pt\/noticias\/2026\/01\/13\/mp-acusa-alegado-autor-de-atropelamento-mortal-com-fuga-em-evora\/#primaryimage","url":"https:\/\/portaltela.pt\/s.01k8rhncp4jt1\/2026\/01\/img_1500x1000uu2024-06-10-14-20-00-1677056-5.jpg","contentUrl":"https:\/\/portaltela.pt\/s.01k8rhncp4jt1\/2026\/01\/img_1500x1000uu2024-06-10-14-20-00-1677056-5.jpg","width":796,"height":448,"caption":"PSP"},{"@type":"BreadcrumbList","@id":"https:\/\/portaltela.pt\/noticias\/2026\/01\/13\/mp-acusa-alegado-autor-de-atropelamento-mortal-com-fuga-em-evora\/#breadcrumb","itemListElement":[{"@type":"ListItem","position":1,"name":"In\u00edcio","item":"https:\/\/portaltela.pt\/"},{"@type":"ListItem","position":2,"name":"MP acusa alegado autor de atropelamento mortal com fuga em \u00c9vora"}]},{"@type":"WebSite","@id":"https:\/\/portaltela.pt\/#website","url":"https:\/\/portaltela.pt\/","name":"Portal Tela Portugal","description":"","potentialAction":[{"@type":"SearchAction","target":{"@type":"EntryPoint","urlTemplate":"https:\/\/portaltela.pt\/?s={search_term_string}"},"query-input":{"@type":"PropertyValueSpecification","valueRequired":true,"valueName":"search_term_string"}}],"inLanguage":"pt-PT"},{"@type":"Person","@id":"https:\/\/portaltela.pt\/#\/schema\/person\/c4278d4a6028830caff9ee44b42d32ed","name":"Telinha","image":{"@type":"ImageObject","inLanguage":"pt-PT","@id":"https:\/\/portaltela.pt\/s.01k8rhncp4jt1\/2025\/11\/talking-bot-125x125.png","url":"https:\/\/portaltela.pt\/s.01k8rhncp4jt1\/2025\/11\/talking-bot-125x125.png","contentUrl":"https:\/\/portaltela.pt\/s.01k8rhncp4jt1\/2025\/11\/talking-bot-125x125.png","caption":"Telinha"},"sameAs":["https:\/\/portaltela.pt\/"],"url":"https:\/\/portaltela.pt\/por\/367410592786\/"}]}},"_links":{"self":[{"href":"https:\/\/portaltela.pt\/api\/wp\/v2\/posts\/138118","targetHints":{"allow":["GET"]}}],"collection":[{"href":"https:\/\/portaltela.pt\/api\/wp\/v2\/posts"}],"about":[{"href":"https:\/\/portaltela.pt\/api\/wp\/v2\/types\/post"}],"author":[{"embeddable":true,"href":"https:\/\/portaltela.pt\/api\/wp\/v2\/users\/2"}],"replies":[{"embeddable":true,"href":"https:\/\/portaltela.pt\/api\/wp\/v2\/comments?post=138118"}],"version-history":[{"count":0,"href":"https:\/\/portaltela.pt\/api\/wp\/v2\/posts\/138118\/revisions"}],"wp:featuredmedia":[{"embeddable":true,"href":"https:\/\/portaltela.pt\/api\/wp\/v2\/media\/138126"}],"wp:attachment":[{"href":"https:\/\/portaltela.pt\/api\/wp\/v2\/media?parent=138118"}],"wp:term":[{"taxonomy":"category","embeddable":true,"href":"https:\/\/portaltela.pt\/api\/wp\/v2\/categories?post=138118"},{"taxonomy":"post_tag","embeddable":true,"href":"https:\/\/portaltela.pt\/api\/wp\/v2\/tags?post=138118"}],"curies":[{"name":"wp","href":"https:\/\/api.w.org\/{rel}","templated":true}]}}