{"id":138028,"date":"2026-01-13T07:46:00","date_gmt":"2026-01-13T10:46:00","guid":{"rendered":"https:\/\/portaltela.pt\/noticias\/2026\/01\/13\/queda-prevista-de-40-no-trafego-dos-motores-de-busca-em-tres-anos\/"},"modified":"2026-01-13T07:46:00","modified_gmt":"2026-01-13T10:46:00","slug":"queda-prevista-de-40-no-trafego-dos-motores-de-busca-em-tres-anos","status":"publish","type":"post","link":"https:\/\/portaltela.pt\/noticias\/2026\/01\/13\/queda-prevista-de-40-no-trafego-dos-motores-de-busca-em-tres-anos\/","title":{"rendered":"Queda prevista de 40% no tr\u00e1fego dos motores de busca em tr\u00eas anos"},"content":{"rendered":"<p>A previs\u00e3o aponta para uma queda acima de 40% no tr\u00e1fego proveniente de motores de busca nos pr\u00f3ximos tr\u00eas anos. A estimativa surge no relat\u00f3rio do Reuters Institute for the Study of Journalism, com base em respostas de 280 l\u00edderes de media de 51 pa\u00edses.<\/p>\n<p>Publishers indicam que, embora n\u00e3o haja um &#8220;Google Zero&#8221;, o impacto \u00e9 substancial. Dados do estudo sugerem que o tr\u00e1fego de pesquisa j\u00e1 diminuiu, especialmente para conte\u00fados de estilo de vida, ap\u00f3s o lan\u00e7amento dos resumos de IA da Google.<\/p>\n<h3>Contexto tecnol\u00f3gico e tend\u00eancias<\/h3>\n<p>As quedas refor\u00e7am a transi\u00e7\u00e3o para a IA generativa como uma transforma\u00e7\u00e3o-chave na ind\u00fastria, capaz de sintetizar informa\u00e7\u00e3o em larga escala de forma mais eficiente. O estudo aponta que a tecnologia j\u00e1 come\u00e7a a alterar o acesso \u00e0s not\u00edcias.<\/p>\n<h3>Mudan\u00e7as no consumo e no modelo de neg\u00f3cio<\/h3>\n<p>Os criadores de conte\u00fados humanos e influenciadores est\u00e3o a impulsionar uma mudan\u00e7a para not\u00edcias centradas em personalidades, reduzindo a atratividade de alguns media tradicionais perante o p\u00fablico mais jovem. Esta tend\u00eancia pode reduzir o envolvimento com meios convencionais.<\/p>\n<h3>Fontes de tr\u00e1fego e competi\u00e7\u00e3o<\/h3>\n<p>O relat\u00f3rio refere quedas de refer\u00eancia para Facebook (-43%) e X, anteriormente Twitter (-46%) nos \u00faltimos tr\u00eas anos. Os motores de busca evoluem para motores de resposta automatizada, o que pode secar o tr\u00e1fego para publishers.<\/p>\n<h3>Rea\u00e7\u00e3o das organiza\u00e7\u00f5es de media<\/h3>\n<p>Apesar dos desafios, muitas organiza\u00e7\u00f5es noticiosas mant\u00eam perspetivas otimistas sobre os seus neg\u00f3cios, ainda que n\u00e3o sobre o jornalismo em si. O foco passa a ser reengenharia para a era da IA.<\/p>\n<h3>Estrat\u00e9gias para o curto prazo<\/h3>\n<p>As reda\u00e7\u00f5es planeiam investir em conte\u00fados diferenciados e em uma abordagem mais humana. Aumentar formatos multim\u00e9dia, especialmente v\u00eddeo, \u00e9 uma prioridade para facilitar a reformatabilidade e a personaliza\u00e7\u00e3o.<\/p>\n<h3>Uso da IA nas opera\u00e7\u00f5es<\/h3>\n<p>As organiza\u00e7\u00f5es pretendem explorar ao m\u00e1ximo a IA generativa nas fases de recolha, produ\u00e7\u00e3o e distribui\u00e7\u00e3o de not\u00edcias. O objetivo \u00e9 alcan\u00e7ar maior efici\u00eancia sem comprometer a qualidade informativa.<\/p>\n","protected":false},"excerpt":{"rendered":"<ul>\n<li>Editores prev\u00eaem mais de quarenta por cento de redu\u00e7\u00e3o no tr\u00e1fego de motores de busca nos pr\u00f3ximos tr\u00eas anos, devido aos resumos de IA da Google.<\/li>\n<li>O relat\u00f3rio indica que o tr\u00e1fego agregado de sites de not\u00edcias proveniente da pesquisa do Google j\u00e1 come\u00e7ou a diminuir, com impactos mais fortes em conte\u00fados de estilo de vida.<\/li>\n<li>Nos tr\u00eas anos anteriores, j\u00e1 houve quedas no tr\u00e1fego de refer\u00eancia vindas do Facebook e do X (antigo Twitter).<\/li>\n<li>A IA generativa \u00e9 vista como a pr\u00f3xima grande transforma\u00e7\u00e3o, acelerando a maneira de aceder e sintetizar informa\u00e7\u00e3o e impulsionando conte\u00fados centrados em personalidades.<\/li>\n<li>Em 2026, os media devem apostar na reengenharia para a era da IA, com mais v\u00eddeo, formatos variados e uso da IA nas opera\u00e7\u00f5es de recolha, produ\u00e7\u00e3o e distribui\u00e7\u00e3o de not\u00edcias.<\/li>\n<\/ul>\n","protected":false},"author":2,"featured_media":138038,"comment_status":"closed","ping_status":"closed","sticky":false,"template":"","format":"standard","meta":{"footnotes":""},"categories":[1],"tags":[195,33,51,141,153,759],"class_list":["post-138028","post","type-post","status-publish","format-standard","has-post-thumbnail","hentry","category-noticias","tag-informacao","tag-inovacao","tag-inteligencia-artificial","tag-novos-media","tag-tecnologia","tag-transformacao-digital"],"yoast_head":"<!-- This site is optimized with the Yoast SEO plugin v27.2 - https:\/\/yoast.com\/product\/yoast-seo-wordpress\/ -->\n<title>Queda prevista de 40% no tr\u00e1fego dos motores de busca em tr\u00eas anos - Portal Tela Portugal<\/title>\n<meta name=\"robots\" content=\"index, follow, max-snippet:-1, max-image-preview:large, max-video-preview:-1\" \/>\n<meta property=\"og:locale\" content=\"pt_PT\" \/>\n<meta property=\"og:type\" content=\"article\" \/>\n<meta property=\"og:title\" content=\"Queda prevista de 40% no tr\u00e1fego dos motores de busca em tr\u00eas anos - Portal Tela Portugal\" \/>\n<meta property=\"og:description\" content=\"Editores prev\u00eaem mais de quarenta por cento de redu\u00e7\u00e3o no tr\u00e1fego de motores de busca nos pr\u00f3ximos tr\u00eas anos, devido aos resumos de IA da Google. O relat\u00f3rio indica que o tr\u00e1fego agregado de sites de not\u00edcias proveniente da pesquisa do Google j\u00e1 come\u00e7ou a diminuir, com impactos mais fortes em conte\u00fados de estilo de vida. Nos tr\u00eas anos anteriores, j\u00e1 houve quedas no tr\u00e1fego de refer\u00eancia vindas do Facebook e do X (antigo Twitter). A IA generativa \u00e9 vista como a pr\u00f3xima grande transforma\u00e7\u00e3o, acelerando a maneira de aceder e sintetizar informa\u00e7\u00e3o e impulsionando conte\u00fados centrados em personalidades. Em 2026, os media devem apostar na reengenharia para a era da IA, com mais v\u00eddeo, formatos variados e uso da IA nas opera\u00e7\u00f5es de recolha, produ\u00e7\u00e3o e distribui\u00e7\u00e3o de not\u00edcias.\" \/>\n<meta property=\"og:url\" content=\"https:\/\/portaltela.pt\/noticias\/2026\/01\/13\/queda-prevista-de-40-no-trafego-dos-motores-de-busca-em-tres-anos\/\" \/>\n<meta property=\"og:site_name\" content=\"Portal Tela Portugal\" \/>\n<meta property=\"article:published_time\" content=\"2026-01-13T10:46:00+00:00\" \/>\n<meta name=\"author\" content=\"Telinha\" \/>\n<meta name=\"twitter:card\" content=\"summary_large_image\" \/>\n<meta name=\"twitter:label1\" content=\"Escrito por\" \/>\n\t<meta name=\"twitter:data1\" content=\"Telinha\" \/>\n\t<meta name=\"twitter:label2\" content=\"Tempo estimado de leitura\" \/>\n\t<meta name=\"twitter:data2\" content=\"2 minutos\" \/>\n<script type=\"application\/ld+json\" class=\"yoast-schema-graph\">{\"@context\":\"https:\/\/schema.org\",\"@graph\":[{\"@type\":\"Article\",\"@id\":\"https:\/\/portaltela.pt\/noticias\/2026\/01\/13\/queda-prevista-de-40-no-trafego-dos-motores-de-busca-em-tres-anos\/#article\",\"isPartOf\":{\"@id\":\"https:\/\/portaltela.pt\/noticias\/2026\/01\/13\/queda-prevista-de-40-no-trafego-dos-motores-de-busca-em-tres-anos\/\"},\"author\":{\"name\":\"Telinha\",\"@id\":\"https:\/\/portaltela.pt\/#\/schema\/person\/c4278d4a6028830caff9ee44b42d32ed\"},\"headline\":\"Queda prevista de 40% no tr\u00e1fego dos motores de busca em tr\u00eas anos\",\"datePublished\":\"2026-01-13T10:46:00+00:00\",\"mainEntityOfPage\":{\"@id\":\"https:\/\/portaltela.pt\/noticias\/2026\/01\/13\/queda-prevista-de-40-no-trafego-dos-motores-de-busca-em-tres-anos\/\"},\"wordCount\":382,\"image\":{\"@id\":\"https:\/\/portaltela.pt\/noticias\/2026\/01\/13\/queda-prevista-de-40-no-trafego-dos-motores-de-busca-em-tres-anos\/#primaryimage\"},\"thumbnailUrl\":\"https:\/\/portaltela.pt\/s.01k8rhncp4jt1\/2026\/01\/unnamed-file-2677.jpg\",\"keywords\":[\"informa\u00e7\u00e3o\",\"inova\u00e7\u00e3o\",\"intelig\u00eancia artificial\",\"novos media\",\"tecnologia\",\"transforma\u00e7\u00e3o digital\"],\"articleSection\":[\"Not\u00edcias\"],\"inLanguage\":\"pt-PT\"},{\"@type\":\"WebPage\",\"@id\":\"https:\/\/portaltela.pt\/noticias\/2026\/01\/13\/queda-prevista-de-40-no-trafego-dos-motores-de-busca-em-tres-anos\/\",\"url\":\"https:\/\/portaltela.pt\/noticias\/2026\/01\/13\/queda-prevista-de-40-no-trafego-dos-motores-de-busca-em-tres-anos\/\",\"name\":\"Queda prevista de 40% no tr\u00e1fego dos motores de busca em tr\u00eas anos - Portal Tela Portugal\",\"isPartOf\":{\"@id\":\"https:\/\/portaltela.pt\/#website\"},\"primaryImageOfPage\":{\"@id\":\"https:\/\/portaltela.pt\/noticias\/2026\/01\/13\/queda-prevista-de-40-no-trafego-dos-motores-de-busca-em-tres-anos\/#primaryimage\"},\"image\":{\"@id\":\"https:\/\/portaltela.pt\/noticias\/2026\/01\/13\/queda-prevista-de-40-no-trafego-dos-motores-de-busca-em-tres-anos\/#primaryimage\"},\"thumbnailUrl\":\"https:\/\/portaltela.pt\/s.01k8rhncp4jt1\/2026\/01\/unnamed-file-2677.jpg\",\"datePublished\":\"2026-01-13T10:46:00+00:00\",\"author\":{\"@id\":\"https:\/\/portaltela.pt\/#\/schema\/person\/c4278d4a6028830caff9ee44b42d32ed\"},\"breadcrumb\":{\"@id\":\"https:\/\/portaltela.pt\/noticias\/2026\/01\/13\/queda-prevista-de-40-no-trafego-dos-motores-de-busca-em-tres-anos\/#breadcrumb\"},\"inLanguage\":\"pt-PT\",\"potentialAction\":[{\"@type\":\"ReadAction\",\"target\":[\"https:\/\/portaltela.pt\/noticias\/2026\/01\/13\/queda-prevista-de-40-no-trafego-dos-motores-de-busca-em-tres-anos\/\"]}]},{\"@type\":\"ImageObject\",\"inLanguage\":\"pt-PT\",\"@id\":\"https:\/\/portaltela.pt\/noticias\/2026\/01\/13\/queda-prevista-de-40-no-trafego-dos-motores-de-busca-em-tres-anos\/#primaryimage\",\"url\":\"https:\/\/portaltela.pt\/s.01k8rhncp4jt1\/2026\/01\/unnamed-file-2677.jpg\",\"contentUrl\":\"https:\/\/portaltela.pt\/s.01k8rhncp4jt1\/2026\/01\/unnamed-file-2677.jpg\",\"width\":796,\"height\":448,\"caption\":\"Prevista queda de 40% do tr\u00e1fego dos motores de busca em tr\u00eas anos\"},{\"@type\":\"BreadcrumbList\",\"@id\":\"https:\/\/portaltela.pt\/noticias\/2026\/01\/13\/queda-prevista-de-40-no-trafego-dos-motores-de-busca-em-tres-anos\/#breadcrumb\",\"itemListElement\":[{\"@type\":\"ListItem\",\"position\":1,\"name\":\"In\u00edcio\",\"item\":\"https:\/\/portaltela.pt\/\"},{\"@type\":\"ListItem\",\"position\":2,\"name\":\"Queda prevista de 40% no tr\u00e1fego dos motores de busca em tr\u00eas anos\"}]},{\"@type\":\"WebSite\",\"@id\":\"https:\/\/portaltela.pt\/#website\",\"url\":\"https:\/\/portaltela.pt\/\",\"name\":\"Portal Tela Portugal\",\"description\":\"\",\"potentialAction\":[{\"@type\":\"SearchAction\",\"target\":{\"@type\":\"EntryPoint\",\"urlTemplate\":\"https:\/\/portaltela.pt\/?s={search_term_string}\"},\"query-input\":{\"@type\":\"PropertyValueSpecification\",\"valueRequired\":true,\"valueName\":\"search_term_string\"}}],\"inLanguage\":\"pt-PT\"},{\"@type\":\"Person\",\"@id\":\"https:\/\/portaltela.pt\/#\/schema\/person\/c4278d4a6028830caff9ee44b42d32ed\",\"name\":\"Telinha\",\"image\":{\"@type\":\"ImageObject\",\"inLanguage\":\"pt-PT\",\"@id\":\"https:\/\/portaltela.pt\/s.01k8rhncp4jt1\/2025\/11\/talking-bot-125x125.png\",\"url\":\"https:\/\/portaltela.pt\/s.01k8rhncp4jt1\/2025\/11\/talking-bot-125x125.png\",\"contentUrl\":\"https:\/\/portaltela.pt\/s.01k8rhncp4jt1\/2025\/11\/talking-bot-125x125.png\",\"caption\":\"Telinha\"},\"sameAs\":[\"https:\/\/portaltela.pt\/\"],\"url\":\"https:\/\/portaltela.pt\/por\/367410592786\/\"}]}<\/script>\n<!-- \/ Yoast SEO plugin. -->","yoast_head_json":{"title":"Queda prevista de 40% no tr\u00e1fego dos motores de busca em tr\u00eas anos - Portal Tela Portugal","robots":{"index":"index","follow":"follow","max-snippet":"max-snippet:-1","max-image-preview":"max-image-preview:large","max-video-preview":"max-video-preview:-1"},"og_locale":"pt_PT","og_type":"article","og_title":"Queda prevista de 40% no tr\u00e1fego dos motores de busca em tr\u00eas anos - Portal Tela Portugal","og_description":"Editores prev\u00eaem mais de quarenta por cento de redu\u00e7\u00e3o no tr\u00e1fego de motores de busca nos pr\u00f3ximos tr\u00eas anos, devido aos resumos de IA da Google. O relat\u00f3rio indica que o tr\u00e1fego agregado de sites de not\u00edcias proveniente da pesquisa do Google j\u00e1 come\u00e7ou a diminuir, com impactos mais fortes em conte\u00fados de estilo de vida. Nos tr\u00eas anos anteriores, j\u00e1 houve quedas no tr\u00e1fego de refer\u00eancia vindas do Facebook e do X (antigo Twitter). A IA generativa \u00e9 vista como a pr\u00f3xima grande transforma\u00e7\u00e3o, acelerando a maneira de aceder e sintetizar informa\u00e7\u00e3o e impulsionando conte\u00fados centrados em personalidades. Em 2026, os media devem apostar na reengenharia para a era da IA, com mais v\u00eddeo, formatos variados e uso da IA nas opera\u00e7\u00f5es de recolha, produ\u00e7\u00e3o e distribui\u00e7\u00e3o de not\u00edcias.","og_url":"https:\/\/portaltela.pt\/noticias\/2026\/01\/13\/queda-prevista-de-40-no-trafego-dos-motores-de-busca-em-tres-anos\/","og_site_name":"Portal Tela Portugal","article_published_time":"2026-01-13T10:46:00+00:00","author":"Telinha","twitter_card":"summary_large_image","twitter_misc":{"Escrito por":"Telinha","Tempo estimado de leitura":"2 minutos"},"schema":{"@context":"https:\/\/schema.org","@graph":[{"@type":"Article","@id":"https:\/\/portaltela.pt\/noticias\/2026\/01\/13\/queda-prevista-de-40-no-trafego-dos-motores-de-busca-em-tres-anos\/#article","isPartOf":{"@id":"https:\/\/portaltela.pt\/noticias\/2026\/01\/13\/queda-prevista-de-40-no-trafego-dos-motores-de-busca-em-tres-anos\/"},"author":{"name":"Telinha","@id":"https:\/\/portaltela.pt\/#\/schema\/person\/c4278d4a6028830caff9ee44b42d32ed"},"headline":"Queda prevista de 40% no tr\u00e1fego dos motores de busca em tr\u00eas anos","datePublished":"2026-01-13T10:46:00+00:00","mainEntityOfPage":{"@id":"https:\/\/portaltela.pt\/noticias\/2026\/01\/13\/queda-prevista-de-40-no-trafego-dos-motores-de-busca-em-tres-anos\/"},"wordCount":382,"image":{"@id":"https:\/\/portaltela.pt\/noticias\/2026\/01\/13\/queda-prevista-de-40-no-trafego-dos-motores-de-busca-em-tres-anos\/#primaryimage"},"thumbnailUrl":"https:\/\/portaltela.pt\/s.01k8rhncp4jt1\/2026\/01\/unnamed-file-2677.jpg","keywords":["informa\u00e7\u00e3o","inova\u00e7\u00e3o","intelig\u00eancia artificial","novos media","tecnologia","transforma\u00e7\u00e3o digital"],"articleSection":["Not\u00edcias"],"inLanguage":"pt-PT"},{"@type":"WebPage","@id":"https:\/\/portaltela.pt\/noticias\/2026\/01\/13\/queda-prevista-de-40-no-trafego-dos-motores-de-busca-em-tres-anos\/","url":"https:\/\/portaltela.pt\/noticias\/2026\/01\/13\/queda-prevista-de-40-no-trafego-dos-motores-de-busca-em-tres-anos\/","name":"Queda prevista de 40% no tr\u00e1fego dos motores de busca em tr\u00eas anos - Portal Tela Portugal","isPartOf":{"@id":"https:\/\/portaltela.pt\/#website"},"primaryImageOfPage":{"@id":"https:\/\/portaltela.pt\/noticias\/2026\/01\/13\/queda-prevista-de-40-no-trafego-dos-motores-de-busca-em-tres-anos\/#primaryimage"},"image":{"@id":"https:\/\/portaltela.pt\/noticias\/2026\/01\/13\/queda-prevista-de-40-no-trafego-dos-motores-de-busca-em-tres-anos\/#primaryimage"},"thumbnailUrl":"https:\/\/portaltela.pt\/s.01k8rhncp4jt1\/2026\/01\/unnamed-file-2677.jpg","datePublished":"2026-01-13T10:46:00+00:00","author":{"@id":"https:\/\/portaltela.pt\/#\/schema\/person\/c4278d4a6028830caff9ee44b42d32ed"},"breadcrumb":{"@id":"https:\/\/portaltela.pt\/noticias\/2026\/01\/13\/queda-prevista-de-40-no-trafego-dos-motores-de-busca-em-tres-anos\/#breadcrumb"},"inLanguage":"pt-PT","potentialAction":[{"@type":"ReadAction","target":["https:\/\/portaltela.pt\/noticias\/2026\/01\/13\/queda-prevista-de-40-no-trafego-dos-motores-de-busca-em-tres-anos\/"]}]},{"@type":"ImageObject","inLanguage":"pt-PT","@id":"https:\/\/portaltela.pt\/noticias\/2026\/01\/13\/queda-prevista-de-40-no-trafego-dos-motores-de-busca-em-tres-anos\/#primaryimage","url":"https:\/\/portaltela.pt\/s.01k8rhncp4jt1\/2026\/01\/unnamed-file-2677.jpg","contentUrl":"https:\/\/portaltela.pt\/s.01k8rhncp4jt1\/2026\/01\/unnamed-file-2677.jpg","width":796,"height":448,"caption":"Prevista queda de 40% do tr\u00e1fego dos motores de busca em tr\u00eas anos"},{"@type":"BreadcrumbList","@id":"https:\/\/portaltela.pt\/noticias\/2026\/01\/13\/queda-prevista-de-40-no-trafego-dos-motores-de-busca-em-tres-anos\/#breadcrumb","itemListElement":[{"@type":"ListItem","position":1,"name":"In\u00edcio","item":"https:\/\/portaltela.pt\/"},{"@type":"ListItem","position":2,"name":"Queda prevista de 40% no tr\u00e1fego dos motores de busca em tr\u00eas anos"}]},{"@type":"WebSite","@id":"https:\/\/portaltela.pt\/#website","url":"https:\/\/portaltela.pt\/","name":"Portal Tela Portugal","description":"","potentialAction":[{"@type":"SearchAction","target":{"@type":"EntryPoint","urlTemplate":"https:\/\/portaltela.pt\/?s={search_term_string}"},"query-input":{"@type":"PropertyValueSpecification","valueRequired":true,"valueName":"search_term_string"}}],"inLanguage":"pt-PT"},{"@type":"Person","@id":"https:\/\/portaltela.pt\/#\/schema\/person\/c4278d4a6028830caff9ee44b42d32ed","name":"Telinha","image":{"@type":"ImageObject","inLanguage":"pt-PT","@id":"https:\/\/portaltela.pt\/s.01k8rhncp4jt1\/2025\/11\/talking-bot-125x125.png","url":"https:\/\/portaltela.pt\/s.01k8rhncp4jt1\/2025\/11\/talking-bot-125x125.png","contentUrl":"https:\/\/portaltela.pt\/s.01k8rhncp4jt1\/2025\/11\/talking-bot-125x125.png","caption":"Telinha"},"sameAs":["https:\/\/portaltela.pt\/"],"url":"https:\/\/portaltela.pt\/por\/367410592786\/"}]}},"_links":{"self":[{"href":"https:\/\/portaltela.pt\/api\/wp\/v2\/posts\/138028","targetHints":{"allow":["GET"]}}],"collection":[{"href":"https:\/\/portaltela.pt\/api\/wp\/v2\/posts"}],"about":[{"href":"https:\/\/portaltela.pt\/api\/wp\/v2\/types\/post"}],"author":[{"embeddable":true,"href":"https:\/\/portaltela.pt\/api\/wp\/v2\/users\/2"}],"replies":[{"embeddable":true,"href":"https:\/\/portaltela.pt\/api\/wp\/v2\/comments?post=138028"}],"version-history":[{"count":0,"href":"https:\/\/portaltela.pt\/api\/wp\/v2\/posts\/138028\/revisions"}],"wp:featuredmedia":[{"embeddable":true,"href":"https:\/\/portaltela.pt\/api\/wp\/v2\/media\/138038"}],"wp:attachment":[{"href":"https:\/\/portaltela.pt\/api\/wp\/v2\/media?parent=138028"}],"wp:term":[{"taxonomy":"category","embeddable":true,"href":"https:\/\/portaltela.pt\/api\/wp\/v2\/categories?post=138028"},{"taxonomy":"post_tag","embeddable":true,"href":"https:\/\/portaltela.pt\/api\/wp\/v2\/tags?post=138028"}],"curies":[{"name":"wp","href":"https:\/\/api.w.org\/{rel}","templated":true}]}}