{"id":137940,"date":"2026-01-13T07:40:23","date_gmt":"2026-01-13T10:40:23","guid":{"rendered":"https:\/\/portaltela.pt\/noticias\/2026\/01\/13\/bustelo-mantem-ascensao-na-classificacao\/"},"modified":"2026-01-13T07:40:23","modified_gmt":"2026-01-13T10:40:23","slug":"bustelo-mantem-ascensao-na-classificacao","status":"publish","type":"post","link":"https:\/\/portaltela.pt\/desporto\/futebol\/2026\/01\/13\/bustelo-mantem-ascensao-na-classificacao\/","title":{"rendered":"Bustelo mant\u00e9m ascens\u00e3o na classifica\u00e7\u00e3o"},"content":{"rendered":"<p>O Bustelo somou a terceira vit\u00f3ria consecutiva no campeonato, na desloca\u00e7\u00e3o \u00e0 casa do Macinhatense, e subiu ao 9\u00ba lugar da tabela. O jogo come\u00e7ou dif\u00edcil, com o advers\u00e1rio a colocar-se na frente antes do intervalo, atrav\u00e9s de Charneca.<\/p>\n<p>Na segunda parte, a equipa comandada por Tiago Lopes foi mais eficaz e respondeu com duas redes. Jo\u00e3o Silva e Gabriel Teixeira garantiram a reviravolta e a vit\u00f3ria para o Bustelo.<\/p>\n<p>O triunfo permite ao Bustelo manter o momento positivo, consolidando posi\u00e7\u00e3o interm\u00e9dia na classifica\u00e7\u00e3o. O pr\u00f3ximo encontro pode ditar novos passos na subida na tabela.<\/p>\n","protected":false},"excerpt":{"rendered":"<ul>\n<li>O Bustelo somou a terceira vit\u00f3ria consecutiva no campeonato ao vencer o Macinhatense, subindo ao 9\u00ba lugar da tabela.<\/li>\n<li>O jogo come\u00e7ou com o Bustelo em desvantagem, mas conseguiu empatar por Charneca ainda na primeira parte.<\/li>\n<li>Na segunda metade, a forma\u00e7\u00e3o de Tiago Lopes foi mais eficaz.<\/li>\n<li>A vit\u00f3ria ficou carimbada com golos de Jo\u00e3o Silva e Gabriel Teixeira.<\/li>\n<\/ul>\n","protected":false},"author":2,"featured_media":137948,"comment_status":"closed","ping_status":"closed","sticky":false,"template":"","format":"standard","meta":{"footnotes":""},"categories":[21,24],"tags":[227,152,1267,32],"class_list":["post-137940","post","type-post","status-publish","format-standard","has-post-thumbnail","hentry","category-desporto","category-futebol","tag-campeonato","tag-desporto","tag-divisao-elite","tag-futebol"],"yoast_head":"<!-- This site is optimized with the Yoast SEO plugin v27.2 - https:\/\/yoast.com\/product\/yoast-seo-wordpress\/ -->\n<title>Bustelo mant\u00e9m ascens\u00e3o na classifica\u00e7\u00e3o - Portal Tela Portugal<\/title>\n<meta name=\"robots\" content=\"index, follow, max-snippet:-1, max-image-preview:large, max-video-preview:-1\" \/>\n<meta property=\"og:locale\" content=\"pt_PT\" \/>\n<meta property=\"og:type\" content=\"article\" \/>\n<meta property=\"og:title\" content=\"Bustelo mant\u00e9m ascens\u00e3o na classifica\u00e7\u00e3o - Portal Tela Portugal\" \/>\n<meta property=\"og:description\" content=\"O Bustelo somou a terceira vit\u00f3ria consecutiva no campeonato ao vencer o Macinhatense, subindo ao 9\u00ba lugar da tabela. O jogo come\u00e7ou com o Bustelo em desvantagem, mas conseguiu empatar por Charneca ainda na primeira parte. Na segunda metade, a forma\u00e7\u00e3o de Tiago Lopes foi mais eficaz. A vit\u00f3ria ficou carimbada com golos de Jo\u00e3o Silva e Gabriel Teixeira.\" \/>\n<meta property=\"og:url\" content=\"https:\/\/portaltela.pt\/noticias\/2026\/01\/13\/bustelo-mantem-ascensao-na-classificacao\/\" \/>\n<meta property=\"og:site_name\" content=\"Portal Tela Portugal\" \/>\n<meta property=\"article:published_time\" content=\"2026-01-13T10:40:23+00:00\" \/>\n<meta name=\"author\" content=\"Telinha\" \/>\n<meta name=\"twitter:card\" content=\"summary_large_image\" \/>\n<meta name=\"twitter:label1\" content=\"Escrito por\" \/>\n\t<meta name=\"twitter:data1\" content=\"Telinha\" \/>\n\t<meta name=\"twitter:label2\" content=\"Tempo estimado de leitura\" \/>\n\t<meta name=\"twitter:data2\" content=\"1 minuto\" \/>\n<script type=\"application\/ld+json\" class=\"yoast-schema-graph\">{\"@context\":\"https:\/\/schema.org\",\"@graph\":[{\"@type\":\"Article\",\"@id\":\"https:\/\/portaltela.pt\/noticias\/2026\/01\/13\/bustelo-mantem-ascensao-na-classificacao\/#article\",\"isPartOf\":{\"@id\":\"https:\/\/portaltela.pt\/noticias\/2026\/01\/13\/bustelo-mantem-ascensao-na-classificacao\/\"},\"author\":{\"name\":\"Telinha\",\"@id\":\"https:\/\/portaltela.pt\/#\/schema\/person\/c4278d4a6028830caff9ee44b42d32ed\"},\"headline\":\"Bustelo mant\u00e9m ascens\u00e3o na classifica\u00e7\u00e3o\",\"datePublished\":\"2026-01-13T10:40:23+00:00\",\"mainEntityOfPage\":{\"@id\":\"https:\/\/portaltela.pt\/noticias\/2026\/01\/13\/bustelo-mantem-ascensao-na-classificacao\/\"},\"wordCount\":113,\"image\":{\"@id\":\"https:\/\/portaltela.pt\/noticias\/2026\/01\/13\/bustelo-mantem-ascensao-na-classificacao\/#primaryimage\"},\"thumbnailUrl\":\"https:\/\/portaltela.pt\/s.01k8rhncp4jt1\/2026\/01\/unnamed-file-2668.jpg\",\"keywords\":[\"campeonato\",\"desporto\",\"Divis\u00e3o Elite\",\"futebol\"],\"articleSection\":[\"Desporto\",\"Futebol\"],\"inLanguage\":\"pt-PT\"},{\"@type\":\"WebPage\",\"@id\":\"https:\/\/portaltela.pt\/noticias\/2026\/01\/13\/bustelo-mantem-ascensao-na-classificacao\/\",\"url\":\"https:\/\/portaltela.pt\/noticias\/2026\/01\/13\/bustelo-mantem-ascensao-na-classificacao\/\",\"name\":\"Bustelo mant\u00e9m ascens\u00e3o na classifica\u00e7\u00e3o - Portal Tela Portugal\",\"isPartOf\":{\"@id\":\"https:\/\/portaltela.pt\/#website\"},\"primaryImageOfPage\":{\"@id\":\"https:\/\/portaltela.pt\/noticias\/2026\/01\/13\/bustelo-mantem-ascensao-na-classificacao\/#primaryimage\"},\"image\":{\"@id\":\"https:\/\/portaltela.pt\/noticias\/2026\/01\/13\/bustelo-mantem-ascensao-na-classificacao\/#primaryimage\"},\"thumbnailUrl\":\"https:\/\/portaltela.pt\/s.01k8rhncp4jt1\/2026\/01\/unnamed-file-2668.jpg\",\"datePublished\":\"2026-01-13T10:40:23+00:00\",\"author\":{\"@id\":\"https:\/\/portaltela.pt\/#\/schema\/person\/c4278d4a6028830caff9ee44b42d32ed\"},\"breadcrumb\":{\"@id\":\"https:\/\/portaltela.pt\/noticias\/2026\/01\/13\/bustelo-mantem-ascensao-na-classificacao\/#breadcrumb\"},\"inLanguage\":\"pt-PT\",\"potentialAction\":[{\"@type\":\"ReadAction\",\"target\":[\"https:\/\/portaltela.pt\/noticias\/2026\/01\/13\/bustelo-mantem-ascensao-na-classificacao\/\"]}]},{\"@type\":\"ImageObject\",\"inLanguage\":\"pt-PT\",\"@id\":\"https:\/\/portaltela.pt\/noticias\/2026\/01\/13\/bustelo-mantem-ascensao-na-classificacao\/#primaryimage\",\"url\":\"https:\/\/portaltela.pt\/s.01k8rhncp4jt1\/2026\/01\/unnamed-file-2668.jpg\",\"contentUrl\":\"https:\/\/portaltela.pt\/s.01k8rhncp4jt1\/2026\/01\/unnamed-file-2668.jpg\",\"width\":796,\"height\":448,\"caption\":\"Bustelo continua escalada na tabela\"},{\"@type\":\"BreadcrumbList\",\"@id\":\"https:\/\/portaltela.pt\/noticias\/2026\/01\/13\/bustelo-mantem-ascensao-na-classificacao\/#breadcrumb\",\"itemListElement\":[{\"@type\":\"ListItem\",\"position\":1,\"name\":\"In\u00edcio\",\"item\":\"https:\/\/portaltela.pt\/\"},{\"@type\":\"ListItem\",\"position\":2,\"name\":\"Bustelo mant\u00e9m ascens\u00e3o na classifica\u00e7\u00e3o\"}]},{\"@type\":\"WebSite\",\"@id\":\"https:\/\/portaltela.pt\/#website\",\"url\":\"https:\/\/portaltela.pt\/\",\"name\":\"Portal Tela Portugal\",\"description\":\"\",\"potentialAction\":[{\"@type\":\"SearchAction\",\"target\":{\"@type\":\"EntryPoint\",\"urlTemplate\":\"https:\/\/portaltela.pt\/?s={search_term_string}\"},\"query-input\":{\"@type\":\"PropertyValueSpecification\",\"valueRequired\":true,\"valueName\":\"search_term_string\"}}],\"inLanguage\":\"pt-PT\"},{\"@type\":\"Person\",\"@id\":\"https:\/\/portaltela.pt\/#\/schema\/person\/c4278d4a6028830caff9ee44b42d32ed\",\"name\":\"Telinha\",\"image\":{\"@type\":\"ImageObject\",\"inLanguage\":\"pt-PT\",\"@id\":\"https:\/\/portaltela.pt\/s.01k8rhncp4jt1\/2025\/11\/talking-bot-125x125.png\",\"url\":\"https:\/\/portaltela.pt\/s.01k8rhncp4jt1\/2025\/11\/talking-bot-125x125.png\",\"contentUrl\":\"https:\/\/portaltela.pt\/s.01k8rhncp4jt1\/2025\/11\/talking-bot-125x125.png\",\"caption\":\"Telinha\"},\"sameAs\":[\"https:\/\/portaltela.pt\/\"],\"url\":\"https:\/\/portaltela.pt\/por\/367410592786\/\"}]}<\/script>\n<!-- \/ Yoast SEO plugin. -->","yoast_head_json":{"title":"Bustelo mant\u00e9m ascens\u00e3o na classifica\u00e7\u00e3o - Portal Tela Portugal","robots":{"index":"index","follow":"follow","max-snippet":"max-snippet:-1","max-image-preview":"max-image-preview:large","max-video-preview":"max-video-preview:-1"},"og_locale":"pt_PT","og_type":"article","og_title":"Bustelo mant\u00e9m ascens\u00e3o na classifica\u00e7\u00e3o - Portal Tela Portugal","og_description":"O Bustelo somou a terceira vit\u00f3ria consecutiva no campeonato ao vencer o Macinhatense, subindo ao 9\u00ba lugar da tabela. O jogo come\u00e7ou com o Bustelo em desvantagem, mas conseguiu empatar por Charneca ainda na primeira parte. Na segunda metade, a forma\u00e7\u00e3o de Tiago Lopes foi mais eficaz. A vit\u00f3ria ficou carimbada com golos de Jo\u00e3o Silva e Gabriel Teixeira.","og_url":"https:\/\/portaltela.pt\/noticias\/2026\/01\/13\/bustelo-mantem-ascensao-na-classificacao\/","og_site_name":"Portal Tela Portugal","article_published_time":"2026-01-13T10:40:23+00:00","author":"Telinha","twitter_card":"summary_large_image","twitter_misc":{"Escrito por":"Telinha","Tempo estimado de leitura":"1 minuto"},"schema":{"@context":"https:\/\/schema.org","@graph":[{"@type":"Article","@id":"https:\/\/portaltela.pt\/noticias\/2026\/01\/13\/bustelo-mantem-ascensao-na-classificacao\/#article","isPartOf":{"@id":"https:\/\/portaltela.pt\/noticias\/2026\/01\/13\/bustelo-mantem-ascensao-na-classificacao\/"},"author":{"name":"Telinha","@id":"https:\/\/portaltela.pt\/#\/schema\/person\/c4278d4a6028830caff9ee44b42d32ed"},"headline":"Bustelo mant\u00e9m ascens\u00e3o na classifica\u00e7\u00e3o","datePublished":"2026-01-13T10:40:23+00:00","mainEntityOfPage":{"@id":"https:\/\/portaltela.pt\/noticias\/2026\/01\/13\/bustelo-mantem-ascensao-na-classificacao\/"},"wordCount":113,"image":{"@id":"https:\/\/portaltela.pt\/noticias\/2026\/01\/13\/bustelo-mantem-ascensao-na-classificacao\/#primaryimage"},"thumbnailUrl":"https:\/\/portaltela.pt\/s.01k8rhncp4jt1\/2026\/01\/unnamed-file-2668.jpg","keywords":["campeonato","desporto","Divis\u00e3o Elite","futebol"],"articleSection":["Desporto","Futebol"],"inLanguage":"pt-PT"},{"@type":"WebPage","@id":"https:\/\/portaltela.pt\/noticias\/2026\/01\/13\/bustelo-mantem-ascensao-na-classificacao\/","url":"https:\/\/portaltela.pt\/noticias\/2026\/01\/13\/bustelo-mantem-ascensao-na-classificacao\/","name":"Bustelo mant\u00e9m ascens\u00e3o na classifica\u00e7\u00e3o - Portal Tela Portugal","isPartOf":{"@id":"https:\/\/portaltela.pt\/#website"},"primaryImageOfPage":{"@id":"https:\/\/portaltela.pt\/noticias\/2026\/01\/13\/bustelo-mantem-ascensao-na-classificacao\/#primaryimage"},"image":{"@id":"https:\/\/portaltela.pt\/noticias\/2026\/01\/13\/bustelo-mantem-ascensao-na-classificacao\/#primaryimage"},"thumbnailUrl":"https:\/\/portaltela.pt\/s.01k8rhncp4jt1\/2026\/01\/unnamed-file-2668.jpg","datePublished":"2026-01-13T10:40:23+00:00","author":{"@id":"https:\/\/portaltela.pt\/#\/schema\/person\/c4278d4a6028830caff9ee44b42d32ed"},"breadcrumb":{"@id":"https:\/\/portaltela.pt\/noticias\/2026\/01\/13\/bustelo-mantem-ascensao-na-classificacao\/#breadcrumb"},"inLanguage":"pt-PT","potentialAction":[{"@type":"ReadAction","target":["https:\/\/portaltela.pt\/noticias\/2026\/01\/13\/bustelo-mantem-ascensao-na-classificacao\/"]}]},{"@type":"ImageObject","inLanguage":"pt-PT","@id":"https:\/\/portaltela.pt\/noticias\/2026\/01\/13\/bustelo-mantem-ascensao-na-classificacao\/#primaryimage","url":"https:\/\/portaltela.pt\/s.01k8rhncp4jt1\/2026\/01\/unnamed-file-2668.jpg","contentUrl":"https:\/\/portaltela.pt\/s.01k8rhncp4jt1\/2026\/01\/unnamed-file-2668.jpg","width":796,"height":448,"caption":"Bustelo continua escalada na tabela"},{"@type":"BreadcrumbList","@id":"https:\/\/portaltela.pt\/noticias\/2026\/01\/13\/bustelo-mantem-ascensao-na-classificacao\/#breadcrumb","itemListElement":[{"@type":"ListItem","position":1,"name":"In\u00edcio","item":"https:\/\/portaltela.pt\/"},{"@type":"ListItem","position":2,"name":"Bustelo mant\u00e9m ascens\u00e3o na classifica\u00e7\u00e3o"}]},{"@type":"WebSite","@id":"https:\/\/portaltela.pt\/#website","url":"https:\/\/portaltela.pt\/","name":"Portal Tela Portugal","description":"","potentialAction":[{"@type":"SearchAction","target":{"@type":"EntryPoint","urlTemplate":"https:\/\/portaltela.pt\/?s={search_term_string}"},"query-input":{"@type":"PropertyValueSpecification","valueRequired":true,"valueName":"search_term_string"}}],"inLanguage":"pt-PT"},{"@type":"Person","@id":"https:\/\/portaltela.pt\/#\/schema\/person\/c4278d4a6028830caff9ee44b42d32ed","name":"Telinha","image":{"@type":"ImageObject","inLanguage":"pt-PT","@id":"https:\/\/portaltela.pt\/s.01k8rhncp4jt1\/2025\/11\/talking-bot-125x125.png","url":"https:\/\/portaltela.pt\/s.01k8rhncp4jt1\/2025\/11\/talking-bot-125x125.png","contentUrl":"https:\/\/portaltela.pt\/s.01k8rhncp4jt1\/2025\/11\/talking-bot-125x125.png","caption":"Telinha"},"sameAs":["https:\/\/portaltela.pt\/"],"url":"https:\/\/portaltela.pt\/por\/367410592786\/"}]}},"_links":{"self":[{"href":"https:\/\/portaltela.pt\/api\/wp\/v2\/posts\/137940","targetHints":{"allow":["GET"]}}],"collection":[{"href":"https:\/\/portaltela.pt\/api\/wp\/v2\/posts"}],"about":[{"href":"https:\/\/portaltela.pt\/api\/wp\/v2\/types\/post"}],"author":[{"embeddable":true,"href":"https:\/\/portaltela.pt\/api\/wp\/v2\/users\/2"}],"replies":[{"embeddable":true,"href":"https:\/\/portaltela.pt\/api\/wp\/v2\/comments?post=137940"}],"version-history":[{"count":0,"href":"https:\/\/portaltela.pt\/api\/wp\/v2\/posts\/137940\/revisions"}],"wp:featuredmedia":[{"embeddable":true,"href":"https:\/\/portaltela.pt\/api\/wp\/v2\/media\/137948"}],"wp:attachment":[{"href":"https:\/\/portaltela.pt\/api\/wp\/v2\/media?parent=137940"}],"wp:term":[{"taxonomy":"category","embeddable":true,"href":"https:\/\/portaltela.pt\/api\/wp\/v2\/categories?post=137940"},{"taxonomy":"post_tag","embeddable":true,"href":"https:\/\/portaltela.pt\/api\/wp\/v2\/tags?post=137940"}],"curies":[{"name":"wp","href":"https:\/\/api.w.org\/{rel}","templated":true}]}}