{"id":137561,"date":"2026-01-13T05:43:00","date_gmt":"2026-01-13T08:43:00","guid":{"rendered":"https:\/\/portaltela.pt\/noticias\/2026\/01\/13\/ex-adjunto-com-novo-advogado-em-caso-de-abuso-sexual-de-menores\/"},"modified":"2026-01-13T05:43:00","modified_gmt":"2026-01-13T08:43:00","slug":"ex-adjunto-com-novo-advogado-em-caso-de-abuso-sexual-de-menores","status":"publish","type":"post","link":"https:\/\/portaltela.pt\/noticias\/2026\/01\/13\/ex-adjunto-com-novo-advogado-em-caso-de-abuso-sexual-de-menores\/","title":{"rendered":"Ex-adjunto com novo advogado em caso de abuso sexual de menores"},"content":{"rendered":"<p>H\u00e1 um m\u00eas em pris\u00e3o preventiva e ap\u00f3s ren\u00fancias de dois advogados, o ex-adjunto do Minist\u00e9rio da Justi\u00e7a \u00e9 indiciado por mais de 500 crimes de pornografia de menores e dois de abuso sexual de crian\u00e7as. Paulo Abreu dos Santos tem novo representante.<\/p>\n<p>Segundo o Observador, o jurista Manuel Teixeira assumiu a defesa. O escrit\u00f3rio MT Advogados, onde Teixeira atua, descreve-o como com quase 40 anos de experi\u00eancia em Contencioso, Comercial, Fiscal e Penal. A confirma\u00e7\u00e3o foi feita pelo pr\u00f3prio Paulo Abreu dos Santos, que n\u00e3o quis comentar mais o caso.<\/p>\n<p>Paulo Abreu dos Santos, de 38 anos, permanece em pris\u00e3o preventiva desde 13 de dezembro de 2025. A Pol\u00edcia Judici\u00e1ria, citada pela Lusa, justifica a coa\u00e7\u00e3o com o risco de perturba\u00e7\u00e3o grave da ordem p\u00fablica, da continua\u00e7\u00e3o da atividade criminosa e de oculta\u00e7\u00e3o de provas.<\/p>\n<h3>Novo advogado e estado processual<\/h3>\n<p>As primeiras dilig\u00eancias apontam para 576 crimes de pornografia de menores, dois de abuso sexual de crian\u00e7as e um de devassa da vida privada, custodiados a liga\u00e7\u00f5es com c\u00e2maras ocultas em casas de banho e balne\u00e1rios, de acordo com o P\u00fablico. O ex-adjunto tamb\u00e9m integrava 13 grupos de partilha de conte\u00fado na plataforma Signal.<\/p>\n<p>O crime de abuso sexual de crian\u00e7as pode levar a uma pena de at\u00e9 oito anos, enquanto pornografia de menores acarreta at\u00e9 cinco anos. Devassa da vida privada prev\u00ea at\u00e9 tr\u00eas anos.<\/p>\n<p>Paulo Abreu dos Santos j\u00e1 teve dois advogados a renunciar. O primeiro foi Marco Ant\u00e3o, que pediu sa\u00edda por obje\u00e7\u00e3o de consci\u00eancia a 16 de dezembro. Um advogado oficioso tamb\u00e9m deixou a defesa, antes de Manuel Teixeira assumir.<\/p>\n<p>Antes da deten\u00e7\u00e3o, o ex-adjunto era professor assistente convidado na Faculdade de Direito da Universidade de Lisboa e atuava na firma Ana Bruno &amp; Associados. A FDUL e a sociedade de advogados disseram n\u00e3o ter registo de queixas ou a\u00e7\u00f5es contra ele.<\/p>\n<p>A investiga\u00e7\u00e3o policial tamb\u00e9m analisa se os abusos ocorreram numa casa de culto de orix\u00e1s; a religi\u00e3o afro-brasileira Candombl\u00e9 frequenta o local. Em dezembro, a respons\u00e1vel pela casa afirmou ao Observador n\u00e3o ter recebido queixas.<\/p>\n","protected":false},"excerpt":{"rendered":"<ul>\n<li>Manuel Teixeira \u00e9 o novo advogado de Paulo Abreu dos Santos, conforme o escrit\u00f3rio MT Advogados, ap\u00f3s duas ren\u00fancias de defesa.<\/li>\n<li>Paulo Abreu dos Santos, 38 anos, est\u00e1 em pris\u00e3o preventiva desde o dia 13 de dezembro de 2025, no Estabelecimento Prisional da Carregueira, em Sintra, com o tribunal a justificar o regime pelos riscos de perturba\u00e7\u00e3o da ordem p\u00fablica, continua\u00e7\u00e3o da atividade criminosa e oculta\u00e7\u00e3o de provas.<\/li>\n<li>O ex-adjunto \u00e9 investigado por 576 crimes de pornografia de menores, dois de abuso sexual de crian\u00e7as e um de devassa da vida privada, al\u00e9m de ter integridade em treze grupos na aplica\u00e7\u00e3o Signal para partilha de conte\u00fado.<\/li>\n<li>A defesa j\u00e1 passou por tr\u00eas advogados: Marco Ant\u00e3o renunciou por obje\u00e7\u00e3o de consci\u00eancia; seguiu-se um advogado oficioso que tamb\u00e9m renunciou; e, por fim, chegou Manuel Teixeira.<\/li>\n<li>A investiga\u00e7\u00e3o, iniciada em abril de 2024 ap\u00f3s alerta dos Estados Unidos, tamb\u00e9m analisa se os abusos ocorreram numa casa de culto dos orix\u00e1s, o Candombl\u00e9; a respons\u00e1vel da casa afirmou n\u00e3o ter recebido queixas.<\/li>\n<\/ul>\n","protected":false},"author":2,"featured_media":137562,"comment_status":"closed","ping_status":"closed","sticky":false,"template":"","format":"standard","meta":{"footnotes":""},"categories":[1],"tags":[1455,817,2998,147,217,2510],"class_list":["post-137561","post","type-post","status-publish","format-standard","has-post-thumbnail","hentry","category-noticias","tag-abuso-de-menor-dependente","tag-abuso-de-menor-dependente-ou-em-situacao-vulneravel","tag-abuso-de-sexual-de-menor-dependente","tag-crime","tag-investigacao-criminal","tag-pornografia-de-menor-dependente"],"yoast_head":"<!-- This site is optimized with the Yoast SEO plugin v27.2 - https:\/\/yoast.com\/product\/yoast-seo-wordpress\/ -->\n<title>Ex-adjunto com novo advogado em caso de abuso sexual de menores - Portal Tela Portugal<\/title>\n<meta name=\"robots\" content=\"index, follow, max-snippet:-1, max-image-preview:large, max-video-preview:-1\" \/>\n<meta property=\"og:locale\" content=\"pt_PT\" \/>\n<meta property=\"og:type\" content=\"article\" \/>\n<meta property=\"og:title\" content=\"Ex-adjunto com novo advogado em caso de abuso sexual de menores - Portal Tela Portugal\" \/>\n<meta property=\"og:description\" content=\"Manuel Teixeira \u00e9 o novo advogado de Paulo Abreu dos Santos, conforme o escrit\u00f3rio MT Advogados, ap\u00f3s duas ren\u00fancias de defesa. Paulo Abreu dos Santos, 38 anos, est\u00e1 em pris\u00e3o preventiva desde o dia 13 de dezembro de 2025, no Estabelecimento Prisional da Carregueira, em Sintra, com o tribunal a justificar o regime pelos riscos de perturba\u00e7\u00e3o da ordem p\u00fablica, continua\u00e7\u00e3o da atividade criminosa e oculta\u00e7\u00e3o de provas. O ex-adjunto \u00e9 investigado por 576 crimes de pornografia de menores, dois de abuso sexual de crian\u00e7as e um de devassa da vida privada, al\u00e9m de ter integridade em treze grupos na aplica\u00e7\u00e3o Signal para partilha de conte\u00fado. A defesa j\u00e1 passou por tr\u00eas advogados: Marco Ant\u00e3o renunciou por obje\u00e7\u00e3o de consci\u00eancia; seguiu-se um advogado oficioso que tamb\u00e9m renunciou; e, por fim, chegou Manuel Teixeira. A investiga\u00e7\u00e3o, iniciada em abril de 2024 ap\u00f3s alerta dos Estados Unidos, tamb\u00e9m analisa se os abusos ocorreram numa casa de culto dos orix\u00e1s, o Candombl\u00e9; a respons\u00e1vel da casa afirmou n\u00e3o ter recebido queixas.\" \/>\n<meta property=\"og:url\" content=\"https:\/\/portaltela.pt\/noticias\/2026\/01\/13\/ex-adjunto-com-novo-advogado-em-caso-de-abuso-sexual-de-menores\/\" \/>\n<meta property=\"og:site_name\" content=\"Portal Tela Portugal\" \/>\n<meta property=\"article:published_time\" content=\"2026-01-13T08:43:00+00:00\" \/>\n<meta name=\"author\" content=\"Telinha\" \/>\n<meta name=\"twitter:card\" content=\"summary_large_image\" \/>\n<meta name=\"twitter:label1\" content=\"Escrito por\" \/>\n\t<meta name=\"twitter:data1\" content=\"Telinha\" \/>\n\t<meta name=\"twitter:label2\" content=\"Tempo estimado de leitura\" \/>\n\t<meta name=\"twitter:data2\" content=\"2 minutos\" \/>\n<script type=\"application\/ld+json\" class=\"yoast-schema-graph\">{\"@context\":\"https:\/\/schema.org\",\"@graph\":[{\"@type\":\"Article\",\"@id\":\"https:\/\/portaltela.pt\/noticias\/2026\/01\/13\/ex-adjunto-com-novo-advogado-em-caso-de-abuso-sexual-de-menores\/#article\",\"isPartOf\":{\"@id\":\"https:\/\/portaltela.pt\/noticias\/2026\/01\/13\/ex-adjunto-com-novo-advogado-em-caso-de-abuso-sexual-de-menores\/\"},\"author\":{\"name\":\"Telinha\",\"@id\":\"https:\/\/portaltela.pt\/#\/schema\/person\/c4278d4a6028830caff9ee44b42d32ed\"},\"headline\":\"Ex-adjunto com novo advogado em caso de abuso sexual de menores\",\"datePublished\":\"2026-01-13T08:43:00+00:00\",\"mainEntityOfPage\":{\"@id\":\"https:\/\/portaltela.pt\/noticias\/2026\/01\/13\/ex-adjunto-com-novo-advogado-em-caso-de-abuso-sexual-de-menores\/\"},\"wordCount\":388,\"image\":{\"@id\":\"https:\/\/portaltela.pt\/noticias\/2026\/01\/13\/ex-adjunto-com-novo-advogado-em-caso-de-abuso-sexual-de-menores\/#primaryimage\"},\"thumbnailUrl\":\"https:\/\/portaltela.pt\/s.01k8rhncp4jt1\/2026\/01\/seguro_outline_cor-80.jpg\",\"keywords\":[\"abuso de menor dependente\",\"abuso de menor dependente ou em situa\u00e7\u00e3o vulner\u00e1vel\",\"abuso de sexual de menor dependente\",\"crime\",\"investiga\u00e7\u00e3o criminal\",\"pornografia de menor dependente\"],\"articleSection\":[\"Not\u00edcias\"],\"inLanguage\":\"pt-PT\"},{\"@type\":\"WebPage\",\"@id\":\"https:\/\/portaltela.pt\/noticias\/2026\/01\/13\/ex-adjunto-com-novo-advogado-em-caso-de-abuso-sexual-de-menores\/\",\"url\":\"https:\/\/portaltela.pt\/noticias\/2026\/01\/13\/ex-adjunto-com-novo-advogado-em-caso-de-abuso-sexual-de-menores\/\",\"name\":\"Ex-adjunto com novo advogado em caso de abuso sexual de menores - Portal Tela Portugal\",\"isPartOf\":{\"@id\":\"https:\/\/portaltela.pt\/#website\"},\"primaryImageOfPage\":{\"@id\":\"https:\/\/portaltela.pt\/noticias\/2026\/01\/13\/ex-adjunto-com-novo-advogado-em-caso-de-abuso-sexual-de-menores\/#primaryimage\"},\"image\":{\"@id\":\"https:\/\/portaltela.pt\/noticias\/2026\/01\/13\/ex-adjunto-com-novo-advogado-em-caso-de-abuso-sexual-de-menores\/#primaryimage\"},\"thumbnailUrl\":\"https:\/\/portaltela.pt\/s.01k8rhncp4jt1\/2026\/01\/seguro_outline_cor-80.jpg\",\"datePublished\":\"2026-01-13T08:43:00+00:00\",\"author\":{\"@id\":\"https:\/\/portaltela.pt\/#\/schema\/person\/c4278d4a6028830caff9ee44b42d32ed\"},\"breadcrumb\":{\"@id\":\"https:\/\/portaltela.pt\/noticias\/2026\/01\/13\/ex-adjunto-com-novo-advogado-em-caso-de-abuso-sexual-de-menores\/#breadcrumb\"},\"inLanguage\":\"pt-PT\",\"potentialAction\":[{\"@type\":\"ReadAction\",\"target\":[\"https:\/\/portaltela.pt\/noticias\/2026\/01\/13\/ex-adjunto-com-novo-advogado-em-caso-de-abuso-sexual-de-menores\/\"]}]},{\"@type\":\"ImageObject\",\"inLanguage\":\"pt-PT\",\"@id\":\"https:\/\/portaltela.pt\/noticias\/2026\/01\/13\/ex-adjunto-com-novo-advogado-em-caso-de-abuso-sexual-de-menores\/#primaryimage\",\"url\":\"https:\/\/portaltela.pt\/s.01k8rhncp4jt1\/2026\/01\/seguro_outline_cor-80.jpg\",\"contentUrl\":\"https:\/\/portaltela.pt\/s.01k8rhncp4jt1\/2026\/01\/seguro_outline_cor-80.jpg\",\"width\":796,\"height\":448,\"caption\":\"Photo\"},{\"@type\":\"BreadcrumbList\",\"@id\":\"https:\/\/portaltela.pt\/noticias\/2026\/01\/13\/ex-adjunto-com-novo-advogado-em-caso-de-abuso-sexual-de-menores\/#breadcrumb\",\"itemListElement\":[{\"@type\":\"ListItem\",\"position\":1,\"name\":\"In\u00edcio\",\"item\":\"https:\/\/portaltela.pt\/\"},{\"@type\":\"ListItem\",\"position\":2,\"name\":\"Ex-adjunto com novo advogado em caso de abuso sexual de menores\"}]},{\"@type\":\"WebSite\",\"@id\":\"https:\/\/portaltela.pt\/#website\",\"url\":\"https:\/\/portaltela.pt\/\",\"name\":\"Portal Tela Portugal\",\"description\":\"\",\"potentialAction\":[{\"@type\":\"SearchAction\",\"target\":{\"@type\":\"EntryPoint\",\"urlTemplate\":\"https:\/\/portaltela.pt\/?s={search_term_string}\"},\"query-input\":{\"@type\":\"PropertyValueSpecification\",\"valueRequired\":true,\"valueName\":\"search_term_string\"}}],\"inLanguage\":\"pt-PT\"},{\"@type\":\"Person\",\"@id\":\"https:\/\/portaltela.pt\/#\/schema\/person\/c4278d4a6028830caff9ee44b42d32ed\",\"name\":\"Telinha\",\"image\":{\"@type\":\"ImageObject\",\"inLanguage\":\"pt-PT\",\"@id\":\"https:\/\/portaltela.pt\/s.01k8rhncp4jt1\/2025\/11\/talking-bot-125x125.png\",\"url\":\"https:\/\/portaltela.pt\/s.01k8rhncp4jt1\/2025\/11\/talking-bot-125x125.png\",\"contentUrl\":\"https:\/\/portaltela.pt\/s.01k8rhncp4jt1\/2025\/11\/talking-bot-125x125.png\",\"caption\":\"Telinha\"},\"sameAs\":[\"https:\/\/portaltela.pt\/\"],\"url\":\"https:\/\/portaltela.pt\/por\/367410592786\/\"}]}<\/script>\n<!-- \/ Yoast SEO plugin. -->","yoast_head_json":{"title":"Ex-adjunto com novo advogado em caso de abuso sexual de menores - Portal Tela Portugal","robots":{"index":"index","follow":"follow","max-snippet":"max-snippet:-1","max-image-preview":"max-image-preview:large","max-video-preview":"max-video-preview:-1"},"og_locale":"pt_PT","og_type":"article","og_title":"Ex-adjunto com novo advogado em caso de abuso sexual de menores - Portal Tela Portugal","og_description":"Manuel Teixeira \u00e9 o novo advogado de Paulo Abreu dos Santos, conforme o escrit\u00f3rio MT Advogados, ap\u00f3s duas ren\u00fancias de defesa. Paulo Abreu dos Santos, 38 anos, est\u00e1 em pris\u00e3o preventiva desde o dia 13 de dezembro de 2025, no Estabelecimento Prisional da Carregueira, em Sintra, com o tribunal a justificar o regime pelos riscos de perturba\u00e7\u00e3o da ordem p\u00fablica, continua\u00e7\u00e3o da atividade criminosa e oculta\u00e7\u00e3o de provas. O ex-adjunto \u00e9 investigado por 576 crimes de pornografia de menores, dois de abuso sexual de crian\u00e7as e um de devassa da vida privada, al\u00e9m de ter integridade em treze grupos na aplica\u00e7\u00e3o Signal para partilha de conte\u00fado. A defesa j\u00e1 passou por tr\u00eas advogados: Marco Ant\u00e3o renunciou por obje\u00e7\u00e3o de consci\u00eancia; seguiu-se um advogado oficioso que tamb\u00e9m renunciou; e, por fim, chegou Manuel Teixeira. A investiga\u00e7\u00e3o, iniciada em abril de 2024 ap\u00f3s alerta dos Estados Unidos, tamb\u00e9m analisa se os abusos ocorreram numa casa de culto dos orix\u00e1s, o Candombl\u00e9; a respons\u00e1vel da casa afirmou n\u00e3o ter recebido queixas.","og_url":"https:\/\/portaltela.pt\/noticias\/2026\/01\/13\/ex-adjunto-com-novo-advogado-em-caso-de-abuso-sexual-de-menores\/","og_site_name":"Portal Tela Portugal","article_published_time":"2026-01-13T08:43:00+00:00","author":"Telinha","twitter_card":"summary_large_image","twitter_misc":{"Escrito por":"Telinha","Tempo estimado de leitura":"2 minutos"},"schema":{"@context":"https:\/\/schema.org","@graph":[{"@type":"Article","@id":"https:\/\/portaltela.pt\/noticias\/2026\/01\/13\/ex-adjunto-com-novo-advogado-em-caso-de-abuso-sexual-de-menores\/#article","isPartOf":{"@id":"https:\/\/portaltela.pt\/noticias\/2026\/01\/13\/ex-adjunto-com-novo-advogado-em-caso-de-abuso-sexual-de-menores\/"},"author":{"name":"Telinha","@id":"https:\/\/portaltela.pt\/#\/schema\/person\/c4278d4a6028830caff9ee44b42d32ed"},"headline":"Ex-adjunto com novo advogado em caso de abuso sexual de menores","datePublished":"2026-01-13T08:43:00+00:00","mainEntityOfPage":{"@id":"https:\/\/portaltela.pt\/noticias\/2026\/01\/13\/ex-adjunto-com-novo-advogado-em-caso-de-abuso-sexual-de-menores\/"},"wordCount":388,"image":{"@id":"https:\/\/portaltela.pt\/noticias\/2026\/01\/13\/ex-adjunto-com-novo-advogado-em-caso-de-abuso-sexual-de-menores\/#primaryimage"},"thumbnailUrl":"https:\/\/portaltela.pt\/s.01k8rhncp4jt1\/2026\/01\/seguro_outline_cor-80.jpg","keywords":["abuso de menor dependente","abuso de menor dependente ou em situa\u00e7\u00e3o vulner\u00e1vel","abuso de sexual de menor dependente","crime","investiga\u00e7\u00e3o criminal","pornografia de menor dependente"],"articleSection":["Not\u00edcias"],"inLanguage":"pt-PT"},{"@type":"WebPage","@id":"https:\/\/portaltela.pt\/noticias\/2026\/01\/13\/ex-adjunto-com-novo-advogado-em-caso-de-abuso-sexual-de-menores\/","url":"https:\/\/portaltela.pt\/noticias\/2026\/01\/13\/ex-adjunto-com-novo-advogado-em-caso-de-abuso-sexual-de-menores\/","name":"Ex-adjunto com novo advogado em caso de abuso sexual de menores - Portal Tela Portugal","isPartOf":{"@id":"https:\/\/portaltela.pt\/#website"},"primaryImageOfPage":{"@id":"https:\/\/portaltela.pt\/noticias\/2026\/01\/13\/ex-adjunto-com-novo-advogado-em-caso-de-abuso-sexual-de-menores\/#primaryimage"},"image":{"@id":"https:\/\/portaltela.pt\/noticias\/2026\/01\/13\/ex-adjunto-com-novo-advogado-em-caso-de-abuso-sexual-de-menores\/#primaryimage"},"thumbnailUrl":"https:\/\/portaltela.pt\/s.01k8rhncp4jt1\/2026\/01\/seguro_outline_cor-80.jpg","datePublished":"2026-01-13T08:43:00+00:00","author":{"@id":"https:\/\/portaltela.pt\/#\/schema\/person\/c4278d4a6028830caff9ee44b42d32ed"},"breadcrumb":{"@id":"https:\/\/portaltela.pt\/noticias\/2026\/01\/13\/ex-adjunto-com-novo-advogado-em-caso-de-abuso-sexual-de-menores\/#breadcrumb"},"inLanguage":"pt-PT","potentialAction":[{"@type":"ReadAction","target":["https:\/\/portaltela.pt\/noticias\/2026\/01\/13\/ex-adjunto-com-novo-advogado-em-caso-de-abuso-sexual-de-menores\/"]}]},{"@type":"ImageObject","inLanguage":"pt-PT","@id":"https:\/\/portaltela.pt\/noticias\/2026\/01\/13\/ex-adjunto-com-novo-advogado-em-caso-de-abuso-sexual-de-menores\/#primaryimage","url":"https:\/\/portaltela.pt\/s.01k8rhncp4jt1\/2026\/01\/seguro_outline_cor-80.jpg","contentUrl":"https:\/\/portaltela.pt\/s.01k8rhncp4jt1\/2026\/01\/seguro_outline_cor-80.jpg","width":796,"height":448,"caption":"Photo"},{"@type":"BreadcrumbList","@id":"https:\/\/portaltela.pt\/noticias\/2026\/01\/13\/ex-adjunto-com-novo-advogado-em-caso-de-abuso-sexual-de-menores\/#breadcrumb","itemListElement":[{"@type":"ListItem","position":1,"name":"In\u00edcio","item":"https:\/\/portaltela.pt\/"},{"@type":"ListItem","position":2,"name":"Ex-adjunto com novo advogado em caso de abuso sexual de menores"}]},{"@type":"WebSite","@id":"https:\/\/portaltela.pt\/#website","url":"https:\/\/portaltela.pt\/","name":"Portal Tela Portugal","description":"","potentialAction":[{"@type":"SearchAction","target":{"@type":"EntryPoint","urlTemplate":"https:\/\/portaltela.pt\/?s={search_term_string}"},"query-input":{"@type":"PropertyValueSpecification","valueRequired":true,"valueName":"search_term_string"}}],"inLanguage":"pt-PT"},{"@type":"Person","@id":"https:\/\/portaltela.pt\/#\/schema\/person\/c4278d4a6028830caff9ee44b42d32ed","name":"Telinha","image":{"@type":"ImageObject","inLanguage":"pt-PT","@id":"https:\/\/portaltela.pt\/s.01k8rhncp4jt1\/2025\/11\/talking-bot-125x125.png","url":"https:\/\/portaltela.pt\/s.01k8rhncp4jt1\/2025\/11\/talking-bot-125x125.png","contentUrl":"https:\/\/portaltela.pt\/s.01k8rhncp4jt1\/2025\/11\/talking-bot-125x125.png","caption":"Telinha"},"sameAs":["https:\/\/portaltela.pt\/"],"url":"https:\/\/portaltela.pt\/por\/367410592786\/"}]}},"_links":{"self":[{"href":"https:\/\/portaltela.pt\/api\/wp\/v2\/posts\/137561","targetHints":{"allow":["GET"]}}],"collection":[{"href":"https:\/\/portaltela.pt\/api\/wp\/v2\/posts"}],"about":[{"href":"https:\/\/portaltela.pt\/api\/wp\/v2\/types\/post"}],"author":[{"embeddable":true,"href":"https:\/\/portaltela.pt\/api\/wp\/v2\/users\/2"}],"replies":[{"embeddable":true,"href":"https:\/\/portaltela.pt\/api\/wp\/v2\/comments?post=137561"}],"version-history":[{"count":0,"href":"https:\/\/portaltela.pt\/api\/wp\/v2\/posts\/137561\/revisions"}],"wp:featuredmedia":[{"embeddable":true,"href":"https:\/\/portaltela.pt\/api\/wp\/v2\/media\/137562"}],"wp:attachment":[{"href":"https:\/\/portaltela.pt\/api\/wp\/v2\/media?parent=137561"}],"wp:term":[{"taxonomy":"category","embeddable":true,"href":"https:\/\/portaltela.pt\/api\/wp\/v2\/categories?post=137561"},{"taxonomy":"post_tag","embeddable":true,"href":"https:\/\/portaltela.pt\/api\/wp\/v2\/tags?post=137561"}],"curies":[{"name":"wp","href":"https:\/\/api.w.org\/{rel}","templated":true}]}}