{"id":137461,"date":"2026-01-13T04:46:00","date_gmt":"2026-01-13T07:46:00","guid":{"rendered":"https:\/\/portaltela.pt\/noticias\/2026\/01\/13\/cuidadora-acusada-de-burlar-idosos-para-ficar-com-predio\/"},"modified":"2026-01-13T04:46:00","modified_gmt":"2026-01-13T07:46:00","slug":"cuidadora-acusada-de-burlar-idosos-para-ficar-com-predio","status":"publish","type":"post","link":"https:\/\/portaltela.pt\/noticias\/2026\/01\/13\/cuidadora-acusada-de-burlar-idosos-para-ficar-com-predio\/","title":{"rendered":"Cuidadora acusada de burlar idosos para ficar com pr\u00e9dio"},"content":{"rendered":"<p>Uma mulher de 60 anos foi acusada de burlar um casal de idosos de Carregal do Sal para ficar com um pr\u00e9dio avaliado em mais de 100 mil euros. Um m\u00eas depois, trocou o pr\u00e9dio por 55 mil euros e dois artigos urbanos. Vai ser julgada em Coimbra por burla qualificada e branqueamento.<\/p>\n<p>No ver\u00e3o de 2023, a investigada foi contratada para tomar conta de um casal residente em Carregal do Sal, cabendo-lhe tarefas dom\u00e9sticas, alimenta\u00e7\u00e3o, higiene e cuidados m\u00e9dicos. Maria e Hor\u00e1cio, de 80 e 88 anos, apresentavam vulnerabilidades f\u00edsicas e cognitivas.<\/p>\n<p>O processo corre em Coimbra, onde a acusa\u00e7\u00e3o envolve burla qualificada e branqueamento. A investiga\u00e7\u00e3o descreve que a cuidadora ter\u00e1 usado o cargo para obter vantagem econ\u00f3mica com o patrim\u00f3nio do casal.<\/p>\n<h3>Contexto do caso<\/h3>\n<p>As autoridades n\u00e3o avan\u00e7aram com mais dados sobre a data exata de eventuais delibera\u00e7\u00f5es judiciais ou as etapas seguintes do processo.<\/p>\n<h3>Desdobramentos esperados<\/h3>\n<p>N\u00e3o foram divulgados detalhes adicionais sobre testemunhas ou per\u00edcias previstas, mantendo-se o foco na imputa\u00e7\u00e3o e no objeto do lit\u00edgio.<\/p>\n","protected":false},"excerpt":{"rendered":"<ul>\n<li>Em Carregal do Sal, uma cuidadora de 60 anos \u00e9 acusada de burlar um casal de idosos para ficar com um pr\u00e9dio avaliado em mais de 100 mil euros.<\/li>\n<li>Um m\u00eas depois, permutou o pr\u00e9dio por 55 mil euros e dois artigos urbanos.<\/li>\n<li>Vai ser julgada em Coimbra por burla qualificada e branqueamento.<\/li>\n<li>No ver\u00e3o de 2023, Ana foi contratada para tomar conta do casal residente em Carregal do Sal, cuidando das tarefas dom\u00e9sticas, alimenta\u00e7\u00e3o, higiene e cuidados m\u00e9dicos.<\/li>\n<li>Maria e Hor\u00e1cio tinham 80 e 88 anos e apresentavam vulnerabilidades f\u00edsicas e cognitivas decorrentes da idade.<\/li>\n<\/ul>\n","protected":false},"author":2,"featured_media":137467,"comment_status":"closed","ping_status":"closed","sticky":false,"template":"","format":"standard","meta":{"footnotes":""},"categories":[1],"tags":[1570,689,1798,1070,2736,814],"class_list":["post-137461","post","type-post","status-publish","format-standard","has-post-thumbnail","hentry","category-noticias","tag-branqueamento","tag-burla-qualificada","tag-carregal-do-sal","tag-coimbra","tag-idosos","tag-patrimonio"],"yoast_head":"<!-- This site is optimized with the Yoast SEO plugin v27.2 - https:\/\/yoast.com\/product\/yoast-seo-wordpress\/ -->\n<title>Cuidadora acusada de burlar idosos para ficar com pr\u00e9dio - Portal Tela Portugal<\/title>\n<meta name=\"robots\" content=\"index, follow, max-snippet:-1, max-image-preview:large, max-video-preview:-1\" \/>\n<meta property=\"og:locale\" content=\"pt_PT\" \/>\n<meta property=\"og:type\" content=\"article\" \/>\n<meta property=\"og:title\" content=\"Cuidadora acusada de burlar idosos para ficar com pr\u00e9dio - Portal Tela Portugal\" \/>\n<meta property=\"og:description\" content=\"Em Carregal do Sal, uma cuidadora de 60 anos \u00e9 acusada de burlar um casal de idosos para ficar com um pr\u00e9dio avaliado em mais de 100 mil euros. Um m\u00eas depois, permutou o pr\u00e9dio por 55 mil euros e dois artigos urbanos. Vai ser julgada em Coimbra por burla qualificada e branqueamento. No ver\u00e3o de 2023, Ana foi contratada para tomar conta do casal residente em Carregal do Sal, cuidando das tarefas dom\u00e9sticas, alimenta\u00e7\u00e3o, higiene e cuidados m\u00e9dicos. Maria e Hor\u00e1cio tinham 80 e 88 anos e apresentavam vulnerabilidades f\u00edsicas e cognitivas decorrentes da idade.\" \/>\n<meta property=\"og:url\" content=\"https:\/\/portaltela.pt\/noticias\/2026\/01\/13\/cuidadora-acusada-de-burlar-idosos-para-ficar-com-predio\/\" \/>\n<meta property=\"og:site_name\" content=\"Portal Tela Portugal\" \/>\n<meta property=\"article:published_time\" content=\"2026-01-13T07:46:00+00:00\" \/>\n<meta name=\"author\" content=\"Telinha\" \/>\n<meta name=\"twitter:card\" content=\"summary_large_image\" \/>\n<meta name=\"twitter:label1\" content=\"Escrito por\" \/>\n\t<meta name=\"twitter:data1\" content=\"Telinha\" \/>\n\t<meta name=\"twitter:label2\" content=\"Tempo estimado de leitura\" \/>\n\t<meta name=\"twitter:data2\" content=\"1 minuto\" \/>\n<script type=\"application\/ld+json\" class=\"yoast-schema-graph\">{\"@context\":\"https:\/\/schema.org\",\"@graph\":[{\"@type\":\"Article\",\"@id\":\"https:\/\/portaltela.pt\/noticias\/2026\/01\/13\/cuidadora-acusada-de-burlar-idosos-para-ficar-com-predio\/#article\",\"isPartOf\":{\"@id\":\"https:\/\/portaltela.pt\/noticias\/2026\/01\/13\/cuidadora-acusada-de-burlar-idosos-para-ficar-com-predio\/\"},\"author\":{\"name\":\"Telinha\",\"@id\":\"https:\/\/portaltela.pt\/#\/schema\/person\/c4278d4a6028830caff9ee44b42d32ed\"},\"headline\":\"Cuidadora acusada de burlar idosos para ficar com pr\u00e9dio\",\"datePublished\":\"2026-01-13T07:46:00+00:00\",\"mainEntityOfPage\":{\"@id\":\"https:\/\/portaltela.pt\/noticias\/2026\/01\/13\/cuidadora-acusada-de-burlar-idosos-para-ficar-com-predio\/\"},\"wordCount\":195,\"image\":{\"@id\":\"https:\/\/portaltela.pt\/noticias\/2026\/01\/13\/cuidadora-acusada-de-burlar-idosos-para-ficar-com-predio\/#primaryimage\"},\"thumbnailUrl\":\"https:\/\/portaltela.pt\/s.01k8rhncp4jt1\/2026\/01\/image-759.jpg\",\"keywords\":[\"branqueamento\",\"burla qualificada\",\"Carregal do Sal\",\"Coimbra\",\"idosos\",\"patrim\u00f3nio\"],\"articleSection\":[\"Not\u00edcias\"],\"inLanguage\":\"pt-PT\"},{\"@type\":\"WebPage\",\"@id\":\"https:\/\/portaltela.pt\/noticias\/2026\/01\/13\/cuidadora-acusada-de-burlar-idosos-para-ficar-com-predio\/\",\"url\":\"https:\/\/portaltela.pt\/noticias\/2026\/01\/13\/cuidadora-acusada-de-burlar-idosos-para-ficar-com-predio\/\",\"name\":\"Cuidadora acusada de burlar idosos para ficar com pr\u00e9dio - Portal Tela Portugal\",\"isPartOf\":{\"@id\":\"https:\/\/portaltela.pt\/#website\"},\"primaryImageOfPage\":{\"@id\":\"https:\/\/portaltela.pt\/noticias\/2026\/01\/13\/cuidadora-acusada-de-burlar-idosos-para-ficar-com-predio\/#primaryimage\"},\"image\":{\"@id\":\"https:\/\/portaltela.pt\/noticias\/2026\/01\/13\/cuidadora-acusada-de-burlar-idosos-para-ficar-com-predio\/#primaryimage\"},\"thumbnailUrl\":\"https:\/\/portaltela.pt\/s.01k8rhncp4jt1\/2026\/01\/image-759.jpg\",\"datePublished\":\"2026-01-13T07:46:00+00:00\",\"author\":{\"@id\":\"https:\/\/portaltela.pt\/#\/schema\/person\/c4278d4a6028830caff9ee44b42d32ed\"},\"breadcrumb\":{\"@id\":\"https:\/\/portaltela.pt\/noticias\/2026\/01\/13\/cuidadora-acusada-de-burlar-idosos-para-ficar-com-predio\/#breadcrumb\"},\"inLanguage\":\"pt-PT\",\"potentialAction\":[{\"@type\":\"ReadAction\",\"target\":[\"https:\/\/portaltela.pt\/noticias\/2026\/01\/13\/cuidadora-acusada-de-burlar-idosos-para-ficar-com-predio\/\"]}]},{\"@type\":\"ImageObject\",\"inLanguage\":\"pt-PT\",\"@id\":\"https:\/\/portaltela.pt\/noticias\/2026\/01\/13\/cuidadora-acusada-de-burlar-idosos-para-ficar-com-predio\/#primaryimage\",\"url\":\"https:\/\/portaltela.pt\/s.01k8rhncp4jt1\/2026\/01\/image-759.jpg\",\"contentUrl\":\"https:\/\/portaltela.pt\/s.01k8rhncp4jt1\/2026\/01\/image-759.jpg\",\"width\":796,\"height\":448,\"caption\":\"Cuidadora tirou partido da fragilidade dos idosos para os enganar\"},{\"@type\":\"BreadcrumbList\",\"@id\":\"https:\/\/portaltela.pt\/noticias\/2026\/01\/13\/cuidadora-acusada-de-burlar-idosos-para-ficar-com-predio\/#breadcrumb\",\"itemListElement\":[{\"@type\":\"ListItem\",\"position\":1,\"name\":\"In\u00edcio\",\"item\":\"https:\/\/portaltela.pt\/\"},{\"@type\":\"ListItem\",\"position\":2,\"name\":\"Cuidadora acusada de burlar idosos para ficar com pr\u00e9dio\"}]},{\"@type\":\"WebSite\",\"@id\":\"https:\/\/portaltela.pt\/#website\",\"url\":\"https:\/\/portaltela.pt\/\",\"name\":\"Portal Tela Portugal\",\"description\":\"\",\"potentialAction\":[{\"@type\":\"SearchAction\",\"target\":{\"@type\":\"EntryPoint\",\"urlTemplate\":\"https:\/\/portaltela.pt\/?s={search_term_string}\"},\"query-input\":{\"@type\":\"PropertyValueSpecification\",\"valueRequired\":true,\"valueName\":\"search_term_string\"}}],\"inLanguage\":\"pt-PT\"},{\"@type\":\"Person\",\"@id\":\"https:\/\/portaltela.pt\/#\/schema\/person\/c4278d4a6028830caff9ee44b42d32ed\",\"name\":\"Telinha\",\"image\":{\"@type\":\"ImageObject\",\"inLanguage\":\"pt-PT\",\"@id\":\"https:\/\/portaltela.pt\/s.01k8rhncp4jt1\/2025\/11\/talking-bot-125x125.png\",\"url\":\"https:\/\/portaltela.pt\/s.01k8rhncp4jt1\/2025\/11\/talking-bot-125x125.png\",\"contentUrl\":\"https:\/\/portaltela.pt\/s.01k8rhncp4jt1\/2025\/11\/talking-bot-125x125.png\",\"caption\":\"Telinha\"},\"sameAs\":[\"https:\/\/portaltela.pt\/\"],\"url\":\"https:\/\/portaltela.pt\/por\/367410592786\/\"}]}<\/script>\n<!-- \/ Yoast SEO plugin. -->","yoast_head_json":{"title":"Cuidadora acusada de burlar idosos para ficar com pr\u00e9dio - Portal Tela Portugal","robots":{"index":"index","follow":"follow","max-snippet":"max-snippet:-1","max-image-preview":"max-image-preview:large","max-video-preview":"max-video-preview:-1"},"og_locale":"pt_PT","og_type":"article","og_title":"Cuidadora acusada de burlar idosos para ficar com pr\u00e9dio - Portal Tela Portugal","og_description":"Em Carregal do Sal, uma cuidadora de 60 anos \u00e9 acusada de burlar um casal de idosos para ficar com um pr\u00e9dio avaliado em mais de 100 mil euros. Um m\u00eas depois, permutou o pr\u00e9dio por 55 mil euros e dois artigos urbanos. Vai ser julgada em Coimbra por burla qualificada e branqueamento. No ver\u00e3o de 2023, Ana foi contratada para tomar conta do casal residente em Carregal do Sal, cuidando das tarefas dom\u00e9sticas, alimenta\u00e7\u00e3o, higiene e cuidados m\u00e9dicos. Maria e Hor\u00e1cio tinham 80 e 88 anos e apresentavam vulnerabilidades f\u00edsicas e cognitivas decorrentes da idade.","og_url":"https:\/\/portaltela.pt\/noticias\/2026\/01\/13\/cuidadora-acusada-de-burlar-idosos-para-ficar-com-predio\/","og_site_name":"Portal Tela Portugal","article_published_time":"2026-01-13T07:46:00+00:00","author":"Telinha","twitter_card":"summary_large_image","twitter_misc":{"Escrito por":"Telinha","Tempo estimado de leitura":"1 minuto"},"schema":{"@context":"https:\/\/schema.org","@graph":[{"@type":"Article","@id":"https:\/\/portaltela.pt\/noticias\/2026\/01\/13\/cuidadora-acusada-de-burlar-idosos-para-ficar-com-predio\/#article","isPartOf":{"@id":"https:\/\/portaltela.pt\/noticias\/2026\/01\/13\/cuidadora-acusada-de-burlar-idosos-para-ficar-com-predio\/"},"author":{"name":"Telinha","@id":"https:\/\/portaltela.pt\/#\/schema\/person\/c4278d4a6028830caff9ee44b42d32ed"},"headline":"Cuidadora acusada de burlar idosos para ficar com pr\u00e9dio","datePublished":"2026-01-13T07:46:00+00:00","mainEntityOfPage":{"@id":"https:\/\/portaltela.pt\/noticias\/2026\/01\/13\/cuidadora-acusada-de-burlar-idosos-para-ficar-com-predio\/"},"wordCount":195,"image":{"@id":"https:\/\/portaltela.pt\/noticias\/2026\/01\/13\/cuidadora-acusada-de-burlar-idosos-para-ficar-com-predio\/#primaryimage"},"thumbnailUrl":"https:\/\/portaltela.pt\/s.01k8rhncp4jt1\/2026\/01\/image-759.jpg","keywords":["branqueamento","burla qualificada","Carregal do Sal","Coimbra","idosos","patrim\u00f3nio"],"articleSection":["Not\u00edcias"],"inLanguage":"pt-PT"},{"@type":"WebPage","@id":"https:\/\/portaltela.pt\/noticias\/2026\/01\/13\/cuidadora-acusada-de-burlar-idosos-para-ficar-com-predio\/","url":"https:\/\/portaltela.pt\/noticias\/2026\/01\/13\/cuidadora-acusada-de-burlar-idosos-para-ficar-com-predio\/","name":"Cuidadora acusada de burlar idosos para ficar com pr\u00e9dio - Portal Tela Portugal","isPartOf":{"@id":"https:\/\/portaltela.pt\/#website"},"primaryImageOfPage":{"@id":"https:\/\/portaltela.pt\/noticias\/2026\/01\/13\/cuidadora-acusada-de-burlar-idosos-para-ficar-com-predio\/#primaryimage"},"image":{"@id":"https:\/\/portaltela.pt\/noticias\/2026\/01\/13\/cuidadora-acusada-de-burlar-idosos-para-ficar-com-predio\/#primaryimage"},"thumbnailUrl":"https:\/\/portaltela.pt\/s.01k8rhncp4jt1\/2026\/01\/image-759.jpg","datePublished":"2026-01-13T07:46:00+00:00","author":{"@id":"https:\/\/portaltela.pt\/#\/schema\/person\/c4278d4a6028830caff9ee44b42d32ed"},"breadcrumb":{"@id":"https:\/\/portaltela.pt\/noticias\/2026\/01\/13\/cuidadora-acusada-de-burlar-idosos-para-ficar-com-predio\/#breadcrumb"},"inLanguage":"pt-PT","potentialAction":[{"@type":"ReadAction","target":["https:\/\/portaltela.pt\/noticias\/2026\/01\/13\/cuidadora-acusada-de-burlar-idosos-para-ficar-com-predio\/"]}]},{"@type":"ImageObject","inLanguage":"pt-PT","@id":"https:\/\/portaltela.pt\/noticias\/2026\/01\/13\/cuidadora-acusada-de-burlar-idosos-para-ficar-com-predio\/#primaryimage","url":"https:\/\/portaltela.pt\/s.01k8rhncp4jt1\/2026\/01\/image-759.jpg","contentUrl":"https:\/\/portaltela.pt\/s.01k8rhncp4jt1\/2026\/01\/image-759.jpg","width":796,"height":448,"caption":"Cuidadora tirou partido da fragilidade dos idosos para os enganar"},{"@type":"BreadcrumbList","@id":"https:\/\/portaltela.pt\/noticias\/2026\/01\/13\/cuidadora-acusada-de-burlar-idosos-para-ficar-com-predio\/#breadcrumb","itemListElement":[{"@type":"ListItem","position":1,"name":"In\u00edcio","item":"https:\/\/portaltela.pt\/"},{"@type":"ListItem","position":2,"name":"Cuidadora acusada de burlar idosos para ficar com pr\u00e9dio"}]},{"@type":"WebSite","@id":"https:\/\/portaltela.pt\/#website","url":"https:\/\/portaltela.pt\/","name":"Portal Tela Portugal","description":"","potentialAction":[{"@type":"SearchAction","target":{"@type":"EntryPoint","urlTemplate":"https:\/\/portaltela.pt\/?s={search_term_string}"},"query-input":{"@type":"PropertyValueSpecification","valueRequired":true,"valueName":"search_term_string"}}],"inLanguage":"pt-PT"},{"@type":"Person","@id":"https:\/\/portaltela.pt\/#\/schema\/person\/c4278d4a6028830caff9ee44b42d32ed","name":"Telinha","image":{"@type":"ImageObject","inLanguage":"pt-PT","@id":"https:\/\/portaltela.pt\/s.01k8rhncp4jt1\/2025\/11\/talking-bot-125x125.png","url":"https:\/\/portaltela.pt\/s.01k8rhncp4jt1\/2025\/11\/talking-bot-125x125.png","contentUrl":"https:\/\/portaltela.pt\/s.01k8rhncp4jt1\/2025\/11\/talking-bot-125x125.png","caption":"Telinha"},"sameAs":["https:\/\/portaltela.pt\/"],"url":"https:\/\/portaltela.pt\/por\/367410592786\/"}]}},"_links":{"self":[{"href":"https:\/\/portaltela.pt\/api\/wp\/v2\/posts\/137461","targetHints":{"allow":["GET"]}}],"collection":[{"href":"https:\/\/portaltela.pt\/api\/wp\/v2\/posts"}],"about":[{"href":"https:\/\/portaltela.pt\/api\/wp\/v2\/types\/post"}],"author":[{"embeddable":true,"href":"https:\/\/portaltela.pt\/api\/wp\/v2\/users\/2"}],"replies":[{"embeddable":true,"href":"https:\/\/portaltela.pt\/api\/wp\/v2\/comments?post=137461"}],"version-history":[{"count":0,"href":"https:\/\/portaltela.pt\/api\/wp\/v2\/posts\/137461\/revisions"}],"wp:featuredmedia":[{"embeddable":true,"href":"https:\/\/portaltela.pt\/api\/wp\/v2\/media\/137467"}],"wp:attachment":[{"href":"https:\/\/portaltela.pt\/api\/wp\/v2\/media?parent=137461"}],"wp:term":[{"taxonomy":"category","embeddable":true,"href":"https:\/\/portaltela.pt\/api\/wp\/v2\/categories?post=137461"},{"taxonomy":"post_tag","embeddable":true,"href":"https:\/\/portaltela.pt\/api\/wp\/v2\/tags?post=137461"}],"curies":[{"name":"wp","href":"https:\/\/api.w.org\/{rel}","templated":true}]}}