{"id":137355,"date":"2026-01-12T21:18:00","date_gmt":"2026-01-13T00:18:00","guid":{"rendered":"https:\/\/portaltela.pt\/noticias\/2026\/01\/12\/a-direita-e-as-presidenciais-cenarios-e-impactos\/"},"modified":"2026-01-12T21:18:00","modified_gmt":"2026-01-13T00:18:00","slug":"a-direita-e-as-presidenciais-cenarios-e-impactos","status":"publish","type":"post","link":"https:\/\/portaltela.pt\/noticias\/politica\/2026\/01\/12\/a-direita-e-as-presidenciais-cenarios-e-impactos\/","title":{"rendered":"A direita e as presidenciais, cen\u00e1rios e impactos"},"content":{"rendered":"<p>Ao passar para o ato de endorsear um candidato, um comentador de direita explica por que escolhe Ant\u00f3nio Jos\u00e9 Seguro para a presid\u00eancia. Em primeiro plano, afirma que n\u00e3o se identifica com a direita tradicional, mas defende um presidente com cultura de Estado, moderado e atento \u00e0 continuidade institucional. A leitura \u00e9 de princ\u00edpios e valores antes de qualquer r\u00f3tulo pol\u00edtico.<\/p>\n<p>Explica que valoriza o papel do Estado como s\u00edmbolo de unidade, acima de estruturas partid\u00e1rias, e rejeita o estatismo. Defende lideran\u00e7a firme, o respeito pela autoridade pelo exemplo, e evita a pol\u00edtica espect\u00e1culo. Atribui prioridade \u00e0 prud\u00eancia, \u00e0 dignidade e ao respeito pelos limites do cargo.<\/p>\n<p>O texto detalha tra\u00e7os desej\u00e1veis: discri\u00e7\u00e3o, previsibilidade, menos foco em propaganda e mais em resultados. Descreve a presid\u00eancia como \u00e1rbitro, integrador e motor de solu\u00e7\u00f5es, menos interventor ativo na governa\u00e7\u00e3o. Define como virtudes a mem\u00f3ria coletiva, a coes\u00e3o nacional e o enraizamento numa comunidade comum.<\/p>\n<p>O autor descreve ainda a cr\u00edtica \u00e0 cultura medi\u00e1tica e aos salvadores providenciais. Rejeita rupturas revolucion\u00e1rias, preferindo mudan\u00e7as graduais. Avisa que a presid\u00eancia deve moderar, cuidar e manter a ordem institucional, sem usar o cargo para promo\u00e7\u00e3o pessoal ou para favorecer interesses ideol\u00f3gicos.<\/p>\n<p>Ato de apoio p\u00fablico acontece de forma p\u00fablica e cont\u00ednua: o autor j\u00e1 tinha manifestado o voto a Ant\u00f3nio Jos\u00e9 Seguro, em novembro de 2024, antes de o candidato se ter estreado oficialmente. Afirma que Seguro representa, na vis\u00e3o dele, aquilo que a direita reconhece como qualidades de Estado sem messianismos ou farsa.<\/p>\n<p>Conclui, sem ambiguidades, que Seguro \u00e9 o melhor exemplo de um pol\u00edtico de esquerda com caracter\u00edsticas valorizadas pela direita: aus\u00eancia de histrionismo, respeito pela liberdade dentro de limites, e dedica\u00e7\u00e3o \u00e0 unidade nacional. Considera que \u00e9 raro encontrar, neste momento, um l\u00edder que re\u00fana tais tra\u00e7os. O texto encerra sublinhando que a realidade atual pede um pol\u00edtico capaz de evitar o populismo, mantendo foco na estabilidade institucional.<\/p>\n","protected":false},"excerpt":{"rendered":"<ul>\n<li>O artigo \u00e9 uma declara\u00e7\u00e3o de apoio a Ant\u00f3nio Jos\u00e9 Seguro na corrida presidencial de Portugal, publicada perto da primeira volta.<\/li>\n<li>O autor valoriza um presidente com cultura de Estado, modera\u00e7\u00e3o, responsabilidade, prioridade \u00e0 continuidade institucional e dist\u00e2ncia de interesses partid\u00e1rios.<\/li>\n<li>Defende uma presid\u00eancia \u00e1rbitro e integradora, que cuide das pol\u00edticas dentro dos limites da ordem institucional, com previs\u00e3o e discri\u00e7\u00e3o.<\/li>\n<li>Revela ter apoiado Seguro pela primeira vez em novembro de 2024, em epis\u00f3dio do Linhas Direitas, mantendo o apoio ao longo da campanha.<\/li>\n<li>Conclui que Seguro representa o que a direita costuma admirar numa figura de Estado, considerando-o aus\u00eancia de messianismo, sem virar as suas convic\u00e7\u00f5es, e sugere que a direita reconhe\u00e7a essa escolha.<\/li>\n<\/ul>\n","protected":false},"author":2,"featured_media":137357,"comment_status":"closed","ping_status":"closed","sticky":false,"template":"","format":"standard","meta":{"footnotes":""},"categories":[1,5],"tags":[2655,2995,1817,68,2832,30],"class_list":["post-137355","post","type-post","status-publish","format-standard","has-post-thumbnail","hentry","category-noticias","category-politica","tag-antonio-jose-seguro","tag-coesao-nacional","tag-dialogo-politico","tag-eleicoes","tag-politica","tag-presidente"],"yoast_head":"<!-- This site is optimized with the Yoast SEO plugin v27.2 - https:\/\/yoast.com\/product\/yoast-seo-wordpress\/ -->\n<title>A direita e as presidenciais, cen\u00e1rios e impactos - Portal Tela Portugal<\/title>\n<meta name=\"robots\" content=\"index, follow, max-snippet:-1, max-image-preview:large, max-video-preview:-1\" \/>\n<meta property=\"og:locale\" content=\"pt_PT\" \/>\n<meta property=\"og:type\" content=\"article\" \/>\n<meta property=\"og:title\" content=\"A direita e as presidenciais, cen\u00e1rios e impactos - Portal Tela Portugal\" \/>\n<meta property=\"og:description\" content=\"O artigo \u00e9 uma declara\u00e7\u00e3o de apoio a Ant\u00f3nio Jos\u00e9 Seguro na corrida presidencial de Portugal, publicada perto da primeira volta. O autor valoriza um presidente com cultura de Estado, modera\u00e7\u00e3o, responsabilidade, prioridade \u00e0 continuidade institucional e dist\u00e2ncia de interesses partid\u00e1rios. Defende uma presid\u00eancia \u00e1rbitro e integradora, que cuide das pol\u00edticas dentro dos limites da ordem institucional, com previs\u00e3o e discri\u00e7\u00e3o. Revela ter apoiado Seguro pela primeira vez em novembro de 2024, em epis\u00f3dio do Linhas Direitas, mantendo o apoio ao longo da campanha. Conclui que Seguro representa o que a direita costuma admirar numa figura de Estado, considerando-o aus\u00eancia de messianismo, sem virar as suas convic\u00e7\u00f5es, e sugere que a direita reconhe\u00e7a essa escolha.\" \/>\n<meta property=\"og:url\" content=\"https:\/\/portaltela.pt\/noticias\/2026\/01\/12\/a-direita-e-as-presidenciais-cenarios-e-impactos\/\" \/>\n<meta property=\"og:site_name\" content=\"Portal Tela Portugal\" \/>\n<meta property=\"article:published_time\" content=\"2026-01-13T00:18:00+00:00\" \/>\n<meta name=\"author\" content=\"Telinha\" \/>\n<meta name=\"twitter:card\" content=\"summary_large_image\" \/>\n<meta name=\"twitter:label1\" content=\"Escrito por\" \/>\n\t<meta name=\"twitter:data1\" content=\"Telinha\" \/>\n\t<meta name=\"twitter:label2\" content=\"Tempo estimado de leitura\" \/>\n\t<meta name=\"twitter:data2\" content=\"2 minutos\" \/>\n<script type=\"application\/ld+json\" class=\"yoast-schema-graph\">{\"@context\":\"https:\/\/schema.org\",\"@graph\":[{\"@type\":\"Article\",\"@id\":\"https:\/\/portaltela.pt\/noticias\/2026\/01\/12\/a-direita-e-as-presidenciais-cenarios-e-impactos\/#article\",\"isPartOf\":{\"@id\":\"https:\/\/portaltela.pt\/noticias\/2026\/01\/12\/a-direita-e-as-presidenciais-cenarios-e-impactos\/\"},\"author\":{\"name\":\"Telinha\",\"@id\":\"https:\/\/portaltela.pt\/#\/schema\/person\/c4278d4a6028830caff9ee44b42d32ed\"},\"headline\":\"A direita e as presidenciais, cen\u00e1rios e impactos\",\"datePublished\":\"2026-01-13T00:18:00+00:00\",\"mainEntityOfPage\":{\"@id\":\"https:\/\/portaltela.pt\/noticias\/2026\/01\/12\/a-direita-e-as-presidenciais-cenarios-e-impactos\/\"},\"wordCount\":355,\"image\":{\"@id\":\"https:\/\/portaltela.pt\/noticias\/2026\/01\/12\/a-direita-e-as-presidenciais-cenarios-e-impactos\/#primaryimage\"},\"thumbnailUrl\":\"https:\/\/portaltela.pt\/s.01k8rhncp4jt1\/2026\/01\/seguro_outline_cor-74.jpg\",\"keywords\":[\"Ant\u00f3nio Jos\u00e9 Seguro\",\"coes\u00e3o nacional\",\"Di\u00e1logo pol\u00edtico\",\"elei\u00e7\u00f5es\",\"pol\u00edtica\",\"presidente\"],\"articleSection\":[\"Not\u00edcias\",\"Pol\u00edtica\"],\"inLanguage\":\"pt-PT\"},{\"@type\":\"WebPage\",\"@id\":\"https:\/\/portaltela.pt\/noticias\/2026\/01\/12\/a-direita-e-as-presidenciais-cenarios-e-impactos\/\",\"url\":\"https:\/\/portaltela.pt\/noticias\/2026\/01\/12\/a-direita-e-as-presidenciais-cenarios-e-impactos\/\",\"name\":\"A direita e as presidenciais, cen\u00e1rios e impactos - Portal Tela Portugal\",\"isPartOf\":{\"@id\":\"https:\/\/portaltela.pt\/#website\"},\"primaryImageOfPage\":{\"@id\":\"https:\/\/portaltela.pt\/noticias\/2026\/01\/12\/a-direita-e-as-presidenciais-cenarios-e-impactos\/#primaryimage\"},\"image\":{\"@id\":\"https:\/\/portaltela.pt\/noticias\/2026\/01\/12\/a-direita-e-as-presidenciais-cenarios-e-impactos\/#primaryimage\"},\"thumbnailUrl\":\"https:\/\/portaltela.pt\/s.01k8rhncp4jt1\/2026\/01\/seguro_outline_cor-74.jpg\",\"datePublished\":\"2026-01-13T00:18:00+00:00\",\"author\":{\"@id\":\"https:\/\/portaltela.pt\/#\/schema\/person\/c4278d4a6028830caff9ee44b42d32ed\"},\"breadcrumb\":{\"@id\":\"https:\/\/portaltela.pt\/noticias\/2026\/01\/12\/a-direita-e-as-presidenciais-cenarios-e-impactos\/#breadcrumb\"},\"inLanguage\":\"pt-PT\",\"potentialAction\":[{\"@type\":\"ReadAction\",\"target\":[\"https:\/\/portaltela.pt\/noticias\/2026\/01\/12\/a-direita-e-as-presidenciais-cenarios-e-impactos\/\"]}]},{\"@type\":\"ImageObject\",\"inLanguage\":\"pt-PT\",\"@id\":\"https:\/\/portaltela.pt\/noticias\/2026\/01\/12\/a-direita-e-as-presidenciais-cenarios-e-impactos\/#primaryimage\",\"url\":\"https:\/\/portaltela.pt\/s.01k8rhncp4jt1\/2026\/01\/seguro_outline_cor-74.jpg\",\"contentUrl\":\"https:\/\/portaltela.pt\/s.01k8rhncp4jt1\/2026\/01\/seguro_outline_cor-74.jpg\",\"width\":796,\"height\":448,\"caption\":\"Photo\"},{\"@type\":\"BreadcrumbList\",\"@id\":\"https:\/\/portaltela.pt\/noticias\/2026\/01\/12\/a-direita-e-as-presidenciais-cenarios-e-impactos\/#breadcrumb\",\"itemListElement\":[{\"@type\":\"ListItem\",\"position\":1,\"name\":\"In\u00edcio\",\"item\":\"https:\/\/portaltela.pt\/\"},{\"@type\":\"ListItem\",\"position\":2,\"name\":\"A direita e as presidenciais, cen\u00e1rios e impactos\"}]},{\"@type\":\"WebSite\",\"@id\":\"https:\/\/portaltela.pt\/#website\",\"url\":\"https:\/\/portaltela.pt\/\",\"name\":\"Portal Tela Portugal\",\"description\":\"\",\"potentialAction\":[{\"@type\":\"SearchAction\",\"target\":{\"@type\":\"EntryPoint\",\"urlTemplate\":\"https:\/\/portaltela.pt\/?s={search_term_string}\"},\"query-input\":{\"@type\":\"PropertyValueSpecification\",\"valueRequired\":true,\"valueName\":\"search_term_string\"}}],\"inLanguage\":\"pt-PT\"},{\"@type\":\"Person\",\"@id\":\"https:\/\/portaltela.pt\/#\/schema\/person\/c4278d4a6028830caff9ee44b42d32ed\",\"name\":\"Telinha\",\"image\":{\"@type\":\"ImageObject\",\"inLanguage\":\"pt-PT\",\"@id\":\"https:\/\/portaltela.pt\/s.01k8rhncp4jt1\/2025\/11\/talking-bot-125x125.png\",\"url\":\"https:\/\/portaltela.pt\/s.01k8rhncp4jt1\/2025\/11\/talking-bot-125x125.png\",\"contentUrl\":\"https:\/\/portaltela.pt\/s.01k8rhncp4jt1\/2025\/11\/talking-bot-125x125.png\",\"caption\":\"Telinha\"},\"sameAs\":[\"https:\/\/portaltela.pt\/\"],\"url\":\"https:\/\/portaltela.pt\/por\/367410592786\/\"}]}<\/script>\n<!-- \/ Yoast SEO plugin. -->","yoast_head_json":{"title":"A direita e as presidenciais, cen\u00e1rios e impactos - Portal Tela Portugal","robots":{"index":"index","follow":"follow","max-snippet":"max-snippet:-1","max-image-preview":"max-image-preview:large","max-video-preview":"max-video-preview:-1"},"og_locale":"pt_PT","og_type":"article","og_title":"A direita e as presidenciais, cen\u00e1rios e impactos - Portal Tela Portugal","og_description":"O artigo \u00e9 uma declara\u00e7\u00e3o de apoio a Ant\u00f3nio Jos\u00e9 Seguro na corrida presidencial de Portugal, publicada perto da primeira volta. O autor valoriza um presidente com cultura de Estado, modera\u00e7\u00e3o, responsabilidade, prioridade \u00e0 continuidade institucional e dist\u00e2ncia de interesses partid\u00e1rios. Defende uma presid\u00eancia \u00e1rbitro e integradora, que cuide das pol\u00edticas dentro dos limites da ordem institucional, com previs\u00e3o e discri\u00e7\u00e3o. Revela ter apoiado Seguro pela primeira vez em novembro de 2024, em epis\u00f3dio do Linhas Direitas, mantendo o apoio ao longo da campanha. Conclui que Seguro representa o que a direita costuma admirar numa figura de Estado, considerando-o aus\u00eancia de messianismo, sem virar as suas convic\u00e7\u00f5es, e sugere que a direita reconhe\u00e7a essa escolha.","og_url":"https:\/\/portaltela.pt\/noticias\/2026\/01\/12\/a-direita-e-as-presidenciais-cenarios-e-impactos\/","og_site_name":"Portal Tela Portugal","article_published_time":"2026-01-13T00:18:00+00:00","author":"Telinha","twitter_card":"summary_large_image","twitter_misc":{"Escrito por":"Telinha","Tempo estimado de leitura":"2 minutos"},"schema":{"@context":"https:\/\/schema.org","@graph":[{"@type":"Article","@id":"https:\/\/portaltela.pt\/noticias\/2026\/01\/12\/a-direita-e-as-presidenciais-cenarios-e-impactos\/#article","isPartOf":{"@id":"https:\/\/portaltela.pt\/noticias\/2026\/01\/12\/a-direita-e-as-presidenciais-cenarios-e-impactos\/"},"author":{"name":"Telinha","@id":"https:\/\/portaltela.pt\/#\/schema\/person\/c4278d4a6028830caff9ee44b42d32ed"},"headline":"A direita e as presidenciais, cen\u00e1rios e impactos","datePublished":"2026-01-13T00:18:00+00:00","mainEntityOfPage":{"@id":"https:\/\/portaltela.pt\/noticias\/2026\/01\/12\/a-direita-e-as-presidenciais-cenarios-e-impactos\/"},"wordCount":355,"image":{"@id":"https:\/\/portaltela.pt\/noticias\/2026\/01\/12\/a-direita-e-as-presidenciais-cenarios-e-impactos\/#primaryimage"},"thumbnailUrl":"https:\/\/portaltela.pt\/s.01k8rhncp4jt1\/2026\/01\/seguro_outline_cor-74.jpg","keywords":["Ant\u00f3nio Jos\u00e9 Seguro","coes\u00e3o nacional","Di\u00e1logo pol\u00edtico","elei\u00e7\u00f5es","pol\u00edtica","presidente"],"articleSection":["Not\u00edcias","Pol\u00edtica"],"inLanguage":"pt-PT"},{"@type":"WebPage","@id":"https:\/\/portaltela.pt\/noticias\/2026\/01\/12\/a-direita-e-as-presidenciais-cenarios-e-impactos\/","url":"https:\/\/portaltela.pt\/noticias\/2026\/01\/12\/a-direita-e-as-presidenciais-cenarios-e-impactos\/","name":"A direita e as presidenciais, cen\u00e1rios e impactos - Portal Tela Portugal","isPartOf":{"@id":"https:\/\/portaltela.pt\/#website"},"primaryImageOfPage":{"@id":"https:\/\/portaltela.pt\/noticias\/2026\/01\/12\/a-direita-e-as-presidenciais-cenarios-e-impactos\/#primaryimage"},"image":{"@id":"https:\/\/portaltela.pt\/noticias\/2026\/01\/12\/a-direita-e-as-presidenciais-cenarios-e-impactos\/#primaryimage"},"thumbnailUrl":"https:\/\/portaltela.pt\/s.01k8rhncp4jt1\/2026\/01\/seguro_outline_cor-74.jpg","datePublished":"2026-01-13T00:18:00+00:00","author":{"@id":"https:\/\/portaltela.pt\/#\/schema\/person\/c4278d4a6028830caff9ee44b42d32ed"},"breadcrumb":{"@id":"https:\/\/portaltela.pt\/noticias\/2026\/01\/12\/a-direita-e-as-presidenciais-cenarios-e-impactos\/#breadcrumb"},"inLanguage":"pt-PT","potentialAction":[{"@type":"ReadAction","target":["https:\/\/portaltela.pt\/noticias\/2026\/01\/12\/a-direita-e-as-presidenciais-cenarios-e-impactos\/"]}]},{"@type":"ImageObject","inLanguage":"pt-PT","@id":"https:\/\/portaltela.pt\/noticias\/2026\/01\/12\/a-direita-e-as-presidenciais-cenarios-e-impactos\/#primaryimage","url":"https:\/\/portaltela.pt\/s.01k8rhncp4jt1\/2026\/01\/seguro_outline_cor-74.jpg","contentUrl":"https:\/\/portaltela.pt\/s.01k8rhncp4jt1\/2026\/01\/seguro_outline_cor-74.jpg","width":796,"height":448,"caption":"Photo"},{"@type":"BreadcrumbList","@id":"https:\/\/portaltela.pt\/noticias\/2026\/01\/12\/a-direita-e-as-presidenciais-cenarios-e-impactos\/#breadcrumb","itemListElement":[{"@type":"ListItem","position":1,"name":"In\u00edcio","item":"https:\/\/portaltela.pt\/"},{"@type":"ListItem","position":2,"name":"A direita e as presidenciais, cen\u00e1rios e impactos"}]},{"@type":"WebSite","@id":"https:\/\/portaltela.pt\/#website","url":"https:\/\/portaltela.pt\/","name":"Portal Tela Portugal","description":"","potentialAction":[{"@type":"SearchAction","target":{"@type":"EntryPoint","urlTemplate":"https:\/\/portaltela.pt\/?s={search_term_string}"},"query-input":{"@type":"PropertyValueSpecification","valueRequired":true,"valueName":"search_term_string"}}],"inLanguage":"pt-PT"},{"@type":"Person","@id":"https:\/\/portaltela.pt\/#\/schema\/person\/c4278d4a6028830caff9ee44b42d32ed","name":"Telinha","image":{"@type":"ImageObject","inLanguage":"pt-PT","@id":"https:\/\/portaltela.pt\/s.01k8rhncp4jt1\/2025\/11\/talking-bot-125x125.png","url":"https:\/\/portaltela.pt\/s.01k8rhncp4jt1\/2025\/11\/talking-bot-125x125.png","contentUrl":"https:\/\/portaltela.pt\/s.01k8rhncp4jt1\/2025\/11\/talking-bot-125x125.png","caption":"Telinha"},"sameAs":["https:\/\/portaltela.pt\/"],"url":"https:\/\/portaltela.pt\/por\/367410592786\/"}]}},"_links":{"self":[{"href":"https:\/\/portaltela.pt\/api\/wp\/v2\/posts\/137355","targetHints":{"allow":["GET"]}}],"collection":[{"href":"https:\/\/portaltela.pt\/api\/wp\/v2\/posts"}],"about":[{"href":"https:\/\/portaltela.pt\/api\/wp\/v2\/types\/post"}],"author":[{"embeddable":true,"href":"https:\/\/portaltela.pt\/api\/wp\/v2\/users\/2"}],"replies":[{"embeddable":true,"href":"https:\/\/portaltela.pt\/api\/wp\/v2\/comments?post=137355"}],"version-history":[{"count":0,"href":"https:\/\/portaltela.pt\/api\/wp\/v2\/posts\/137355\/revisions"}],"wp:featuredmedia":[{"embeddable":true,"href":"https:\/\/portaltela.pt\/api\/wp\/v2\/media\/137357"}],"wp:attachment":[{"href":"https:\/\/portaltela.pt\/api\/wp\/v2\/media?parent=137355"}],"wp:term":[{"taxonomy":"category","embeddable":true,"href":"https:\/\/portaltela.pt\/api\/wp\/v2\/categories?post=137355"},{"taxonomy":"post_tag","embeddable":true,"href":"https:\/\/portaltela.pt\/api\/wp\/v2\/tags?post=137355"}],"curies":[{"name":"wp","href":"https:\/\/api.w.org\/{rel}","templated":true}]}}