{"id":137305,"date":"2026-01-13T02:10:00","date_gmt":"2026-01-13T05:10:00","guid":{"rendered":"https:\/\/portaltela.pt\/noticias\/2026\/01\/13\/cancer-nao-havera-vacina-mas-pode-ser-controlado\/"},"modified":"2026-01-13T02:10:00","modified_gmt":"2026-01-13T05:10:00","slug":"cancer-nao-havera-vacina-mas-pode-ser-controlado","status":"publish","type":"post","link":"https:\/\/portaltela.pt\/noticias\/2026\/01\/13\/cancer-nao-havera-vacina-mas-pode-ser-controlado\/","title":{"rendered":"C\u00e2ncer: n\u00e3o haver\u00e1 vacina, mas pode ser controlado"},"content":{"rendered":"<p>Ao que tudo indica, n\u00e3o haver\u00e1 vacina contra o cancro. A aposta recai sobre rastreio, preven\u00e7\u00e3o, controlo e divulga\u00e7\u00e3o de informa\u00e7\u00e3o, destacou o investigador Manuel Sobrinho Sim\u00f5es, diretor do IPATIMUP. A afirma\u00e7\u00e3o foi feita na apresenta\u00e7\u00e3o da quinta edi\u00e7\u00e3o do ciclo Tratar o Cancro por Tu.<\/p>\n<p>O ciclo visa tornar a linguagem sobre cancro mais acess\u00edvel, com sess\u00f5es em v\u00e1rias cidades portuguesas. Segundo o IPATIMUP, as sess\u00f5es decorrem entre Matosinhos, Guarda, \u00c9vora, Viana do Castelo, Guimar\u00e3es e Angra do Hero\u00edsmo, at\u00e9 12 de mar\u00e7o.<\/p>\n<h3>O que muda na pr\u00e1tica<\/h3>\n<p>Apesar de n\u00e3o haver vacina, a equipa enfatiza que a taxa de mortalidade por cancro tem estabilizado ou diminu\u00eddo com o tempo. A ideia \u00e9 transformar o cancro numa doen\u00e7a que se possa controlar com medidas adequadas, em vez de buscar a cura absoluta.<\/p>\n<p>A preven\u00e7\u00e3o e o rastreio ganham peso: menos casos heredit\u00e1rios e mais muta\u00e7\u00f5es associadas a fatores externos, como o tabaco. O objetivo \u00e9 antecipar o m\u00e1ximo de diagn\u00f3sticos, reduzindo o impacto na sa\u00fade p\u00fablica.<\/p>\n<h3>Dados e perspetivas<\/h3>\n<p>A sess\u00e3o inaugural, em Matosinhos, conta com a participa\u00e7\u00e3o de Elisabete Weiderpass, diretora da IARC, que sublinha a import\u00e2ncia de comunicar de forma clara e direta para ampliar o acesso \u00e0 informa\u00e7\u00e3o.<\/p>\n<p>No conjunto, o ciclo j\u00e1 realizou 24 sess\u00f5es e envolveu mais de 3.500 participantes em 15 cidades. A nova edi\u00e7\u00e3o mant\u00e9m foco em preven\u00e7\u00e3o, dete\u00e7\u00e3o precoce e tratamento, com debates sobre o que cada doente pode mudar no dia a dia.<\/p>\n<h3>Temas programados<\/h3>\n<p>A 22 de janeiro, em Guarda, aborda-se a medicina oncol\u00f3gica de precis\u00e3o e o acesso a f\u00e1rmacos inovadores. Em \u00c9vora, 12 de fevereiro, discute-se a hereditariedade e a hist\u00f3ria cl\u00ednica familiar. Viana do Castelo recebe, a 19 de fevereiro, a rela\u00e7\u00e3o entre ambiente, comportamento e cancro.<\/p>\n<p>Guimar\u00e3es aborda, a 5 de mar\u00e7o, o diagn\u00f3stico de cancro desde a bi\u00f3psia at\u00e9 \u00e0 decis\u00e3o cl\u00ednica, e Angra do Hero\u00edsmo encerra, a 12 de mar\u00e7o, com a preven\u00e7\u00e3o de cancro e os principais fatores de risco.<\/p>\n","protected":false},"excerpt":{"rendered":"<ul>\n<li>Dois ter\u00e7os das pessoas com cancro j\u00e1 n\u00e3o morrem de cancro; n\u00e3o haver\u00e1 vacina, a aposta \u00e9 em rastreio, preven\u00e7\u00e3o, controlo e informa\u00e7\u00e3o.<\/li>\n<li>O diretor do IPATIMUP, Manuel Sobrinho Sim\u00f5es, diz que n\u00e3o se fala em cura, mas em controlo progressivo das situa\u00e7\u00f5es, com cada caso e tipo de cancro a ter especificidade.<\/li>\n<li>Est\u00e1 a come\u00e7ar a quinta edi\u00e7\u00e3o do ciclo Tratar o Cancro por Tu, at\u00e9 12 de mar\u00e7o, com sess\u00f5es em Matosinhos, Guarda, \u00c9vora, Viana do Castelo, Guimar\u00e3es e Angra do Hero\u00edsmo, para tornar a linguagem mais acess\u00edvel.<\/li>\n<li>Em m\u00e9dia, 70% das pessoas com cancro da mama n\u00e3o morrem da doen\u00e7a; o rastreio consegue antecipar cerca de 40% dos casos e o cancro n\u00e3o \u00e9, na maioria, heredit\u00e1rio.<\/li>\n<li>Os temas incluem detec\u00e7\u00e3o precoce, medicina de precis\u00e3o, gen\u00e9tica, ambiente e preven\u00e7\u00e3o, com a sess\u00e3o de abertura em Matosinhos a contar com a directora da Ag\u00eancia Internacional de Investiga\u00e7\u00e3o sobre o Cancro (IARC), Elisabete Weiderpass.<\/li>\n<\/ul>\n","protected":false},"author":2,"featured_media":137306,"comment_status":"closed","ping_status":"closed","sticky":false,"template":"","format":"standard","meta":{"footnotes":""},"categories":[1],"tags":[2919,1874,1074,195,1709,271],"class_list":["post-137305","post","type-post","status-publish","format-standard","has-post-thumbnail","hentry","category-noticias","tag-angra-do-heroismo","tag-cancer","tag-evora","tag-informacao","tag-matosinhos","tag-saude-publica"],"yoast_head":"<!-- This site is optimized with the Yoast SEO plugin v27.2 - https:\/\/yoast.com\/product\/yoast-seo-wordpress\/ -->\n<title>C\u00e2ncer: n\u00e3o haver\u00e1 vacina, mas pode ser controlado - Portal Tela Portugal<\/title>\n<meta name=\"robots\" content=\"index, follow, max-snippet:-1, max-image-preview:large, max-video-preview:-1\" \/>\n<meta property=\"og:locale\" content=\"pt_PT\" \/>\n<meta property=\"og:type\" content=\"article\" \/>\n<meta property=\"og:title\" content=\"C\u00e2ncer: n\u00e3o haver\u00e1 vacina, mas pode ser controlado - Portal Tela Portugal\" \/>\n<meta property=\"og:description\" content=\"Dois ter\u00e7os das pessoas com cancro j\u00e1 n\u00e3o morrem de cancro; n\u00e3o haver\u00e1 vacina, a aposta \u00e9 em rastreio, preven\u00e7\u00e3o, controlo e informa\u00e7\u00e3o. O diretor do IPATIMUP, Manuel Sobrinho Sim\u00f5es, diz que n\u00e3o se fala em cura, mas em controlo progressivo das situa\u00e7\u00f5es, com cada caso e tipo de cancro a ter especificidade. Est\u00e1 a come\u00e7ar a quinta edi\u00e7\u00e3o do ciclo Tratar o Cancro por Tu, at\u00e9 12 de mar\u00e7o, com sess\u00f5es em Matosinhos, Guarda, \u00c9vora, Viana do Castelo, Guimar\u00e3es e Angra do Hero\u00edsmo, para tornar a linguagem mais acess\u00edvel. Em m\u00e9dia, 70% das pessoas com cancro da mama n\u00e3o morrem da doen\u00e7a; o rastreio consegue antecipar cerca de 40% dos casos e o cancro n\u00e3o \u00e9, na maioria, heredit\u00e1rio. Os temas incluem detec\u00e7\u00e3o precoce, medicina de precis\u00e3o, gen\u00e9tica, ambiente e preven\u00e7\u00e3o, com a sess\u00e3o de abertura em Matosinhos a contar com a directora da Ag\u00eancia Internacional de Investiga\u00e7\u00e3o sobre o Cancro (IARC), Elisabete Weiderpass.\" \/>\n<meta property=\"og:url\" content=\"https:\/\/portaltela.pt\/noticias\/2026\/01\/13\/cancer-nao-havera-vacina-mas-pode-ser-controlado\/\" \/>\n<meta property=\"og:site_name\" content=\"Portal Tela Portugal\" \/>\n<meta property=\"article:published_time\" content=\"2026-01-13T05:10:00+00:00\" \/>\n<meta name=\"author\" content=\"Telinha\" \/>\n<meta name=\"twitter:card\" content=\"summary_large_image\" \/>\n<meta name=\"twitter:label1\" content=\"Escrito por\" \/>\n\t<meta name=\"twitter:data1\" content=\"Telinha\" \/>\n\t<meta name=\"twitter:label2\" content=\"Tempo estimado de leitura\" \/>\n\t<meta name=\"twitter:data2\" content=\"2 minutos\" \/>\n<script type=\"application\/ld+json\" class=\"yoast-schema-graph\">{\"@context\":\"https:\/\/schema.org\",\"@graph\":[{\"@type\":\"Article\",\"@id\":\"https:\/\/portaltela.pt\/noticias\/2026\/01\/13\/cancer-nao-havera-vacina-mas-pode-ser-controlado\/#article\",\"isPartOf\":{\"@id\":\"https:\/\/portaltela.pt\/noticias\/2026\/01\/13\/cancer-nao-havera-vacina-mas-pode-ser-controlado\/\"},\"author\":{\"name\":\"Telinha\",\"@id\":\"https:\/\/portaltela.pt\/#\/schema\/person\/c4278d4a6028830caff9ee44b42d32ed\"},\"headline\":\"C\u00e2ncer: n\u00e3o haver\u00e1 vacina, mas pode ser controlado\",\"datePublished\":\"2026-01-13T05:10:00+00:00\",\"mainEntityOfPage\":{\"@id\":\"https:\/\/portaltela.pt\/noticias\/2026\/01\/13\/cancer-nao-havera-vacina-mas-pode-ser-controlado\/\"},\"wordCount\":375,\"image\":{\"@id\":\"https:\/\/portaltela.pt\/noticias\/2026\/01\/13\/cancer-nao-havera-vacina-mas-pode-ser-controlado\/#primaryimage\"},\"thumbnailUrl\":\"https:\/\/portaltela.pt\/s.01k8rhncp4jt1\/2026\/01\/unnamed-file-2611.jpg\",\"keywords\":[\"Angra do Hero\u00edsmo\",\"C\u00e2ncer\",\"\u00c9vora\",\"informa\u00e7\u00e3o\",\"Matosinhos\",\"sa\u00fade p\u00fablica\"],\"articleSection\":[\"Not\u00edcias\"],\"inLanguage\":\"pt-PT\"},{\"@type\":\"WebPage\",\"@id\":\"https:\/\/portaltela.pt\/noticias\/2026\/01\/13\/cancer-nao-havera-vacina-mas-pode-ser-controlado\/\",\"url\":\"https:\/\/portaltela.pt\/noticias\/2026\/01\/13\/cancer-nao-havera-vacina-mas-pode-ser-controlado\/\",\"name\":\"C\u00e2ncer: n\u00e3o haver\u00e1 vacina, mas pode ser controlado - Portal Tela Portugal\",\"isPartOf\":{\"@id\":\"https:\/\/portaltela.pt\/#website\"},\"primaryImageOfPage\":{\"@id\":\"https:\/\/portaltela.pt\/noticias\/2026\/01\/13\/cancer-nao-havera-vacina-mas-pode-ser-controlado\/#primaryimage\"},\"image\":{\"@id\":\"https:\/\/portaltela.pt\/noticias\/2026\/01\/13\/cancer-nao-havera-vacina-mas-pode-ser-controlado\/#primaryimage\"},\"thumbnailUrl\":\"https:\/\/portaltela.pt\/s.01k8rhncp4jt1\/2026\/01\/unnamed-file-2611.jpg\",\"datePublished\":\"2026-01-13T05:10:00+00:00\",\"author\":{\"@id\":\"https:\/\/portaltela.pt\/#\/schema\/person\/c4278d4a6028830caff9ee44b42d32ed\"},\"breadcrumb\":{\"@id\":\"https:\/\/portaltela.pt\/noticias\/2026\/01\/13\/cancer-nao-havera-vacina-mas-pode-ser-controlado\/#breadcrumb\"},\"inLanguage\":\"pt-PT\",\"potentialAction\":[{\"@type\":\"ReadAction\",\"target\":[\"https:\/\/portaltela.pt\/noticias\/2026\/01\/13\/cancer-nao-havera-vacina-mas-pode-ser-controlado\/\"]}]},{\"@type\":\"ImageObject\",\"inLanguage\":\"pt-PT\",\"@id\":\"https:\/\/portaltela.pt\/noticias\/2026\/01\/13\/cancer-nao-havera-vacina-mas-pode-ser-controlado\/#primaryimage\",\"url\":\"https:\/\/portaltela.pt\/s.01k8rhncp4jt1\/2026\/01\/unnamed-file-2611.jpg\",\"contentUrl\":\"https:\/\/portaltela.pt\/s.01k8rhncp4jt1\/2026\/01\/unnamed-file-2611.jpg\",\"width\":796,\"height\":448,\"caption\":\"Cancro n\u00e3o vai ter vacina mas pode ser controlado\"},{\"@type\":\"BreadcrumbList\",\"@id\":\"https:\/\/portaltela.pt\/noticias\/2026\/01\/13\/cancer-nao-havera-vacina-mas-pode-ser-controlado\/#breadcrumb\",\"itemListElement\":[{\"@type\":\"ListItem\",\"position\":1,\"name\":\"In\u00edcio\",\"item\":\"https:\/\/portaltela.pt\/\"},{\"@type\":\"ListItem\",\"position\":2,\"name\":\"C\u00e2ncer: n\u00e3o haver\u00e1 vacina, mas pode ser controlado\"}]},{\"@type\":\"WebSite\",\"@id\":\"https:\/\/portaltela.pt\/#website\",\"url\":\"https:\/\/portaltela.pt\/\",\"name\":\"Portal Tela Portugal\",\"description\":\"\",\"potentialAction\":[{\"@type\":\"SearchAction\",\"target\":{\"@type\":\"EntryPoint\",\"urlTemplate\":\"https:\/\/portaltela.pt\/?s={search_term_string}\"},\"query-input\":{\"@type\":\"PropertyValueSpecification\",\"valueRequired\":true,\"valueName\":\"search_term_string\"}}],\"inLanguage\":\"pt-PT\"},{\"@type\":\"Person\",\"@id\":\"https:\/\/portaltela.pt\/#\/schema\/person\/c4278d4a6028830caff9ee44b42d32ed\",\"name\":\"Telinha\",\"image\":{\"@type\":\"ImageObject\",\"inLanguage\":\"pt-PT\",\"@id\":\"https:\/\/portaltela.pt\/s.01k8rhncp4jt1\/2025\/11\/talking-bot-125x125.png\",\"url\":\"https:\/\/portaltela.pt\/s.01k8rhncp4jt1\/2025\/11\/talking-bot-125x125.png\",\"contentUrl\":\"https:\/\/portaltela.pt\/s.01k8rhncp4jt1\/2025\/11\/talking-bot-125x125.png\",\"caption\":\"Telinha\"},\"sameAs\":[\"https:\/\/portaltela.pt\/\"],\"url\":\"https:\/\/portaltela.pt\/por\/367410592786\/\"}]}<\/script>\n<!-- \/ Yoast SEO plugin. -->","yoast_head_json":{"title":"C\u00e2ncer: n\u00e3o haver\u00e1 vacina, mas pode ser controlado - Portal Tela Portugal","robots":{"index":"index","follow":"follow","max-snippet":"max-snippet:-1","max-image-preview":"max-image-preview:large","max-video-preview":"max-video-preview:-1"},"og_locale":"pt_PT","og_type":"article","og_title":"C\u00e2ncer: n\u00e3o haver\u00e1 vacina, mas pode ser controlado - Portal Tela Portugal","og_description":"Dois ter\u00e7os das pessoas com cancro j\u00e1 n\u00e3o morrem de cancro; n\u00e3o haver\u00e1 vacina, a aposta \u00e9 em rastreio, preven\u00e7\u00e3o, controlo e informa\u00e7\u00e3o. O diretor do IPATIMUP, Manuel Sobrinho Sim\u00f5es, diz que n\u00e3o se fala em cura, mas em controlo progressivo das situa\u00e7\u00f5es, com cada caso e tipo de cancro a ter especificidade. Est\u00e1 a come\u00e7ar a quinta edi\u00e7\u00e3o do ciclo Tratar o Cancro por Tu, at\u00e9 12 de mar\u00e7o, com sess\u00f5es em Matosinhos, Guarda, \u00c9vora, Viana do Castelo, Guimar\u00e3es e Angra do Hero\u00edsmo, para tornar a linguagem mais acess\u00edvel. Em m\u00e9dia, 70% das pessoas com cancro da mama n\u00e3o morrem da doen\u00e7a; o rastreio consegue antecipar cerca de 40% dos casos e o cancro n\u00e3o \u00e9, na maioria, heredit\u00e1rio. Os temas incluem detec\u00e7\u00e3o precoce, medicina de precis\u00e3o, gen\u00e9tica, ambiente e preven\u00e7\u00e3o, com a sess\u00e3o de abertura em Matosinhos a contar com a directora da Ag\u00eancia Internacional de Investiga\u00e7\u00e3o sobre o Cancro (IARC), Elisabete Weiderpass.","og_url":"https:\/\/portaltela.pt\/noticias\/2026\/01\/13\/cancer-nao-havera-vacina-mas-pode-ser-controlado\/","og_site_name":"Portal Tela Portugal","article_published_time":"2026-01-13T05:10:00+00:00","author":"Telinha","twitter_card":"summary_large_image","twitter_misc":{"Escrito por":"Telinha","Tempo estimado de leitura":"2 minutos"},"schema":{"@context":"https:\/\/schema.org","@graph":[{"@type":"Article","@id":"https:\/\/portaltela.pt\/noticias\/2026\/01\/13\/cancer-nao-havera-vacina-mas-pode-ser-controlado\/#article","isPartOf":{"@id":"https:\/\/portaltela.pt\/noticias\/2026\/01\/13\/cancer-nao-havera-vacina-mas-pode-ser-controlado\/"},"author":{"name":"Telinha","@id":"https:\/\/portaltela.pt\/#\/schema\/person\/c4278d4a6028830caff9ee44b42d32ed"},"headline":"C\u00e2ncer: n\u00e3o haver\u00e1 vacina, mas pode ser controlado","datePublished":"2026-01-13T05:10:00+00:00","mainEntityOfPage":{"@id":"https:\/\/portaltela.pt\/noticias\/2026\/01\/13\/cancer-nao-havera-vacina-mas-pode-ser-controlado\/"},"wordCount":375,"image":{"@id":"https:\/\/portaltela.pt\/noticias\/2026\/01\/13\/cancer-nao-havera-vacina-mas-pode-ser-controlado\/#primaryimage"},"thumbnailUrl":"https:\/\/portaltela.pt\/s.01k8rhncp4jt1\/2026\/01\/unnamed-file-2611.jpg","keywords":["Angra do Hero\u00edsmo","C\u00e2ncer","\u00c9vora","informa\u00e7\u00e3o","Matosinhos","sa\u00fade p\u00fablica"],"articleSection":["Not\u00edcias"],"inLanguage":"pt-PT"},{"@type":"WebPage","@id":"https:\/\/portaltela.pt\/noticias\/2026\/01\/13\/cancer-nao-havera-vacina-mas-pode-ser-controlado\/","url":"https:\/\/portaltela.pt\/noticias\/2026\/01\/13\/cancer-nao-havera-vacina-mas-pode-ser-controlado\/","name":"C\u00e2ncer: n\u00e3o haver\u00e1 vacina, mas pode ser controlado - Portal Tela Portugal","isPartOf":{"@id":"https:\/\/portaltela.pt\/#website"},"primaryImageOfPage":{"@id":"https:\/\/portaltela.pt\/noticias\/2026\/01\/13\/cancer-nao-havera-vacina-mas-pode-ser-controlado\/#primaryimage"},"image":{"@id":"https:\/\/portaltela.pt\/noticias\/2026\/01\/13\/cancer-nao-havera-vacina-mas-pode-ser-controlado\/#primaryimage"},"thumbnailUrl":"https:\/\/portaltela.pt\/s.01k8rhncp4jt1\/2026\/01\/unnamed-file-2611.jpg","datePublished":"2026-01-13T05:10:00+00:00","author":{"@id":"https:\/\/portaltela.pt\/#\/schema\/person\/c4278d4a6028830caff9ee44b42d32ed"},"breadcrumb":{"@id":"https:\/\/portaltela.pt\/noticias\/2026\/01\/13\/cancer-nao-havera-vacina-mas-pode-ser-controlado\/#breadcrumb"},"inLanguage":"pt-PT","potentialAction":[{"@type":"ReadAction","target":["https:\/\/portaltela.pt\/noticias\/2026\/01\/13\/cancer-nao-havera-vacina-mas-pode-ser-controlado\/"]}]},{"@type":"ImageObject","inLanguage":"pt-PT","@id":"https:\/\/portaltela.pt\/noticias\/2026\/01\/13\/cancer-nao-havera-vacina-mas-pode-ser-controlado\/#primaryimage","url":"https:\/\/portaltela.pt\/s.01k8rhncp4jt1\/2026\/01\/unnamed-file-2611.jpg","contentUrl":"https:\/\/portaltela.pt\/s.01k8rhncp4jt1\/2026\/01\/unnamed-file-2611.jpg","width":796,"height":448,"caption":"Cancro n\u00e3o vai ter vacina mas pode ser controlado"},{"@type":"BreadcrumbList","@id":"https:\/\/portaltela.pt\/noticias\/2026\/01\/13\/cancer-nao-havera-vacina-mas-pode-ser-controlado\/#breadcrumb","itemListElement":[{"@type":"ListItem","position":1,"name":"In\u00edcio","item":"https:\/\/portaltela.pt\/"},{"@type":"ListItem","position":2,"name":"C\u00e2ncer: n\u00e3o haver\u00e1 vacina, mas pode ser controlado"}]},{"@type":"WebSite","@id":"https:\/\/portaltela.pt\/#website","url":"https:\/\/portaltela.pt\/","name":"Portal Tela Portugal","description":"","potentialAction":[{"@type":"SearchAction","target":{"@type":"EntryPoint","urlTemplate":"https:\/\/portaltela.pt\/?s={search_term_string}"},"query-input":{"@type":"PropertyValueSpecification","valueRequired":true,"valueName":"search_term_string"}}],"inLanguage":"pt-PT"},{"@type":"Person","@id":"https:\/\/portaltela.pt\/#\/schema\/person\/c4278d4a6028830caff9ee44b42d32ed","name":"Telinha","image":{"@type":"ImageObject","inLanguage":"pt-PT","@id":"https:\/\/portaltela.pt\/s.01k8rhncp4jt1\/2025\/11\/talking-bot-125x125.png","url":"https:\/\/portaltela.pt\/s.01k8rhncp4jt1\/2025\/11\/talking-bot-125x125.png","contentUrl":"https:\/\/portaltela.pt\/s.01k8rhncp4jt1\/2025\/11\/talking-bot-125x125.png","caption":"Telinha"},"sameAs":["https:\/\/portaltela.pt\/"],"url":"https:\/\/portaltela.pt\/por\/367410592786\/"}]}},"_links":{"self":[{"href":"https:\/\/portaltela.pt\/api\/wp\/v2\/posts\/137305","targetHints":{"allow":["GET"]}}],"collection":[{"href":"https:\/\/portaltela.pt\/api\/wp\/v2\/posts"}],"about":[{"href":"https:\/\/portaltela.pt\/api\/wp\/v2\/types\/post"}],"author":[{"embeddable":true,"href":"https:\/\/portaltela.pt\/api\/wp\/v2\/users\/2"}],"replies":[{"embeddable":true,"href":"https:\/\/portaltela.pt\/api\/wp\/v2\/comments?post=137305"}],"version-history":[{"count":0,"href":"https:\/\/portaltela.pt\/api\/wp\/v2\/posts\/137305\/revisions"}],"wp:featuredmedia":[{"embeddable":true,"href":"https:\/\/portaltela.pt\/api\/wp\/v2\/media\/137306"}],"wp:attachment":[{"href":"https:\/\/portaltela.pt\/api\/wp\/v2\/media?parent=137305"}],"wp:term":[{"taxonomy":"category","embeddable":true,"href":"https:\/\/portaltela.pt\/api\/wp\/v2\/categories?post=137305"},{"taxonomy":"post_tag","embeddable":true,"href":"https:\/\/portaltela.pt\/api\/wp\/v2\/tags?post=137305"}],"curies":[{"name":"wp","href":"https:\/\/api.w.org\/{rel}","templated":true}]}}