{"id":137277,"date":"2026-01-13T00:06:00","date_gmt":"2026-01-13T03:06:00","guid":{"rendered":"https:\/\/portaltela.pt\/noticias\/2026\/01\/13\/portugal-torna-se-o-60-o-pais-na-exploracao-responsavel-da-lua-e-marte\/"},"modified":"2026-01-13T00:06:00","modified_gmt":"2026-01-13T03:06:00","slug":"portugal-torna-se-o-60-o-pais-na-exploracao-responsavel-da-lua-e-marte","status":"publish","type":"post","link":"https:\/\/portaltela.pt\/noticias\/2026\/01\/13\/portugal-torna-se-o-60-o-pais-na-exploracao-responsavel-da-lua-e-marte\/","title":{"rendered":"Portugal torna-se o 60.\u00ba pa\u00eds na explora\u00e7\u00e3o respons\u00e1vel da Lua e Marte"},"content":{"rendered":"<p>Portugal tornou-se no domingo o 60.\u00ba pa\u00eds a comprometer-se com a explora\u00e7\u00e3o respons\u00e1vel da Lua, Marte, cometas e asteroides, segundo a NASA. O compromisso foi formalizado pela secret\u00e1ria de Estado da Ci\u00eancia e Inova\u00e7\u00e3o, Helena Canh\u00e3o, e assinalado hoje em Lisboa.<\/p>\n<p>A assinatura integra os Acordos Artemis, que visam explorar o espa\u00e7o de forma pac\u00edfica e transparente, prestar aux\u00edlio m\u00fatuo e partilhar dados cient\u00edficos. Os acordos tamb\u00e9m visam evitar interfer\u00eancias entre na\u00e7\u00f5es e preservar s\u00edtios hist\u00f3ricos.<\/p>\n<p>O an\u00fancio foi feito pela NASA num comunicado, com o embaixador dos EUA em Portugal, John J. Arrigo, a destacar princ\u00edpios partilhados para a estabilidade, seguran\u00e7a e oportunidades entre as na\u00e7\u00f5es. O secret\u00e1rio-executivo da Ag\u00eancia Espacial Portuguesa, Hugo Costa, ressaltou o contributo de Portugal.<\/p>\n<h3>Acordos Artemis e contexto<\/h3>\n<p>A iniciativa Artemis come\u00e7ou em 2020, quando os EUA se associaram a Austr\u00e1lia, Canad\u00e1, Jap\u00e3o, Reino Unido, It\u00e1lia, Luxemburgo e Emirados \u00c1rabes Unidos. O objetivo \u00e9 tornar a explora\u00e7\u00e3o lunar uma atividade civil e pac\u00edfica, com transpar\u00eancia e coopera\u00e7\u00e3o.<\/p>\n<p>A NASA sublinha que os acordos introduzem princ\u00edpios pr\u00e1ticos para a condu\u00e7\u00e3o de atividades espaciais, visando o acesso a dados cient\u00edficos e a prote\u00e7\u00e3o de s\u00edtios de import\u00e2ncia hist\u00f3rica. O programa ambiciona tamb\u00e9m miss\u00f5es multitarefa entre Lua e Marte.<\/p>\n<h3>Envolvimento europeu<\/h3>\n<p>Portugal \u00e9 Estado-m membro da ESA desde 2000. A miss\u00e3o Artemis tem participa\u00e7\u00e3o europeia, com a participa\u00e7\u00e3o de europeus em futuras etapas, incluindo a esta\u00e7\u00e3o orbital Lunar Gateway. A infraestrutura europeia ter\u00e1 componentes desenvolvidos no continente.<\/p>\n<p>O projeto Artemis planeia levar astronautas \u00e0 \u00f3rbita lunar neste ano, com miss\u00e3o de retorno prevista para 2027, incluindo a presen\u00e7a da primeira mulher e do primeiro astronauta negro. A nave Orion integra pe\u00e7as de fabrico europeu.<\/p>\n<p>Em Portugal, esta coopera\u00e7\u00e3o bilateral foi discutida durante um encontro semestral com os Estados Unidos para refor\u00e7ar a coopera\u00e7\u00e3o cient\u00edfica e tecnol\u00f3gica entre ambos os pa\u00edses. O encontro ocorreu em Lisboa, na sequ\u00eancia da formaliza\u00e7\u00e3o do compromisso.<\/p>\n","protected":false},"excerpt":{"rendered":"<ul>\n<li>Portugal tornou\u2011se no 60.\u00ba pa\u00eds a comprometer\u2011se com a explora\u00e7\u00e3o respons\u00e1vel da Lua, Marte, cometas e asteroides, segundo a NASA.<\/li>\n<li>A formaliza\u00e7\u00e3o foi feita pela secret\u00e1ria de Estado da Ci\u00eancia e Inova\u00e7\u00e3o, Helena Canh\u00e3o, no domingo, e assinalada hoje em Lisboa numa reuni\u00e3o semestral entre Portugal e os EUA.<\/li>\n<li>Os acordos Artemis ajudam a orientar a explora\u00e7\u00e3o de forma pac\u00edfica, transparente, com acesso a dados cient\u00edficos e prote\u00e7\u00e3o de s\u00edtios hist\u00f3ricos.<\/li>\n<li>O embaixador dos Estados Unidos em Portugal destacou a import\u00e2ncia de princ\u00edpios partilhados para manter o espa\u00e7o est\u00e1vel, seguro e com oportunidades para todas as na\u00e7\u00f5es.<\/li>\n<li>Portugal \u00e9 membro da Ag\u00eancia Espacial Europeia desde 2000 e participa no desenvolvimento de miss\u00f5es e infraestruturas associadas ao programa Artemis.<\/li>\n<\/ul>\n","protected":false},"author":2,"featured_media":137278,"comment_status":"closed","ping_status":"closed","sticky":false,"template":"","format":"standard","meta":{"footnotes":""},"categories":[1],"tags":[272,2982,1992,256,2524,1014],"class_list":["post-137277","post","type-post","status-publish","format-standard","has-post-thumbnail","hentry","category-noticias","tag-acordos-internacionais","tag-agencia-espacial-portuguesa","tag-ciencia","tag-cooperacao-internacional","tag-espaco-cidadao","tag-portugal"],"yoast_head":"<!-- This site is optimized with the Yoast SEO plugin v27.2 - https:\/\/yoast.com\/product\/yoast-seo-wordpress\/ -->\n<title>Portugal torna-se o 60.\u00ba pa\u00eds na explora\u00e7\u00e3o respons\u00e1vel da Lua e Marte - Portal Tela Portugal<\/title>\n<meta name=\"robots\" content=\"index, follow, max-snippet:-1, max-image-preview:large, max-video-preview:-1\" \/>\n<meta property=\"og:locale\" content=\"pt_PT\" \/>\n<meta property=\"og:type\" content=\"article\" \/>\n<meta property=\"og:title\" content=\"Portugal torna-se o 60.\u00ba pa\u00eds na explora\u00e7\u00e3o respons\u00e1vel da Lua e Marte - Portal Tela Portugal\" \/>\n<meta property=\"og:description\" content=\"Portugal tornou\u2011se no 60.\u00ba pa\u00eds a comprometer\u2011se com a explora\u00e7\u00e3o respons\u00e1vel da Lua, Marte, cometas e asteroides, segundo a NASA. A formaliza\u00e7\u00e3o foi feita pela secret\u00e1ria de Estado da Ci\u00eancia e Inova\u00e7\u00e3o, Helena Canh\u00e3o, no domingo, e assinalada hoje em Lisboa numa reuni\u00e3o semestral entre Portugal e os EUA. Os acordos Artemis ajudam a orientar a explora\u00e7\u00e3o de forma pac\u00edfica, transparente, com acesso a dados cient\u00edficos e prote\u00e7\u00e3o de s\u00edtios hist\u00f3ricos. O embaixador dos Estados Unidos em Portugal destacou a import\u00e2ncia de princ\u00edpios partilhados para manter o espa\u00e7o est\u00e1vel, seguro e com oportunidades para todas as na\u00e7\u00f5es. Portugal \u00e9 membro da Ag\u00eancia Espacial Europeia desde 2000 e participa no desenvolvimento de miss\u00f5es e infraestruturas associadas ao programa Artemis.\" \/>\n<meta property=\"og:url\" content=\"https:\/\/portaltela.pt\/noticias\/2026\/01\/13\/portugal-torna-se-o-60-o-pais-na-exploracao-responsavel-da-lua-e-marte\/\" \/>\n<meta property=\"og:site_name\" content=\"Portal Tela Portugal\" \/>\n<meta property=\"article:published_time\" content=\"2026-01-13T03:06:00+00:00\" \/>\n<meta name=\"author\" content=\"Telinha\" \/>\n<meta name=\"twitter:card\" content=\"summary_large_image\" \/>\n<meta name=\"twitter:label1\" content=\"Escrito por\" \/>\n\t<meta name=\"twitter:data1\" content=\"Telinha\" \/>\n\t<meta name=\"twitter:label2\" content=\"Tempo estimado de leitura\" \/>\n\t<meta name=\"twitter:data2\" content=\"2 minutos\" \/>\n<script type=\"application\/ld+json\" class=\"yoast-schema-graph\">{\"@context\":\"https:\/\/schema.org\",\"@graph\":[{\"@type\":\"Article\",\"@id\":\"https:\/\/portaltela.pt\/noticias\/2026\/01\/13\/portugal-torna-se-o-60-o-pais-na-exploracao-responsavel-da-lua-e-marte\/#article\",\"isPartOf\":{\"@id\":\"https:\/\/portaltela.pt\/noticias\/2026\/01\/13\/portugal-torna-se-o-60-o-pais-na-exploracao-responsavel-da-lua-e-marte\/\"},\"author\":{\"name\":\"Telinha\",\"@id\":\"https:\/\/portaltela.pt\/#\/schema\/person\/c4278d4a6028830caff9ee44b42d32ed\"},\"headline\":\"Portugal torna-se o 60.\u00ba pa\u00eds na explora\u00e7\u00e3o respons\u00e1vel da Lua e Marte\",\"datePublished\":\"2026-01-13T03:06:00+00:00\",\"mainEntityOfPage\":{\"@id\":\"https:\/\/portaltela.pt\/noticias\/2026\/01\/13\/portugal-torna-se-o-60-o-pais-na-exploracao-responsavel-da-lua-e-marte\/\"},\"wordCount\":377,\"image\":{\"@id\":\"https:\/\/portaltela.pt\/noticias\/2026\/01\/13\/portugal-torna-se-o-60-o-pais-na-exploracao-responsavel-da-lua-e-marte\/#primaryimage\"},\"thumbnailUrl\":\"https:\/\/portaltela.pt\/s.01k8rhncp4jt1\/2026\/01\/unnamed-file-2609.jpg\",\"keywords\":[\"acordos internacionais\",\"Ag\u00eancia Espacial Portuguesa\",\"ci\u00eancia\",\"coopera\u00e7\u00e3o internacional\",\"Espa\u00e7o Cidad\u00e3o\",\"Portugal\"],\"articleSection\":[\"Not\u00edcias\"],\"inLanguage\":\"pt-PT\"},{\"@type\":\"WebPage\",\"@id\":\"https:\/\/portaltela.pt\/noticias\/2026\/01\/13\/portugal-torna-se-o-60-o-pais-na-exploracao-responsavel-da-lua-e-marte\/\",\"url\":\"https:\/\/portaltela.pt\/noticias\/2026\/01\/13\/portugal-torna-se-o-60-o-pais-na-exploracao-responsavel-da-lua-e-marte\/\",\"name\":\"Portugal torna-se o 60.\u00ba pa\u00eds na explora\u00e7\u00e3o respons\u00e1vel da Lua e Marte - Portal Tela Portugal\",\"isPartOf\":{\"@id\":\"https:\/\/portaltela.pt\/#website\"},\"primaryImageOfPage\":{\"@id\":\"https:\/\/portaltela.pt\/noticias\/2026\/01\/13\/portugal-torna-se-o-60-o-pais-na-exploracao-responsavel-da-lua-e-marte\/#primaryimage\"},\"image\":{\"@id\":\"https:\/\/portaltela.pt\/noticias\/2026\/01\/13\/portugal-torna-se-o-60-o-pais-na-exploracao-responsavel-da-lua-e-marte\/#primaryimage\"},\"thumbnailUrl\":\"https:\/\/portaltela.pt\/s.01k8rhncp4jt1\/2026\/01\/unnamed-file-2609.jpg\",\"datePublished\":\"2026-01-13T03:06:00+00:00\",\"author\":{\"@id\":\"https:\/\/portaltela.pt\/#\/schema\/person\/c4278d4a6028830caff9ee44b42d32ed\"},\"breadcrumb\":{\"@id\":\"https:\/\/portaltela.pt\/noticias\/2026\/01\/13\/portugal-torna-se-o-60-o-pais-na-exploracao-responsavel-da-lua-e-marte\/#breadcrumb\"},\"inLanguage\":\"pt-PT\",\"potentialAction\":[{\"@type\":\"ReadAction\",\"target\":[\"https:\/\/portaltela.pt\/noticias\/2026\/01\/13\/portugal-torna-se-o-60-o-pais-na-exploracao-responsavel-da-lua-e-marte\/\"]}]},{\"@type\":\"ImageObject\",\"inLanguage\":\"pt-PT\",\"@id\":\"https:\/\/portaltela.pt\/noticias\/2026\/01\/13\/portugal-torna-se-o-60-o-pais-na-exploracao-responsavel-da-lua-e-marte\/#primaryimage\",\"url\":\"https:\/\/portaltela.pt\/s.01k8rhncp4jt1\/2026\/01\/unnamed-file-2609.jpg\",\"contentUrl\":\"https:\/\/portaltela.pt\/s.01k8rhncp4jt1\/2026\/01\/unnamed-file-2609.jpg\",\"width\":796,\"height\":448,\"caption\":\"Portugal \u00e9 o 60.\u00ba pa\u00eds a assumir explora\u00e7\u00e3o respons\u00e1vel da Lua e Marte\"},{\"@type\":\"BreadcrumbList\",\"@id\":\"https:\/\/portaltela.pt\/noticias\/2026\/01\/13\/portugal-torna-se-o-60-o-pais-na-exploracao-responsavel-da-lua-e-marte\/#breadcrumb\",\"itemListElement\":[{\"@type\":\"ListItem\",\"position\":1,\"name\":\"In\u00edcio\",\"item\":\"https:\/\/portaltela.pt\/\"},{\"@type\":\"ListItem\",\"position\":2,\"name\":\"Portugal torna-se o 60.\u00ba pa\u00eds na explora\u00e7\u00e3o respons\u00e1vel da Lua e Marte\"}]},{\"@type\":\"WebSite\",\"@id\":\"https:\/\/portaltela.pt\/#website\",\"url\":\"https:\/\/portaltela.pt\/\",\"name\":\"Portal Tela Portugal\",\"description\":\"\",\"potentialAction\":[{\"@type\":\"SearchAction\",\"target\":{\"@type\":\"EntryPoint\",\"urlTemplate\":\"https:\/\/portaltela.pt\/?s={search_term_string}\"},\"query-input\":{\"@type\":\"PropertyValueSpecification\",\"valueRequired\":true,\"valueName\":\"search_term_string\"}}],\"inLanguage\":\"pt-PT\"},{\"@type\":\"Person\",\"@id\":\"https:\/\/portaltela.pt\/#\/schema\/person\/c4278d4a6028830caff9ee44b42d32ed\",\"name\":\"Telinha\",\"image\":{\"@type\":\"ImageObject\",\"inLanguage\":\"pt-PT\",\"@id\":\"https:\/\/portaltela.pt\/s.01k8rhncp4jt1\/2025\/11\/talking-bot-125x125.png\",\"url\":\"https:\/\/portaltela.pt\/s.01k8rhncp4jt1\/2025\/11\/talking-bot-125x125.png\",\"contentUrl\":\"https:\/\/portaltela.pt\/s.01k8rhncp4jt1\/2025\/11\/talking-bot-125x125.png\",\"caption\":\"Telinha\"},\"sameAs\":[\"https:\/\/portaltela.pt\/\"],\"url\":\"https:\/\/portaltela.pt\/por\/367410592786\/\"}]}<\/script>\n<!-- \/ Yoast SEO plugin. -->","yoast_head_json":{"title":"Portugal torna-se o 60.\u00ba pa\u00eds na explora\u00e7\u00e3o respons\u00e1vel da Lua e Marte - Portal Tela Portugal","robots":{"index":"index","follow":"follow","max-snippet":"max-snippet:-1","max-image-preview":"max-image-preview:large","max-video-preview":"max-video-preview:-1"},"og_locale":"pt_PT","og_type":"article","og_title":"Portugal torna-se o 60.\u00ba pa\u00eds na explora\u00e7\u00e3o respons\u00e1vel da Lua e Marte - Portal Tela Portugal","og_description":"Portugal tornou\u2011se no 60.\u00ba pa\u00eds a comprometer\u2011se com a explora\u00e7\u00e3o respons\u00e1vel da Lua, Marte, cometas e asteroides, segundo a NASA. A formaliza\u00e7\u00e3o foi feita pela secret\u00e1ria de Estado da Ci\u00eancia e Inova\u00e7\u00e3o, Helena Canh\u00e3o, no domingo, e assinalada hoje em Lisboa numa reuni\u00e3o semestral entre Portugal e os EUA. Os acordos Artemis ajudam a orientar a explora\u00e7\u00e3o de forma pac\u00edfica, transparente, com acesso a dados cient\u00edficos e prote\u00e7\u00e3o de s\u00edtios hist\u00f3ricos. O embaixador dos Estados Unidos em Portugal destacou a import\u00e2ncia de princ\u00edpios partilhados para manter o espa\u00e7o est\u00e1vel, seguro e com oportunidades para todas as na\u00e7\u00f5es. Portugal \u00e9 membro da Ag\u00eancia Espacial Europeia desde 2000 e participa no desenvolvimento de miss\u00f5es e infraestruturas associadas ao programa Artemis.","og_url":"https:\/\/portaltela.pt\/noticias\/2026\/01\/13\/portugal-torna-se-o-60-o-pais-na-exploracao-responsavel-da-lua-e-marte\/","og_site_name":"Portal Tela Portugal","article_published_time":"2026-01-13T03:06:00+00:00","author":"Telinha","twitter_card":"summary_large_image","twitter_misc":{"Escrito por":"Telinha","Tempo estimado de leitura":"2 minutos"},"schema":{"@context":"https:\/\/schema.org","@graph":[{"@type":"Article","@id":"https:\/\/portaltela.pt\/noticias\/2026\/01\/13\/portugal-torna-se-o-60-o-pais-na-exploracao-responsavel-da-lua-e-marte\/#article","isPartOf":{"@id":"https:\/\/portaltela.pt\/noticias\/2026\/01\/13\/portugal-torna-se-o-60-o-pais-na-exploracao-responsavel-da-lua-e-marte\/"},"author":{"name":"Telinha","@id":"https:\/\/portaltela.pt\/#\/schema\/person\/c4278d4a6028830caff9ee44b42d32ed"},"headline":"Portugal torna-se o 60.\u00ba pa\u00eds na explora\u00e7\u00e3o respons\u00e1vel da Lua e Marte","datePublished":"2026-01-13T03:06:00+00:00","mainEntityOfPage":{"@id":"https:\/\/portaltela.pt\/noticias\/2026\/01\/13\/portugal-torna-se-o-60-o-pais-na-exploracao-responsavel-da-lua-e-marte\/"},"wordCount":377,"image":{"@id":"https:\/\/portaltela.pt\/noticias\/2026\/01\/13\/portugal-torna-se-o-60-o-pais-na-exploracao-responsavel-da-lua-e-marte\/#primaryimage"},"thumbnailUrl":"https:\/\/portaltela.pt\/s.01k8rhncp4jt1\/2026\/01\/unnamed-file-2609.jpg","keywords":["acordos internacionais","Ag\u00eancia Espacial Portuguesa","ci\u00eancia","coopera\u00e7\u00e3o internacional","Espa\u00e7o Cidad\u00e3o","Portugal"],"articleSection":["Not\u00edcias"],"inLanguage":"pt-PT"},{"@type":"WebPage","@id":"https:\/\/portaltela.pt\/noticias\/2026\/01\/13\/portugal-torna-se-o-60-o-pais-na-exploracao-responsavel-da-lua-e-marte\/","url":"https:\/\/portaltela.pt\/noticias\/2026\/01\/13\/portugal-torna-se-o-60-o-pais-na-exploracao-responsavel-da-lua-e-marte\/","name":"Portugal torna-se o 60.\u00ba pa\u00eds na explora\u00e7\u00e3o respons\u00e1vel da Lua e Marte - Portal Tela Portugal","isPartOf":{"@id":"https:\/\/portaltela.pt\/#website"},"primaryImageOfPage":{"@id":"https:\/\/portaltela.pt\/noticias\/2026\/01\/13\/portugal-torna-se-o-60-o-pais-na-exploracao-responsavel-da-lua-e-marte\/#primaryimage"},"image":{"@id":"https:\/\/portaltela.pt\/noticias\/2026\/01\/13\/portugal-torna-se-o-60-o-pais-na-exploracao-responsavel-da-lua-e-marte\/#primaryimage"},"thumbnailUrl":"https:\/\/portaltela.pt\/s.01k8rhncp4jt1\/2026\/01\/unnamed-file-2609.jpg","datePublished":"2026-01-13T03:06:00+00:00","author":{"@id":"https:\/\/portaltela.pt\/#\/schema\/person\/c4278d4a6028830caff9ee44b42d32ed"},"breadcrumb":{"@id":"https:\/\/portaltela.pt\/noticias\/2026\/01\/13\/portugal-torna-se-o-60-o-pais-na-exploracao-responsavel-da-lua-e-marte\/#breadcrumb"},"inLanguage":"pt-PT","potentialAction":[{"@type":"ReadAction","target":["https:\/\/portaltela.pt\/noticias\/2026\/01\/13\/portugal-torna-se-o-60-o-pais-na-exploracao-responsavel-da-lua-e-marte\/"]}]},{"@type":"ImageObject","inLanguage":"pt-PT","@id":"https:\/\/portaltela.pt\/noticias\/2026\/01\/13\/portugal-torna-se-o-60-o-pais-na-exploracao-responsavel-da-lua-e-marte\/#primaryimage","url":"https:\/\/portaltela.pt\/s.01k8rhncp4jt1\/2026\/01\/unnamed-file-2609.jpg","contentUrl":"https:\/\/portaltela.pt\/s.01k8rhncp4jt1\/2026\/01\/unnamed-file-2609.jpg","width":796,"height":448,"caption":"Portugal \u00e9 o 60.\u00ba pa\u00eds a assumir explora\u00e7\u00e3o respons\u00e1vel da Lua e Marte"},{"@type":"BreadcrumbList","@id":"https:\/\/portaltela.pt\/noticias\/2026\/01\/13\/portugal-torna-se-o-60-o-pais-na-exploracao-responsavel-da-lua-e-marte\/#breadcrumb","itemListElement":[{"@type":"ListItem","position":1,"name":"In\u00edcio","item":"https:\/\/portaltela.pt\/"},{"@type":"ListItem","position":2,"name":"Portugal torna-se o 60.\u00ba pa\u00eds na explora\u00e7\u00e3o respons\u00e1vel da Lua e Marte"}]},{"@type":"WebSite","@id":"https:\/\/portaltela.pt\/#website","url":"https:\/\/portaltela.pt\/","name":"Portal Tela Portugal","description":"","potentialAction":[{"@type":"SearchAction","target":{"@type":"EntryPoint","urlTemplate":"https:\/\/portaltela.pt\/?s={search_term_string}"},"query-input":{"@type":"PropertyValueSpecification","valueRequired":true,"valueName":"search_term_string"}}],"inLanguage":"pt-PT"},{"@type":"Person","@id":"https:\/\/portaltela.pt\/#\/schema\/person\/c4278d4a6028830caff9ee44b42d32ed","name":"Telinha","image":{"@type":"ImageObject","inLanguage":"pt-PT","@id":"https:\/\/portaltela.pt\/s.01k8rhncp4jt1\/2025\/11\/talking-bot-125x125.png","url":"https:\/\/portaltela.pt\/s.01k8rhncp4jt1\/2025\/11\/talking-bot-125x125.png","contentUrl":"https:\/\/portaltela.pt\/s.01k8rhncp4jt1\/2025\/11\/talking-bot-125x125.png","caption":"Telinha"},"sameAs":["https:\/\/portaltela.pt\/"],"url":"https:\/\/portaltela.pt\/por\/367410592786\/"}]}},"_links":{"self":[{"href":"https:\/\/portaltela.pt\/api\/wp\/v2\/posts\/137277","targetHints":{"allow":["GET"]}}],"collection":[{"href":"https:\/\/portaltela.pt\/api\/wp\/v2\/posts"}],"about":[{"href":"https:\/\/portaltela.pt\/api\/wp\/v2\/types\/post"}],"author":[{"embeddable":true,"href":"https:\/\/portaltela.pt\/api\/wp\/v2\/users\/2"}],"replies":[{"embeddable":true,"href":"https:\/\/portaltela.pt\/api\/wp\/v2\/comments?post=137277"}],"version-history":[{"count":0,"href":"https:\/\/portaltela.pt\/api\/wp\/v2\/posts\/137277\/revisions"}],"wp:featuredmedia":[{"embeddable":true,"href":"https:\/\/portaltela.pt\/api\/wp\/v2\/media\/137278"}],"wp:attachment":[{"href":"https:\/\/portaltela.pt\/api\/wp\/v2\/media?parent=137277"}],"wp:term":[{"taxonomy":"category","embeddable":true,"href":"https:\/\/portaltela.pt\/api\/wp\/v2\/categories?post=137277"},{"taxonomy":"post_tag","embeddable":true,"href":"https:\/\/portaltela.pt\/api\/wp\/v2\/tags?post=137277"}],"curies":[{"name":"wp","href":"https:\/\/api.w.org\/{rel}","templated":true}]}}