{"id":137103,"date":"2026-01-12T20:35:04","date_gmt":"2026-01-12T23:35:04","guid":{"rendered":"https:\/\/portaltela.pt\/noticias\/2026\/01\/12\/promolafoes-promove-elegancia-e-glamour-em-carregal-do-sal\/"},"modified":"2026-01-12T20:35:04","modified_gmt":"2026-01-12T23:35:04","slug":"promolafoes-promove-elegancia-e-glamour-em-carregal-do-sal","status":"publish","type":"post","link":"https:\/\/portaltela.pt\/desporto\/2026\/01\/12\/promolafoes-promove-elegancia-e-glamour-em-carregal-do-sal\/","title":{"rendered":"Promolaf\u00f5es promove eleg\u00e2ncia e glamour em Carregal do Sal"},"content":{"rendered":"<p>O Centro Cultural de Carregal do Sal recebeu a primeira edi\u00e7\u00e3o da Gala Promolaf\u00f5es Rali Cup by Castrol 2025, numa cerim\u00f3nia marcada pela passadeira vermelha que dinamizou a entrada do espa\u00e7o. A gala reuniu pilotos, navegadores, equipas e entidades oficiais.<\/p>\n<p>A organiza\u00e7\u00e3o premiou o contributo de clubes, autarquias, for\u00e7as de seguran\u00e7a, patrocinadores e profissionais da comunica\u00e7\u00e3o. O evento destacou eleg\u00e2ncia, transpar\u00eancia e inova\u00e7\u00e3o, mantendo o estilo minimalista e sofisticado da Promolaf\u00f5es.<\/p>\n<p>Os quatro clubes organizadores foram GAS \u2013 Gondomar Autom\u00f3vel Sport, Clube Autom\u00f3vel de Viseu, Clube Autom\u00f3vel de Santo Tirso e Team Ba\u00eda, reconhecidos pelo papel decisivo no sucesso da competi\u00e7\u00e3o.<\/p>\n<h3>Reconhecimentos e resultados<\/h3>\n<p>O pr\u00e9mio \u201cPiloto Revela\u00e7\u00e3o\u201d ficou com Andr\u00e9 Pereira, que guiou um Citro\u00ebn AX e obteve resultados de destaque. O trof\u00e9u \u201cTop Speed\u201d distinguiu o piloto com mais especiais vencidas ao longo da temporada, com Hugo Lopes a arrecadar oito vit\u00f3rias e 500 euros, superando sete vit\u00f3rias de Carlos Matos e Andr\u00e9 Cabe\u00e7as.<\/p>\n<p>Na classifica\u00e7\u00e3o geral de pilotos, Carlos Matos venceu, seguido de Andr\u00e9 Cabe\u00e7as e Armando Carvalho no p\u00f3dio. Nas Quatro Rodas Motrizes, Armando Carvalho ficou em primeiro, Andr\u00e9 Cabe\u00e7as em segundo e Miguel Carvalho em terceiro.<\/p>\n<p>Nas Duas Rodas Motrizes, Jo\u00e3o Marcelino venceu, com Bruno Pedrosa em segundo e Filipe Rodrigues em terceiro. Na vers\u00e3o at\u00e9 1300cc, Miguel Pai\u00e3o liderou, seguido de Rui Tavares e Renato Correia. Entre os navegadores, Miguel Castro foi o l\u00edder, Ana Santos ficou em segundo e Ricardo Faria em terceiro.<\/p>\n<h3>Compromisso ambiental<\/h3>\n<p>A Promolaf\u00f5es integra o conceito Race4Eco, com planos de a\u00e7\u00e3o para reduzir o impacto ambiental. A organiza\u00e7\u00e3o promove a\u00e7\u00f5es de sustentabilidade e estuda formas de tornar os ralis mais ecol\u00f3gicos, influenciando tamb\u00e9m entidades nacionais e internacionais.<\/p>\n","protected":false},"excerpt":{"rendered":"<ul>\n<li>A Gala Promolaf\u00f5es Rali Cup by Castrol 2025 ocorreu no Centro Cultural de Carregal do Sal, com passadeira vermelha \u00e0 entrada do espa\u00e7o.<\/li>\n<li>A cerim\u00f3nia distinguiu pilotos, navegadores, equipas e entidades oficiais, incluindo autarquias, juntas de freguesia, for\u00e7as de seguran\u00e7a, patrocinadores e media.<\/li>\n<li>Quatro clubes organizadores receberam reconhecimentos: GAS \u2013 Gondomar Autom\u00f3vel Sport, Clube Autom\u00f3vel de Viseu, Clube Autom\u00f3vel de Santo Tirso e Team Ba\u00eda.<\/li>\n<li>Destaques individuais inclu\u00edram o Piloto Revela\u00e7\u00e3o Andr\u00e9 Pereira e o piloto com mais especiais, Hugo Lopes, que venceu oito especiais e recebeu 500 euros; a classifica\u00e7\u00e3o geral ficou com Carlos Matos em primeiro, Andr\u00e9 Cabe\u00e7as em segundo e Armando Carvalho em terceiro.<\/li>\n<li>A Promolaf\u00f5es refor\u00e7a o objetivo de acolher todas as viaturas, promover as regi\u00f5es onde decorre a prova e avan\u00e7ar com o despacho Race4Eco, potenciando sustentabilidade e impacto ambiental positivo.<\/li>\n<\/ul>\n","protected":false},"author":2,"featured_media":137113,"comment_status":"closed","ping_status":"closed","sticky":false,"template":"","format":"standard","meta":{"footnotes":""},"categories":[21],"tags":[2985,1285,152,556,2984,2983],"class_list":["post-137103","post","type-post","status-publish","format-standard","has-post-thumbnail","hentry","category-desporto","tag-clube-automovel-de-viseu","tag-competicao","tag-desporto","tag-duas-rodas-motrizes","tag-gas-gondomar-automovel-sport","tag-quatro-rodas-motrizes"],"yoast_head":"<!-- This site is optimized with the Yoast SEO plugin v27.2 - https:\/\/yoast.com\/product\/yoast-seo-wordpress\/ -->\n<title>Promolaf\u00f5es promove eleg\u00e2ncia e glamour em Carregal do Sal - Portal Tela Portugal<\/title>\n<meta name=\"robots\" content=\"index, follow, max-snippet:-1, max-image-preview:large, max-video-preview:-1\" \/>\n<meta property=\"og:locale\" content=\"pt_PT\" \/>\n<meta property=\"og:type\" content=\"article\" \/>\n<meta property=\"og:title\" content=\"Promolaf\u00f5es promove eleg\u00e2ncia e glamour em Carregal do Sal - Portal Tela Portugal\" \/>\n<meta property=\"og:description\" content=\"A Gala Promolaf\u00f5es Rali Cup by Castrol 2025 ocorreu no Centro Cultural de Carregal do Sal, com passadeira vermelha \u00e0 entrada do espa\u00e7o. A cerim\u00f3nia distinguiu pilotos, navegadores, equipas e entidades oficiais, incluindo autarquias, juntas de freguesia, for\u00e7as de seguran\u00e7a, patrocinadores e media. Quatro clubes organizadores receberam reconhecimentos: GAS \u2013 Gondomar Autom\u00f3vel Sport, Clube Autom\u00f3vel de Viseu, Clube Autom\u00f3vel de Santo Tirso e Team Ba\u00eda. Destaques individuais inclu\u00edram o Piloto Revela\u00e7\u00e3o Andr\u00e9 Pereira e o piloto com mais especiais, Hugo Lopes, que venceu oito especiais e recebeu 500 euros; a classifica\u00e7\u00e3o geral ficou com Carlos Matos em primeiro, Andr\u00e9 Cabe\u00e7as em segundo e Armando Carvalho em terceiro. A Promolaf\u00f5es refor\u00e7a o objetivo de acolher todas as viaturas, promover as regi\u00f5es onde decorre a prova e avan\u00e7ar com o despacho Race4Eco, potenciando sustentabilidade e impacto ambiental positivo.\" \/>\n<meta property=\"og:url\" content=\"https:\/\/portaltela.pt\/noticias\/2026\/01\/12\/promolafoes-promove-elegancia-e-glamour-em-carregal-do-sal\/\" \/>\n<meta property=\"og:site_name\" content=\"Portal Tela Portugal\" \/>\n<meta property=\"article:published_time\" content=\"2026-01-12T23:35:04+00:00\" \/>\n<meta name=\"author\" content=\"Telinha\" \/>\n<meta name=\"twitter:card\" content=\"summary_large_image\" \/>\n<meta name=\"twitter:label1\" content=\"Escrito por\" \/>\n\t<meta name=\"twitter:data1\" content=\"Telinha\" \/>\n\t<meta name=\"twitter:label2\" content=\"Tempo estimado de leitura\" \/>\n\t<meta name=\"twitter:data2\" content=\"2 minutos\" \/>\n<script type=\"application\/ld+json\" class=\"yoast-schema-graph\">{\"@context\":\"https:\/\/schema.org\",\"@graph\":[{\"@type\":\"Article\",\"@id\":\"https:\/\/portaltela.pt\/noticias\/2026\/01\/12\/promolafoes-promove-elegancia-e-glamour-em-carregal-do-sal\/#article\",\"isPartOf\":{\"@id\":\"https:\/\/portaltela.pt\/noticias\/2026\/01\/12\/promolafoes-promove-elegancia-e-glamour-em-carregal-do-sal\/\"},\"author\":{\"name\":\"Telinha\",\"@id\":\"https:\/\/portaltela.pt\/#\/schema\/person\/c4278d4a6028830caff9ee44b42d32ed\"},\"headline\":\"Promolaf\u00f5es promove eleg\u00e2ncia e glamour em Carregal do Sal\",\"datePublished\":\"2026-01-12T23:35:04+00:00\",\"mainEntityOfPage\":{\"@id\":\"https:\/\/portaltela.pt\/noticias\/2026\/01\/12\/promolafoes-promove-elegancia-e-glamour-em-carregal-do-sal\/\"},\"wordCount\":325,\"image\":{\"@id\":\"https:\/\/portaltela.pt\/noticias\/2026\/01\/12\/promolafoes-promove-elegancia-e-glamour-em-carregal-do-sal\/#primaryimage\"},\"thumbnailUrl\":\"https:\/\/portaltela.pt\/s.01k8rhncp4jt1\/2026\/01\/Juio-Soisa-e-Iva-1.jpg\",\"keywords\":[\"Clube Autom\u00f3vel de Viseu\",\"competi\u00e7\u00e3o\",\"desporto\",\"Duas Rodas Motrizes\",\"GAS \u2013 Gondomar Autom\u00f3vel Sport\",\"Quatro Rodas Motrizes\"],\"articleSection\":[\"Desporto\"],\"inLanguage\":\"pt-PT\"},{\"@type\":\"WebPage\",\"@id\":\"https:\/\/portaltela.pt\/noticias\/2026\/01\/12\/promolafoes-promove-elegancia-e-glamour-em-carregal-do-sal\/\",\"url\":\"https:\/\/portaltela.pt\/noticias\/2026\/01\/12\/promolafoes-promove-elegancia-e-glamour-em-carregal-do-sal\/\",\"name\":\"Promolaf\u00f5es promove eleg\u00e2ncia e glamour em Carregal do Sal - Portal Tela Portugal\",\"isPartOf\":{\"@id\":\"https:\/\/portaltela.pt\/#website\"},\"primaryImageOfPage\":{\"@id\":\"https:\/\/portaltela.pt\/noticias\/2026\/01\/12\/promolafoes-promove-elegancia-e-glamour-em-carregal-do-sal\/#primaryimage\"},\"image\":{\"@id\":\"https:\/\/portaltela.pt\/noticias\/2026\/01\/12\/promolafoes-promove-elegancia-e-glamour-em-carregal-do-sal\/#primaryimage\"},\"thumbnailUrl\":\"https:\/\/portaltela.pt\/s.01k8rhncp4jt1\/2026\/01\/Juio-Soisa-e-Iva-1.jpg\",\"datePublished\":\"2026-01-12T23:35:04+00:00\",\"author\":{\"@id\":\"https:\/\/portaltela.pt\/#\/schema\/person\/c4278d4a6028830caff9ee44b42d32ed\"},\"breadcrumb\":{\"@id\":\"https:\/\/portaltela.pt\/noticias\/2026\/01\/12\/promolafoes-promove-elegancia-e-glamour-em-carregal-do-sal\/#breadcrumb\"},\"inLanguage\":\"pt-PT\",\"potentialAction\":[{\"@type\":\"ReadAction\",\"target\":[\"https:\/\/portaltela.pt\/noticias\/2026\/01\/12\/promolafoes-promove-elegancia-e-glamour-em-carregal-do-sal\/\"]}]},{\"@type\":\"ImageObject\",\"inLanguage\":\"pt-PT\",\"@id\":\"https:\/\/portaltela.pt\/noticias\/2026\/01\/12\/promolafoes-promove-elegancia-e-glamour-em-carregal-do-sal\/#primaryimage\",\"url\":\"https:\/\/portaltela.pt\/s.01k8rhncp4jt1\/2026\/01\/Juio-Soisa-e-Iva-1.jpg\",\"contentUrl\":\"https:\/\/portaltela.pt\/s.01k8rhncp4jt1\/2026\/01\/Juio-Soisa-e-Iva-1.jpg\",\"width\":796,\"height\":448,\"caption\":\"Promolaf\u00f5es conduziu eleg\u00e2ncia e glamour em Carregal do Sal\"},{\"@type\":\"BreadcrumbList\",\"@id\":\"https:\/\/portaltela.pt\/noticias\/2026\/01\/12\/promolafoes-promove-elegancia-e-glamour-em-carregal-do-sal\/#breadcrumb\",\"itemListElement\":[{\"@type\":\"ListItem\",\"position\":1,\"name\":\"In\u00edcio\",\"item\":\"https:\/\/portaltela.pt\/\"},{\"@type\":\"ListItem\",\"position\":2,\"name\":\"Promolaf\u00f5es promove eleg\u00e2ncia e glamour em Carregal do Sal\"}]},{\"@type\":\"WebSite\",\"@id\":\"https:\/\/portaltela.pt\/#website\",\"url\":\"https:\/\/portaltela.pt\/\",\"name\":\"Portal Tela Portugal\",\"description\":\"\",\"potentialAction\":[{\"@type\":\"SearchAction\",\"target\":{\"@type\":\"EntryPoint\",\"urlTemplate\":\"https:\/\/portaltela.pt\/?s={search_term_string}\"},\"query-input\":{\"@type\":\"PropertyValueSpecification\",\"valueRequired\":true,\"valueName\":\"search_term_string\"}}],\"inLanguage\":\"pt-PT\"},{\"@type\":\"Person\",\"@id\":\"https:\/\/portaltela.pt\/#\/schema\/person\/c4278d4a6028830caff9ee44b42d32ed\",\"name\":\"Telinha\",\"image\":{\"@type\":\"ImageObject\",\"inLanguage\":\"pt-PT\",\"@id\":\"https:\/\/portaltela.pt\/s.01k8rhncp4jt1\/2025\/11\/talking-bot-125x125.png\",\"url\":\"https:\/\/portaltela.pt\/s.01k8rhncp4jt1\/2025\/11\/talking-bot-125x125.png\",\"contentUrl\":\"https:\/\/portaltela.pt\/s.01k8rhncp4jt1\/2025\/11\/talking-bot-125x125.png\",\"caption\":\"Telinha\"},\"sameAs\":[\"https:\/\/portaltela.pt\/\"],\"url\":\"https:\/\/portaltela.pt\/por\/367410592786\/\"}]}<\/script>\n<!-- \/ Yoast SEO plugin. -->","yoast_head_json":{"title":"Promolaf\u00f5es promove eleg\u00e2ncia e glamour em Carregal do Sal - Portal Tela Portugal","robots":{"index":"index","follow":"follow","max-snippet":"max-snippet:-1","max-image-preview":"max-image-preview:large","max-video-preview":"max-video-preview:-1"},"og_locale":"pt_PT","og_type":"article","og_title":"Promolaf\u00f5es promove eleg\u00e2ncia e glamour em Carregal do Sal - Portal Tela Portugal","og_description":"A Gala Promolaf\u00f5es Rali Cup by Castrol 2025 ocorreu no Centro Cultural de Carregal do Sal, com passadeira vermelha \u00e0 entrada do espa\u00e7o. A cerim\u00f3nia distinguiu pilotos, navegadores, equipas e entidades oficiais, incluindo autarquias, juntas de freguesia, for\u00e7as de seguran\u00e7a, patrocinadores e media. Quatro clubes organizadores receberam reconhecimentos: GAS \u2013 Gondomar Autom\u00f3vel Sport, Clube Autom\u00f3vel de Viseu, Clube Autom\u00f3vel de Santo Tirso e Team Ba\u00eda. Destaques individuais inclu\u00edram o Piloto Revela\u00e7\u00e3o Andr\u00e9 Pereira e o piloto com mais especiais, Hugo Lopes, que venceu oito especiais e recebeu 500 euros; a classifica\u00e7\u00e3o geral ficou com Carlos Matos em primeiro, Andr\u00e9 Cabe\u00e7as em segundo e Armando Carvalho em terceiro. A Promolaf\u00f5es refor\u00e7a o objetivo de acolher todas as viaturas, promover as regi\u00f5es onde decorre a prova e avan\u00e7ar com o despacho Race4Eco, potenciando sustentabilidade e impacto ambiental positivo.","og_url":"https:\/\/portaltela.pt\/noticias\/2026\/01\/12\/promolafoes-promove-elegancia-e-glamour-em-carregal-do-sal\/","og_site_name":"Portal Tela Portugal","article_published_time":"2026-01-12T23:35:04+00:00","author":"Telinha","twitter_card":"summary_large_image","twitter_misc":{"Escrito por":"Telinha","Tempo estimado de leitura":"2 minutos"},"schema":{"@context":"https:\/\/schema.org","@graph":[{"@type":"Article","@id":"https:\/\/portaltela.pt\/noticias\/2026\/01\/12\/promolafoes-promove-elegancia-e-glamour-em-carregal-do-sal\/#article","isPartOf":{"@id":"https:\/\/portaltela.pt\/noticias\/2026\/01\/12\/promolafoes-promove-elegancia-e-glamour-em-carregal-do-sal\/"},"author":{"name":"Telinha","@id":"https:\/\/portaltela.pt\/#\/schema\/person\/c4278d4a6028830caff9ee44b42d32ed"},"headline":"Promolaf\u00f5es promove eleg\u00e2ncia e glamour em Carregal do Sal","datePublished":"2026-01-12T23:35:04+00:00","mainEntityOfPage":{"@id":"https:\/\/portaltela.pt\/noticias\/2026\/01\/12\/promolafoes-promove-elegancia-e-glamour-em-carregal-do-sal\/"},"wordCount":325,"image":{"@id":"https:\/\/portaltela.pt\/noticias\/2026\/01\/12\/promolafoes-promove-elegancia-e-glamour-em-carregal-do-sal\/#primaryimage"},"thumbnailUrl":"https:\/\/portaltela.pt\/s.01k8rhncp4jt1\/2026\/01\/Juio-Soisa-e-Iva-1.jpg","keywords":["Clube Autom\u00f3vel de Viseu","competi\u00e7\u00e3o","desporto","Duas Rodas Motrizes","GAS \u2013 Gondomar Autom\u00f3vel Sport","Quatro Rodas Motrizes"],"articleSection":["Desporto"],"inLanguage":"pt-PT"},{"@type":"WebPage","@id":"https:\/\/portaltela.pt\/noticias\/2026\/01\/12\/promolafoes-promove-elegancia-e-glamour-em-carregal-do-sal\/","url":"https:\/\/portaltela.pt\/noticias\/2026\/01\/12\/promolafoes-promove-elegancia-e-glamour-em-carregal-do-sal\/","name":"Promolaf\u00f5es promove eleg\u00e2ncia e glamour em Carregal do Sal - Portal Tela Portugal","isPartOf":{"@id":"https:\/\/portaltela.pt\/#website"},"primaryImageOfPage":{"@id":"https:\/\/portaltela.pt\/noticias\/2026\/01\/12\/promolafoes-promove-elegancia-e-glamour-em-carregal-do-sal\/#primaryimage"},"image":{"@id":"https:\/\/portaltela.pt\/noticias\/2026\/01\/12\/promolafoes-promove-elegancia-e-glamour-em-carregal-do-sal\/#primaryimage"},"thumbnailUrl":"https:\/\/portaltela.pt\/s.01k8rhncp4jt1\/2026\/01\/Juio-Soisa-e-Iva-1.jpg","datePublished":"2026-01-12T23:35:04+00:00","author":{"@id":"https:\/\/portaltela.pt\/#\/schema\/person\/c4278d4a6028830caff9ee44b42d32ed"},"breadcrumb":{"@id":"https:\/\/portaltela.pt\/noticias\/2026\/01\/12\/promolafoes-promove-elegancia-e-glamour-em-carregal-do-sal\/#breadcrumb"},"inLanguage":"pt-PT","potentialAction":[{"@type":"ReadAction","target":["https:\/\/portaltela.pt\/noticias\/2026\/01\/12\/promolafoes-promove-elegancia-e-glamour-em-carregal-do-sal\/"]}]},{"@type":"ImageObject","inLanguage":"pt-PT","@id":"https:\/\/portaltela.pt\/noticias\/2026\/01\/12\/promolafoes-promove-elegancia-e-glamour-em-carregal-do-sal\/#primaryimage","url":"https:\/\/portaltela.pt\/s.01k8rhncp4jt1\/2026\/01\/Juio-Soisa-e-Iva-1.jpg","contentUrl":"https:\/\/portaltela.pt\/s.01k8rhncp4jt1\/2026\/01\/Juio-Soisa-e-Iva-1.jpg","width":796,"height":448,"caption":"Promolaf\u00f5es conduziu eleg\u00e2ncia e glamour em Carregal do Sal"},{"@type":"BreadcrumbList","@id":"https:\/\/portaltela.pt\/noticias\/2026\/01\/12\/promolafoes-promove-elegancia-e-glamour-em-carregal-do-sal\/#breadcrumb","itemListElement":[{"@type":"ListItem","position":1,"name":"In\u00edcio","item":"https:\/\/portaltela.pt\/"},{"@type":"ListItem","position":2,"name":"Promolaf\u00f5es promove eleg\u00e2ncia e glamour em Carregal do Sal"}]},{"@type":"WebSite","@id":"https:\/\/portaltela.pt\/#website","url":"https:\/\/portaltela.pt\/","name":"Portal Tela Portugal","description":"","potentialAction":[{"@type":"SearchAction","target":{"@type":"EntryPoint","urlTemplate":"https:\/\/portaltela.pt\/?s={search_term_string}"},"query-input":{"@type":"PropertyValueSpecification","valueRequired":true,"valueName":"search_term_string"}}],"inLanguage":"pt-PT"},{"@type":"Person","@id":"https:\/\/portaltela.pt\/#\/schema\/person\/c4278d4a6028830caff9ee44b42d32ed","name":"Telinha","image":{"@type":"ImageObject","inLanguage":"pt-PT","@id":"https:\/\/portaltela.pt\/s.01k8rhncp4jt1\/2025\/11\/talking-bot-125x125.png","url":"https:\/\/portaltela.pt\/s.01k8rhncp4jt1\/2025\/11\/talking-bot-125x125.png","contentUrl":"https:\/\/portaltela.pt\/s.01k8rhncp4jt1\/2025\/11\/talking-bot-125x125.png","caption":"Telinha"},"sameAs":["https:\/\/portaltela.pt\/"],"url":"https:\/\/portaltela.pt\/por\/367410592786\/"}]}},"_links":{"self":[{"href":"https:\/\/portaltela.pt\/api\/wp\/v2\/posts\/137103","targetHints":{"allow":["GET"]}}],"collection":[{"href":"https:\/\/portaltela.pt\/api\/wp\/v2\/posts"}],"about":[{"href":"https:\/\/portaltela.pt\/api\/wp\/v2\/types\/post"}],"author":[{"embeddable":true,"href":"https:\/\/portaltela.pt\/api\/wp\/v2\/users\/2"}],"replies":[{"embeddable":true,"href":"https:\/\/portaltela.pt\/api\/wp\/v2\/comments?post=137103"}],"version-history":[{"count":0,"href":"https:\/\/portaltela.pt\/api\/wp\/v2\/posts\/137103\/revisions"}],"wp:featuredmedia":[{"embeddable":true,"href":"https:\/\/portaltela.pt\/api\/wp\/v2\/media\/137113"}],"wp:attachment":[{"href":"https:\/\/portaltela.pt\/api\/wp\/v2\/media?parent=137103"}],"wp:term":[{"taxonomy":"category","embeddable":true,"href":"https:\/\/portaltela.pt\/api\/wp\/v2\/categories?post=137103"},{"taxonomy":"post_tag","embeddable":true,"href":"https:\/\/portaltela.pt\/api\/wp\/v2\/tags?post=137103"}],"curies":[{"name":"wp","href":"https:\/\/api.w.org\/{rel}","templated":true}]}}