{"id":137101,"date":"2026-01-12T20:35:04","date_gmt":"2026-01-12T23:35:04","guid":{"rendered":"https:\/\/portaltela.pt\/noticias\/2026\/01\/12\/promolafoes-trouxe-elegancia-e-glamour-a-carregal-do-sal\/"},"modified":"2026-01-12T20:35:04","modified_gmt":"2026-01-12T23:35:04","slug":"promolafoes-trouxe-elegancia-e-glamour-a-carregal-do-sal","status":"publish","type":"post","link":"https:\/\/portaltela.pt\/desporto\/2026\/01\/12\/promolafoes-trouxe-elegancia-e-glamour-a-carregal-do-sal\/","title":{"rendered":"Promolaf\u00f5es trouxe eleg\u00e2ncia e glamour a Carregal do Sal"},"content":{"rendered":"<p>A Gala Promolaf\u00f5es Rali Cup by Castrol 2025 aconteceu no Centro Cultural de Carregal do Sal, na vila do distrito de Viseu. A cerim\u00f3nia da primeira edi\u00e7\u00e3o distinguiu pilotos, navegadores, equipas e entidades oficiais, numa tarde de glamour e cerim\u00f3nia.<\/p>\n<p>A passadeira vermelha recebeu convidados e participantes, destacando a presen\u00e7a de clubes organizadores: GAS \u2013 Gondomar Autom\u00f3vel Sport, Clube Autom\u00f3vel de Viseu, Clube Autom\u00f3vel de Santo Tirso e Team Ba\u00eda. A organiza\u00e7\u00e3o reconheceu contributos para o sucesso da competi\u00e7\u00e3o.<\/p>\n<p>Na cerim\u00f3nia, o brilho combinou com a sobriedade do evento, enquadrado pela filosofia minimalista e sofisticada da Promolaf\u00f5es. A gala sublinhou valores de transpar\u00eancia, inova\u00e7\u00e3o e eleg\u00e2ncia, segundo a organiza\u00e7\u00e3o.<\/p>\n<h3>Pr\u00e9mios e distin\u00e7\u00f5es<\/h3>\n<p>O pr\u00e9mio Piloto Revela\u00e7\u00e3o foi para Andr\u00e9 Pereira, piloto de Citro\u00ebn AX que participou na Promolaf\u00f5es Rali Cup 2025. Tr\u00eas jornalistas contribu\u00edram para a escolha, com reconhecimento \u00e0 performance destacada.<\/p>\n<p>O trof\u00e9u Top Speed premiou o piloto com maior n\u00famero de especiais vencidas ao longo da temporada. Carlos Matos e Andr\u00e9 Cabe\u00e7as empataram em sete vit\u00f3rias, enquanto Hugo Lopes teve oito especiais, arrecadando 500 euros. A classifica\u00e7\u00e3o final atribuiu o t\u00edtulo a Carlos Matos.<\/p>\n<p>Na classifica\u00e7\u00e3o geral de pilotos, Carlos Matos ficou em primeiro lugar, Andr\u00e9 Cabe\u00e7as em segundo e Armando Carvalho em terceiro. Nas Quatro Rodas Motrizes venceu Armando Carvalho, seguido de Andr\u00e9 Cabe\u00e7as e Miguel Carvalho. Nas Duas Rodas Motrizes (2RM) venceu Jo\u00e3o Marcelino, com Bruno Pedrosa em segundo.<\/p>\n<p>Miguel Castro destacou-se entre os navegadores na classifica\u00e7\u00e3o geral, com Ana Santos em segundo e Ricardo Faria em terceiro. Nas Quatro Rodas Motrizes triunfou Ana Santos, seguida de Miguel Castro. Em Duas Rodas Motrizes, Valter Cardoso foi o vencedor, com Tiago Silva e Ant\u00f3nio Joaquim Pereira a completar o p\u00f3dio.<\/p>\n<h3>Sustentabilidade e legado<\/h3>\n<p>A Promolaf\u00f5es mant\u00e9m a preocupa\u00e7\u00e3o ambiental desde a g\u00e9nese, integrando o Race4Eco como linha orientadora. O objetivo \u00e9 reduzir o impacto ambiental das provas atrav\u00e9s de planos de a\u00e7\u00e3o e medidas concretas.<\/p>\n<p>Os planos ambientais da Promolaf\u00f5es ajudaram projetos semelhantes na Federa\u00e7\u00e3o Portuguesa de Automobilismo e Karting, que influenciaram decis\u00f5es a n\u00edvel internacional. A organiza\u00e7\u00e3o destaca o orgulho pelo reconhecimento alcan\u00e7ado.<\/p>\n","protected":false},"excerpt":{"rendered":"<ul>\n<li>A Gala Promolaf\u00f5es Rali Cup by Castrol 2025 aconteceu no Centro Cultural de Carregal do Sal, marcando a primeira edi\u00e7\u00e3o com passadeira vermelha \u00e0 entrada do espa\u00e7o.<\/li>\n<li>A cerim\u00f3nia distinguiu pilotos, navegadores, equipas e entidades oficiais ligadas ao evento, destacando talento na condu\u00e7\u00e3o e navega\u00e7\u00e3o.<\/li>\n<li>O pr\u00e9mio Piloto Revela\u00e7\u00e3o foi atribu\u00eddo a Andr\u00e9 Pereira; Hugo Lopes arrecadou o Top Speed com oito especiais e recebeu cinco centenas de euros.<\/li>\n<li>No global, Carlos Matos venceu entre os pilotos, seguido de Andr\u00e9 Cabe\u00e7as e Armando Carvalho; Armando Carvalho ganhou em Quatro Rodas Motrizes, Jo\u00e3o Marcelino em Duas Rodas Motrizes e Miguel Pai\u00e3o em Duas Rodas Motrizes at\u00e9 1300cc.<\/li>\n<li>A organiza\u00e7\u00e3o mant\u00e9m o foco ambiental Race4Eco, com planos que influenciam Federa\u00e7\u00f5es nacionais e internacionais no desporto motorizado.<\/li>\n<\/ul>\n","protected":false},"author":2,"featured_media":137119,"comment_status":"closed","ping_status":"closed","sticky":false,"template":"","format":"standard","meta":{"footnotes":""},"categories":[21],"tags":[1798,2985,2467,2984,2987,1171],"class_list":["post-137101","post","type-post","status-publish","format-standard","has-post-thumbnail","hentry","category-desporto","tag-carregal-do-sal","tag-clube-automovel-de-viseu","tag-desportos-motorizados","tag-gas-gondomar-automovel-sport","tag-race4eco","tag-viseu"],"yoast_head":"<!-- This site is optimized with the Yoast SEO plugin v27.2 - https:\/\/yoast.com\/product\/yoast-seo-wordpress\/ -->\n<title>Promolaf\u00f5es trouxe eleg\u00e2ncia e glamour a Carregal do Sal - Portal Tela Portugal<\/title>\n<meta name=\"robots\" content=\"index, follow, max-snippet:-1, max-image-preview:large, max-video-preview:-1\" \/>\n<meta property=\"og:locale\" content=\"pt_PT\" \/>\n<meta property=\"og:type\" content=\"article\" \/>\n<meta property=\"og:title\" content=\"Promolaf\u00f5es trouxe eleg\u00e2ncia e glamour a Carregal do Sal - Portal Tela Portugal\" \/>\n<meta property=\"og:description\" content=\"A Gala Promolaf\u00f5es Rali Cup by Castrol 2025 aconteceu no Centro Cultural de Carregal do Sal, marcando a primeira edi\u00e7\u00e3o com passadeira vermelha \u00e0 entrada do espa\u00e7o. A cerim\u00f3nia distinguiu pilotos, navegadores, equipas e entidades oficiais ligadas ao evento, destacando talento na condu\u00e7\u00e3o e navega\u00e7\u00e3o. O pr\u00e9mio Piloto Revela\u00e7\u00e3o foi atribu\u00eddo a Andr\u00e9 Pereira; Hugo Lopes arrecadou o Top Speed com oito especiais e recebeu cinco centenas de euros. No global, Carlos Matos venceu entre os pilotos, seguido de Andr\u00e9 Cabe\u00e7as e Armando Carvalho; Armando Carvalho ganhou em Quatro Rodas Motrizes, Jo\u00e3o Marcelino em Duas Rodas Motrizes e Miguel Pai\u00e3o em Duas Rodas Motrizes at\u00e9 1300cc. A organiza\u00e7\u00e3o mant\u00e9m o foco ambiental Race4Eco, com planos que influenciam Federa\u00e7\u00f5es nacionais e internacionais no desporto motorizado.\" \/>\n<meta property=\"og:url\" content=\"https:\/\/portaltela.pt\/noticias\/2026\/01\/12\/promolafoes-trouxe-elegancia-e-glamour-a-carregal-do-sal\/\" \/>\n<meta property=\"og:site_name\" content=\"Portal Tela Portugal\" \/>\n<meta property=\"article:published_time\" content=\"2026-01-12T23:35:04+00:00\" \/>\n<meta name=\"author\" content=\"Telinha\" \/>\n<meta name=\"twitter:card\" content=\"summary_large_image\" \/>\n<meta name=\"twitter:label1\" content=\"Escrito por\" \/>\n\t<meta name=\"twitter:data1\" content=\"Telinha\" \/>\n\t<meta name=\"twitter:label2\" content=\"Tempo estimado de leitura\" \/>\n\t<meta name=\"twitter:data2\" content=\"2 minutos\" \/>\n<script type=\"application\/ld+json\" class=\"yoast-schema-graph\">{\"@context\":\"https:\/\/schema.org\",\"@graph\":[{\"@type\":\"Article\",\"@id\":\"https:\/\/portaltela.pt\/noticias\/2026\/01\/12\/promolafoes-trouxe-elegancia-e-glamour-a-carregal-do-sal\/#article\",\"isPartOf\":{\"@id\":\"https:\/\/portaltela.pt\/noticias\/2026\/01\/12\/promolafoes-trouxe-elegancia-e-glamour-a-carregal-do-sal\/\"},\"author\":{\"name\":\"Telinha\",\"@id\":\"https:\/\/portaltela.pt\/#\/schema\/person\/c4278d4a6028830caff9ee44b42d32ed\"},\"headline\":\"Promolaf\u00f5es trouxe eleg\u00e2ncia e glamour a Carregal do Sal\",\"datePublished\":\"2026-01-12T23:35:04+00:00\",\"mainEntityOfPage\":{\"@id\":\"https:\/\/portaltela.pt\/noticias\/2026\/01\/12\/promolafoes-trouxe-elegancia-e-glamour-a-carregal-do-sal\/\"},\"wordCount\":403,\"image\":{\"@id\":\"https:\/\/portaltela.pt\/noticias\/2026\/01\/12\/promolafoes-trouxe-elegancia-e-glamour-a-carregal-do-sal\/#primaryimage\"},\"thumbnailUrl\":\"https:\/\/portaltela.pt\/s.01k8rhncp4jt1\/2026\/01\/Juio-Soisa-e-Iva-3.jpg\",\"keywords\":[\"Carregal do Sal\",\"Clube Autom\u00f3vel de Viseu\",\"Desportos Motorizados\",\"GAS \u2013 Gondomar Autom\u00f3vel Sport\",\"Race4Eco\",\"Viseu\"],\"articleSection\":[\"Desporto\"],\"inLanguage\":\"pt-PT\"},{\"@type\":\"WebPage\",\"@id\":\"https:\/\/portaltela.pt\/noticias\/2026\/01\/12\/promolafoes-trouxe-elegancia-e-glamour-a-carregal-do-sal\/\",\"url\":\"https:\/\/portaltela.pt\/noticias\/2026\/01\/12\/promolafoes-trouxe-elegancia-e-glamour-a-carregal-do-sal\/\",\"name\":\"Promolaf\u00f5es trouxe eleg\u00e2ncia e glamour a Carregal do Sal - Portal Tela Portugal\",\"isPartOf\":{\"@id\":\"https:\/\/portaltela.pt\/#website\"},\"primaryImageOfPage\":{\"@id\":\"https:\/\/portaltela.pt\/noticias\/2026\/01\/12\/promolafoes-trouxe-elegancia-e-glamour-a-carregal-do-sal\/#primaryimage\"},\"image\":{\"@id\":\"https:\/\/portaltela.pt\/noticias\/2026\/01\/12\/promolafoes-trouxe-elegancia-e-glamour-a-carregal-do-sal\/#primaryimage\"},\"thumbnailUrl\":\"https:\/\/portaltela.pt\/s.01k8rhncp4jt1\/2026\/01\/Juio-Soisa-e-Iva-3.jpg\",\"datePublished\":\"2026-01-12T23:35:04+00:00\",\"author\":{\"@id\":\"https:\/\/portaltela.pt\/#\/schema\/person\/c4278d4a6028830caff9ee44b42d32ed\"},\"breadcrumb\":{\"@id\":\"https:\/\/portaltela.pt\/noticias\/2026\/01\/12\/promolafoes-trouxe-elegancia-e-glamour-a-carregal-do-sal\/#breadcrumb\"},\"inLanguage\":\"pt-PT\",\"potentialAction\":[{\"@type\":\"ReadAction\",\"target\":[\"https:\/\/portaltela.pt\/noticias\/2026\/01\/12\/promolafoes-trouxe-elegancia-e-glamour-a-carregal-do-sal\/\"]}]},{\"@type\":\"ImageObject\",\"inLanguage\":\"pt-PT\",\"@id\":\"https:\/\/portaltela.pt\/noticias\/2026\/01\/12\/promolafoes-trouxe-elegancia-e-glamour-a-carregal-do-sal\/#primaryimage\",\"url\":\"https:\/\/portaltela.pt\/s.01k8rhncp4jt1\/2026\/01\/Juio-Soisa-e-Iva-3.jpg\",\"contentUrl\":\"https:\/\/portaltela.pt\/s.01k8rhncp4jt1\/2026\/01\/Juio-Soisa-e-Iva-3.jpg\",\"width\":796,\"height\":448,\"caption\":\"Promolaf\u00f5es conduziu eleg\u00e2ncia e glamour em Carregal do Sal\"},{\"@type\":\"BreadcrumbList\",\"@id\":\"https:\/\/portaltela.pt\/noticias\/2026\/01\/12\/promolafoes-trouxe-elegancia-e-glamour-a-carregal-do-sal\/#breadcrumb\",\"itemListElement\":[{\"@type\":\"ListItem\",\"position\":1,\"name\":\"In\u00edcio\",\"item\":\"https:\/\/portaltela.pt\/\"},{\"@type\":\"ListItem\",\"position\":2,\"name\":\"Promolaf\u00f5es trouxe eleg\u00e2ncia e glamour a Carregal do Sal\"}]},{\"@type\":\"WebSite\",\"@id\":\"https:\/\/portaltela.pt\/#website\",\"url\":\"https:\/\/portaltela.pt\/\",\"name\":\"Portal Tela Portugal\",\"description\":\"\",\"potentialAction\":[{\"@type\":\"SearchAction\",\"target\":{\"@type\":\"EntryPoint\",\"urlTemplate\":\"https:\/\/portaltela.pt\/?s={search_term_string}\"},\"query-input\":{\"@type\":\"PropertyValueSpecification\",\"valueRequired\":true,\"valueName\":\"search_term_string\"}}],\"inLanguage\":\"pt-PT\"},{\"@type\":\"Person\",\"@id\":\"https:\/\/portaltela.pt\/#\/schema\/person\/c4278d4a6028830caff9ee44b42d32ed\",\"name\":\"Telinha\",\"image\":{\"@type\":\"ImageObject\",\"inLanguage\":\"pt-PT\",\"@id\":\"https:\/\/portaltela.pt\/s.01k8rhncp4jt1\/2025\/11\/talking-bot-125x125.png\",\"url\":\"https:\/\/portaltela.pt\/s.01k8rhncp4jt1\/2025\/11\/talking-bot-125x125.png\",\"contentUrl\":\"https:\/\/portaltela.pt\/s.01k8rhncp4jt1\/2025\/11\/talking-bot-125x125.png\",\"caption\":\"Telinha\"},\"sameAs\":[\"https:\/\/portaltela.pt\/\"],\"url\":\"https:\/\/portaltela.pt\/por\/367410592786\/\"}]}<\/script>\n<!-- \/ Yoast SEO plugin. -->","yoast_head_json":{"title":"Promolaf\u00f5es trouxe eleg\u00e2ncia e glamour a Carregal do Sal - Portal Tela Portugal","robots":{"index":"index","follow":"follow","max-snippet":"max-snippet:-1","max-image-preview":"max-image-preview:large","max-video-preview":"max-video-preview:-1"},"og_locale":"pt_PT","og_type":"article","og_title":"Promolaf\u00f5es trouxe eleg\u00e2ncia e glamour a Carregal do Sal - Portal Tela Portugal","og_description":"A Gala Promolaf\u00f5es Rali Cup by Castrol 2025 aconteceu no Centro Cultural de Carregal do Sal, marcando a primeira edi\u00e7\u00e3o com passadeira vermelha \u00e0 entrada do espa\u00e7o. A cerim\u00f3nia distinguiu pilotos, navegadores, equipas e entidades oficiais ligadas ao evento, destacando talento na condu\u00e7\u00e3o e navega\u00e7\u00e3o. O pr\u00e9mio Piloto Revela\u00e7\u00e3o foi atribu\u00eddo a Andr\u00e9 Pereira; Hugo Lopes arrecadou o Top Speed com oito especiais e recebeu cinco centenas de euros. No global, Carlos Matos venceu entre os pilotos, seguido de Andr\u00e9 Cabe\u00e7as e Armando Carvalho; Armando Carvalho ganhou em Quatro Rodas Motrizes, Jo\u00e3o Marcelino em Duas Rodas Motrizes e Miguel Pai\u00e3o em Duas Rodas Motrizes at\u00e9 1300cc. A organiza\u00e7\u00e3o mant\u00e9m o foco ambiental Race4Eco, com planos que influenciam Federa\u00e7\u00f5es nacionais e internacionais no desporto motorizado.","og_url":"https:\/\/portaltela.pt\/noticias\/2026\/01\/12\/promolafoes-trouxe-elegancia-e-glamour-a-carregal-do-sal\/","og_site_name":"Portal Tela Portugal","article_published_time":"2026-01-12T23:35:04+00:00","author":"Telinha","twitter_card":"summary_large_image","twitter_misc":{"Escrito por":"Telinha","Tempo estimado de leitura":"2 minutos"},"schema":{"@context":"https:\/\/schema.org","@graph":[{"@type":"Article","@id":"https:\/\/portaltela.pt\/noticias\/2026\/01\/12\/promolafoes-trouxe-elegancia-e-glamour-a-carregal-do-sal\/#article","isPartOf":{"@id":"https:\/\/portaltela.pt\/noticias\/2026\/01\/12\/promolafoes-trouxe-elegancia-e-glamour-a-carregal-do-sal\/"},"author":{"name":"Telinha","@id":"https:\/\/portaltela.pt\/#\/schema\/person\/c4278d4a6028830caff9ee44b42d32ed"},"headline":"Promolaf\u00f5es trouxe eleg\u00e2ncia e glamour a Carregal do Sal","datePublished":"2026-01-12T23:35:04+00:00","mainEntityOfPage":{"@id":"https:\/\/portaltela.pt\/noticias\/2026\/01\/12\/promolafoes-trouxe-elegancia-e-glamour-a-carregal-do-sal\/"},"wordCount":403,"image":{"@id":"https:\/\/portaltela.pt\/noticias\/2026\/01\/12\/promolafoes-trouxe-elegancia-e-glamour-a-carregal-do-sal\/#primaryimage"},"thumbnailUrl":"https:\/\/portaltela.pt\/s.01k8rhncp4jt1\/2026\/01\/Juio-Soisa-e-Iva-3.jpg","keywords":["Carregal do Sal","Clube Autom\u00f3vel de Viseu","Desportos Motorizados","GAS \u2013 Gondomar Autom\u00f3vel Sport","Race4Eco","Viseu"],"articleSection":["Desporto"],"inLanguage":"pt-PT"},{"@type":"WebPage","@id":"https:\/\/portaltela.pt\/noticias\/2026\/01\/12\/promolafoes-trouxe-elegancia-e-glamour-a-carregal-do-sal\/","url":"https:\/\/portaltela.pt\/noticias\/2026\/01\/12\/promolafoes-trouxe-elegancia-e-glamour-a-carregal-do-sal\/","name":"Promolaf\u00f5es trouxe eleg\u00e2ncia e glamour a Carregal do Sal - Portal Tela Portugal","isPartOf":{"@id":"https:\/\/portaltela.pt\/#website"},"primaryImageOfPage":{"@id":"https:\/\/portaltela.pt\/noticias\/2026\/01\/12\/promolafoes-trouxe-elegancia-e-glamour-a-carregal-do-sal\/#primaryimage"},"image":{"@id":"https:\/\/portaltela.pt\/noticias\/2026\/01\/12\/promolafoes-trouxe-elegancia-e-glamour-a-carregal-do-sal\/#primaryimage"},"thumbnailUrl":"https:\/\/portaltela.pt\/s.01k8rhncp4jt1\/2026\/01\/Juio-Soisa-e-Iva-3.jpg","datePublished":"2026-01-12T23:35:04+00:00","author":{"@id":"https:\/\/portaltela.pt\/#\/schema\/person\/c4278d4a6028830caff9ee44b42d32ed"},"breadcrumb":{"@id":"https:\/\/portaltela.pt\/noticias\/2026\/01\/12\/promolafoes-trouxe-elegancia-e-glamour-a-carregal-do-sal\/#breadcrumb"},"inLanguage":"pt-PT","potentialAction":[{"@type":"ReadAction","target":["https:\/\/portaltela.pt\/noticias\/2026\/01\/12\/promolafoes-trouxe-elegancia-e-glamour-a-carregal-do-sal\/"]}]},{"@type":"ImageObject","inLanguage":"pt-PT","@id":"https:\/\/portaltela.pt\/noticias\/2026\/01\/12\/promolafoes-trouxe-elegancia-e-glamour-a-carregal-do-sal\/#primaryimage","url":"https:\/\/portaltela.pt\/s.01k8rhncp4jt1\/2026\/01\/Juio-Soisa-e-Iva-3.jpg","contentUrl":"https:\/\/portaltela.pt\/s.01k8rhncp4jt1\/2026\/01\/Juio-Soisa-e-Iva-3.jpg","width":796,"height":448,"caption":"Promolaf\u00f5es conduziu eleg\u00e2ncia e glamour em Carregal do Sal"},{"@type":"BreadcrumbList","@id":"https:\/\/portaltela.pt\/noticias\/2026\/01\/12\/promolafoes-trouxe-elegancia-e-glamour-a-carregal-do-sal\/#breadcrumb","itemListElement":[{"@type":"ListItem","position":1,"name":"In\u00edcio","item":"https:\/\/portaltela.pt\/"},{"@type":"ListItem","position":2,"name":"Promolaf\u00f5es trouxe eleg\u00e2ncia e glamour a Carregal do Sal"}]},{"@type":"WebSite","@id":"https:\/\/portaltela.pt\/#website","url":"https:\/\/portaltela.pt\/","name":"Portal Tela Portugal","description":"","potentialAction":[{"@type":"SearchAction","target":{"@type":"EntryPoint","urlTemplate":"https:\/\/portaltela.pt\/?s={search_term_string}"},"query-input":{"@type":"PropertyValueSpecification","valueRequired":true,"valueName":"search_term_string"}}],"inLanguage":"pt-PT"},{"@type":"Person","@id":"https:\/\/portaltela.pt\/#\/schema\/person\/c4278d4a6028830caff9ee44b42d32ed","name":"Telinha","image":{"@type":"ImageObject","inLanguage":"pt-PT","@id":"https:\/\/portaltela.pt\/s.01k8rhncp4jt1\/2025\/11\/talking-bot-125x125.png","url":"https:\/\/portaltela.pt\/s.01k8rhncp4jt1\/2025\/11\/talking-bot-125x125.png","contentUrl":"https:\/\/portaltela.pt\/s.01k8rhncp4jt1\/2025\/11\/talking-bot-125x125.png","caption":"Telinha"},"sameAs":["https:\/\/portaltela.pt\/"],"url":"https:\/\/portaltela.pt\/por\/367410592786\/"}]}},"_links":{"self":[{"href":"https:\/\/portaltela.pt\/api\/wp\/v2\/posts\/137101","targetHints":{"allow":["GET"]}}],"collection":[{"href":"https:\/\/portaltela.pt\/api\/wp\/v2\/posts"}],"about":[{"href":"https:\/\/portaltela.pt\/api\/wp\/v2\/types\/post"}],"author":[{"embeddable":true,"href":"https:\/\/portaltela.pt\/api\/wp\/v2\/users\/2"}],"replies":[{"embeddable":true,"href":"https:\/\/portaltela.pt\/api\/wp\/v2\/comments?post=137101"}],"version-history":[{"count":0,"href":"https:\/\/portaltela.pt\/api\/wp\/v2\/posts\/137101\/revisions"}],"wp:featuredmedia":[{"embeddable":true,"href":"https:\/\/portaltela.pt\/api\/wp\/v2\/media\/137119"}],"wp:attachment":[{"href":"https:\/\/portaltela.pt\/api\/wp\/v2\/media?parent=137101"}],"wp:term":[{"taxonomy":"category","embeddable":true,"href":"https:\/\/portaltela.pt\/api\/wp\/v2\/categories?post=137101"},{"taxonomy":"post_tag","embeddable":true,"href":"https:\/\/portaltela.pt\/api\/wp\/v2\/tags?post=137101"}],"curies":[{"name":"wp","href":"https:\/\/api.w.org\/{rel}","templated":true}]}}