{"id":137100,"date":"2026-01-12T20:35:04","date_gmt":"2026-01-12T23:35:04","guid":{"rendered":"https:\/\/portaltela.pt\/noticias\/2026\/01\/12\/promolafoes-conduziu-elegancia-e-glamour-em-carregal-do-sal\/"},"modified":"2026-01-12T20:35:04","modified_gmt":"2026-01-12T23:35:04","slug":"promolafoes-conduziu-elegancia-e-glamour-em-carregal-do-sal","status":"publish","type":"post","link":"https:\/\/portaltela.pt\/desporto\/2026\/01\/12\/promolafoes-conduziu-elegancia-e-glamour-em-carregal-do-sal\/","title":{"rendered":"Promolaf\u00f5es conduziu eleg\u00e2ncia e glamour em Carregal do Sal"},"content":{"rendered":"<p>O Centro Cultural de Carregal do Sal recebeu a primeira edi\u00e7\u00e3o da Gala Promolaf\u00f5es Rali Cup by Castrol 2025, uma cerim\u00f3nia que distinguiu pilotos, navegadores, equipas e entidades oficiais. O evento contou com uma passadeira vermelha junto \u00e0 entrada do espa\u00e7o cultural da vila, em Viseu.<\/p>\n<p>A gala premiou o talento na condu\u00e7\u00e3o e na navega\u00e7\u00e3o, com foco na transpar\u00eancia e na inova\u00e7\u00e3o. Autarquias, juntas de freguesia, for\u00e7as de seguran\u00e7a, patrocinadores e parceiros estiveram presentes para celebrar o desempenho ao longo da temporada.<\/p>\n<p>Os quatro clubes organizadores \u2014 GAS, Clube Autom\u00f3vel de Viseu, Clube Autom\u00f3vel de Santo Tirso e Team Ba\u00eda \u2014 foram reconhecidos pelo contributo decisivo para o sucesso da competi\u00e7\u00e3o.<\/p>\n<h3>Premia\u00e7\u00e3o de pilotos e navegadores<\/h3>\n<p>O momento mais marcante ocorreu com a entrega de v\u00e1rios galard\u00f5es. O pr\u00e9mio \u201cPiloto Revela\u00e7\u00e3o\u201d ficou com Andr\u00e9 Pereira, piloto de Citro\u00ebn AX que competiu na Promolaf\u00f5es Rali Cup by Castrol 2025.<\/p>\n<p>Carlos Matos recebeu o trof\u00e9u \u201cTop Speed\u201d pela maior cad\u00eancia de vit\u00f3rias em especiais, empatando com Andr\u00e9 Cabe\u00e7as em sete vit\u00f3rias cada, mas Hugo Lopes destacou-se com oito vit\u00f3rias e venceu um pr\u00e9mio monet\u00e1rio de 500 euros.<\/p>\n<p>Na classifica\u00e7\u00e3o geral de pilotos, Carlos Matos liderou, seguido de Andr\u00e9 Cabe\u00e7as e Armando Carvalho. Nas Quatro Rodas Motrizes, Armando Carvalho conquistou o t\u00edtulo, com Andr\u00e9 Cabe\u00e7as em segundo e Miguel Carvalho em terceiro.<\/p>\n<h3>Navegadores e categorias<\/h3>\n<p>Entre os navegadores, Miguel Castro foi o vencedor da classifica\u00e7\u00e3o geral, com Ana Santos em segundo e Ricardo Faria em terceiro. Nas Quatro Rodas Motrizes, Ana Santos liderou, seguida de Miguel Castro. Em Duas Rodas Motrizes, Valter Cardoso triunfou, com Tiago Silva e Ant\u00f3nio Joaquim Pereira a completar o p\u00f3dio.<\/p>\n","protected":false},"excerpt":{"rendered":"<ul>\n<li>A Gala Promolaf\u00f5es Rali Cup by Castrol 2025 decorreu no Centro Cultural de Carregal do Sal, primeira edi\u00e7\u00e3o, com passadeira vermelha na entrada do espa\u00e7o.<\/li>\n<li>A cerim\u00f3nia premiou pilotos, navegadores, equipas e entidades oficiais, destacando talento, eleg\u00e2ncia e inova\u00e7\u00e3o do evento.<\/li>\n<li>Os quatro clubes organizadores foram GAS \u2013 Gondomar Autom\u00f3vel Sport, Clube Autom\u00f3vel de Viseu, Clube Autom\u00f3vel de Santo Tirso e Team Ba\u00eda.<\/li>\n<li>O momento mais marcante foi a atribui\u00e7\u00e3o do pr\u00e9mio Piloto Revela\u00e7\u00e3o a Andr\u00e9 Pereira e o Top Speed a Hugo Lopes, que alcan\u00e7ou oito especiais e recebeu 500 euros.<\/li>\n<li>Classifica\u00e7\u00f5es principais: na geral de pilotos venceu Carlos Matos, ficou em segundo Andr\u00e9 Cabe\u00e7as e em terceiro Armando Carvalho; em Quatro Rodas Motrizes ganhou Armando Carvalho; em Duas Rodas Motrizes, Jo\u00e3o Marcelino foi o vencedor; em Duas Rodas Motrizes at\u00e9 1300cc venceu Miguel Pai\u00e3o; entre os navegadores, Miguel Castro foi o campe\u00e3o geral, seguido de Ana Santos.<\/li>\n<\/ul>\n","protected":false},"author":2,"featured_media":137106,"comment_status":"closed","ping_status":"closed","sticky":false,"template":"","format":"standard","meta":{"footnotes":""},"categories":[21],"tags":[1367,152,556,399,2983,1171],"class_list":["post-137100","post","type-post","status-publish","format-standard","has-post-thumbnail","hentry","category-desporto","tag-clubes","tag-desporto","tag-duas-rodas-motrizes","tag-organizacao-desportiva","tag-quatro-rodas-motrizes","tag-viseu"],"yoast_head":"<!-- This site is optimized with the Yoast SEO plugin v27.2 - https:\/\/yoast.com\/product\/yoast-seo-wordpress\/ -->\n<title>Promolaf\u00f5es conduziu eleg\u00e2ncia e glamour em Carregal do Sal - Portal Tela Portugal<\/title>\n<meta name=\"robots\" content=\"index, follow, max-snippet:-1, max-image-preview:large, max-video-preview:-1\" \/>\n<meta property=\"og:locale\" content=\"pt_PT\" \/>\n<meta property=\"og:type\" content=\"article\" \/>\n<meta property=\"og:title\" content=\"Promolaf\u00f5es conduziu eleg\u00e2ncia e glamour em Carregal do Sal - Portal Tela Portugal\" \/>\n<meta property=\"og:description\" content=\"A Gala Promolaf\u00f5es Rali Cup by Castrol 2025 decorreu no Centro Cultural de Carregal do Sal, primeira edi\u00e7\u00e3o, com passadeira vermelha na entrada do espa\u00e7o. A cerim\u00f3nia premiou pilotos, navegadores, equipas e entidades oficiais, destacando talento, eleg\u00e2ncia e inova\u00e7\u00e3o do evento. Os quatro clubes organizadores foram GAS \u2013 Gondomar Autom\u00f3vel Sport, Clube Autom\u00f3vel de Viseu, Clube Autom\u00f3vel de Santo Tirso e Team Ba\u00eda. O momento mais marcante foi a atribui\u00e7\u00e3o do pr\u00e9mio Piloto Revela\u00e7\u00e3o a Andr\u00e9 Pereira e o Top Speed a Hugo Lopes, que alcan\u00e7ou oito especiais e recebeu 500 euros. Classifica\u00e7\u00f5es principais: na geral de pilotos venceu Carlos Matos, ficou em segundo Andr\u00e9 Cabe\u00e7as e em terceiro Armando Carvalho; em Quatro Rodas Motrizes ganhou Armando Carvalho; em Duas Rodas Motrizes, Jo\u00e3o Marcelino foi o vencedor; em Duas Rodas Motrizes at\u00e9 1300cc venceu Miguel Pai\u00e3o; entre os navegadores, Miguel Castro foi o campe\u00e3o geral, seguido de Ana Santos.\" \/>\n<meta property=\"og:url\" content=\"https:\/\/portaltela.pt\/noticias\/2026\/01\/12\/promolafoes-conduziu-elegancia-e-glamour-em-carregal-do-sal\/\" \/>\n<meta property=\"og:site_name\" content=\"Portal Tela Portugal\" \/>\n<meta property=\"article:published_time\" content=\"2026-01-12T23:35:04+00:00\" \/>\n<meta name=\"author\" content=\"Telinha\" \/>\n<meta name=\"twitter:card\" content=\"summary_large_image\" \/>\n<meta name=\"twitter:label1\" content=\"Escrito por\" \/>\n\t<meta name=\"twitter:data1\" content=\"Telinha\" \/>\n\t<meta name=\"twitter:label2\" content=\"Tempo estimado de leitura\" \/>\n\t<meta name=\"twitter:data2\" content=\"2 minutos\" \/>\n<script type=\"application\/ld+json\" class=\"yoast-schema-graph\">{\"@context\":\"https:\/\/schema.org\",\"@graph\":[{\"@type\":\"Article\",\"@id\":\"https:\/\/portaltela.pt\/noticias\/2026\/01\/12\/promolafoes-conduziu-elegancia-e-glamour-em-carregal-do-sal\/#article\",\"isPartOf\":{\"@id\":\"https:\/\/portaltela.pt\/noticias\/2026\/01\/12\/promolafoes-conduziu-elegancia-e-glamour-em-carregal-do-sal\/\"},\"author\":{\"name\":\"Telinha\",\"@id\":\"https:\/\/portaltela.pt\/#\/schema\/person\/c4278d4a6028830caff9ee44b42d32ed\"},\"headline\":\"Promolaf\u00f5es conduziu eleg\u00e2ncia e glamour em Carregal do Sal\",\"datePublished\":\"2026-01-12T23:35:04+00:00\",\"mainEntityOfPage\":{\"@id\":\"https:\/\/portaltela.pt\/noticias\/2026\/01\/12\/promolafoes-conduziu-elegancia-e-glamour-em-carregal-do-sal\/\"},\"wordCount\":314,\"image\":{\"@id\":\"https:\/\/portaltela.pt\/noticias\/2026\/01\/12\/promolafoes-conduziu-elegancia-e-glamour-em-carregal-do-sal\/#primaryimage\"},\"thumbnailUrl\":\"https:\/\/portaltela.pt\/s.01k8rhncp4jt1\/2026\/01\/Juio-Soisa-e-Iva.jpg\",\"keywords\":[\"clubes\",\"desporto\",\"Duas Rodas Motrizes\",\"organiza\u00e7\u00e3o desportiva\",\"Quatro Rodas Motrizes\",\"Viseu\"],\"articleSection\":[\"Desporto\"],\"inLanguage\":\"pt-PT\"},{\"@type\":\"WebPage\",\"@id\":\"https:\/\/portaltela.pt\/noticias\/2026\/01\/12\/promolafoes-conduziu-elegancia-e-glamour-em-carregal-do-sal\/\",\"url\":\"https:\/\/portaltela.pt\/noticias\/2026\/01\/12\/promolafoes-conduziu-elegancia-e-glamour-em-carregal-do-sal\/\",\"name\":\"Promolaf\u00f5es conduziu eleg\u00e2ncia e glamour em Carregal do Sal - Portal Tela Portugal\",\"isPartOf\":{\"@id\":\"https:\/\/portaltela.pt\/#website\"},\"primaryImageOfPage\":{\"@id\":\"https:\/\/portaltela.pt\/noticias\/2026\/01\/12\/promolafoes-conduziu-elegancia-e-glamour-em-carregal-do-sal\/#primaryimage\"},\"image\":{\"@id\":\"https:\/\/portaltela.pt\/noticias\/2026\/01\/12\/promolafoes-conduziu-elegancia-e-glamour-em-carregal-do-sal\/#primaryimage\"},\"thumbnailUrl\":\"https:\/\/portaltela.pt\/s.01k8rhncp4jt1\/2026\/01\/Juio-Soisa-e-Iva.jpg\",\"datePublished\":\"2026-01-12T23:35:04+00:00\",\"author\":{\"@id\":\"https:\/\/portaltela.pt\/#\/schema\/person\/c4278d4a6028830caff9ee44b42d32ed\"},\"breadcrumb\":{\"@id\":\"https:\/\/portaltela.pt\/noticias\/2026\/01\/12\/promolafoes-conduziu-elegancia-e-glamour-em-carregal-do-sal\/#breadcrumb\"},\"inLanguage\":\"pt-PT\",\"potentialAction\":[{\"@type\":\"ReadAction\",\"target\":[\"https:\/\/portaltela.pt\/noticias\/2026\/01\/12\/promolafoes-conduziu-elegancia-e-glamour-em-carregal-do-sal\/\"]}]},{\"@type\":\"ImageObject\",\"inLanguage\":\"pt-PT\",\"@id\":\"https:\/\/portaltela.pt\/noticias\/2026\/01\/12\/promolafoes-conduziu-elegancia-e-glamour-em-carregal-do-sal\/#primaryimage\",\"url\":\"https:\/\/portaltela.pt\/s.01k8rhncp4jt1\/2026\/01\/Juio-Soisa-e-Iva.jpg\",\"contentUrl\":\"https:\/\/portaltela.pt\/s.01k8rhncp4jt1\/2026\/01\/Juio-Soisa-e-Iva.jpg\",\"width\":796,\"height\":448,\"caption\":\"Promolaf\u00f5es conduziu eleg\u00e2ncia e glamour em Carregal do Sal\"},{\"@type\":\"BreadcrumbList\",\"@id\":\"https:\/\/portaltela.pt\/noticias\/2026\/01\/12\/promolafoes-conduziu-elegancia-e-glamour-em-carregal-do-sal\/#breadcrumb\",\"itemListElement\":[{\"@type\":\"ListItem\",\"position\":1,\"name\":\"In\u00edcio\",\"item\":\"https:\/\/portaltela.pt\/\"},{\"@type\":\"ListItem\",\"position\":2,\"name\":\"Promolaf\u00f5es conduziu eleg\u00e2ncia e glamour em Carregal do Sal\"}]},{\"@type\":\"WebSite\",\"@id\":\"https:\/\/portaltela.pt\/#website\",\"url\":\"https:\/\/portaltela.pt\/\",\"name\":\"Portal Tela Portugal\",\"description\":\"\",\"potentialAction\":[{\"@type\":\"SearchAction\",\"target\":{\"@type\":\"EntryPoint\",\"urlTemplate\":\"https:\/\/portaltela.pt\/?s={search_term_string}\"},\"query-input\":{\"@type\":\"PropertyValueSpecification\",\"valueRequired\":true,\"valueName\":\"search_term_string\"}}],\"inLanguage\":\"pt-PT\"},{\"@type\":\"Person\",\"@id\":\"https:\/\/portaltela.pt\/#\/schema\/person\/c4278d4a6028830caff9ee44b42d32ed\",\"name\":\"Telinha\",\"image\":{\"@type\":\"ImageObject\",\"inLanguage\":\"pt-PT\",\"@id\":\"https:\/\/portaltela.pt\/s.01k8rhncp4jt1\/2025\/11\/talking-bot-125x125.png\",\"url\":\"https:\/\/portaltela.pt\/s.01k8rhncp4jt1\/2025\/11\/talking-bot-125x125.png\",\"contentUrl\":\"https:\/\/portaltela.pt\/s.01k8rhncp4jt1\/2025\/11\/talking-bot-125x125.png\",\"caption\":\"Telinha\"},\"sameAs\":[\"https:\/\/portaltela.pt\/\"],\"url\":\"https:\/\/portaltela.pt\/por\/367410592786\/\"}]}<\/script>\n<!-- \/ Yoast SEO plugin. -->","yoast_head_json":{"title":"Promolaf\u00f5es conduziu eleg\u00e2ncia e glamour em Carregal do Sal - Portal Tela Portugal","robots":{"index":"index","follow":"follow","max-snippet":"max-snippet:-1","max-image-preview":"max-image-preview:large","max-video-preview":"max-video-preview:-1"},"og_locale":"pt_PT","og_type":"article","og_title":"Promolaf\u00f5es conduziu eleg\u00e2ncia e glamour em Carregal do Sal - Portal Tela Portugal","og_description":"A Gala Promolaf\u00f5es Rali Cup by Castrol 2025 decorreu no Centro Cultural de Carregal do Sal, primeira edi\u00e7\u00e3o, com passadeira vermelha na entrada do espa\u00e7o. A cerim\u00f3nia premiou pilotos, navegadores, equipas e entidades oficiais, destacando talento, eleg\u00e2ncia e inova\u00e7\u00e3o do evento. Os quatro clubes organizadores foram GAS \u2013 Gondomar Autom\u00f3vel Sport, Clube Autom\u00f3vel de Viseu, Clube Autom\u00f3vel de Santo Tirso e Team Ba\u00eda. O momento mais marcante foi a atribui\u00e7\u00e3o do pr\u00e9mio Piloto Revela\u00e7\u00e3o a Andr\u00e9 Pereira e o Top Speed a Hugo Lopes, que alcan\u00e7ou oito especiais e recebeu 500 euros. Classifica\u00e7\u00f5es principais: na geral de pilotos venceu Carlos Matos, ficou em segundo Andr\u00e9 Cabe\u00e7as e em terceiro Armando Carvalho; em Quatro Rodas Motrizes ganhou Armando Carvalho; em Duas Rodas Motrizes, Jo\u00e3o Marcelino foi o vencedor; em Duas Rodas Motrizes at\u00e9 1300cc venceu Miguel Pai\u00e3o; entre os navegadores, Miguel Castro foi o campe\u00e3o geral, seguido de Ana Santos.","og_url":"https:\/\/portaltela.pt\/noticias\/2026\/01\/12\/promolafoes-conduziu-elegancia-e-glamour-em-carregal-do-sal\/","og_site_name":"Portal Tela Portugal","article_published_time":"2026-01-12T23:35:04+00:00","author":"Telinha","twitter_card":"summary_large_image","twitter_misc":{"Escrito por":"Telinha","Tempo estimado de leitura":"2 minutos"},"schema":{"@context":"https:\/\/schema.org","@graph":[{"@type":"Article","@id":"https:\/\/portaltela.pt\/noticias\/2026\/01\/12\/promolafoes-conduziu-elegancia-e-glamour-em-carregal-do-sal\/#article","isPartOf":{"@id":"https:\/\/portaltela.pt\/noticias\/2026\/01\/12\/promolafoes-conduziu-elegancia-e-glamour-em-carregal-do-sal\/"},"author":{"name":"Telinha","@id":"https:\/\/portaltela.pt\/#\/schema\/person\/c4278d4a6028830caff9ee44b42d32ed"},"headline":"Promolaf\u00f5es conduziu eleg\u00e2ncia e glamour em Carregal do Sal","datePublished":"2026-01-12T23:35:04+00:00","mainEntityOfPage":{"@id":"https:\/\/portaltela.pt\/noticias\/2026\/01\/12\/promolafoes-conduziu-elegancia-e-glamour-em-carregal-do-sal\/"},"wordCount":314,"image":{"@id":"https:\/\/portaltela.pt\/noticias\/2026\/01\/12\/promolafoes-conduziu-elegancia-e-glamour-em-carregal-do-sal\/#primaryimage"},"thumbnailUrl":"https:\/\/portaltela.pt\/s.01k8rhncp4jt1\/2026\/01\/Juio-Soisa-e-Iva.jpg","keywords":["clubes","desporto","Duas Rodas Motrizes","organiza\u00e7\u00e3o desportiva","Quatro Rodas Motrizes","Viseu"],"articleSection":["Desporto"],"inLanguage":"pt-PT"},{"@type":"WebPage","@id":"https:\/\/portaltela.pt\/noticias\/2026\/01\/12\/promolafoes-conduziu-elegancia-e-glamour-em-carregal-do-sal\/","url":"https:\/\/portaltela.pt\/noticias\/2026\/01\/12\/promolafoes-conduziu-elegancia-e-glamour-em-carregal-do-sal\/","name":"Promolaf\u00f5es conduziu eleg\u00e2ncia e glamour em Carregal do Sal - Portal Tela Portugal","isPartOf":{"@id":"https:\/\/portaltela.pt\/#website"},"primaryImageOfPage":{"@id":"https:\/\/portaltela.pt\/noticias\/2026\/01\/12\/promolafoes-conduziu-elegancia-e-glamour-em-carregal-do-sal\/#primaryimage"},"image":{"@id":"https:\/\/portaltela.pt\/noticias\/2026\/01\/12\/promolafoes-conduziu-elegancia-e-glamour-em-carregal-do-sal\/#primaryimage"},"thumbnailUrl":"https:\/\/portaltela.pt\/s.01k8rhncp4jt1\/2026\/01\/Juio-Soisa-e-Iva.jpg","datePublished":"2026-01-12T23:35:04+00:00","author":{"@id":"https:\/\/portaltela.pt\/#\/schema\/person\/c4278d4a6028830caff9ee44b42d32ed"},"breadcrumb":{"@id":"https:\/\/portaltela.pt\/noticias\/2026\/01\/12\/promolafoes-conduziu-elegancia-e-glamour-em-carregal-do-sal\/#breadcrumb"},"inLanguage":"pt-PT","potentialAction":[{"@type":"ReadAction","target":["https:\/\/portaltela.pt\/noticias\/2026\/01\/12\/promolafoes-conduziu-elegancia-e-glamour-em-carregal-do-sal\/"]}]},{"@type":"ImageObject","inLanguage":"pt-PT","@id":"https:\/\/portaltela.pt\/noticias\/2026\/01\/12\/promolafoes-conduziu-elegancia-e-glamour-em-carregal-do-sal\/#primaryimage","url":"https:\/\/portaltela.pt\/s.01k8rhncp4jt1\/2026\/01\/Juio-Soisa-e-Iva.jpg","contentUrl":"https:\/\/portaltela.pt\/s.01k8rhncp4jt1\/2026\/01\/Juio-Soisa-e-Iva.jpg","width":796,"height":448,"caption":"Promolaf\u00f5es conduziu eleg\u00e2ncia e glamour em Carregal do Sal"},{"@type":"BreadcrumbList","@id":"https:\/\/portaltela.pt\/noticias\/2026\/01\/12\/promolafoes-conduziu-elegancia-e-glamour-em-carregal-do-sal\/#breadcrumb","itemListElement":[{"@type":"ListItem","position":1,"name":"In\u00edcio","item":"https:\/\/portaltela.pt\/"},{"@type":"ListItem","position":2,"name":"Promolaf\u00f5es conduziu eleg\u00e2ncia e glamour em Carregal do Sal"}]},{"@type":"WebSite","@id":"https:\/\/portaltela.pt\/#website","url":"https:\/\/portaltela.pt\/","name":"Portal Tela Portugal","description":"","potentialAction":[{"@type":"SearchAction","target":{"@type":"EntryPoint","urlTemplate":"https:\/\/portaltela.pt\/?s={search_term_string}"},"query-input":{"@type":"PropertyValueSpecification","valueRequired":true,"valueName":"search_term_string"}}],"inLanguage":"pt-PT"},{"@type":"Person","@id":"https:\/\/portaltela.pt\/#\/schema\/person\/c4278d4a6028830caff9ee44b42d32ed","name":"Telinha","image":{"@type":"ImageObject","inLanguage":"pt-PT","@id":"https:\/\/portaltela.pt\/s.01k8rhncp4jt1\/2025\/11\/talking-bot-125x125.png","url":"https:\/\/portaltela.pt\/s.01k8rhncp4jt1\/2025\/11\/talking-bot-125x125.png","contentUrl":"https:\/\/portaltela.pt\/s.01k8rhncp4jt1\/2025\/11\/talking-bot-125x125.png","caption":"Telinha"},"sameAs":["https:\/\/portaltela.pt\/"],"url":"https:\/\/portaltela.pt\/por\/367410592786\/"}]}},"_links":{"self":[{"href":"https:\/\/portaltela.pt\/api\/wp\/v2\/posts\/137100","targetHints":{"allow":["GET"]}}],"collection":[{"href":"https:\/\/portaltela.pt\/api\/wp\/v2\/posts"}],"about":[{"href":"https:\/\/portaltela.pt\/api\/wp\/v2\/types\/post"}],"author":[{"embeddable":true,"href":"https:\/\/portaltela.pt\/api\/wp\/v2\/users\/2"}],"replies":[{"embeddable":true,"href":"https:\/\/portaltela.pt\/api\/wp\/v2\/comments?post=137100"}],"version-history":[{"count":0,"href":"https:\/\/portaltela.pt\/api\/wp\/v2\/posts\/137100\/revisions"}],"wp:featuredmedia":[{"embeddable":true,"href":"https:\/\/portaltela.pt\/api\/wp\/v2\/media\/137106"}],"wp:attachment":[{"href":"https:\/\/portaltela.pt\/api\/wp\/v2\/media?parent=137100"}],"wp:term":[{"taxonomy":"category","embeddable":true,"href":"https:\/\/portaltela.pt\/api\/wp\/v2\/categories?post=137100"},{"taxonomy":"post_tag","embeddable":true,"href":"https:\/\/portaltela.pt\/api\/wp\/v2\/tags?post=137100"}],"curies":[{"name":"wp","href":"https:\/\/api.w.org\/{rel}","templated":true}]}}