{"id":136972,"date":"2026-01-12T19:30:00","date_gmt":"2026-01-12T22:30:00","guid":{"rendered":"https:\/\/portaltela.pt\/noticias\/2026\/01\/12\/motorista-de-pesados-morre-em-despiste-na-en-119-em-coruche\/"},"modified":"2026-01-12T19:30:00","modified_gmt":"2026-01-12T22:30:00","slug":"motorista-de-pesados-morre-em-despiste-na-en-119-em-coruche","status":"publish","type":"post","link":"https:\/\/portaltela.pt\/noticias\/2026\/01\/12\/motorista-de-pesados-morre-em-despiste-na-en-119-em-coruche\/","title":{"rendered":"Motorista de pesados morre em despiste na EN 119, em Coruche"},"content":{"rendered":"<p>Um motorista de pesado morreu esta manh\u00e3 ap\u00f3s um despiste na EN 119, no km 37,613, na zona das Courelas da Amoreirinha, entre Biscainho e Coruche. O acidente ocorreu \u00e0s 09h27, quando a viatura saiu da estrada e ficou numa zona de terra, embateando com um tractor e uma galera.<\/p>\n<p>A v\u00edtima ficou sem sinais vitais no local. A socorro contou com 11 operacionais e cinco viaturas, incluindo Bombeiros Municipais de Coruche, a GNR e a VMER de Santar\u00e9m.<\/p>\n<p>O N\u00facleo de Investiga\u00e7\u00e3o Criminal de Acidentes de Via\u00e7\u00e3o (NICAV) da GNR est\u00e1 a averiguar as circunst\u00e2ncias do despiste.<\/p>\n<p>A aut\u00f3psia poder\u00e1 esclarecer se uma doen\u00e7a s\u00fabita ter\u00e1 contribu\u00eddo para o acidente, conforme divulgado pelas autoridades.<\/p>\n","protected":false},"excerpt":{"rendered":"<ul>\n<li>O acidente aconteceu na EN 119, no km 37,613, na zona das Courelas da Amoreirinha, entre Biscainho e Coruche.<\/li>\n<li>Um motorista de ve\u00edculo pesado de mercadorias morreu no local; o \u00f3bito foi declarado no local.<\/li>\n<li>O alerta foi dado \u00e0s 09h27; a viatura saiu da estrada e embateu numa tractor e numa galera, numa zona de terra.<\/li>\n<li>No socorro estiveram 11 operacionais e cinco viaturas, incluindo Bombeiros Municipais de Coruche, GNR e VMER de Santar\u00e9m.<\/li>\n<li>O N\u00facleo de Investiga\u00e7\u00e3o Criminal de Acidentes de Via\u00e7\u00e3o (NICAV) da GNR investiga as circunst\u00e2ncias do despiste; a aut\u00f3psia pode apurar se uma doen\u00e7a s\u00fabita contribuiu para o acidente.<\/li>\n<\/ul>\n","protected":false},"author":2,"featured_media":136985,"comment_status":"closed","ping_status":"closed","sticky":false,"template":"","format":"standard","meta":{"footnotes":""},"categories":[1],"tags":[2088,1932,971,1380,2398,898],"class_list":["post-136972","post","type-post","status-publish","format-standard","has-post-thumbnail","hentry","category-noticias","tag-acidente-de-viacao","tag-acidentes-de-viacao","tag-bombeiros","tag-gnr","tag-nicav","tag-santarem"],"yoast_head":"<!-- This site is optimized with the Yoast SEO plugin v27.2 - https:\/\/yoast.com\/product\/yoast-seo-wordpress\/ -->\n<title>Motorista de pesados morre em despiste na EN 119, em Coruche - Portal Tela Portugal<\/title>\n<meta name=\"robots\" content=\"index, follow, max-snippet:-1, max-image-preview:large, max-video-preview:-1\" \/>\n<meta property=\"og:locale\" content=\"pt_PT\" \/>\n<meta property=\"og:type\" content=\"article\" \/>\n<meta property=\"og:title\" content=\"Motorista de pesados morre em despiste na EN 119, em Coruche - Portal Tela Portugal\" \/>\n<meta property=\"og:description\" content=\"O acidente aconteceu na EN 119, no km 37,613, na zona das Courelas da Amoreirinha, entre Biscainho e Coruche. Um motorista de ve\u00edculo pesado de mercadorias morreu no local; o \u00f3bito foi declarado no local. O alerta foi dado \u00e0s 09h27; a viatura saiu da estrada e embateu numa tractor e numa galera, numa zona de terra. No socorro estiveram 11 operacionais e cinco viaturas, incluindo Bombeiros Municipais de Coruche, GNR e VMER de Santar\u00e9m. O N\u00facleo de Investiga\u00e7\u00e3o Criminal de Acidentes de Via\u00e7\u00e3o (NICAV) da GNR investiga as circunst\u00e2ncias do despiste; a aut\u00f3psia pode apurar se uma doen\u00e7a s\u00fabita contribuiu para o acidente.\" \/>\n<meta property=\"og:url\" content=\"https:\/\/portaltela.pt\/noticias\/2026\/01\/12\/motorista-de-pesados-morre-em-despiste-na-en-119-em-coruche\/\" \/>\n<meta property=\"og:site_name\" content=\"Portal Tela Portugal\" \/>\n<meta property=\"article:published_time\" content=\"2026-01-12T22:30:00+00:00\" \/>\n<meta name=\"author\" content=\"Telinha\" \/>\n<meta name=\"twitter:card\" content=\"summary_large_image\" \/>\n<meta name=\"twitter:label1\" content=\"Escrito por\" \/>\n\t<meta name=\"twitter:data1\" content=\"Telinha\" \/>\n\t<meta name=\"twitter:label2\" content=\"Tempo estimado de leitura\" \/>\n\t<meta name=\"twitter:data2\" content=\"1 minuto\" \/>\n<script type=\"application\/ld+json\" class=\"yoast-schema-graph\">{\"@context\":\"https:\/\/schema.org\",\"@graph\":[{\"@type\":\"Article\",\"@id\":\"https:\/\/portaltela.pt\/noticias\/2026\/01\/12\/motorista-de-pesados-morre-em-despiste-na-en-119-em-coruche\/#article\",\"isPartOf\":{\"@id\":\"https:\/\/portaltela.pt\/noticias\/2026\/01\/12\/motorista-de-pesados-morre-em-despiste-na-en-119-em-coruche\/\"},\"author\":{\"name\":\"Telinha\",\"@id\":\"https:\/\/portaltela.pt\/#\/schema\/person\/c4278d4a6028830caff9ee44b42d32ed\"},\"headline\":\"Motorista de pesados morre em despiste na EN 119, em Coruche\",\"datePublished\":\"2026-01-12T22:30:00+00:00\",\"mainEntityOfPage\":{\"@id\":\"https:\/\/portaltela.pt\/noticias\/2026\/01\/12\/motorista-de-pesados-morre-em-despiste-na-en-119-em-coruche\/\"},\"wordCount\":133,\"image\":{\"@id\":\"https:\/\/portaltela.pt\/noticias\/2026\/01\/12\/motorista-de-pesados-morre-em-despiste-na-en-119-em-coruche\/#primaryimage\"},\"thumbnailUrl\":\"https:\/\/portaltela.pt\/s.01k8rhncp4jt1\/2026\/01\/unnamed-file-2580.jpg\",\"keywords\":[\"acidente de via\u00e7\u00e3o\",\"acidentes de via\u00e7\u00e3o\",\"bombeiros\",\"GNR\",\"NICAV\",\"Santar\u00e9m\"],\"articleSection\":[\"Not\u00edcias\"],\"inLanguage\":\"pt-PT\"},{\"@type\":\"WebPage\",\"@id\":\"https:\/\/portaltela.pt\/noticias\/2026\/01\/12\/motorista-de-pesados-morre-em-despiste-na-en-119-em-coruche\/\",\"url\":\"https:\/\/portaltela.pt\/noticias\/2026\/01\/12\/motorista-de-pesados-morre-em-despiste-na-en-119-em-coruche\/\",\"name\":\"Motorista de pesados morre em despiste na EN 119, em Coruche - Portal Tela Portugal\",\"isPartOf\":{\"@id\":\"https:\/\/portaltela.pt\/#website\"},\"primaryImageOfPage\":{\"@id\":\"https:\/\/portaltela.pt\/noticias\/2026\/01\/12\/motorista-de-pesados-morre-em-despiste-na-en-119-em-coruche\/#primaryimage\"},\"image\":{\"@id\":\"https:\/\/portaltela.pt\/noticias\/2026\/01\/12\/motorista-de-pesados-morre-em-despiste-na-en-119-em-coruche\/#primaryimage\"},\"thumbnailUrl\":\"https:\/\/portaltela.pt\/s.01k8rhncp4jt1\/2026\/01\/unnamed-file-2580.jpg\",\"datePublished\":\"2026-01-12T22:30:00+00:00\",\"author\":{\"@id\":\"https:\/\/portaltela.pt\/#\/schema\/person\/c4278d4a6028830caff9ee44b42d32ed\"},\"breadcrumb\":{\"@id\":\"https:\/\/portaltela.pt\/noticias\/2026\/01\/12\/motorista-de-pesados-morre-em-despiste-na-en-119-em-coruche\/#breadcrumb\"},\"inLanguage\":\"pt-PT\",\"potentialAction\":[{\"@type\":\"ReadAction\",\"target\":[\"https:\/\/portaltela.pt\/noticias\/2026\/01\/12\/motorista-de-pesados-morre-em-despiste-na-en-119-em-coruche\/\"]}]},{\"@type\":\"ImageObject\",\"inLanguage\":\"pt-PT\",\"@id\":\"https:\/\/portaltela.pt\/noticias\/2026\/01\/12\/motorista-de-pesados-morre-em-despiste-na-en-119-em-coruche\/#primaryimage\",\"url\":\"https:\/\/portaltela.pt\/s.01k8rhncp4jt1\/2026\/01\/unnamed-file-2580.jpg\",\"contentUrl\":\"https:\/\/portaltela.pt\/s.01k8rhncp4jt1\/2026\/01\/unnamed-file-2580.jpg\",\"width\":796,\"height\":448,\"caption\":\"Acidente entre pesado e ligeiro na A4 provoca duas mortes em Mirandela\"},{\"@type\":\"BreadcrumbList\",\"@id\":\"https:\/\/portaltela.pt\/noticias\/2026\/01\/12\/motorista-de-pesados-morre-em-despiste-na-en-119-em-coruche\/#breadcrumb\",\"itemListElement\":[{\"@type\":\"ListItem\",\"position\":1,\"name\":\"In\u00edcio\",\"item\":\"https:\/\/portaltela.pt\/\"},{\"@type\":\"ListItem\",\"position\":2,\"name\":\"Motorista de pesados morre em despiste na EN 119, em Coruche\"}]},{\"@type\":\"WebSite\",\"@id\":\"https:\/\/portaltela.pt\/#website\",\"url\":\"https:\/\/portaltela.pt\/\",\"name\":\"Portal Tela Portugal\",\"description\":\"\",\"potentialAction\":[{\"@type\":\"SearchAction\",\"target\":{\"@type\":\"EntryPoint\",\"urlTemplate\":\"https:\/\/portaltela.pt\/?s={search_term_string}\"},\"query-input\":{\"@type\":\"PropertyValueSpecification\",\"valueRequired\":true,\"valueName\":\"search_term_string\"}}],\"inLanguage\":\"pt-PT\"},{\"@type\":\"Person\",\"@id\":\"https:\/\/portaltela.pt\/#\/schema\/person\/c4278d4a6028830caff9ee44b42d32ed\",\"name\":\"Telinha\",\"image\":{\"@type\":\"ImageObject\",\"inLanguage\":\"pt-PT\",\"@id\":\"https:\/\/portaltela.pt\/s.01k8rhncp4jt1\/2025\/11\/talking-bot-125x125.png\",\"url\":\"https:\/\/portaltela.pt\/s.01k8rhncp4jt1\/2025\/11\/talking-bot-125x125.png\",\"contentUrl\":\"https:\/\/portaltela.pt\/s.01k8rhncp4jt1\/2025\/11\/talking-bot-125x125.png\",\"caption\":\"Telinha\"},\"sameAs\":[\"https:\/\/portaltela.pt\/\"],\"url\":\"https:\/\/portaltela.pt\/por\/367410592786\/\"}]}<\/script>\n<!-- \/ Yoast SEO plugin. -->","yoast_head_json":{"title":"Motorista de pesados morre em despiste na EN 119, em Coruche - Portal Tela Portugal","robots":{"index":"index","follow":"follow","max-snippet":"max-snippet:-1","max-image-preview":"max-image-preview:large","max-video-preview":"max-video-preview:-1"},"og_locale":"pt_PT","og_type":"article","og_title":"Motorista de pesados morre em despiste na EN 119, em Coruche - Portal Tela Portugal","og_description":"O acidente aconteceu na EN 119, no km 37,613, na zona das Courelas da Amoreirinha, entre Biscainho e Coruche. Um motorista de ve\u00edculo pesado de mercadorias morreu no local; o \u00f3bito foi declarado no local. O alerta foi dado \u00e0s 09h27; a viatura saiu da estrada e embateu numa tractor e numa galera, numa zona de terra. No socorro estiveram 11 operacionais e cinco viaturas, incluindo Bombeiros Municipais de Coruche, GNR e VMER de Santar\u00e9m. O N\u00facleo de Investiga\u00e7\u00e3o Criminal de Acidentes de Via\u00e7\u00e3o (NICAV) da GNR investiga as circunst\u00e2ncias do despiste; a aut\u00f3psia pode apurar se uma doen\u00e7a s\u00fabita contribuiu para o acidente.","og_url":"https:\/\/portaltela.pt\/noticias\/2026\/01\/12\/motorista-de-pesados-morre-em-despiste-na-en-119-em-coruche\/","og_site_name":"Portal Tela Portugal","article_published_time":"2026-01-12T22:30:00+00:00","author":"Telinha","twitter_card":"summary_large_image","twitter_misc":{"Escrito por":"Telinha","Tempo estimado de leitura":"1 minuto"},"schema":{"@context":"https:\/\/schema.org","@graph":[{"@type":"Article","@id":"https:\/\/portaltela.pt\/noticias\/2026\/01\/12\/motorista-de-pesados-morre-em-despiste-na-en-119-em-coruche\/#article","isPartOf":{"@id":"https:\/\/portaltela.pt\/noticias\/2026\/01\/12\/motorista-de-pesados-morre-em-despiste-na-en-119-em-coruche\/"},"author":{"name":"Telinha","@id":"https:\/\/portaltela.pt\/#\/schema\/person\/c4278d4a6028830caff9ee44b42d32ed"},"headline":"Motorista de pesados morre em despiste na EN 119, em Coruche","datePublished":"2026-01-12T22:30:00+00:00","mainEntityOfPage":{"@id":"https:\/\/portaltela.pt\/noticias\/2026\/01\/12\/motorista-de-pesados-morre-em-despiste-na-en-119-em-coruche\/"},"wordCount":133,"image":{"@id":"https:\/\/portaltela.pt\/noticias\/2026\/01\/12\/motorista-de-pesados-morre-em-despiste-na-en-119-em-coruche\/#primaryimage"},"thumbnailUrl":"https:\/\/portaltela.pt\/s.01k8rhncp4jt1\/2026\/01\/unnamed-file-2580.jpg","keywords":["acidente de via\u00e7\u00e3o","acidentes de via\u00e7\u00e3o","bombeiros","GNR","NICAV","Santar\u00e9m"],"articleSection":["Not\u00edcias"],"inLanguage":"pt-PT"},{"@type":"WebPage","@id":"https:\/\/portaltela.pt\/noticias\/2026\/01\/12\/motorista-de-pesados-morre-em-despiste-na-en-119-em-coruche\/","url":"https:\/\/portaltela.pt\/noticias\/2026\/01\/12\/motorista-de-pesados-morre-em-despiste-na-en-119-em-coruche\/","name":"Motorista de pesados morre em despiste na EN 119, em Coruche - Portal Tela Portugal","isPartOf":{"@id":"https:\/\/portaltela.pt\/#website"},"primaryImageOfPage":{"@id":"https:\/\/portaltela.pt\/noticias\/2026\/01\/12\/motorista-de-pesados-morre-em-despiste-na-en-119-em-coruche\/#primaryimage"},"image":{"@id":"https:\/\/portaltela.pt\/noticias\/2026\/01\/12\/motorista-de-pesados-morre-em-despiste-na-en-119-em-coruche\/#primaryimage"},"thumbnailUrl":"https:\/\/portaltela.pt\/s.01k8rhncp4jt1\/2026\/01\/unnamed-file-2580.jpg","datePublished":"2026-01-12T22:30:00+00:00","author":{"@id":"https:\/\/portaltela.pt\/#\/schema\/person\/c4278d4a6028830caff9ee44b42d32ed"},"breadcrumb":{"@id":"https:\/\/portaltela.pt\/noticias\/2026\/01\/12\/motorista-de-pesados-morre-em-despiste-na-en-119-em-coruche\/#breadcrumb"},"inLanguage":"pt-PT","potentialAction":[{"@type":"ReadAction","target":["https:\/\/portaltela.pt\/noticias\/2026\/01\/12\/motorista-de-pesados-morre-em-despiste-na-en-119-em-coruche\/"]}]},{"@type":"ImageObject","inLanguage":"pt-PT","@id":"https:\/\/portaltela.pt\/noticias\/2026\/01\/12\/motorista-de-pesados-morre-em-despiste-na-en-119-em-coruche\/#primaryimage","url":"https:\/\/portaltela.pt\/s.01k8rhncp4jt1\/2026\/01\/unnamed-file-2580.jpg","contentUrl":"https:\/\/portaltela.pt\/s.01k8rhncp4jt1\/2026\/01\/unnamed-file-2580.jpg","width":796,"height":448,"caption":"Acidente entre pesado e ligeiro na A4 provoca duas mortes em Mirandela"},{"@type":"BreadcrumbList","@id":"https:\/\/portaltela.pt\/noticias\/2026\/01\/12\/motorista-de-pesados-morre-em-despiste-na-en-119-em-coruche\/#breadcrumb","itemListElement":[{"@type":"ListItem","position":1,"name":"In\u00edcio","item":"https:\/\/portaltela.pt\/"},{"@type":"ListItem","position":2,"name":"Motorista de pesados morre em despiste na EN 119, em Coruche"}]},{"@type":"WebSite","@id":"https:\/\/portaltela.pt\/#website","url":"https:\/\/portaltela.pt\/","name":"Portal Tela Portugal","description":"","potentialAction":[{"@type":"SearchAction","target":{"@type":"EntryPoint","urlTemplate":"https:\/\/portaltela.pt\/?s={search_term_string}"},"query-input":{"@type":"PropertyValueSpecification","valueRequired":true,"valueName":"search_term_string"}}],"inLanguage":"pt-PT"},{"@type":"Person","@id":"https:\/\/portaltela.pt\/#\/schema\/person\/c4278d4a6028830caff9ee44b42d32ed","name":"Telinha","image":{"@type":"ImageObject","inLanguage":"pt-PT","@id":"https:\/\/portaltela.pt\/s.01k8rhncp4jt1\/2025\/11\/talking-bot-125x125.png","url":"https:\/\/portaltela.pt\/s.01k8rhncp4jt1\/2025\/11\/talking-bot-125x125.png","contentUrl":"https:\/\/portaltela.pt\/s.01k8rhncp4jt1\/2025\/11\/talking-bot-125x125.png","caption":"Telinha"},"sameAs":["https:\/\/portaltela.pt\/"],"url":"https:\/\/portaltela.pt\/por\/367410592786\/"}]}},"_links":{"self":[{"href":"https:\/\/portaltela.pt\/api\/wp\/v2\/posts\/136972","targetHints":{"allow":["GET"]}}],"collection":[{"href":"https:\/\/portaltela.pt\/api\/wp\/v2\/posts"}],"about":[{"href":"https:\/\/portaltela.pt\/api\/wp\/v2\/types\/post"}],"author":[{"embeddable":true,"href":"https:\/\/portaltela.pt\/api\/wp\/v2\/users\/2"}],"replies":[{"embeddable":true,"href":"https:\/\/portaltela.pt\/api\/wp\/v2\/comments?post=136972"}],"version-history":[{"count":0,"href":"https:\/\/portaltela.pt\/api\/wp\/v2\/posts\/136972\/revisions"}],"wp:featuredmedia":[{"embeddable":true,"href":"https:\/\/portaltela.pt\/api\/wp\/v2\/media\/136985"}],"wp:attachment":[{"href":"https:\/\/portaltela.pt\/api\/wp\/v2\/media?parent=136972"}],"wp:term":[{"taxonomy":"category","embeddable":true,"href":"https:\/\/portaltela.pt\/api\/wp\/v2\/categories?post=136972"},{"taxonomy":"post_tag","embeddable":true,"href":"https:\/\/portaltela.pt\/api\/wp\/v2\/tags?post=136972"}],"curies":[{"name":"wp","href":"https:\/\/api.w.org\/{rel}","templated":true}]}}