{"id":136948,"date":"2026-01-12T19:34:00","date_gmt":"2026-01-12T22:34:00","guid":{"rendered":"https:\/\/portaltela.pt\/noticias\/2026\/01\/12\/af-guarda-presente-no-almoco-oficial-da-taca-da-liga\/"},"modified":"2026-01-12T19:34:00","modified_gmt":"2026-01-12T22:34:00","slug":"af-guarda-presente-no-almoco-oficial-da-taca-da-liga","status":"publish","type":"post","link":"https:\/\/portaltela.pt\/desporto\/futebol\/2026\/01\/12\/af-guarda-presente-no-almoco-oficial-da-taca-da-liga\/","title":{"rendered":"AF Guarda presente no almo\u00e7o oficial da Ta\u00e7a da Liga"},"content":{"rendered":"<p>A Associa\u00e7\u00e3o de Futebol da Guarda participou no Almo\u00e7o Oficial da Final Four da Allianz CUP 2026, realizado neste s\u00e1bado, 10 de janeiro. O encontro reuniu representantes das associa\u00e7\u00f5es distritais, dirigentes e v\u00e1rias entidades ligadas ao futebol nacional, num momento de conv\u00edvio.<\/p>\n<p>A reuni\u00e3o serviu como espa\u00e7o de partilha que antecede uma das fases mais aguardadas da competi\u00e7\u00e3o, mantendo o ambiente formal e institucional entre os intervenientes.<\/p>\n<p>A participa\u00e7\u00e3o da AF Guarda confirma o seu compromisso com o desenvolvimento e a valoriza\u00e7\u00e3o do futebol, promovendo o esp\u00edrito institucional e a proximidade entre os agentes da modalidade.<\/p>\n","protected":false},"excerpt":{"rendered":"<ul>\n<li>A Associa\u00e7\u00e3o de Futebol da Guarda marcou presen\u00e7a no Almo\u00e7o Oficial da Final Four da Allianz CUP 2026, no s\u00e1bado, 10 de janeiro.<\/li>\n<li>O evento reuniu representantes de associa\u00e7\u00f5es distritais, dirigentes e diversas entidades ligadas ao futebol nacional, num momento de conv\u00edvio anterior a uma fase da competi\u00e7\u00e3o.<\/li>\n<li>A participa\u00e7\u00e3o da AF Guarda refor\u00e7a o compromisso com o desenvolvimento e valoriza\u00e7\u00e3o do futebol.<\/li>\n<li>A iniciativa visa promover o esp\u00edrito institucional e a proximidade entre os diferentes agentes da modalidade.<\/li>\n<\/ul>\n","protected":false},"author":2,"featured_media":136962,"comment_status":"closed","ping_status":"closed","sticky":false,"template":"","format":"standard","meta":{"footnotes":""},"categories":[21,24],"tags":[1954,152,32,1172],"class_list":["post-136948","post","type-post","status-publish","format-standard","has-post-thumbnail","hentry","category-desporto","category-futebol","tag-af-guarda","tag-desporto","tag-futebol","tag-taca-da-liga"],"yoast_head":"<!-- This site is optimized with the Yoast SEO plugin v27.2 - https:\/\/yoast.com\/product\/yoast-seo-wordpress\/ -->\n<title>AF Guarda presente no almo\u00e7o oficial da Ta\u00e7a da Liga - Portal Tela Portugal<\/title>\n<meta name=\"robots\" content=\"index, follow, max-snippet:-1, max-image-preview:large, max-video-preview:-1\" \/>\n<meta property=\"og:locale\" content=\"pt_PT\" \/>\n<meta property=\"og:type\" content=\"article\" \/>\n<meta property=\"og:title\" content=\"AF Guarda presente no almo\u00e7o oficial da Ta\u00e7a da Liga - Portal Tela Portugal\" \/>\n<meta property=\"og:description\" content=\"A Associa\u00e7\u00e3o de Futebol da Guarda marcou presen\u00e7a no Almo\u00e7o Oficial da Final Four da Allianz CUP 2026, no s\u00e1bado, 10 de janeiro. O evento reuniu representantes de associa\u00e7\u00f5es distritais, dirigentes e diversas entidades ligadas ao futebol nacional, num momento de conv\u00edvio anterior a uma fase da competi\u00e7\u00e3o. A participa\u00e7\u00e3o da AF Guarda refor\u00e7a o compromisso com o desenvolvimento e valoriza\u00e7\u00e3o do futebol. A iniciativa visa promover o esp\u00edrito institucional e a proximidade entre os diferentes agentes da modalidade.\" \/>\n<meta property=\"og:url\" content=\"https:\/\/portaltela.pt\/noticias\/2026\/01\/12\/af-guarda-presente-no-almoco-oficial-da-taca-da-liga\/\" \/>\n<meta property=\"og:site_name\" content=\"Portal Tela Portugal\" \/>\n<meta property=\"article:published_time\" content=\"2026-01-12T22:34:00+00:00\" \/>\n<meta name=\"author\" content=\"Telinha\" \/>\n<meta name=\"twitter:card\" content=\"summary_large_image\" \/>\n<meta name=\"twitter:label1\" content=\"Escrito por\" \/>\n\t<meta name=\"twitter:data1\" content=\"Telinha\" \/>\n\t<meta name=\"twitter:label2\" content=\"Tempo estimado de leitura\" \/>\n\t<meta name=\"twitter:data2\" content=\"1 minuto\" \/>\n<script type=\"application\/ld+json\" class=\"yoast-schema-graph\">{\"@context\":\"https:\/\/schema.org\",\"@graph\":[{\"@type\":\"Article\",\"@id\":\"https:\/\/portaltela.pt\/noticias\/2026\/01\/12\/af-guarda-presente-no-almoco-oficial-da-taca-da-liga\/#article\",\"isPartOf\":{\"@id\":\"https:\/\/portaltela.pt\/noticias\/2026\/01\/12\/af-guarda-presente-no-almoco-oficial-da-taca-da-liga\/\"},\"author\":{\"name\":\"Telinha\",\"@id\":\"https:\/\/portaltela.pt\/#\/schema\/person\/c4278d4a6028830caff9ee44b42d32ed\"},\"headline\":\"AF Guarda presente no almo\u00e7o oficial da Ta\u00e7a da Liga\",\"datePublished\":\"2026-01-12T22:34:00+00:00\",\"mainEntityOfPage\":{\"@id\":\"https:\/\/portaltela.pt\/noticias\/2026\/01\/12\/af-guarda-presente-no-almoco-oficial-da-taca-da-liga\/\"},\"wordCount\":118,\"image\":{\"@id\":\"https:\/\/portaltela.pt\/noticias\/2026\/01\/12\/af-guarda-presente-no-almoco-oficial-da-taca-da-liga\/#primaryimage\"},\"thumbnailUrl\":\"https:\/\/portaltela.pt\/s.01k8rhncp4jt1\/2026\/01\/unnamed-file-2575.jpg\",\"keywords\":[\"AF Guarda\",\"desporto\",\"futebol\",\"Ta\u00e7a da Liga\"],\"articleSection\":[\"Desporto\",\"Futebol\"],\"inLanguage\":\"pt-PT\"},{\"@type\":\"WebPage\",\"@id\":\"https:\/\/portaltela.pt\/noticias\/2026\/01\/12\/af-guarda-presente-no-almoco-oficial-da-taca-da-liga\/\",\"url\":\"https:\/\/portaltela.pt\/noticias\/2026\/01\/12\/af-guarda-presente-no-almoco-oficial-da-taca-da-liga\/\",\"name\":\"AF Guarda presente no almo\u00e7o oficial da Ta\u00e7a da Liga - Portal Tela Portugal\",\"isPartOf\":{\"@id\":\"https:\/\/portaltela.pt\/#website\"},\"primaryImageOfPage\":{\"@id\":\"https:\/\/portaltela.pt\/noticias\/2026\/01\/12\/af-guarda-presente-no-almoco-oficial-da-taca-da-liga\/#primaryimage\"},\"image\":{\"@id\":\"https:\/\/portaltela.pt\/noticias\/2026\/01\/12\/af-guarda-presente-no-almoco-oficial-da-taca-da-liga\/#primaryimage\"},\"thumbnailUrl\":\"https:\/\/portaltela.pt\/s.01k8rhncp4jt1\/2026\/01\/unnamed-file-2575.jpg\",\"datePublished\":\"2026-01-12T22:34:00+00:00\",\"author\":{\"@id\":\"https:\/\/portaltela.pt\/#\/schema\/person\/c4278d4a6028830caff9ee44b42d32ed\"},\"breadcrumb\":{\"@id\":\"https:\/\/portaltela.pt\/noticias\/2026\/01\/12\/af-guarda-presente-no-almoco-oficial-da-taca-da-liga\/#breadcrumb\"},\"inLanguage\":\"pt-PT\",\"potentialAction\":[{\"@type\":\"ReadAction\",\"target\":[\"https:\/\/portaltela.pt\/noticias\/2026\/01\/12\/af-guarda-presente-no-almoco-oficial-da-taca-da-liga\/\"]}]},{\"@type\":\"ImageObject\",\"inLanguage\":\"pt-PT\",\"@id\":\"https:\/\/portaltela.pt\/noticias\/2026\/01\/12\/af-guarda-presente-no-almoco-oficial-da-taca-da-liga\/#primaryimage\",\"url\":\"https:\/\/portaltela.pt\/s.01k8rhncp4jt1\/2026\/01\/unnamed-file-2575.jpg\",\"contentUrl\":\"https:\/\/portaltela.pt\/s.01k8rhncp4jt1\/2026\/01\/unnamed-file-2575.jpg\",\"width\":796,\"height\":448,\"caption\":\"Photo\"},{\"@type\":\"BreadcrumbList\",\"@id\":\"https:\/\/portaltela.pt\/noticias\/2026\/01\/12\/af-guarda-presente-no-almoco-oficial-da-taca-da-liga\/#breadcrumb\",\"itemListElement\":[{\"@type\":\"ListItem\",\"position\":1,\"name\":\"In\u00edcio\",\"item\":\"https:\/\/portaltela.pt\/\"},{\"@type\":\"ListItem\",\"position\":2,\"name\":\"AF Guarda presente no almo\u00e7o oficial da Ta\u00e7a da Liga\"}]},{\"@type\":\"WebSite\",\"@id\":\"https:\/\/portaltela.pt\/#website\",\"url\":\"https:\/\/portaltela.pt\/\",\"name\":\"Portal Tela Portugal\",\"description\":\"\",\"potentialAction\":[{\"@type\":\"SearchAction\",\"target\":{\"@type\":\"EntryPoint\",\"urlTemplate\":\"https:\/\/portaltela.pt\/?s={search_term_string}\"},\"query-input\":{\"@type\":\"PropertyValueSpecification\",\"valueRequired\":true,\"valueName\":\"search_term_string\"}}],\"inLanguage\":\"pt-PT\"},{\"@type\":\"Person\",\"@id\":\"https:\/\/portaltela.pt\/#\/schema\/person\/c4278d4a6028830caff9ee44b42d32ed\",\"name\":\"Telinha\",\"image\":{\"@type\":\"ImageObject\",\"inLanguage\":\"pt-PT\",\"@id\":\"https:\/\/portaltela.pt\/s.01k8rhncp4jt1\/2025\/11\/talking-bot-125x125.png\",\"url\":\"https:\/\/portaltela.pt\/s.01k8rhncp4jt1\/2025\/11\/talking-bot-125x125.png\",\"contentUrl\":\"https:\/\/portaltela.pt\/s.01k8rhncp4jt1\/2025\/11\/talking-bot-125x125.png\",\"caption\":\"Telinha\"},\"sameAs\":[\"https:\/\/portaltela.pt\/\"],\"url\":\"https:\/\/portaltela.pt\/por\/367410592786\/\"}]}<\/script>\n<!-- \/ Yoast SEO plugin. -->","yoast_head_json":{"title":"AF Guarda presente no almo\u00e7o oficial da Ta\u00e7a da Liga - Portal Tela Portugal","robots":{"index":"index","follow":"follow","max-snippet":"max-snippet:-1","max-image-preview":"max-image-preview:large","max-video-preview":"max-video-preview:-1"},"og_locale":"pt_PT","og_type":"article","og_title":"AF Guarda presente no almo\u00e7o oficial da Ta\u00e7a da Liga - Portal Tela Portugal","og_description":"A Associa\u00e7\u00e3o de Futebol da Guarda marcou presen\u00e7a no Almo\u00e7o Oficial da Final Four da Allianz CUP 2026, no s\u00e1bado, 10 de janeiro. O evento reuniu representantes de associa\u00e7\u00f5es distritais, dirigentes e diversas entidades ligadas ao futebol nacional, num momento de conv\u00edvio anterior a uma fase da competi\u00e7\u00e3o. A participa\u00e7\u00e3o da AF Guarda refor\u00e7a o compromisso com o desenvolvimento e valoriza\u00e7\u00e3o do futebol. A iniciativa visa promover o esp\u00edrito institucional e a proximidade entre os diferentes agentes da modalidade.","og_url":"https:\/\/portaltela.pt\/noticias\/2026\/01\/12\/af-guarda-presente-no-almoco-oficial-da-taca-da-liga\/","og_site_name":"Portal Tela Portugal","article_published_time":"2026-01-12T22:34:00+00:00","author":"Telinha","twitter_card":"summary_large_image","twitter_misc":{"Escrito por":"Telinha","Tempo estimado de leitura":"1 minuto"},"schema":{"@context":"https:\/\/schema.org","@graph":[{"@type":"Article","@id":"https:\/\/portaltela.pt\/noticias\/2026\/01\/12\/af-guarda-presente-no-almoco-oficial-da-taca-da-liga\/#article","isPartOf":{"@id":"https:\/\/portaltela.pt\/noticias\/2026\/01\/12\/af-guarda-presente-no-almoco-oficial-da-taca-da-liga\/"},"author":{"name":"Telinha","@id":"https:\/\/portaltela.pt\/#\/schema\/person\/c4278d4a6028830caff9ee44b42d32ed"},"headline":"AF Guarda presente no almo\u00e7o oficial da Ta\u00e7a da Liga","datePublished":"2026-01-12T22:34:00+00:00","mainEntityOfPage":{"@id":"https:\/\/portaltela.pt\/noticias\/2026\/01\/12\/af-guarda-presente-no-almoco-oficial-da-taca-da-liga\/"},"wordCount":118,"image":{"@id":"https:\/\/portaltela.pt\/noticias\/2026\/01\/12\/af-guarda-presente-no-almoco-oficial-da-taca-da-liga\/#primaryimage"},"thumbnailUrl":"https:\/\/portaltela.pt\/s.01k8rhncp4jt1\/2026\/01\/unnamed-file-2575.jpg","keywords":["AF Guarda","desporto","futebol","Ta\u00e7a da Liga"],"articleSection":["Desporto","Futebol"],"inLanguage":"pt-PT"},{"@type":"WebPage","@id":"https:\/\/portaltela.pt\/noticias\/2026\/01\/12\/af-guarda-presente-no-almoco-oficial-da-taca-da-liga\/","url":"https:\/\/portaltela.pt\/noticias\/2026\/01\/12\/af-guarda-presente-no-almoco-oficial-da-taca-da-liga\/","name":"AF Guarda presente no almo\u00e7o oficial da Ta\u00e7a da Liga - Portal Tela Portugal","isPartOf":{"@id":"https:\/\/portaltela.pt\/#website"},"primaryImageOfPage":{"@id":"https:\/\/portaltela.pt\/noticias\/2026\/01\/12\/af-guarda-presente-no-almoco-oficial-da-taca-da-liga\/#primaryimage"},"image":{"@id":"https:\/\/portaltela.pt\/noticias\/2026\/01\/12\/af-guarda-presente-no-almoco-oficial-da-taca-da-liga\/#primaryimage"},"thumbnailUrl":"https:\/\/portaltela.pt\/s.01k8rhncp4jt1\/2026\/01\/unnamed-file-2575.jpg","datePublished":"2026-01-12T22:34:00+00:00","author":{"@id":"https:\/\/portaltela.pt\/#\/schema\/person\/c4278d4a6028830caff9ee44b42d32ed"},"breadcrumb":{"@id":"https:\/\/portaltela.pt\/noticias\/2026\/01\/12\/af-guarda-presente-no-almoco-oficial-da-taca-da-liga\/#breadcrumb"},"inLanguage":"pt-PT","potentialAction":[{"@type":"ReadAction","target":["https:\/\/portaltela.pt\/noticias\/2026\/01\/12\/af-guarda-presente-no-almoco-oficial-da-taca-da-liga\/"]}]},{"@type":"ImageObject","inLanguage":"pt-PT","@id":"https:\/\/portaltela.pt\/noticias\/2026\/01\/12\/af-guarda-presente-no-almoco-oficial-da-taca-da-liga\/#primaryimage","url":"https:\/\/portaltela.pt\/s.01k8rhncp4jt1\/2026\/01\/unnamed-file-2575.jpg","contentUrl":"https:\/\/portaltela.pt\/s.01k8rhncp4jt1\/2026\/01\/unnamed-file-2575.jpg","width":796,"height":448,"caption":"Photo"},{"@type":"BreadcrumbList","@id":"https:\/\/portaltela.pt\/noticias\/2026\/01\/12\/af-guarda-presente-no-almoco-oficial-da-taca-da-liga\/#breadcrumb","itemListElement":[{"@type":"ListItem","position":1,"name":"In\u00edcio","item":"https:\/\/portaltela.pt\/"},{"@type":"ListItem","position":2,"name":"AF Guarda presente no almo\u00e7o oficial da Ta\u00e7a da Liga"}]},{"@type":"WebSite","@id":"https:\/\/portaltela.pt\/#website","url":"https:\/\/portaltela.pt\/","name":"Portal Tela Portugal","description":"","potentialAction":[{"@type":"SearchAction","target":{"@type":"EntryPoint","urlTemplate":"https:\/\/portaltela.pt\/?s={search_term_string}"},"query-input":{"@type":"PropertyValueSpecification","valueRequired":true,"valueName":"search_term_string"}}],"inLanguage":"pt-PT"},{"@type":"Person","@id":"https:\/\/portaltela.pt\/#\/schema\/person\/c4278d4a6028830caff9ee44b42d32ed","name":"Telinha","image":{"@type":"ImageObject","inLanguage":"pt-PT","@id":"https:\/\/portaltela.pt\/s.01k8rhncp4jt1\/2025\/11\/talking-bot-125x125.png","url":"https:\/\/portaltela.pt\/s.01k8rhncp4jt1\/2025\/11\/talking-bot-125x125.png","contentUrl":"https:\/\/portaltela.pt\/s.01k8rhncp4jt1\/2025\/11\/talking-bot-125x125.png","caption":"Telinha"},"sameAs":["https:\/\/portaltela.pt\/"],"url":"https:\/\/portaltela.pt\/por\/367410592786\/"}]}},"_links":{"self":[{"href":"https:\/\/portaltela.pt\/api\/wp\/v2\/posts\/136948","targetHints":{"allow":["GET"]}}],"collection":[{"href":"https:\/\/portaltela.pt\/api\/wp\/v2\/posts"}],"about":[{"href":"https:\/\/portaltela.pt\/api\/wp\/v2\/types\/post"}],"author":[{"embeddable":true,"href":"https:\/\/portaltela.pt\/api\/wp\/v2\/users\/2"}],"replies":[{"embeddable":true,"href":"https:\/\/portaltela.pt\/api\/wp\/v2\/comments?post=136948"}],"version-history":[{"count":0,"href":"https:\/\/portaltela.pt\/api\/wp\/v2\/posts\/136948\/revisions"}],"wp:featuredmedia":[{"embeddable":true,"href":"https:\/\/portaltela.pt\/api\/wp\/v2\/media\/136962"}],"wp:attachment":[{"href":"https:\/\/portaltela.pt\/api\/wp\/v2\/media?parent=136948"}],"wp:term":[{"taxonomy":"category","embeddable":true,"href":"https:\/\/portaltela.pt\/api\/wp\/v2\/categories?post=136948"},{"taxonomy":"post_tag","embeddable":true,"href":"https:\/\/portaltela.pt\/api\/wp\/v2\/tags?post=136948"}],"curies":[{"name":"wp","href":"https:\/\/api.w.org\/{rel}","templated":true}]}}