{"id":136942,"date":"2026-01-12T19:12:09","date_gmt":"2026-01-12T22:12:09","guid":{"rendered":"https:\/\/portaltela.pt\/noticias\/2026\/01\/12\/7a-corrida-viana-a-par-de-alvito-reune-novamente-dois-concelhos\/"},"modified":"2026-01-12T19:12:09","modified_gmt":"2026-01-12T22:12:09","slug":"7a-corrida-viana-a-par-de-alvito-reune-novamente-dois-concelhos","status":"publish","type":"post","link":"https:\/\/portaltela.pt\/desporto\/2026\/01\/12\/7a-corrida-viana-a-par-de-alvito-reune-novamente-dois-concelhos\/","title":{"rendered":"7\u00aa Corrida Viana-a-par-de-Alvito re\u00fane novamente dois concelhos"},"content":{"rendered":"<p>A 7\u00aa Corrida Viana \u2013 a \u2013 par de Alvito reuniu atletas de dois concelhos numa prova que ligou os Castelos de Alvito e de Viana do Alentejo. O evento decorreu a 11 de janeiro, no \u00e2mbito das comemora\u00e7\u00f5es do 128\u00ba anivers\u00e1rio da restaura\u00e7\u00e3o dos dois munic\u00edpios. O vencedor masculino foi Nuno Lopes, da UFCI \u2013 Com\u00e9rcio e Ind\u00fastria, com o tempo de 00:40:49, numa dist\u00e2ncia que contou com boa participa\u00e7\u00e3o.<\/p>\n<p>Bruno Paix\u00e3o, do Grupo Desportivo 3 Santos Populares, ficou em segundo lugar, seguido por Jo\u00e3o Mega Figueiredo, do Ingleses FC, que completou o p\u00f3dio masculino. Na corrida feminina, Carolina Escada, da AFS \u2013 Associa\u00e7\u00e3o Funda\u00e7\u00e3o Salesianos, conquistou o 1\u00ba lugar com 00:50:23, \u00e0 frente de Joana Capelo e Paula Ramalho.<\/p>\n<p>Este ano, o evento bateu recorde de participa\u00e7\u00e3o, com 446 inscritas e inscritos. Do total, 220 competiram na corrida principal, 65 integraram escal\u00f5es de forma\u00e7\u00e3o e 161 fizeram parte da caminhada, superando as 383 inscri\u00e7\u00f5es da edi\u00e7\u00e3o anterior.<\/p>\n<h3>Participa\u00e7\u00e3o e lideran\u00e7a institucional<\/h3>\n<p>O presidente da C\u00e2mara Municipal de Viana do Alentejo reiterou o sucesso da iniciativa e a import\u00e2ncia de continuar a evoluir para oferecer melhores condi\u00e7\u00f5es aos atletas. O presidente da C\u00e2mara Municipal de Alvito destacou a coopera\u00e7\u00e3o entre os dois munic\u00edpios e as juntas de freguesia, enaltecendo o patrim\u00f3nio comum.<\/p>\n<p>A organiza\u00e7\u00e3o esteve a cargo dos Munic\u00edpios de Alvito e de Viana do Alentejo, das Juntas de Freguesia locais e contou com o apoio de diversas entidades desportivas e de prote\u00e7\u00e3o civil. Entre os parceiros constaram associa\u00e7\u00f5es de atletismo, bombeiros volunt\u00e1rios, GNR e clubes locais.<\/p>\n","protected":false},"excerpt":{"rendered":"<ul>\n<li>O vencedor da 7\u00aa Corrida Viana \u2013 a \u2013 par de Alvito foi Nuno Lopes, da UFCI \u2013 Com\u00e9rcio e Ind\u00fastria, com o tempo de 00:40:49, numa prova que ligou os Castelos de Alvito e de Viana do Alentejo a 11 de janeiro, integrada nas comemora\u00e7\u00f5es dos 128 anos da restaura\u00e7\u00e3o dos dois concelhos.<\/li>\n<li>Na posi\u00e7\u00e3o seguinte ficou Bruno Paix\u00e3o, do Grupo Desportivo 3 Santos Populares, e na terceira localiza\u00e7\u00e3o ficou Jo\u00e3o Mega Figueiredo, do Ingleses FC. Na geral feminina venceu Carolina Escada, da Associa\u00e7\u00e3o Funda\u00e7\u00e3o Salesianos, com 00:50:23, \u00e0 frente de Joana Capelo e Paula Ramalho.<\/li>\n<li>O evento recebeu 446 inscritos: 220 na corrida principal, 65 nos escal\u00f5es de forma\u00e7\u00e3o e 161 na caminhada, batendo o recorde de participa\u00e7\u00e3o em rela\u00e7\u00e3o \u00e0 edi\u00e7\u00e3o anterior (383 inscri\u00e7\u00f5es).<\/li>\n<li>Lu\u00eds Metrogos, presidente da C\u00e2mara Municipal de Viana do Alentejo, destacou a evolu\u00e7\u00e3o futura para melhorar as condi\u00e7\u00f5es aos atletas. Jos\u00e9 Efig\u00e9nio, presidente da C\u00e2mara Municipal de Alvito, enfatizou a coopera\u00e7\u00e3o entre os dois munic\u00edpios e as juntas de freguesia.<\/li>\n<li>A corrida foi organizada pelos Munic\u00edpios de Alvito e de Viana do Alentejo, pelas Juntas de Freguesia de Alvito, Viana do Alentejo e Vila Nova da Baronia, com o apoio de v\u00e1rias entidades locais e associa\u00e7\u00f5es desportivas.<\/li>\n<\/ul>\n","protected":false},"author":2,"featured_media":136944,"comment_status":"closed","ping_status":"closed","sticky":false,"template":"","format":"standard","meta":{"footnotes":""},"categories":[21],"tags":[883,1173,137,971,152,2093],"class_list":["post-136942","post","type-post","status-publish","format-standard","has-post-thumbnail","hentry","category-desporto","tag-alentejo","tag-alvito","tag-atletismo","tag-bombeiros","tag-desporto","tag-municipios"],"yoast_head":"<!-- This site is optimized with the Yoast SEO plugin v27.2 - https:\/\/yoast.com\/product\/yoast-seo-wordpress\/ -->\n<title>7\u00aa Corrida Viana-a-par-de-Alvito re\u00fane novamente dois concelhos - Portal Tela Portugal<\/title>\n<meta name=\"robots\" content=\"index, follow, max-snippet:-1, max-image-preview:large, max-video-preview:-1\" \/>\n<meta property=\"og:locale\" content=\"pt_PT\" \/>\n<meta property=\"og:type\" content=\"article\" \/>\n<meta property=\"og:title\" content=\"7\u00aa Corrida Viana-a-par-de-Alvito re\u00fane novamente dois concelhos - Portal Tela Portugal\" \/>\n<meta property=\"og:description\" content=\"O vencedor da 7\u00aa Corrida Viana \u2013 a \u2013 par de Alvito foi Nuno Lopes, da UFCI \u2013 Com\u00e9rcio e Ind\u00fastria, com o tempo de 00:40:49, numa prova que ligou os Castelos de Alvito e de Viana do Alentejo a 11 de janeiro, integrada nas comemora\u00e7\u00f5es dos 128 anos da restaura\u00e7\u00e3o dos dois concelhos. Na posi\u00e7\u00e3o seguinte ficou Bruno Paix\u00e3o, do Grupo Desportivo 3 Santos Populares, e na terceira localiza\u00e7\u00e3o ficou Jo\u00e3o Mega Figueiredo, do Ingleses FC. Na geral feminina venceu Carolina Escada, da Associa\u00e7\u00e3o Funda\u00e7\u00e3o Salesianos, com 00:50:23, \u00e0 frente de Joana Capelo e Paula Ramalho. O evento recebeu 446 inscritos: 220 na corrida principal, 65 nos escal\u00f5es de forma\u00e7\u00e3o e 161 na caminhada, batendo o recorde de participa\u00e7\u00e3o em rela\u00e7\u00e3o \u00e0 edi\u00e7\u00e3o anterior (383 inscri\u00e7\u00f5es). Lu\u00eds Metrogos, presidente da C\u00e2mara Municipal de Viana do Alentejo, destacou a evolu\u00e7\u00e3o futura para melhorar as condi\u00e7\u00f5es aos atletas. Jos\u00e9 Efig\u00e9nio, presidente da C\u00e2mara Municipal de Alvito, enfatizou a coopera\u00e7\u00e3o entre os dois munic\u00edpios e as juntas de freguesia. A corrida foi organizada pelos Munic\u00edpios de Alvito e de Viana do Alentejo, pelas Juntas de Freguesia de Alvito, Viana do Alentejo e Vila Nova da Baronia, com o apoio de v\u00e1rias entidades locais e associa\u00e7\u00f5es desportivas.\" \/>\n<meta property=\"og:url\" content=\"https:\/\/portaltela.pt\/noticias\/2026\/01\/12\/7a-corrida-viana-a-par-de-alvito-reune-novamente-dois-concelhos\/\" \/>\n<meta property=\"og:site_name\" content=\"Portal Tela Portugal\" \/>\n<meta property=\"article:published_time\" content=\"2026-01-12T22:12:09+00:00\" \/>\n<meta name=\"author\" content=\"Telinha\" \/>\n<meta name=\"twitter:card\" content=\"summary_large_image\" \/>\n<meta name=\"twitter:label1\" content=\"Escrito por\" \/>\n\t<meta name=\"twitter:data1\" content=\"Telinha\" \/>\n\t<meta name=\"twitter:label2\" content=\"Tempo estimado de leitura\" \/>\n\t<meta name=\"twitter:data2\" content=\"1 minuto\" \/>\n<script type=\"application\/ld+json\" class=\"yoast-schema-graph\">{\"@context\":\"https:\/\/schema.org\",\"@graph\":[{\"@type\":\"Article\",\"@id\":\"https:\/\/portaltela.pt\/noticias\/2026\/01\/12\/7a-corrida-viana-a-par-de-alvito-reune-novamente-dois-concelhos\/#article\",\"isPartOf\":{\"@id\":\"https:\/\/portaltela.pt\/noticias\/2026\/01\/12\/7a-corrida-viana-a-par-de-alvito-reune-novamente-dois-concelhos\/\"},\"author\":{\"name\":\"Telinha\",\"@id\":\"https:\/\/portaltela.pt\/#\/schema\/person\/c4278d4a6028830caff9ee44b42d32ed\"},\"headline\":\"7\u00aa Corrida Viana-a-par-de-Alvito re\u00fane novamente dois concelhos\",\"datePublished\":\"2026-01-12T22:12:09+00:00\",\"mainEntityOfPage\":{\"@id\":\"https:\/\/portaltela.pt\/noticias\/2026\/01\/12\/7a-corrida-viana-a-par-de-alvito-reune-novamente-dois-concelhos\/\"},\"wordCount\":280,\"image\":{\"@id\":\"https:\/\/portaltela.pt\/noticias\/2026\/01\/12\/7a-corrida-viana-a-par-de-alvito-reune-novamente-dois-concelhos\/#primaryimage\"},\"thumbnailUrl\":\"https:\/\/portaltela.pt\/s.01k8rhncp4jt1\/2026\/01\/7a-Corrida-Viana-a-par-de-Alvito-voltou-a-juntar-os-dois-concelhos-Nuno.jpg\",\"keywords\":[\"Alentejo\",\"Alvito\",\"atletismo\",\"bombeiros\",\"desporto\",\"munic\u00edpios\"],\"articleSection\":[\"Desporto\"],\"inLanguage\":\"pt-PT\"},{\"@type\":\"WebPage\",\"@id\":\"https:\/\/portaltela.pt\/noticias\/2026\/01\/12\/7a-corrida-viana-a-par-de-alvito-reune-novamente-dois-concelhos\/\",\"url\":\"https:\/\/portaltela.pt\/noticias\/2026\/01\/12\/7a-corrida-viana-a-par-de-alvito-reune-novamente-dois-concelhos\/\",\"name\":\"7\u00aa Corrida Viana-a-par-de-Alvito re\u00fane novamente dois concelhos - Portal Tela Portugal\",\"isPartOf\":{\"@id\":\"https:\/\/portaltela.pt\/#website\"},\"primaryImageOfPage\":{\"@id\":\"https:\/\/portaltela.pt\/noticias\/2026\/01\/12\/7a-corrida-viana-a-par-de-alvito-reune-novamente-dois-concelhos\/#primaryimage\"},\"image\":{\"@id\":\"https:\/\/portaltela.pt\/noticias\/2026\/01\/12\/7a-corrida-viana-a-par-de-alvito-reune-novamente-dois-concelhos\/#primaryimage\"},\"thumbnailUrl\":\"https:\/\/portaltela.pt\/s.01k8rhncp4jt1\/2026\/01\/7a-Corrida-Viana-a-par-de-Alvito-voltou-a-juntar-os-dois-concelhos-Nuno.jpg\",\"datePublished\":\"2026-01-12T22:12:09+00:00\",\"author\":{\"@id\":\"https:\/\/portaltela.pt\/#\/schema\/person\/c4278d4a6028830caff9ee44b42d32ed\"},\"breadcrumb\":{\"@id\":\"https:\/\/portaltela.pt\/noticias\/2026\/01\/12\/7a-corrida-viana-a-par-de-alvito-reune-novamente-dois-concelhos\/#breadcrumb\"},\"inLanguage\":\"pt-PT\",\"potentialAction\":[{\"@type\":\"ReadAction\",\"target\":[\"https:\/\/portaltela.pt\/noticias\/2026\/01\/12\/7a-corrida-viana-a-par-de-alvito-reune-novamente-dois-concelhos\/\"]}]},{\"@type\":\"ImageObject\",\"inLanguage\":\"pt-PT\",\"@id\":\"https:\/\/portaltela.pt\/noticias\/2026\/01\/12\/7a-corrida-viana-a-par-de-alvito-reune-novamente-dois-concelhos\/#primaryimage\",\"url\":\"https:\/\/portaltela.pt\/s.01k8rhncp4jt1\/2026\/01\/7a-Corrida-Viana-a-par-de-Alvito-voltou-a-juntar-os-dois-concelhos-Nuno.jpg\",\"contentUrl\":\"https:\/\/portaltela.pt\/s.01k8rhncp4jt1\/2026\/01\/7a-Corrida-Viana-a-par-de-Alvito-voltou-a-juntar-os-dois-concelhos-Nuno.jpg\",\"width\":796,\"height\":448,\"caption\":\"7\u00aa Corrida Viana-a-par-de-Alvito voltou a juntar os dois concelhos Nuno Lopes, \u2026\"},{\"@type\":\"BreadcrumbList\",\"@id\":\"https:\/\/portaltela.pt\/noticias\/2026\/01\/12\/7a-corrida-viana-a-par-de-alvito-reune-novamente-dois-concelhos\/#breadcrumb\",\"itemListElement\":[{\"@type\":\"ListItem\",\"position\":1,\"name\":\"In\u00edcio\",\"item\":\"https:\/\/portaltela.pt\/\"},{\"@type\":\"ListItem\",\"position\":2,\"name\":\"7\u00aa Corrida Viana-a-par-de-Alvito re\u00fane novamente dois concelhos\"}]},{\"@type\":\"WebSite\",\"@id\":\"https:\/\/portaltela.pt\/#website\",\"url\":\"https:\/\/portaltela.pt\/\",\"name\":\"Portal Tela Portugal\",\"description\":\"\",\"potentialAction\":[{\"@type\":\"SearchAction\",\"target\":{\"@type\":\"EntryPoint\",\"urlTemplate\":\"https:\/\/portaltela.pt\/?s={search_term_string}\"},\"query-input\":{\"@type\":\"PropertyValueSpecification\",\"valueRequired\":true,\"valueName\":\"search_term_string\"}}],\"inLanguage\":\"pt-PT\"},{\"@type\":\"Person\",\"@id\":\"https:\/\/portaltela.pt\/#\/schema\/person\/c4278d4a6028830caff9ee44b42d32ed\",\"name\":\"Telinha\",\"image\":{\"@type\":\"ImageObject\",\"inLanguage\":\"pt-PT\",\"@id\":\"https:\/\/portaltela.pt\/s.01k8rhncp4jt1\/2025\/11\/talking-bot-125x125.png\",\"url\":\"https:\/\/portaltela.pt\/s.01k8rhncp4jt1\/2025\/11\/talking-bot-125x125.png\",\"contentUrl\":\"https:\/\/portaltela.pt\/s.01k8rhncp4jt1\/2025\/11\/talking-bot-125x125.png\",\"caption\":\"Telinha\"},\"sameAs\":[\"https:\/\/portaltela.pt\/\"],\"url\":\"https:\/\/portaltela.pt\/por\/367410592786\/\"}]}<\/script>\n<!-- \/ Yoast SEO plugin. -->","yoast_head_json":{"title":"7\u00aa Corrida Viana-a-par-de-Alvito re\u00fane novamente dois concelhos - Portal Tela Portugal","robots":{"index":"index","follow":"follow","max-snippet":"max-snippet:-1","max-image-preview":"max-image-preview:large","max-video-preview":"max-video-preview:-1"},"og_locale":"pt_PT","og_type":"article","og_title":"7\u00aa Corrida Viana-a-par-de-Alvito re\u00fane novamente dois concelhos - Portal Tela Portugal","og_description":"O vencedor da 7\u00aa Corrida Viana \u2013 a \u2013 par de Alvito foi Nuno Lopes, da UFCI \u2013 Com\u00e9rcio e Ind\u00fastria, com o tempo de 00:40:49, numa prova que ligou os Castelos de Alvito e de Viana do Alentejo a 11 de janeiro, integrada nas comemora\u00e7\u00f5es dos 128 anos da restaura\u00e7\u00e3o dos dois concelhos. Na posi\u00e7\u00e3o seguinte ficou Bruno Paix\u00e3o, do Grupo Desportivo 3 Santos Populares, e na terceira localiza\u00e7\u00e3o ficou Jo\u00e3o Mega Figueiredo, do Ingleses FC. Na geral feminina venceu Carolina Escada, da Associa\u00e7\u00e3o Funda\u00e7\u00e3o Salesianos, com 00:50:23, \u00e0 frente de Joana Capelo e Paula Ramalho. O evento recebeu 446 inscritos: 220 na corrida principal, 65 nos escal\u00f5es de forma\u00e7\u00e3o e 161 na caminhada, batendo o recorde de participa\u00e7\u00e3o em rela\u00e7\u00e3o \u00e0 edi\u00e7\u00e3o anterior (383 inscri\u00e7\u00f5es). Lu\u00eds Metrogos, presidente da C\u00e2mara Municipal de Viana do Alentejo, destacou a evolu\u00e7\u00e3o futura para melhorar as condi\u00e7\u00f5es aos atletas. Jos\u00e9 Efig\u00e9nio, presidente da C\u00e2mara Municipal de Alvito, enfatizou a coopera\u00e7\u00e3o entre os dois munic\u00edpios e as juntas de freguesia. A corrida foi organizada pelos Munic\u00edpios de Alvito e de Viana do Alentejo, pelas Juntas de Freguesia de Alvito, Viana do Alentejo e Vila Nova da Baronia, com o apoio de v\u00e1rias entidades locais e associa\u00e7\u00f5es desportivas.","og_url":"https:\/\/portaltela.pt\/noticias\/2026\/01\/12\/7a-corrida-viana-a-par-de-alvito-reune-novamente-dois-concelhos\/","og_site_name":"Portal Tela Portugal","article_published_time":"2026-01-12T22:12:09+00:00","author":"Telinha","twitter_card":"summary_large_image","twitter_misc":{"Escrito por":"Telinha","Tempo estimado de leitura":"1 minuto"},"schema":{"@context":"https:\/\/schema.org","@graph":[{"@type":"Article","@id":"https:\/\/portaltela.pt\/noticias\/2026\/01\/12\/7a-corrida-viana-a-par-de-alvito-reune-novamente-dois-concelhos\/#article","isPartOf":{"@id":"https:\/\/portaltela.pt\/noticias\/2026\/01\/12\/7a-corrida-viana-a-par-de-alvito-reune-novamente-dois-concelhos\/"},"author":{"name":"Telinha","@id":"https:\/\/portaltela.pt\/#\/schema\/person\/c4278d4a6028830caff9ee44b42d32ed"},"headline":"7\u00aa Corrida Viana-a-par-de-Alvito re\u00fane novamente dois concelhos","datePublished":"2026-01-12T22:12:09+00:00","mainEntityOfPage":{"@id":"https:\/\/portaltela.pt\/noticias\/2026\/01\/12\/7a-corrida-viana-a-par-de-alvito-reune-novamente-dois-concelhos\/"},"wordCount":280,"image":{"@id":"https:\/\/portaltela.pt\/noticias\/2026\/01\/12\/7a-corrida-viana-a-par-de-alvito-reune-novamente-dois-concelhos\/#primaryimage"},"thumbnailUrl":"https:\/\/portaltela.pt\/s.01k8rhncp4jt1\/2026\/01\/7a-Corrida-Viana-a-par-de-Alvito-voltou-a-juntar-os-dois-concelhos-Nuno.jpg","keywords":["Alentejo","Alvito","atletismo","bombeiros","desporto","munic\u00edpios"],"articleSection":["Desporto"],"inLanguage":"pt-PT"},{"@type":"WebPage","@id":"https:\/\/portaltela.pt\/noticias\/2026\/01\/12\/7a-corrida-viana-a-par-de-alvito-reune-novamente-dois-concelhos\/","url":"https:\/\/portaltela.pt\/noticias\/2026\/01\/12\/7a-corrida-viana-a-par-de-alvito-reune-novamente-dois-concelhos\/","name":"7\u00aa Corrida Viana-a-par-de-Alvito re\u00fane novamente dois concelhos - Portal Tela Portugal","isPartOf":{"@id":"https:\/\/portaltela.pt\/#website"},"primaryImageOfPage":{"@id":"https:\/\/portaltela.pt\/noticias\/2026\/01\/12\/7a-corrida-viana-a-par-de-alvito-reune-novamente-dois-concelhos\/#primaryimage"},"image":{"@id":"https:\/\/portaltela.pt\/noticias\/2026\/01\/12\/7a-corrida-viana-a-par-de-alvito-reune-novamente-dois-concelhos\/#primaryimage"},"thumbnailUrl":"https:\/\/portaltela.pt\/s.01k8rhncp4jt1\/2026\/01\/7a-Corrida-Viana-a-par-de-Alvito-voltou-a-juntar-os-dois-concelhos-Nuno.jpg","datePublished":"2026-01-12T22:12:09+00:00","author":{"@id":"https:\/\/portaltela.pt\/#\/schema\/person\/c4278d4a6028830caff9ee44b42d32ed"},"breadcrumb":{"@id":"https:\/\/portaltela.pt\/noticias\/2026\/01\/12\/7a-corrida-viana-a-par-de-alvito-reune-novamente-dois-concelhos\/#breadcrumb"},"inLanguage":"pt-PT","potentialAction":[{"@type":"ReadAction","target":["https:\/\/portaltela.pt\/noticias\/2026\/01\/12\/7a-corrida-viana-a-par-de-alvito-reune-novamente-dois-concelhos\/"]}]},{"@type":"ImageObject","inLanguage":"pt-PT","@id":"https:\/\/portaltela.pt\/noticias\/2026\/01\/12\/7a-corrida-viana-a-par-de-alvito-reune-novamente-dois-concelhos\/#primaryimage","url":"https:\/\/portaltela.pt\/s.01k8rhncp4jt1\/2026\/01\/7a-Corrida-Viana-a-par-de-Alvito-voltou-a-juntar-os-dois-concelhos-Nuno.jpg","contentUrl":"https:\/\/portaltela.pt\/s.01k8rhncp4jt1\/2026\/01\/7a-Corrida-Viana-a-par-de-Alvito-voltou-a-juntar-os-dois-concelhos-Nuno.jpg","width":796,"height":448,"caption":"7\u00aa Corrida Viana-a-par-de-Alvito voltou a juntar os dois concelhos Nuno Lopes, \u2026"},{"@type":"BreadcrumbList","@id":"https:\/\/portaltela.pt\/noticias\/2026\/01\/12\/7a-corrida-viana-a-par-de-alvito-reune-novamente-dois-concelhos\/#breadcrumb","itemListElement":[{"@type":"ListItem","position":1,"name":"In\u00edcio","item":"https:\/\/portaltela.pt\/"},{"@type":"ListItem","position":2,"name":"7\u00aa Corrida Viana-a-par-de-Alvito re\u00fane novamente dois concelhos"}]},{"@type":"WebSite","@id":"https:\/\/portaltela.pt\/#website","url":"https:\/\/portaltela.pt\/","name":"Portal Tela Portugal","description":"","potentialAction":[{"@type":"SearchAction","target":{"@type":"EntryPoint","urlTemplate":"https:\/\/portaltela.pt\/?s={search_term_string}"},"query-input":{"@type":"PropertyValueSpecification","valueRequired":true,"valueName":"search_term_string"}}],"inLanguage":"pt-PT"},{"@type":"Person","@id":"https:\/\/portaltela.pt\/#\/schema\/person\/c4278d4a6028830caff9ee44b42d32ed","name":"Telinha","image":{"@type":"ImageObject","inLanguage":"pt-PT","@id":"https:\/\/portaltela.pt\/s.01k8rhncp4jt1\/2025\/11\/talking-bot-125x125.png","url":"https:\/\/portaltela.pt\/s.01k8rhncp4jt1\/2025\/11\/talking-bot-125x125.png","contentUrl":"https:\/\/portaltela.pt\/s.01k8rhncp4jt1\/2025\/11\/talking-bot-125x125.png","caption":"Telinha"},"sameAs":["https:\/\/portaltela.pt\/"],"url":"https:\/\/portaltela.pt\/por\/367410592786\/"}]}},"_links":{"self":[{"href":"https:\/\/portaltela.pt\/api\/wp\/v2\/posts\/136942","targetHints":{"allow":["GET"]}}],"collection":[{"href":"https:\/\/portaltela.pt\/api\/wp\/v2\/posts"}],"about":[{"href":"https:\/\/portaltela.pt\/api\/wp\/v2\/types\/post"}],"author":[{"embeddable":true,"href":"https:\/\/portaltela.pt\/api\/wp\/v2\/users\/2"}],"replies":[{"embeddable":true,"href":"https:\/\/portaltela.pt\/api\/wp\/v2\/comments?post=136942"}],"version-history":[{"count":0,"href":"https:\/\/portaltela.pt\/api\/wp\/v2\/posts\/136942\/revisions"}],"wp:featuredmedia":[{"embeddable":true,"href":"https:\/\/portaltela.pt\/api\/wp\/v2\/media\/136944"}],"wp:attachment":[{"href":"https:\/\/portaltela.pt\/api\/wp\/v2\/media?parent=136942"}],"wp:term":[{"taxonomy":"category","embeddable":true,"href":"https:\/\/portaltela.pt\/api\/wp\/v2\/categories?post=136942"},{"taxonomy":"post_tag","embeddable":true,"href":"https:\/\/portaltela.pt\/api\/wp\/v2\/tags?post=136942"}],"curies":[{"name":"wp","href":"https:\/\/api.w.org\/{rel}","templated":true}]}}