{"id":136866,"date":"2026-01-12T18:45:05","date_gmt":"2026-01-12T21:45:05","guid":{"rendered":"https:\/\/portaltela.pt\/noticias\/2026\/01\/12\/governo-afirma-nao-ter-diminuido-o-controlo-de-fronteiras-2\/"},"modified":"2026-01-12T18:45:05","modified_gmt":"2026-01-12T21:45:05","slug":"governo-afirma-nao-ter-diminuido-o-controlo-de-fronteiras-2","status":"publish","type":"post","link":"https:\/\/portaltela.pt\/noticias\/2026\/01\/12\/governo-afirma-nao-ter-diminuido-o-controlo-de-fronteiras-2\/","title":{"rendered":"Governo afirma n\u00e3o ter diminu\u00eddo o controlo de fronteiras"},"content":{"rendered":"<p>O governo afirmou nesta segunda-feira que n\u00e3o houve diminui\u00e7\u00e3o do controlo de fronteiras, ap\u00f3s ter suspendido o novo modelo europeu. A suspens\u00e3o ocorreu em Lisboa, diante de constrangimentos no Aeroporto Humberto Delgado, e foi apresentada como necess\u00e1ria para manter a credibilidade externa.<\/p>\n<p>O ministro das Infraestruturas, Miguel Marques Pinto Luz, garantiu que a suspens\u00e3o foi para repensar o modelo a n\u00edvel europeu. Salientou que admitir uma redu\u00e7\u00e3o do controlo equivaleria a admitir que Portugal n\u00e3o controla fronteiras h\u00e1 um m\u00eas.<\/p>\n<p>Pinto Luz destacou que a decis\u00e3o visa evitar filas de v\u00e1rias horas e preservar a confian\u00e7a no pa\u00eds. Afirmou ainda que o governo est\u00e1 a agir para refor\u00e7ar a atua\u00e7\u00e3o de fronteiras, mantendo a credibilidade necess\u00e1ria.<\/p>\n<h3>Medidas em pr\u00e1tica<\/h3>\n<p>O Governo aumentou o n\u00famero de efetivos na fronteira de Lisboa e envolveu a GNR na opera\u00e7\u00e3o, para refor\u00e7ar o controlo. Tamb\u00e9m prev\u00ea a entrada de mais e-gates e a amplia\u00e7\u00e3o da capacidade dos servi\u00e7os.<\/p>\n<p>O Minist\u00e9rio da Administra\u00e7\u00e3o Interna justificou a interven\u00e7\u00e3o pelo agravamento dos constrangimentos na zona de chegadas de passageiros n\u00e3o europeus. O refor\u00e7o inclui uma aproxima\u00e7\u00e3o entre for\u00e7as e refor\u00e7o tecnol\u00f3gico.<\/p>\n<p>Numa decis\u00e3o anterior, o governo anunciou uma suspens\u00e3o de tr\u00eas meses do sistema europeu de controlo de fronteiras para cidad\u00e3os extracomunit\u00e1rios no aeroporto de Lisboa.<\/p>\n","protected":false},"excerpt":{"rendered":"<ul>\n<li>O Governo afirma n\u00e3o ter diminu\u00eddo o controlo de fronteiras, mesmo ap\u00f3s suspender o novo modelo europeu por constrangimentos no Aeroporto de Lisboa.<\/li>\n<li>Miguel Pinto Luz disse que a suspens\u00e3o visa repensar o modelo a n\u00edvel europeu e evitar filas de cinco, seis ou sete horas que prejudicariam o capital de credibilidade do pa\u00eds.<\/li>\n<li>O objetivo \u00e9 manter a confian\u00e7a no pa\u00eds al\u00e9m-fronteiras, reiterando o compromisso de evitar que o controlo fraqueie.<\/li>\n<li>Foram anunciados refor\u00e7os: aumento do n\u00famero de efetivos, inclus\u00e3o de militares da Guarda Nacional Republicana na opera\u00e7\u00e3o, mais e-gates e maior capacidade dos servidores.<\/li>\n<li>O Minist\u00e9rio da Administra\u00e7\u00e3o Interna informou que o refor\u00e7o envolve cerca de trinta por cento a mais de equipamento electr\u00f3nico e f\u00edsico para o controlo das fronteiras externas, em resposta aos constrangimentos no Aeroporto Humberto Delgado.<\/li>\n<\/ul>\n","protected":false},"author":2,"featured_media":136885,"comment_status":"closed","ping_status":"closed","sticky":false,"template":"","format":"standard","meta":{"footnotes":""},"categories":[1],"tags":[1573,1380,712,981,2528,250],"class_list":["post-136866","post","type-post","status-publish","format-standard","has-post-thumbnail","hentry","category-noticias","tag-fiscalizacao-de-fronteiras","tag-gnr","tag-imigracao","tag-lisboa","tag-seguranca-civil","tag-seguranca-publica"],"yoast_head":"<!-- This site is optimized with the Yoast SEO plugin v27.2 - https:\/\/yoast.com\/product\/yoast-seo-wordpress\/ -->\n<title>Governo afirma n\u00e3o ter diminu\u00eddo o controlo de fronteiras - Portal Tela Portugal<\/title>\n<meta name=\"robots\" content=\"index, follow, max-snippet:-1, max-image-preview:large, max-video-preview:-1\" \/>\n<meta property=\"og:locale\" content=\"pt_PT\" \/>\n<meta property=\"og:type\" content=\"article\" \/>\n<meta property=\"og:title\" content=\"Governo afirma n\u00e3o ter diminu\u00eddo o controlo de fronteiras - Portal Tela Portugal\" \/>\n<meta property=\"og:description\" content=\"O Governo afirma n\u00e3o ter diminu\u00eddo o controlo de fronteiras, mesmo ap\u00f3s suspender o novo modelo europeu por constrangimentos no Aeroporto de Lisboa. Miguel Pinto Luz disse que a suspens\u00e3o visa repensar o modelo a n\u00edvel europeu e evitar filas de cinco, seis ou sete horas que prejudicariam o capital de credibilidade do pa\u00eds. O objetivo \u00e9 manter a confian\u00e7a no pa\u00eds al\u00e9m-fronteiras, reiterando o compromisso de evitar que o controlo fraqueie. Foram anunciados refor\u00e7os: aumento do n\u00famero de efetivos, inclus\u00e3o de militares da Guarda Nacional Republicana na opera\u00e7\u00e3o, mais e-gates e maior capacidade dos servidores. O Minist\u00e9rio da Administra\u00e7\u00e3o Interna informou que o refor\u00e7o envolve cerca de trinta por cento a mais de equipamento electr\u00f3nico e f\u00edsico para o controlo das fronteiras externas, em resposta aos constrangimentos no Aeroporto Humberto Delgado.\" \/>\n<meta property=\"og:url\" content=\"https:\/\/portaltela.pt\/noticias\/2026\/01\/12\/governo-afirma-nao-ter-diminuido-o-controlo-de-fronteiras-2\/\" \/>\n<meta property=\"og:site_name\" content=\"Portal Tela Portugal\" \/>\n<meta property=\"article:published_time\" content=\"2026-01-12T21:45:05+00:00\" \/>\n<meta name=\"author\" content=\"Telinha\" \/>\n<meta name=\"twitter:card\" content=\"summary_large_image\" \/>\n<meta name=\"twitter:label1\" content=\"Escrito por\" \/>\n\t<meta name=\"twitter:data1\" content=\"Telinha\" \/>\n\t<meta name=\"twitter:label2\" content=\"Tempo estimado de leitura\" \/>\n\t<meta name=\"twitter:data2\" content=\"1 minuto\" \/>\n<script type=\"application\/ld+json\" class=\"yoast-schema-graph\">{\"@context\":\"https:\/\/schema.org\",\"@graph\":[{\"@type\":\"Article\",\"@id\":\"https:\/\/portaltela.pt\/noticias\/2026\/01\/12\/governo-afirma-nao-ter-diminuido-o-controlo-de-fronteiras-2\/#article\",\"isPartOf\":{\"@id\":\"https:\/\/portaltela.pt\/noticias\/2026\/01\/12\/governo-afirma-nao-ter-diminuido-o-controlo-de-fronteiras-2\/\"},\"author\":{\"name\":\"Telinha\",\"@id\":\"https:\/\/portaltela.pt\/#\/schema\/person\/c4278d4a6028830caff9ee44b42d32ed\"},\"headline\":\"Governo afirma n\u00e3o ter diminu\u00eddo o controlo de fronteiras\",\"datePublished\":\"2026-01-12T21:45:05+00:00\",\"mainEntityOfPage\":{\"@id\":\"https:\/\/portaltela.pt\/noticias\/2026\/01\/12\/governo-afirma-nao-ter-diminuido-o-controlo-de-fronteiras-2\/\"},\"wordCount\":258,\"image\":{\"@id\":\"https:\/\/portaltela.pt\/noticias\/2026\/01\/12\/governo-afirma-nao-ter-diminuido-o-controlo-de-fronteiras-2\/#primaryimage\"},\"thumbnailUrl\":\"https:\/\/portaltela.pt\/s.01k8rhncp4jt1\/2026\/01\/unnamed-file-2563.jpg\",\"keywords\":[\"fiscaliza\u00e7\u00e3o de fronteiras\",\"GNR\",\"imigra\u00e7\u00e3o\",\"Lisboa\",\"Seguran\u00e7a Civil\",\"seguran\u00e7a p\u00fablica\"],\"articleSection\":[\"Not\u00edcias\"],\"inLanguage\":\"pt-PT\"},{\"@type\":\"WebPage\",\"@id\":\"https:\/\/portaltela.pt\/noticias\/2026\/01\/12\/governo-afirma-nao-ter-diminuido-o-controlo-de-fronteiras-2\/\",\"url\":\"https:\/\/portaltela.pt\/noticias\/2026\/01\/12\/governo-afirma-nao-ter-diminuido-o-controlo-de-fronteiras-2\/\",\"name\":\"Governo afirma n\u00e3o ter diminu\u00eddo o controlo de fronteiras - Portal Tela Portugal\",\"isPartOf\":{\"@id\":\"https:\/\/portaltela.pt\/#website\"},\"primaryImageOfPage\":{\"@id\":\"https:\/\/portaltela.pt\/noticias\/2026\/01\/12\/governo-afirma-nao-ter-diminuido-o-controlo-de-fronteiras-2\/#primaryimage\"},\"image\":{\"@id\":\"https:\/\/portaltela.pt\/noticias\/2026\/01\/12\/governo-afirma-nao-ter-diminuido-o-controlo-de-fronteiras-2\/#primaryimage\"},\"thumbnailUrl\":\"https:\/\/portaltela.pt\/s.01k8rhncp4jt1\/2026\/01\/unnamed-file-2563.jpg\",\"datePublished\":\"2026-01-12T21:45:05+00:00\",\"author\":{\"@id\":\"https:\/\/portaltela.pt\/#\/schema\/person\/c4278d4a6028830caff9ee44b42d32ed\"},\"breadcrumb\":{\"@id\":\"https:\/\/portaltela.pt\/noticias\/2026\/01\/12\/governo-afirma-nao-ter-diminuido-o-controlo-de-fronteiras-2\/#breadcrumb\"},\"inLanguage\":\"pt-PT\",\"potentialAction\":[{\"@type\":\"ReadAction\",\"target\":[\"https:\/\/portaltela.pt\/noticias\/2026\/01\/12\/governo-afirma-nao-ter-diminuido-o-controlo-de-fronteiras-2\/\"]}]},{\"@type\":\"ImageObject\",\"inLanguage\":\"pt-PT\",\"@id\":\"https:\/\/portaltela.pt\/noticias\/2026\/01\/12\/governo-afirma-nao-ter-diminuido-o-controlo-de-fronteiras-2\/#primaryimage\",\"url\":\"https:\/\/portaltela.pt\/s.01k8rhncp4jt1\/2026\/01\/unnamed-file-2563.jpg\",\"contentUrl\":\"https:\/\/portaltela.pt\/s.01k8rhncp4jt1\/2026\/01\/unnamed-file-2563.jpg\",\"width\":796,\"height\":448,\"caption\":\"Miguel Pinto Luz garantiu que o executivo est\u00e1 \\\"absolutamente empenhado\\\" na quest\u00e3o das longas filas de imigra\u00e7\u00e3o\"},{\"@type\":\"BreadcrumbList\",\"@id\":\"https:\/\/portaltela.pt\/noticias\/2026\/01\/12\/governo-afirma-nao-ter-diminuido-o-controlo-de-fronteiras-2\/#breadcrumb\",\"itemListElement\":[{\"@type\":\"ListItem\",\"position\":1,\"name\":\"In\u00edcio\",\"item\":\"https:\/\/portaltela.pt\/\"},{\"@type\":\"ListItem\",\"position\":2,\"name\":\"Governo afirma n\u00e3o ter diminu\u00eddo o controlo de fronteiras\"}]},{\"@type\":\"WebSite\",\"@id\":\"https:\/\/portaltela.pt\/#website\",\"url\":\"https:\/\/portaltela.pt\/\",\"name\":\"Portal Tela Portugal\",\"description\":\"\",\"potentialAction\":[{\"@type\":\"SearchAction\",\"target\":{\"@type\":\"EntryPoint\",\"urlTemplate\":\"https:\/\/portaltela.pt\/?s={search_term_string}\"},\"query-input\":{\"@type\":\"PropertyValueSpecification\",\"valueRequired\":true,\"valueName\":\"search_term_string\"}}],\"inLanguage\":\"pt-PT\"},{\"@type\":\"Person\",\"@id\":\"https:\/\/portaltela.pt\/#\/schema\/person\/c4278d4a6028830caff9ee44b42d32ed\",\"name\":\"Telinha\",\"image\":{\"@type\":\"ImageObject\",\"inLanguage\":\"pt-PT\",\"@id\":\"https:\/\/portaltela.pt\/s.01k8rhncp4jt1\/2025\/11\/talking-bot-125x125.png\",\"url\":\"https:\/\/portaltela.pt\/s.01k8rhncp4jt1\/2025\/11\/talking-bot-125x125.png\",\"contentUrl\":\"https:\/\/portaltela.pt\/s.01k8rhncp4jt1\/2025\/11\/talking-bot-125x125.png\",\"caption\":\"Telinha\"},\"sameAs\":[\"https:\/\/portaltela.pt\/\"],\"url\":\"https:\/\/portaltela.pt\/por\/367410592786\/\"}]}<\/script>\n<!-- \/ Yoast SEO plugin. -->","yoast_head_json":{"title":"Governo afirma n\u00e3o ter diminu\u00eddo o controlo de fronteiras - Portal Tela Portugal","robots":{"index":"index","follow":"follow","max-snippet":"max-snippet:-1","max-image-preview":"max-image-preview:large","max-video-preview":"max-video-preview:-1"},"og_locale":"pt_PT","og_type":"article","og_title":"Governo afirma n\u00e3o ter diminu\u00eddo o controlo de fronteiras - Portal Tela Portugal","og_description":"O Governo afirma n\u00e3o ter diminu\u00eddo o controlo de fronteiras, mesmo ap\u00f3s suspender o novo modelo europeu por constrangimentos no Aeroporto de Lisboa. Miguel Pinto Luz disse que a suspens\u00e3o visa repensar o modelo a n\u00edvel europeu e evitar filas de cinco, seis ou sete horas que prejudicariam o capital de credibilidade do pa\u00eds. O objetivo \u00e9 manter a confian\u00e7a no pa\u00eds al\u00e9m-fronteiras, reiterando o compromisso de evitar que o controlo fraqueie. Foram anunciados refor\u00e7os: aumento do n\u00famero de efetivos, inclus\u00e3o de militares da Guarda Nacional Republicana na opera\u00e7\u00e3o, mais e-gates e maior capacidade dos servidores. O Minist\u00e9rio da Administra\u00e7\u00e3o Interna informou que o refor\u00e7o envolve cerca de trinta por cento a mais de equipamento electr\u00f3nico e f\u00edsico para o controlo das fronteiras externas, em resposta aos constrangimentos no Aeroporto Humberto Delgado.","og_url":"https:\/\/portaltela.pt\/noticias\/2026\/01\/12\/governo-afirma-nao-ter-diminuido-o-controlo-de-fronteiras-2\/","og_site_name":"Portal Tela Portugal","article_published_time":"2026-01-12T21:45:05+00:00","author":"Telinha","twitter_card":"summary_large_image","twitter_misc":{"Escrito por":"Telinha","Tempo estimado de leitura":"1 minuto"},"schema":{"@context":"https:\/\/schema.org","@graph":[{"@type":"Article","@id":"https:\/\/portaltela.pt\/noticias\/2026\/01\/12\/governo-afirma-nao-ter-diminuido-o-controlo-de-fronteiras-2\/#article","isPartOf":{"@id":"https:\/\/portaltela.pt\/noticias\/2026\/01\/12\/governo-afirma-nao-ter-diminuido-o-controlo-de-fronteiras-2\/"},"author":{"name":"Telinha","@id":"https:\/\/portaltela.pt\/#\/schema\/person\/c4278d4a6028830caff9ee44b42d32ed"},"headline":"Governo afirma n\u00e3o ter diminu\u00eddo o controlo de fronteiras","datePublished":"2026-01-12T21:45:05+00:00","mainEntityOfPage":{"@id":"https:\/\/portaltela.pt\/noticias\/2026\/01\/12\/governo-afirma-nao-ter-diminuido-o-controlo-de-fronteiras-2\/"},"wordCount":258,"image":{"@id":"https:\/\/portaltela.pt\/noticias\/2026\/01\/12\/governo-afirma-nao-ter-diminuido-o-controlo-de-fronteiras-2\/#primaryimage"},"thumbnailUrl":"https:\/\/portaltela.pt\/s.01k8rhncp4jt1\/2026\/01\/unnamed-file-2563.jpg","keywords":["fiscaliza\u00e7\u00e3o de fronteiras","GNR","imigra\u00e7\u00e3o","Lisboa","Seguran\u00e7a Civil","seguran\u00e7a p\u00fablica"],"articleSection":["Not\u00edcias"],"inLanguage":"pt-PT"},{"@type":"WebPage","@id":"https:\/\/portaltela.pt\/noticias\/2026\/01\/12\/governo-afirma-nao-ter-diminuido-o-controlo-de-fronteiras-2\/","url":"https:\/\/portaltela.pt\/noticias\/2026\/01\/12\/governo-afirma-nao-ter-diminuido-o-controlo-de-fronteiras-2\/","name":"Governo afirma n\u00e3o ter diminu\u00eddo o controlo de fronteiras - Portal Tela Portugal","isPartOf":{"@id":"https:\/\/portaltela.pt\/#website"},"primaryImageOfPage":{"@id":"https:\/\/portaltela.pt\/noticias\/2026\/01\/12\/governo-afirma-nao-ter-diminuido-o-controlo-de-fronteiras-2\/#primaryimage"},"image":{"@id":"https:\/\/portaltela.pt\/noticias\/2026\/01\/12\/governo-afirma-nao-ter-diminuido-o-controlo-de-fronteiras-2\/#primaryimage"},"thumbnailUrl":"https:\/\/portaltela.pt\/s.01k8rhncp4jt1\/2026\/01\/unnamed-file-2563.jpg","datePublished":"2026-01-12T21:45:05+00:00","author":{"@id":"https:\/\/portaltela.pt\/#\/schema\/person\/c4278d4a6028830caff9ee44b42d32ed"},"breadcrumb":{"@id":"https:\/\/portaltela.pt\/noticias\/2026\/01\/12\/governo-afirma-nao-ter-diminuido-o-controlo-de-fronteiras-2\/#breadcrumb"},"inLanguage":"pt-PT","potentialAction":[{"@type":"ReadAction","target":["https:\/\/portaltela.pt\/noticias\/2026\/01\/12\/governo-afirma-nao-ter-diminuido-o-controlo-de-fronteiras-2\/"]}]},{"@type":"ImageObject","inLanguage":"pt-PT","@id":"https:\/\/portaltela.pt\/noticias\/2026\/01\/12\/governo-afirma-nao-ter-diminuido-o-controlo-de-fronteiras-2\/#primaryimage","url":"https:\/\/portaltela.pt\/s.01k8rhncp4jt1\/2026\/01\/unnamed-file-2563.jpg","contentUrl":"https:\/\/portaltela.pt\/s.01k8rhncp4jt1\/2026\/01\/unnamed-file-2563.jpg","width":796,"height":448,"caption":"Miguel Pinto Luz garantiu que o executivo est\u00e1 \"absolutamente empenhado\" na quest\u00e3o das longas filas de imigra\u00e7\u00e3o"},{"@type":"BreadcrumbList","@id":"https:\/\/portaltela.pt\/noticias\/2026\/01\/12\/governo-afirma-nao-ter-diminuido-o-controlo-de-fronteiras-2\/#breadcrumb","itemListElement":[{"@type":"ListItem","position":1,"name":"In\u00edcio","item":"https:\/\/portaltela.pt\/"},{"@type":"ListItem","position":2,"name":"Governo afirma n\u00e3o ter diminu\u00eddo o controlo de fronteiras"}]},{"@type":"WebSite","@id":"https:\/\/portaltela.pt\/#website","url":"https:\/\/portaltela.pt\/","name":"Portal Tela Portugal","description":"","potentialAction":[{"@type":"SearchAction","target":{"@type":"EntryPoint","urlTemplate":"https:\/\/portaltela.pt\/?s={search_term_string}"},"query-input":{"@type":"PropertyValueSpecification","valueRequired":true,"valueName":"search_term_string"}}],"inLanguage":"pt-PT"},{"@type":"Person","@id":"https:\/\/portaltela.pt\/#\/schema\/person\/c4278d4a6028830caff9ee44b42d32ed","name":"Telinha","image":{"@type":"ImageObject","inLanguage":"pt-PT","@id":"https:\/\/portaltela.pt\/s.01k8rhncp4jt1\/2025\/11\/talking-bot-125x125.png","url":"https:\/\/portaltela.pt\/s.01k8rhncp4jt1\/2025\/11\/talking-bot-125x125.png","contentUrl":"https:\/\/portaltela.pt\/s.01k8rhncp4jt1\/2025\/11\/talking-bot-125x125.png","caption":"Telinha"},"sameAs":["https:\/\/portaltela.pt\/"],"url":"https:\/\/portaltela.pt\/por\/367410592786\/"}]}},"_links":{"self":[{"href":"https:\/\/portaltela.pt\/api\/wp\/v2\/posts\/136866","targetHints":{"allow":["GET"]}}],"collection":[{"href":"https:\/\/portaltela.pt\/api\/wp\/v2\/posts"}],"about":[{"href":"https:\/\/portaltela.pt\/api\/wp\/v2\/types\/post"}],"author":[{"embeddable":true,"href":"https:\/\/portaltela.pt\/api\/wp\/v2\/users\/2"}],"replies":[{"embeddable":true,"href":"https:\/\/portaltela.pt\/api\/wp\/v2\/comments?post=136866"}],"version-history":[{"count":0,"href":"https:\/\/portaltela.pt\/api\/wp\/v2\/posts\/136866\/revisions"}],"wp:featuredmedia":[{"embeddable":true,"href":"https:\/\/portaltela.pt\/api\/wp\/v2\/media\/136885"}],"wp:attachment":[{"href":"https:\/\/portaltela.pt\/api\/wp\/v2\/media?parent=136866"}],"wp:term":[{"taxonomy":"category","embeddable":true,"href":"https:\/\/portaltela.pt\/api\/wp\/v2\/categories?post=136866"},{"taxonomy":"post_tag","embeddable":true,"href":"https:\/\/portaltela.pt\/api\/wp\/v2\/tags?post=136866"}],"curies":[{"name":"wp","href":"https:\/\/api.w.org\/{rel}","templated":true}]}}