{"id":136839,"date":"2026-01-12T18:45:00","date_gmt":"2026-01-12T21:45:00","guid":{"rendered":"https:\/\/portaltela.pt\/noticias\/2026\/01\/12\/governo-afirma-nao-ter-diminuido-o-controlo-de-fronteiras\/"},"modified":"2026-01-12T18:45:00","modified_gmt":"2026-01-12T21:45:00","slug":"governo-afirma-nao-ter-diminuido-o-controlo-de-fronteiras","status":"publish","type":"post","link":"https:\/\/portaltela.pt\/noticias\/2026\/01\/12\/governo-afirma-nao-ter-diminuido-o-controlo-de-fronteiras\/","title":{"rendered":"Governo afirma n\u00e3o ter diminu\u00eddo o controlo de fronteiras"},"content":{"rendered":"<p>O Governo assegurou nesta segunda-feira que n\u00e3o diminuiu o controlo de fronteiras, mesmo ap\u00f3s suspender o novo modelo europeu. A afirma\u00e7\u00e3o ocorreu em Lisboa, durante um encontro da Associa\u00e7\u00e3o da Hotelaria de Portugal (AHP). A suspens\u00e3o visa repensar o sistema a n\u00edvel europeu, ainda que o objetivo seja manter a seguran\u00e7a externa sem afetar o fluxo de viajantes.<\/p>\n<p>O ministro das Infraestruturas, Miguel Concei\u00e7\u00e3o Pinto Luz, explicou que admitir uma redu\u00e7\u00e3o do controlo seria contradit\u00f3rio. O governante reiterou que a decis\u00e3o de suspens\u00e3o pretende evitar filas de v\u00e1rias horas e preservar a credibilidade do pa\u00eds junto de parceiros europeus e do turismo.<\/p>\n<p>Segundo o Governo, a op\u00e7\u00e3o pela suspens\u00e3o \u00e9 tempor\u00e1ria e visa manter a confiabilidade do controlo fronteiri\u00e7o. O objetivo \u00e9 evitar a repeti\u00e7\u00e3o de constrangimentos que prejudicam a imagem de Portugal no exterior e a experi\u00eancia de quem viaja para o pa\u00eds.<\/p>\n<h3>Medidas de conting\u00eancia no Aeroporto Humberto Delgado<\/h3>\n<p>O Minist\u00e9rio da Administra\u00e7\u00e3o Interna (MAI) informou o refor\u00e7o imediato no aeroporto de Lisboa com militares da Guarda Nacional Republicana (GNR). A presen\u00e7a certificada no controlo de fronteiras tem por objetivo aumentar a efic\u00e1cia fronteiri\u00e7a.<\/p>\n<p>O MAI ainda anunciou o aumento da capacidade de equipamentos electr\u00f3nicos e f\u00edsicos de controlo externo em cerca de 30%. Esta melhoria visa responder aos constrangimentos na zona de chegadas de passageiros n\u00e3o europeus, decorrentes da evolu\u00e7\u00e3o do Sistema de Entrada\/Sa\u00edda da UE (EES).<\/p>\n","protected":false},"excerpt":{"rendered":"<ul>\n<li>O Governo afirmou, em Lisboa, que n\u00e3o diminuiu o controlo de fronteiras, mesmo com a suspens\u00e3o do novo modelo europeu por tr\u00eas meses.<\/li>\n<li>A suspens\u00e3o destacou a necessidade de repensar o sistema \u00e0 escala europeia, para evitar filas de v\u00e1rias horas no Aeroporto Humberto Delgado.<\/li>\n<li>O ministro das Infraestruturas, Miguel Pinto Luz, disse que n\u00e3o houve qualquer redu\u00e7\u00e3o do controlo e que a medida visa preservar a credibilidade do pa\u00eds.<\/li>\n<li>O executivo vai refor\u00e7ar o controlo com mais efetivos da Guarda Nacional Republicana, entrada de mais efetivos e aquisi\u00e7\u00e3o de mais e-gates, al\u00e9m de aumentar a capacidade dos servidores.<\/li>\n<li>O Minist\u00e9rio da Administra\u00e7\u00e3o Interna justifica o refor\u00e7o com constrangimentos na zona de chegadas de passageiros n\u00e3o europeus e informou um aumento de cerca de 30% na capacidade de equipamentos de controlo das fronteiras externas.<\/li>\n<\/ul>\n","protected":false},"author":2,"featured_media":136850,"comment_status":"closed","ping_status":"closed","sticky":false,"template":"","format":"standard","meta":{"footnotes":""},"categories":[1],"tags":[168,1573,34,712,981,250],"class_list":["post-136839","post","type-post","status-publish","format-standard","has-post-thumbnail","hentry","category-noticias","tag-administracao-publica","tag-fiscalizacao-de-fronteiras","tag-governo","tag-imigracao","tag-lisboa","tag-seguranca-publica"],"yoast_head":"<!-- This site is optimized with the Yoast SEO plugin v27.2 - https:\/\/yoast.com\/product\/yoast-seo-wordpress\/ -->\n<title>Governo afirma n\u00e3o ter diminu\u00eddo o controlo de fronteiras - Portal Tela Portugal<\/title>\n<meta name=\"robots\" content=\"index, follow, max-snippet:-1, max-image-preview:large, max-video-preview:-1\" \/>\n<meta property=\"og:locale\" content=\"pt_PT\" \/>\n<meta property=\"og:type\" content=\"article\" \/>\n<meta property=\"og:title\" content=\"Governo afirma n\u00e3o ter diminu\u00eddo o controlo de fronteiras - Portal Tela Portugal\" \/>\n<meta property=\"og:description\" content=\"O Governo afirmou, em Lisboa, que n\u00e3o diminuiu o controlo de fronteiras, mesmo com a suspens\u00e3o do novo modelo europeu por tr\u00eas meses. A suspens\u00e3o destacou a necessidade de repensar o sistema \u00e0 escala europeia, para evitar filas de v\u00e1rias horas no Aeroporto Humberto Delgado. O ministro das Infraestruturas, Miguel Pinto Luz, disse que n\u00e3o houve qualquer redu\u00e7\u00e3o do controlo e que a medida visa preservar a credibilidade do pa\u00eds. O executivo vai refor\u00e7ar o controlo com mais efetivos da Guarda Nacional Republicana, entrada de mais efetivos e aquisi\u00e7\u00e3o de mais e-gates, al\u00e9m de aumentar a capacidade dos servidores. O Minist\u00e9rio da Administra\u00e7\u00e3o Interna justifica o refor\u00e7o com constrangimentos na zona de chegadas de passageiros n\u00e3o europeus e informou um aumento de cerca de 30% na capacidade de equipamentos de controlo das fronteiras externas.\" \/>\n<meta property=\"og:url\" content=\"https:\/\/portaltela.pt\/noticias\/2026\/01\/12\/governo-afirma-nao-ter-diminuido-o-controlo-de-fronteiras\/\" \/>\n<meta property=\"og:site_name\" content=\"Portal Tela Portugal\" \/>\n<meta property=\"article:published_time\" content=\"2026-01-12T21:45:00+00:00\" \/>\n<meta name=\"author\" content=\"Telinha\" \/>\n<meta name=\"twitter:card\" content=\"summary_large_image\" \/>\n<meta name=\"twitter:label1\" content=\"Escrito por\" \/>\n\t<meta name=\"twitter:data1\" content=\"Telinha\" \/>\n\t<meta name=\"twitter:label2\" content=\"Tempo estimado de leitura\" \/>\n\t<meta name=\"twitter:data2\" content=\"1 minuto\" \/>\n<script type=\"application\/ld+json\" class=\"yoast-schema-graph\">{\"@context\":\"https:\/\/schema.org\",\"@graph\":[{\"@type\":\"Article\",\"@id\":\"https:\/\/portaltela.pt\/noticias\/2026\/01\/12\/governo-afirma-nao-ter-diminuido-o-controlo-de-fronteiras\/#article\",\"isPartOf\":{\"@id\":\"https:\/\/portaltela.pt\/noticias\/2026\/01\/12\/governo-afirma-nao-ter-diminuido-o-controlo-de-fronteiras\/\"},\"author\":{\"name\":\"Telinha\",\"@id\":\"https:\/\/portaltela.pt\/#\/schema\/person\/c4278d4a6028830caff9ee44b42d32ed\"},\"headline\":\"Governo afirma n\u00e3o ter diminu\u00eddo o controlo de fronteiras\",\"datePublished\":\"2026-01-12T21:45:00+00:00\",\"mainEntityOfPage\":{\"@id\":\"https:\/\/portaltela.pt\/noticias\/2026\/01\/12\/governo-afirma-nao-ter-diminuido-o-controlo-de-fronteiras\/\"},\"wordCount\":272,\"image\":{\"@id\":\"https:\/\/portaltela.pt\/noticias\/2026\/01\/12\/governo-afirma-nao-ter-diminuido-o-controlo-de-fronteiras\/#primaryimage\"},\"thumbnailUrl\":\"https:\/\/portaltela.pt\/s.01k8rhncp4jt1\/2026\/01\/seguro_outline_cor-57.jpg\",\"keywords\":[\"administra\u00e7\u00e3o p\u00fablica\",\"fiscaliza\u00e7\u00e3o de fronteiras\",\"governo\",\"imigra\u00e7\u00e3o\",\"Lisboa\",\"seguran\u00e7a p\u00fablica\"],\"articleSection\":[\"Not\u00edcias\"],\"inLanguage\":\"pt-PT\"},{\"@type\":\"WebPage\",\"@id\":\"https:\/\/portaltela.pt\/noticias\/2026\/01\/12\/governo-afirma-nao-ter-diminuido-o-controlo-de-fronteiras\/\",\"url\":\"https:\/\/portaltela.pt\/noticias\/2026\/01\/12\/governo-afirma-nao-ter-diminuido-o-controlo-de-fronteiras\/\",\"name\":\"Governo afirma n\u00e3o ter diminu\u00eddo o controlo de fronteiras - Portal Tela Portugal\",\"isPartOf\":{\"@id\":\"https:\/\/portaltela.pt\/#website\"},\"primaryImageOfPage\":{\"@id\":\"https:\/\/portaltela.pt\/noticias\/2026\/01\/12\/governo-afirma-nao-ter-diminuido-o-controlo-de-fronteiras\/#primaryimage\"},\"image\":{\"@id\":\"https:\/\/portaltela.pt\/noticias\/2026\/01\/12\/governo-afirma-nao-ter-diminuido-o-controlo-de-fronteiras\/#primaryimage\"},\"thumbnailUrl\":\"https:\/\/portaltela.pt\/s.01k8rhncp4jt1\/2026\/01\/seguro_outline_cor-57.jpg\",\"datePublished\":\"2026-01-12T21:45:00+00:00\",\"author\":{\"@id\":\"https:\/\/portaltela.pt\/#\/schema\/person\/c4278d4a6028830caff9ee44b42d32ed\"},\"breadcrumb\":{\"@id\":\"https:\/\/portaltela.pt\/noticias\/2026\/01\/12\/governo-afirma-nao-ter-diminuido-o-controlo-de-fronteiras\/#breadcrumb\"},\"inLanguage\":\"pt-PT\",\"potentialAction\":[{\"@type\":\"ReadAction\",\"target\":[\"https:\/\/portaltela.pt\/noticias\/2026\/01\/12\/governo-afirma-nao-ter-diminuido-o-controlo-de-fronteiras\/\"]}]},{\"@type\":\"ImageObject\",\"inLanguage\":\"pt-PT\",\"@id\":\"https:\/\/portaltela.pt\/noticias\/2026\/01\/12\/governo-afirma-nao-ter-diminuido-o-controlo-de-fronteiras\/#primaryimage\",\"url\":\"https:\/\/portaltela.pt\/s.01k8rhncp4jt1\/2026\/01\/seguro_outline_cor-57.jpg\",\"contentUrl\":\"https:\/\/portaltela.pt\/s.01k8rhncp4jt1\/2026\/01\/seguro_outline_cor-57.jpg\",\"width\":796,\"height\":448,\"caption\":\"Photo\"},{\"@type\":\"BreadcrumbList\",\"@id\":\"https:\/\/portaltela.pt\/noticias\/2026\/01\/12\/governo-afirma-nao-ter-diminuido-o-controlo-de-fronteiras\/#breadcrumb\",\"itemListElement\":[{\"@type\":\"ListItem\",\"position\":1,\"name\":\"In\u00edcio\",\"item\":\"https:\/\/portaltela.pt\/\"},{\"@type\":\"ListItem\",\"position\":2,\"name\":\"Governo afirma n\u00e3o ter diminu\u00eddo o controlo de fronteiras\"}]},{\"@type\":\"WebSite\",\"@id\":\"https:\/\/portaltela.pt\/#website\",\"url\":\"https:\/\/portaltela.pt\/\",\"name\":\"Portal Tela Portugal\",\"description\":\"\",\"potentialAction\":[{\"@type\":\"SearchAction\",\"target\":{\"@type\":\"EntryPoint\",\"urlTemplate\":\"https:\/\/portaltela.pt\/?s={search_term_string}\"},\"query-input\":{\"@type\":\"PropertyValueSpecification\",\"valueRequired\":true,\"valueName\":\"search_term_string\"}}],\"inLanguage\":\"pt-PT\"},{\"@type\":\"Person\",\"@id\":\"https:\/\/portaltela.pt\/#\/schema\/person\/c4278d4a6028830caff9ee44b42d32ed\",\"name\":\"Telinha\",\"image\":{\"@type\":\"ImageObject\",\"inLanguage\":\"pt-PT\",\"@id\":\"https:\/\/portaltela.pt\/s.01k8rhncp4jt1\/2025\/11\/talking-bot-125x125.png\",\"url\":\"https:\/\/portaltela.pt\/s.01k8rhncp4jt1\/2025\/11\/talking-bot-125x125.png\",\"contentUrl\":\"https:\/\/portaltela.pt\/s.01k8rhncp4jt1\/2025\/11\/talking-bot-125x125.png\",\"caption\":\"Telinha\"},\"sameAs\":[\"https:\/\/portaltela.pt\/\"],\"url\":\"https:\/\/portaltela.pt\/por\/367410592786\/\"}]}<\/script>\n<!-- \/ Yoast SEO plugin. -->","yoast_head_json":{"title":"Governo afirma n\u00e3o ter diminu\u00eddo o controlo de fronteiras - Portal Tela Portugal","robots":{"index":"index","follow":"follow","max-snippet":"max-snippet:-1","max-image-preview":"max-image-preview:large","max-video-preview":"max-video-preview:-1"},"og_locale":"pt_PT","og_type":"article","og_title":"Governo afirma n\u00e3o ter diminu\u00eddo o controlo de fronteiras - Portal Tela Portugal","og_description":"O Governo afirmou, em Lisboa, que n\u00e3o diminuiu o controlo de fronteiras, mesmo com a suspens\u00e3o do novo modelo europeu por tr\u00eas meses. A suspens\u00e3o destacou a necessidade de repensar o sistema \u00e0 escala europeia, para evitar filas de v\u00e1rias horas no Aeroporto Humberto Delgado. O ministro das Infraestruturas, Miguel Pinto Luz, disse que n\u00e3o houve qualquer redu\u00e7\u00e3o do controlo e que a medida visa preservar a credibilidade do pa\u00eds. O executivo vai refor\u00e7ar o controlo com mais efetivos da Guarda Nacional Republicana, entrada de mais efetivos e aquisi\u00e7\u00e3o de mais e-gates, al\u00e9m de aumentar a capacidade dos servidores. O Minist\u00e9rio da Administra\u00e7\u00e3o Interna justifica o refor\u00e7o com constrangimentos na zona de chegadas de passageiros n\u00e3o europeus e informou um aumento de cerca de 30% na capacidade de equipamentos de controlo das fronteiras externas.","og_url":"https:\/\/portaltela.pt\/noticias\/2026\/01\/12\/governo-afirma-nao-ter-diminuido-o-controlo-de-fronteiras\/","og_site_name":"Portal Tela Portugal","article_published_time":"2026-01-12T21:45:00+00:00","author":"Telinha","twitter_card":"summary_large_image","twitter_misc":{"Escrito por":"Telinha","Tempo estimado de leitura":"1 minuto"},"schema":{"@context":"https:\/\/schema.org","@graph":[{"@type":"Article","@id":"https:\/\/portaltela.pt\/noticias\/2026\/01\/12\/governo-afirma-nao-ter-diminuido-o-controlo-de-fronteiras\/#article","isPartOf":{"@id":"https:\/\/portaltela.pt\/noticias\/2026\/01\/12\/governo-afirma-nao-ter-diminuido-o-controlo-de-fronteiras\/"},"author":{"name":"Telinha","@id":"https:\/\/portaltela.pt\/#\/schema\/person\/c4278d4a6028830caff9ee44b42d32ed"},"headline":"Governo afirma n\u00e3o ter diminu\u00eddo o controlo de fronteiras","datePublished":"2026-01-12T21:45:00+00:00","mainEntityOfPage":{"@id":"https:\/\/portaltela.pt\/noticias\/2026\/01\/12\/governo-afirma-nao-ter-diminuido-o-controlo-de-fronteiras\/"},"wordCount":272,"image":{"@id":"https:\/\/portaltela.pt\/noticias\/2026\/01\/12\/governo-afirma-nao-ter-diminuido-o-controlo-de-fronteiras\/#primaryimage"},"thumbnailUrl":"https:\/\/portaltela.pt\/s.01k8rhncp4jt1\/2026\/01\/seguro_outline_cor-57.jpg","keywords":["administra\u00e7\u00e3o p\u00fablica","fiscaliza\u00e7\u00e3o de fronteiras","governo","imigra\u00e7\u00e3o","Lisboa","seguran\u00e7a p\u00fablica"],"articleSection":["Not\u00edcias"],"inLanguage":"pt-PT"},{"@type":"WebPage","@id":"https:\/\/portaltela.pt\/noticias\/2026\/01\/12\/governo-afirma-nao-ter-diminuido-o-controlo-de-fronteiras\/","url":"https:\/\/portaltela.pt\/noticias\/2026\/01\/12\/governo-afirma-nao-ter-diminuido-o-controlo-de-fronteiras\/","name":"Governo afirma n\u00e3o ter diminu\u00eddo o controlo de fronteiras - Portal Tela Portugal","isPartOf":{"@id":"https:\/\/portaltela.pt\/#website"},"primaryImageOfPage":{"@id":"https:\/\/portaltela.pt\/noticias\/2026\/01\/12\/governo-afirma-nao-ter-diminuido-o-controlo-de-fronteiras\/#primaryimage"},"image":{"@id":"https:\/\/portaltela.pt\/noticias\/2026\/01\/12\/governo-afirma-nao-ter-diminuido-o-controlo-de-fronteiras\/#primaryimage"},"thumbnailUrl":"https:\/\/portaltela.pt\/s.01k8rhncp4jt1\/2026\/01\/seguro_outline_cor-57.jpg","datePublished":"2026-01-12T21:45:00+00:00","author":{"@id":"https:\/\/portaltela.pt\/#\/schema\/person\/c4278d4a6028830caff9ee44b42d32ed"},"breadcrumb":{"@id":"https:\/\/portaltela.pt\/noticias\/2026\/01\/12\/governo-afirma-nao-ter-diminuido-o-controlo-de-fronteiras\/#breadcrumb"},"inLanguage":"pt-PT","potentialAction":[{"@type":"ReadAction","target":["https:\/\/portaltela.pt\/noticias\/2026\/01\/12\/governo-afirma-nao-ter-diminuido-o-controlo-de-fronteiras\/"]}]},{"@type":"ImageObject","inLanguage":"pt-PT","@id":"https:\/\/portaltela.pt\/noticias\/2026\/01\/12\/governo-afirma-nao-ter-diminuido-o-controlo-de-fronteiras\/#primaryimage","url":"https:\/\/portaltela.pt\/s.01k8rhncp4jt1\/2026\/01\/seguro_outline_cor-57.jpg","contentUrl":"https:\/\/portaltela.pt\/s.01k8rhncp4jt1\/2026\/01\/seguro_outline_cor-57.jpg","width":796,"height":448,"caption":"Photo"},{"@type":"BreadcrumbList","@id":"https:\/\/portaltela.pt\/noticias\/2026\/01\/12\/governo-afirma-nao-ter-diminuido-o-controlo-de-fronteiras\/#breadcrumb","itemListElement":[{"@type":"ListItem","position":1,"name":"In\u00edcio","item":"https:\/\/portaltela.pt\/"},{"@type":"ListItem","position":2,"name":"Governo afirma n\u00e3o ter diminu\u00eddo o controlo de fronteiras"}]},{"@type":"WebSite","@id":"https:\/\/portaltela.pt\/#website","url":"https:\/\/portaltela.pt\/","name":"Portal Tela Portugal","description":"","potentialAction":[{"@type":"SearchAction","target":{"@type":"EntryPoint","urlTemplate":"https:\/\/portaltela.pt\/?s={search_term_string}"},"query-input":{"@type":"PropertyValueSpecification","valueRequired":true,"valueName":"search_term_string"}}],"inLanguage":"pt-PT"},{"@type":"Person","@id":"https:\/\/portaltela.pt\/#\/schema\/person\/c4278d4a6028830caff9ee44b42d32ed","name":"Telinha","image":{"@type":"ImageObject","inLanguage":"pt-PT","@id":"https:\/\/portaltela.pt\/s.01k8rhncp4jt1\/2025\/11\/talking-bot-125x125.png","url":"https:\/\/portaltela.pt\/s.01k8rhncp4jt1\/2025\/11\/talking-bot-125x125.png","contentUrl":"https:\/\/portaltela.pt\/s.01k8rhncp4jt1\/2025\/11\/talking-bot-125x125.png","caption":"Telinha"},"sameAs":["https:\/\/portaltela.pt\/"],"url":"https:\/\/portaltela.pt\/por\/367410592786\/"}]}},"_links":{"self":[{"href":"https:\/\/portaltela.pt\/api\/wp\/v2\/posts\/136839","targetHints":{"allow":["GET"]}}],"collection":[{"href":"https:\/\/portaltela.pt\/api\/wp\/v2\/posts"}],"about":[{"href":"https:\/\/portaltela.pt\/api\/wp\/v2\/types\/post"}],"author":[{"embeddable":true,"href":"https:\/\/portaltela.pt\/api\/wp\/v2\/users\/2"}],"replies":[{"embeddable":true,"href":"https:\/\/portaltela.pt\/api\/wp\/v2\/comments?post=136839"}],"version-history":[{"count":0,"href":"https:\/\/portaltela.pt\/api\/wp\/v2\/posts\/136839\/revisions"}],"wp:featuredmedia":[{"embeddable":true,"href":"https:\/\/portaltela.pt\/api\/wp\/v2\/media\/136850"}],"wp:attachment":[{"href":"https:\/\/portaltela.pt\/api\/wp\/v2\/media?parent=136839"}],"wp:term":[{"taxonomy":"category","embeddable":true,"href":"https:\/\/portaltela.pt\/api\/wp\/v2\/categories?post=136839"},{"taxonomy":"post_tag","embeddable":true,"href":"https:\/\/portaltela.pt\/api\/wp\/v2\/tags?post=136839"}],"curies":[{"name":"wp","href":"https:\/\/api.w.org\/{rel}","templated":true}]}}