{"id":136831,"date":"2026-01-12T18:50:08","date_gmt":"2026-01-12T21:50:08","guid":{"rendered":"https:\/\/portaltela.pt\/noticias\/2026\/01\/12\/juventus-goleia-cremonese-e-sobe-ao-podio-da-serie-a\/"},"modified":"2026-01-12T18:50:08","modified_gmt":"2026-01-12T21:50:08","slug":"juventus-goleia-cremonese-e-sobe-ao-podio-da-serie-a","status":"publish","type":"post","link":"https:\/\/portaltela.pt\/desporto\/futebol\/2026\/01\/12\/juventus-goleia-cremonese-e-sobe-ao-podio-da-serie-a\/","title":{"rendered":"Juventus goleia Cremonese e sobe ao p\u00f3dio da Serie A"},"content":{"rendered":"<p>Nos \u00faltimos dois jogos da 20\u00aa jornada da Serie A, a Juventus goleou a Cremonese por 5-0. Francisco Concei\u00e7\u00e3o esteve ausente por les\u00e3o, enquanto Jo\u00e3o M\u00e1rio ficou no banco sem ser chamado.<\/p>\n<p>Bremer abriu o marcador aos 12 minutos e Davide David aos 15, antes de Nicola ser expulso por protesto. Com mais golos de Yildiz (35&#8242;), Terracciano (48&#8242;, autogolo) e McKennie (64&#8242;), a equipa de Luciano Spalletti consolidou o terceiro lugar, com 39 pontos. A Cremonese segue em 13\u00ba, com 22 pontos.<\/p>\n<h3>Juventus x Cremonese: schneller \u00eaxito e cambalhota de posi\u00e7\u00e3o<\/h3>\n<p>A vit\u00f3ria coloca a Juventus no p\u00f3dio da S\u00e9rie A, abaixo do l\u00edder Inter. O triunfo tamb\u00e9m consolidou a boa fase recente, num duelo disputado no est\u00e1dio da equipa piamontesa.<\/p>\n<h3>G\u00e9nova vence Cagliari com Vitinha a titular<\/h3>\n<p>O G\u00e9nova, que contou com Vitinha no onze inicial, venceu o Cagliari por 3-0. Com este resultado, o G\u00e9nova aproxima-se do Cagliari, fixando-se nos 19 pontos, em igualdade pontual com o advers\u00e1rio na classifica\u00e7\u00e3o.<\/p>\n","protected":false},"excerpt":{"rendered":"<ul>\n<li>A Juventus goleou a Cremonese por cinco a zero na 20.\u00aa jornada da Serie A, com Bremer aos 12 minutos e David aos 15 minutos a abrir o marcador; o treinador da Cremonese, Davide Nicola, foi expulso por protestos sobre um poss\u00edvel pen\u00e1lti.<\/li>\n<li>Yildiz, aos 35 minutos, Terracciano colocou autogolo aos 48 e McKennie aos 64 fecharam a vit\u00f3ria, mantendo a equipa de Luciano Spalletti no 3.\u00ba lugar com 39 pontos.<\/li>\n<li>Francisco Concei\u00e7\u00e3o ficou fora por les\u00e3o e Jo\u00e3o M\u00e1rio ficou no banco, sem entrar em a\u00e7\u00e3o, na vit\u00f3ria da Juventus.<\/li>\n<li>A Cremonese fica em 13.\u00ba lugar com 22 pontos.<\/li>\n<li>O G\u00e9nova, com Vitinha a titular, venceu o Cagliari por 3-0, igualando os pontos da equipa advers\u00e1ria, ambos com 19 na classifica\u00e7\u00e3o.<\/li>\n<\/ul>\n","protected":false},"author":2,"featured_media":136840,"comment_status":"closed","ping_status":"closed","sticky":false,"template":"","format":"standard","meta":{"footnotes":""},"categories":[21,24],"tags":[2690,32,1747,2499,2119,2752],"class_list":["post-136831","post","type-post","status-publish","format-standard","has-post-thumbnail","hentry","category-desporto","category-futebol","tag-cagliari","tag-futebol","tag-futebol-profissional","tag-genova","tag-inter-de-milao","tag-vitinha"],"yoast_head":"<!-- This site is optimized with the Yoast SEO plugin v27.2 - https:\/\/yoast.com\/product\/yoast-seo-wordpress\/ -->\n<title>Juventus goleia Cremonese e sobe ao p\u00f3dio da Serie A - Portal Tela Portugal<\/title>\n<meta name=\"robots\" content=\"index, follow, max-snippet:-1, max-image-preview:large, max-video-preview:-1\" \/>\n<meta property=\"og:locale\" content=\"pt_PT\" \/>\n<meta property=\"og:type\" content=\"article\" \/>\n<meta property=\"og:title\" content=\"Juventus goleia Cremonese e sobe ao p\u00f3dio da Serie A - Portal Tela Portugal\" \/>\n<meta property=\"og:description\" content=\"A Juventus goleou a Cremonese por cinco a zero na 20.\u00aa jornada da Serie A, com Bremer aos 12 minutos e David aos 15 minutos a abrir o marcador; o treinador da Cremonese, Davide Nicola, foi expulso por protestos sobre um poss\u00edvel pen\u00e1lti. Yildiz, aos 35 minutos, Terracciano colocou autogolo aos 48 e McKennie aos 64 fecharam a vit\u00f3ria, mantendo a equipa de Luciano Spalletti no 3.\u00ba lugar com 39 pontos. Francisco Concei\u00e7\u00e3o ficou fora por les\u00e3o e Jo\u00e3o M\u00e1rio ficou no banco, sem entrar em a\u00e7\u00e3o, na vit\u00f3ria da Juventus. A Cremonese fica em 13.\u00ba lugar com 22 pontos. O G\u00e9nova, com Vitinha a titular, venceu o Cagliari por 3-0, igualando os pontos da equipa advers\u00e1ria, ambos com 19 na classifica\u00e7\u00e3o.\" \/>\n<meta property=\"og:url\" content=\"https:\/\/portaltela.pt\/noticias\/2026\/01\/12\/juventus-goleia-cremonese-e-sobe-ao-podio-da-serie-a\/\" \/>\n<meta property=\"og:site_name\" content=\"Portal Tela Portugal\" \/>\n<meta property=\"article:published_time\" content=\"2026-01-12T21:50:08+00:00\" \/>\n<meta name=\"author\" content=\"Telinha\" \/>\n<meta name=\"twitter:card\" content=\"summary_large_image\" \/>\n<meta name=\"twitter:label1\" content=\"Escrito por\" \/>\n\t<meta name=\"twitter:data1\" content=\"Telinha\" \/>\n\t<meta name=\"twitter:label2\" content=\"Tempo estimado de leitura\" \/>\n\t<meta name=\"twitter:data2\" content=\"1 minuto\" \/>\n<script type=\"application\/ld+json\" class=\"yoast-schema-graph\">{\"@context\":\"https:\/\/schema.org\",\"@graph\":[{\"@type\":\"Article\",\"@id\":\"https:\/\/portaltela.pt\/noticias\/2026\/01\/12\/juventus-goleia-cremonese-e-sobe-ao-podio-da-serie-a\/#article\",\"isPartOf\":{\"@id\":\"https:\/\/portaltela.pt\/noticias\/2026\/01\/12\/juventus-goleia-cremonese-e-sobe-ao-podio-da-serie-a\/\"},\"author\":{\"name\":\"Telinha\",\"@id\":\"https:\/\/portaltela.pt\/#\/schema\/person\/c4278d4a6028830caff9ee44b42d32ed\"},\"headline\":\"Juventus goleia Cremonese e sobe ao p\u00f3dio da Serie A\",\"datePublished\":\"2026-01-12T21:50:08+00:00\",\"mainEntityOfPage\":{\"@id\":\"https:\/\/portaltela.pt\/noticias\/2026\/01\/12\/juventus-goleia-cremonese-e-sobe-ao-podio-da-serie-a\/\"},\"wordCount\":180,\"image\":{\"@id\":\"https:\/\/portaltela.pt\/noticias\/2026\/01\/12\/juventus-goleia-cremonese-e-sobe-ao-podio-da-serie-a\/#primaryimage\"},\"thumbnailUrl\":\"https:\/\/portaltela.pt\/s.01k8rhncp4jt1\/2026\/01\/img_920x518uu2026-01-12-21-49-54-2414401.jpg\",\"keywords\":[\"Cagliari\",\"futebol\",\"Futebol Profissional\",\"G\u00eanova\",\"Inter de Mil\u00e3o\",\"Vitinha\"],\"articleSection\":[\"Desporto\",\"Futebol\"],\"inLanguage\":\"pt-PT\"},{\"@type\":\"WebPage\",\"@id\":\"https:\/\/portaltela.pt\/noticias\/2026\/01\/12\/juventus-goleia-cremonese-e-sobe-ao-podio-da-serie-a\/\",\"url\":\"https:\/\/portaltela.pt\/noticias\/2026\/01\/12\/juventus-goleia-cremonese-e-sobe-ao-podio-da-serie-a\/\",\"name\":\"Juventus goleia Cremonese e sobe ao p\u00f3dio da Serie A - Portal Tela Portugal\",\"isPartOf\":{\"@id\":\"https:\/\/portaltela.pt\/#website\"},\"primaryImageOfPage\":{\"@id\":\"https:\/\/portaltela.pt\/noticias\/2026\/01\/12\/juventus-goleia-cremonese-e-sobe-ao-podio-da-serie-a\/#primaryimage\"},\"image\":{\"@id\":\"https:\/\/portaltela.pt\/noticias\/2026\/01\/12\/juventus-goleia-cremonese-e-sobe-ao-podio-da-serie-a\/#primaryimage\"},\"thumbnailUrl\":\"https:\/\/portaltela.pt\/s.01k8rhncp4jt1\/2026\/01\/img_920x518uu2026-01-12-21-49-54-2414401.jpg\",\"datePublished\":\"2026-01-12T21:50:08+00:00\",\"author\":{\"@id\":\"https:\/\/portaltela.pt\/#\/schema\/person\/c4278d4a6028830caff9ee44b42d32ed\"},\"breadcrumb\":{\"@id\":\"https:\/\/portaltela.pt\/noticias\/2026\/01\/12\/juventus-goleia-cremonese-e-sobe-ao-podio-da-serie-a\/#breadcrumb\"},\"inLanguage\":\"pt-PT\",\"potentialAction\":[{\"@type\":\"ReadAction\",\"target\":[\"https:\/\/portaltela.pt\/noticias\/2026\/01\/12\/juventus-goleia-cremonese-e-sobe-ao-podio-da-serie-a\/\"]}]},{\"@type\":\"ImageObject\",\"inLanguage\":\"pt-PT\",\"@id\":\"https:\/\/portaltela.pt\/noticias\/2026\/01\/12\/juventus-goleia-cremonese-e-sobe-ao-podio-da-serie-a\/#primaryimage\",\"url\":\"https:\/\/portaltela.pt\/s.01k8rhncp4jt1\/2026\/01\/img_920x518uu2026-01-12-21-49-54-2414401.jpg\",\"contentUrl\":\"https:\/\/portaltela.pt\/s.01k8rhncp4jt1\/2026\/01\/img_920x518uu2026-01-12-21-49-54-2414401.jpg\",\"width\":796,\"height\":448,\"caption\":\"Jogadores da Juventus celebram vit\u00f3ria sobre o Cremonese na Serie A\"},{\"@type\":\"BreadcrumbList\",\"@id\":\"https:\/\/portaltela.pt\/noticias\/2026\/01\/12\/juventus-goleia-cremonese-e-sobe-ao-podio-da-serie-a\/#breadcrumb\",\"itemListElement\":[{\"@type\":\"ListItem\",\"position\":1,\"name\":\"In\u00edcio\",\"item\":\"https:\/\/portaltela.pt\/\"},{\"@type\":\"ListItem\",\"position\":2,\"name\":\"Juventus goleia Cremonese e sobe ao p\u00f3dio da Serie A\"}]},{\"@type\":\"WebSite\",\"@id\":\"https:\/\/portaltela.pt\/#website\",\"url\":\"https:\/\/portaltela.pt\/\",\"name\":\"Portal Tela Portugal\",\"description\":\"\",\"potentialAction\":[{\"@type\":\"SearchAction\",\"target\":{\"@type\":\"EntryPoint\",\"urlTemplate\":\"https:\/\/portaltela.pt\/?s={search_term_string}\"},\"query-input\":{\"@type\":\"PropertyValueSpecification\",\"valueRequired\":true,\"valueName\":\"search_term_string\"}}],\"inLanguage\":\"pt-PT\"},{\"@type\":\"Person\",\"@id\":\"https:\/\/portaltela.pt\/#\/schema\/person\/c4278d4a6028830caff9ee44b42d32ed\",\"name\":\"Telinha\",\"image\":{\"@type\":\"ImageObject\",\"inLanguage\":\"pt-PT\",\"@id\":\"https:\/\/portaltela.pt\/s.01k8rhncp4jt1\/2025\/11\/talking-bot-125x125.png\",\"url\":\"https:\/\/portaltela.pt\/s.01k8rhncp4jt1\/2025\/11\/talking-bot-125x125.png\",\"contentUrl\":\"https:\/\/portaltela.pt\/s.01k8rhncp4jt1\/2025\/11\/talking-bot-125x125.png\",\"caption\":\"Telinha\"},\"sameAs\":[\"https:\/\/portaltela.pt\/\"],\"url\":\"https:\/\/portaltela.pt\/por\/367410592786\/\"}]}<\/script>\n<!-- \/ Yoast SEO plugin. -->","yoast_head_json":{"title":"Juventus goleia Cremonese e sobe ao p\u00f3dio da Serie A - Portal Tela Portugal","robots":{"index":"index","follow":"follow","max-snippet":"max-snippet:-1","max-image-preview":"max-image-preview:large","max-video-preview":"max-video-preview:-1"},"og_locale":"pt_PT","og_type":"article","og_title":"Juventus goleia Cremonese e sobe ao p\u00f3dio da Serie A - Portal Tela Portugal","og_description":"A Juventus goleou a Cremonese por cinco a zero na 20.\u00aa jornada da Serie A, com Bremer aos 12 minutos e David aos 15 minutos a abrir o marcador; o treinador da Cremonese, Davide Nicola, foi expulso por protestos sobre um poss\u00edvel pen\u00e1lti. Yildiz, aos 35 minutos, Terracciano colocou autogolo aos 48 e McKennie aos 64 fecharam a vit\u00f3ria, mantendo a equipa de Luciano Spalletti no 3.\u00ba lugar com 39 pontos. Francisco Concei\u00e7\u00e3o ficou fora por les\u00e3o e Jo\u00e3o M\u00e1rio ficou no banco, sem entrar em a\u00e7\u00e3o, na vit\u00f3ria da Juventus. A Cremonese fica em 13.\u00ba lugar com 22 pontos. O G\u00e9nova, com Vitinha a titular, venceu o Cagliari por 3-0, igualando os pontos da equipa advers\u00e1ria, ambos com 19 na classifica\u00e7\u00e3o.","og_url":"https:\/\/portaltela.pt\/noticias\/2026\/01\/12\/juventus-goleia-cremonese-e-sobe-ao-podio-da-serie-a\/","og_site_name":"Portal Tela Portugal","article_published_time":"2026-01-12T21:50:08+00:00","author":"Telinha","twitter_card":"summary_large_image","twitter_misc":{"Escrito por":"Telinha","Tempo estimado de leitura":"1 minuto"},"schema":{"@context":"https:\/\/schema.org","@graph":[{"@type":"Article","@id":"https:\/\/portaltela.pt\/noticias\/2026\/01\/12\/juventus-goleia-cremonese-e-sobe-ao-podio-da-serie-a\/#article","isPartOf":{"@id":"https:\/\/portaltela.pt\/noticias\/2026\/01\/12\/juventus-goleia-cremonese-e-sobe-ao-podio-da-serie-a\/"},"author":{"name":"Telinha","@id":"https:\/\/portaltela.pt\/#\/schema\/person\/c4278d4a6028830caff9ee44b42d32ed"},"headline":"Juventus goleia Cremonese e sobe ao p\u00f3dio da Serie A","datePublished":"2026-01-12T21:50:08+00:00","mainEntityOfPage":{"@id":"https:\/\/portaltela.pt\/noticias\/2026\/01\/12\/juventus-goleia-cremonese-e-sobe-ao-podio-da-serie-a\/"},"wordCount":180,"image":{"@id":"https:\/\/portaltela.pt\/noticias\/2026\/01\/12\/juventus-goleia-cremonese-e-sobe-ao-podio-da-serie-a\/#primaryimage"},"thumbnailUrl":"https:\/\/portaltela.pt\/s.01k8rhncp4jt1\/2026\/01\/img_920x518uu2026-01-12-21-49-54-2414401.jpg","keywords":["Cagliari","futebol","Futebol Profissional","G\u00eanova","Inter de Mil\u00e3o","Vitinha"],"articleSection":["Desporto","Futebol"],"inLanguage":"pt-PT"},{"@type":"WebPage","@id":"https:\/\/portaltela.pt\/noticias\/2026\/01\/12\/juventus-goleia-cremonese-e-sobe-ao-podio-da-serie-a\/","url":"https:\/\/portaltela.pt\/noticias\/2026\/01\/12\/juventus-goleia-cremonese-e-sobe-ao-podio-da-serie-a\/","name":"Juventus goleia Cremonese e sobe ao p\u00f3dio da Serie A - Portal Tela Portugal","isPartOf":{"@id":"https:\/\/portaltela.pt\/#website"},"primaryImageOfPage":{"@id":"https:\/\/portaltela.pt\/noticias\/2026\/01\/12\/juventus-goleia-cremonese-e-sobe-ao-podio-da-serie-a\/#primaryimage"},"image":{"@id":"https:\/\/portaltela.pt\/noticias\/2026\/01\/12\/juventus-goleia-cremonese-e-sobe-ao-podio-da-serie-a\/#primaryimage"},"thumbnailUrl":"https:\/\/portaltela.pt\/s.01k8rhncp4jt1\/2026\/01\/img_920x518uu2026-01-12-21-49-54-2414401.jpg","datePublished":"2026-01-12T21:50:08+00:00","author":{"@id":"https:\/\/portaltela.pt\/#\/schema\/person\/c4278d4a6028830caff9ee44b42d32ed"},"breadcrumb":{"@id":"https:\/\/portaltela.pt\/noticias\/2026\/01\/12\/juventus-goleia-cremonese-e-sobe-ao-podio-da-serie-a\/#breadcrumb"},"inLanguage":"pt-PT","potentialAction":[{"@type":"ReadAction","target":["https:\/\/portaltela.pt\/noticias\/2026\/01\/12\/juventus-goleia-cremonese-e-sobe-ao-podio-da-serie-a\/"]}]},{"@type":"ImageObject","inLanguage":"pt-PT","@id":"https:\/\/portaltela.pt\/noticias\/2026\/01\/12\/juventus-goleia-cremonese-e-sobe-ao-podio-da-serie-a\/#primaryimage","url":"https:\/\/portaltela.pt\/s.01k8rhncp4jt1\/2026\/01\/img_920x518uu2026-01-12-21-49-54-2414401.jpg","contentUrl":"https:\/\/portaltela.pt\/s.01k8rhncp4jt1\/2026\/01\/img_920x518uu2026-01-12-21-49-54-2414401.jpg","width":796,"height":448,"caption":"Jogadores da Juventus celebram vit\u00f3ria sobre o Cremonese na Serie A"},{"@type":"BreadcrumbList","@id":"https:\/\/portaltela.pt\/noticias\/2026\/01\/12\/juventus-goleia-cremonese-e-sobe-ao-podio-da-serie-a\/#breadcrumb","itemListElement":[{"@type":"ListItem","position":1,"name":"In\u00edcio","item":"https:\/\/portaltela.pt\/"},{"@type":"ListItem","position":2,"name":"Juventus goleia Cremonese e sobe ao p\u00f3dio da Serie A"}]},{"@type":"WebSite","@id":"https:\/\/portaltela.pt\/#website","url":"https:\/\/portaltela.pt\/","name":"Portal Tela Portugal","description":"","potentialAction":[{"@type":"SearchAction","target":{"@type":"EntryPoint","urlTemplate":"https:\/\/portaltela.pt\/?s={search_term_string}"},"query-input":{"@type":"PropertyValueSpecification","valueRequired":true,"valueName":"search_term_string"}}],"inLanguage":"pt-PT"},{"@type":"Person","@id":"https:\/\/portaltela.pt\/#\/schema\/person\/c4278d4a6028830caff9ee44b42d32ed","name":"Telinha","image":{"@type":"ImageObject","inLanguage":"pt-PT","@id":"https:\/\/portaltela.pt\/s.01k8rhncp4jt1\/2025\/11\/talking-bot-125x125.png","url":"https:\/\/portaltela.pt\/s.01k8rhncp4jt1\/2025\/11\/talking-bot-125x125.png","contentUrl":"https:\/\/portaltela.pt\/s.01k8rhncp4jt1\/2025\/11\/talking-bot-125x125.png","caption":"Telinha"},"sameAs":["https:\/\/portaltela.pt\/"],"url":"https:\/\/portaltela.pt\/por\/367410592786\/"}]}},"_links":{"self":[{"href":"https:\/\/portaltela.pt\/api\/wp\/v2\/posts\/136831","targetHints":{"allow":["GET"]}}],"collection":[{"href":"https:\/\/portaltela.pt\/api\/wp\/v2\/posts"}],"about":[{"href":"https:\/\/portaltela.pt\/api\/wp\/v2\/types\/post"}],"author":[{"embeddable":true,"href":"https:\/\/portaltela.pt\/api\/wp\/v2\/users\/2"}],"replies":[{"embeddable":true,"href":"https:\/\/portaltela.pt\/api\/wp\/v2\/comments?post=136831"}],"version-history":[{"count":0,"href":"https:\/\/portaltela.pt\/api\/wp\/v2\/posts\/136831\/revisions"}],"wp:featuredmedia":[{"embeddable":true,"href":"https:\/\/portaltela.pt\/api\/wp\/v2\/media\/136840"}],"wp:attachment":[{"href":"https:\/\/portaltela.pt\/api\/wp\/v2\/media?parent=136831"}],"wp:term":[{"taxonomy":"category","embeddable":true,"href":"https:\/\/portaltela.pt\/api\/wp\/v2\/categories?post=136831"},{"taxonomy":"post_tag","embeddable":true,"href":"https:\/\/portaltela.pt\/api\/wp\/v2\/tags?post=136831"}],"curies":[{"name":"wp","href":"https:\/\/api.w.org\/{rel}","templated":true}]}}