{"id":136811,"date":"2026-01-12T18:05:59","date_gmt":"2026-01-12T21:05:59","guid":{"rendered":"https:\/\/portaltela.pt\/noticias\/2026\/01\/12\/netflix-divulga-trailer-da-segunda-temporada-de-one-piece\/"},"modified":"2026-01-12T18:05:59","modified_gmt":"2026-01-12T21:05:59","slug":"netflix-divulga-trailer-da-segunda-temporada-de-one-piece","status":"publish","type":"post","link":"https:\/\/portaltela.pt\/noticias\/2026\/01\/12\/netflix-divulga-trailer-da-segunda-temporada-de-one-piece\/","title":{"rendered":"Netflix divulga trailer da segunda temporada de One Piece"},"content":{"rendered":"<p>A Netflix divulgou um trailer da segunda temporada de One Piece, marcado para chegar a 10 de mar\u00e7o de 2026. A estreia ser\u00e1 em streaming, com oito epis\u00f3dios previstos.<\/p>\n<p>O foco do novo material \u00e9 a Baroque Works, a organiza\u00e7\u00e3o criminosa que j\u00e1 tinha sido mencionada na primeira temporada. O trailer revela parte do elenco associado a este grupo.<\/p>\n<p>Entre as personagens apresentadas no material est\u00e3o Miss Wednesday, Mr. 9, Miss Valentine, Mr. 5, Miss Goldenweek, Mr. 3 e Miss All-Sunday, tamb\u00e9m conhecida como Nico Robin. A terceira temporada j\u00e1 est\u00e1 confirmada e em desenvolvimento.<\/p>\n<h3>Conte\u00fado e estreia<\/h3>\n<p>A segunda temporada mant\u00e9m a linha de apresentarem novas faces e confrontos dentro do universo da s\u00e9rie. O an\u00fancio indica que os oito epis\u00f3dios ser\u00e3o disponibilizados de forma simult\u00e2nea, permitindo aos f\u00e3s acompanhar a narrativa de forma cont\u00ednua. A produ\u00e7\u00e3o aponta para uma expans\u00e3o significativa do enredo, com a Baroque Works a ganhar protagonismo.<\/p>\n","protected":false},"excerpt":{"rendered":"<ul>\n<li>A Netflix partilhou o trailer da segunda temporada de \u201cOne Piece\u201d, com estreia marcada para mar\u00e7o de 2026.<\/li>\n<li>A nova temporada introduz a organiza\u00e7\u00e3o criminosa Baroque Works, que ganha maior import\u00e2ncia nos novos epis\u00f3dios.<\/li>\n<li>No trailer aparecem personagens como Miss Wednesday, Mr. 9, Miss Valentine, Mr. 5, Miss Goldenweek, Mr. 3 e Miss All-Sunday (Nico Robin).<\/li>\n<li>A segunda temporada \u00e9 composta por oito epis\u00f3dios e ser\u00e1 disponibilizada em 10 de mar\u00e7o.<\/li>\n<li>A terceira temporada de \u201cOne Piece\u201d j\u00e1 foi confirmada e est\u00e1 em desenvolvimento.<\/li>\n<\/ul>\n","protected":false},"author":2,"featured_media":136842,"comment_status":"closed","ping_status":"closed","sticky":false,"template":"","format":"standard","meta":{"footnotes":""},"categories":[12,1],"tags":[113,2927,2921,2390,2780],"class_list":["post-136811","post","type-post","status-publish","format-standard","has-post-thumbnail","hentry","category-entretenimento","category-noticias","tag-filmes-e-series","tag-minisserie","tag-netflix","tag-series","tag-transmissoes-televisivas"],"yoast_head":"<!-- This site is optimized with the Yoast SEO plugin v27.2 - https:\/\/yoast.com\/product\/yoast-seo-wordpress\/ -->\n<title>Netflix divulga trailer da segunda temporada de One Piece - Portal Tela Portugal<\/title>\n<meta name=\"robots\" content=\"index, follow, max-snippet:-1, max-image-preview:large, max-video-preview:-1\" \/>\n<meta property=\"og:locale\" content=\"pt_PT\" \/>\n<meta property=\"og:type\" content=\"article\" \/>\n<meta property=\"og:title\" content=\"Netflix divulga trailer da segunda temporada de One Piece - Portal Tela Portugal\" \/>\n<meta property=\"og:description\" content=\"A Netflix partilhou o trailer da segunda temporada de \u201cOne Piece\u201d, com estreia marcada para mar\u00e7o de 2026. A nova temporada introduz a organiza\u00e7\u00e3o criminosa Baroque Works, que ganha maior import\u00e2ncia nos novos epis\u00f3dios. No trailer aparecem personagens como Miss Wednesday, Mr. 9, Miss Valentine, Mr. 5, Miss Goldenweek, Mr. 3 e Miss All-Sunday (Nico Robin). A segunda temporada \u00e9 composta por oito epis\u00f3dios e ser\u00e1 disponibilizada em 10 de mar\u00e7o. A terceira temporada de \u201cOne Piece\u201d j\u00e1 foi confirmada e est\u00e1 em desenvolvimento.\" \/>\n<meta property=\"og:url\" content=\"https:\/\/portaltela.pt\/noticias\/2026\/01\/12\/netflix-divulga-trailer-da-segunda-temporada-de-one-piece\/\" \/>\n<meta property=\"og:site_name\" content=\"Portal Tela Portugal\" \/>\n<meta property=\"article:published_time\" content=\"2026-01-12T21:05:59+00:00\" \/>\n<meta name=\"author\" content=\"Telinha\" \/>\n<meta name=\"twitter:card\" content=\"summary_large_image\" \/>\n<meta name=\"twitter:label1\" content=\"Escrito por\" \/>\n\t<meta name=\"twitter:data1\" content=\"Telinha\" \/>\n\t<meta name=\"twitter:label2\" content=\"Tempo estimado de leitura\" \/>\n\t<meta name=\"twitter:data2\" content=\"1 minuto\" \/>\n<script type=\"application\/ld+json\" class=\"yoast-schema-graph\">{\"@context\":\"https:\/\/schema.org\",\"@graph\":[{\"@type\":\"Article\",\"@id\":\"https:\/\/portaltela.pt\/noticias\/2026\/01\/12\/netflix-divulga-trailer-da-segunda-temporada-de-one-piece\/#article\",\"isPartOf\":{\"@id\":\"https:\/\/portaltela.pt\/noticias\/2026\/01\/12\/netflix-divulga-trailer-da-segunda-temporada-de-one-piece\/\"},\"author\":{\"name\":\"Telinha\",\"@id\":\"https:\/\/portaltela.pt\/#\/schema\/person\/c4278d4a6028830caff9ee44b42d32ed\"},\"headline\":\"Netflix divulga trailer da segunda temporada de One Piece\",\"datePublished\":\"2026-01-12T21:05:59+00:00\",\"mainEntityOfPage\":{\"@id\":\"https:\/\/portaltela.pt\/noticias\/2026\/01\/12\/netflix-divulga-trailer-da-segunda-temporada-de-one-piece\/\"},\"wordCount\":171,\"image\":{\"@id\":\"https:\/\/portaltela.pt\/noticias\/2026\/01\/12\/netflix-divulga-trailer-da-segunda-temporada-de-one-piece\/#primaryimage\"},\"thumbnailUrl\":\"https:\/\/portaltela.pt\/s.01k8rhncp4jt1\/2026\/01\/unnamed-file-2558.jpg\",\"keywords\":[\"filmes e s\u00e9ries\",\"miniss\u00e9rie\",\"Netflix\",\"S\u00c9RIES\",\"transmiss\u00f5es televisivas\"],\"articleSection\":[\"Entretenimento\",\"Not\u00edcias\"],\"inLanguage\":\"pt-PT\"},{\"@type\":\"WebPage\",\"@id\":\"https:\/\/portaltela.pt\/noticias\/2026\/01\/12\/netflix-divulga-trailer-da-segunda-temporada-de-one-piece\/\",\"url\":\"https:\/\/portaltela.pt\/noticias\/2026\/01\/12\/netflix-divulga-trailer-da-segunda-temporada-de-one-piece\/\",\"name\":\"Netflix divulga trailer da segunda temporada de One Piece - Portal Tela Portugal\",\"isPartOf\":{\"@id\":\"https:\/\/portaltela.pt\/#website\"},\"primaryImageOfPage\":{\"@id\":\"https:\/\/portaltela.pt\/noticias\/2026\/01\/12\/netflix-divulga-trailer-da-segunda-temporada-de-one-piece\/#primaryimage\"},\"image\":{\"@id\":\"https:\/\/portaltela.pt\/noticias\/2026\/01\/12\/netflix-divulga-trailer-da-segunda-temporada-de-one-piece\/#primaryimage\"},\"thumbnailUrl\":\"https:\/\/portaltela.pt\/s.01k8rhncp4jt1\/2026\/01\/unnamed-file-2558.jpg\",\"datePublished\":\"2026-01-12T21:05:59+00:00\",\"author\":{\"@id\":\"https:\/\/portaltela.pt\/#\/schema\/person\/c4278d4a6028830caff9ee44b42d32ed\"},\"breadcrumb\":{\"@id\":\"https:\/\/portaltela.pt\/noticias\/2026\/01\/12\/netflix-divulga-trailer-da-segunda-temporada-de-one-piece\/#breadcrumb\"},\"inLanguage\":\"pt-PT\",\"potentialAction\":[{\"@type\":\"ReadAction\",\"target\":[\"https:\/\/portaltela.pt\/noticias\/2026\/01\/12\/netflix-divulga-trailer-da-segunda-temporada-de-one-piece\/\"]}]},{\"@type\":\"ImageObject\",\"inLanguage\":\"pt-PT\",\"@id\":\"https:\/\/portaltela.pt\/noticias\/2026\/01\/12\/netflix-divulga-trailer-da-segunda-temporada-de-one-piece\/#primaryimage\",\"url\":\"https:\/\/portaltela.pt\/s.01k8rhncp4jt1\/2026\/01\/unnamed-file-2558.jpg\",\"contentUrl\":\"https:\/\/portaltela.pt\/s.01k8rhncp4jt1\/2026\/01\/unnamed-file-2558.jpg\",\"width\":796,\"height\":448,\"caption\":\"Photo\"},{\"@type\":\"BreadcrumbList\",\"@id\":\"https:\/\/portaltela.pt\/noticias\/2026\/01\/12\/netflix-divulga-trailer-da-segunda-temporada-de-one-piece\/#breadcrumb\",\"itemListElement\":[{\"@type\":\"ListItem\",\"position\":1,\"name\":\"In\u00edcio\",\"item\":\"https:\/\/portaltela.pt\/\"},{\"@type\":\"ListItem\",\"position\":2,\"name\":\"Netflix divulga trailer da segunda temporada de One Piece\"}]},{\"@type\":\"WebSite\",\"@id\":\"https:\/\/portaltela.pt\/#website\",\"url\":\"https:\/\/portaltela.pt\/\",\"name\":\"Portal Tela Portugal\",\"description\":\"\",\"potentialAction\":[{\"@type\":\"SearchAction\",\"target\":{\"@type\":\"EntryPoint\",\"urlTemplate\":\"https:\/\/portaltela.pt\/?s={search_term_string}\"},\"query-input\":{\"@type\":\"PropertyValueSpecification\",\"valueRequired\":true,\"valueName\":\"search_term_string\"}}],\"inLanguage\":\"pt-PT\"},{\"@type\":\"Person\",\"@id\":\"https:\/\/portaltela.pt\/#\/schema\/person\/c4278d4a6028830caff9ee44b42d32ed\",\"name\":\"Telinha\",\"image\":{\"@type\":\"ImageObject\",\"inLanguage\":\"pt-PT\",\"@id\":\"https:\/\/portaltela.pt\/s.01k8rhncp4jt1\/2025\/11\/talking-bot-125x125.png\",\"url\":\"https:\/\/portaltela.pt\/s.01k8rhncp4jt1\/2025\/11\/talking-bot-125x125.png\",\"contentUrl\":\"https:\/\/portaltela.pt\/s.01k8rhncp4jt1\/2025\/11\/talking-bot-125x125.png\",\"caption\":\"Telinha\"},\"sameAs\":[\"https:\/\/portaltela.pt\/\"],\"url\":\"https:\/\/portaltela.pt\/por\/367410592786\/\"}]}<\/script>\n<!-- \/ Yoast SEO plugin. -->","yoast_head_json":{"title":"Netflix divulga trailer da segunda temporada de One Piece - Portal Tela Portugal","robots":{"index":"index","follow":"follow","max-snippet":"max-snippet:-1","max-image-preview":"max-image-preview:large","max-video-preview":"max-video-preview:-1"},"og_locale":"pt_PT","og_type":"article","og_title":"Netflix divulga trailer da segunda temporada de One Piece - Portal Tela Portugal","og_description":"A Netflix partilhou o trailer da segunda temporada de \u201cOne Piece\u201d, com estreia marcada para mar\u00e7o de 2026. A nova temporada introduz a organiza\u00e7\u00e3o criminosa Baroque Works, que ganha maior import\u00e2ncia nos novos epis\u00f3dios. No trailer aparecem personagens como Miss Wednesday, Mr. 9, Miss Valentine, Mr. 5, Miss Goldenweek, Mr. 3 e Miss All-Sunday (Nico Robin). A segunda temporada \u00e9 composta por oito epis\u00f3dios e ser\u00e1 disponibilizada em 10 de mar\u00e7o. A terceira temporada de \u201cOne Piece\u201d j\u00e1 foi confirmada e est\u00e1 em desenvolvimento.","og_url":"https:\/\/portaltela.pt\/noticias\/2026\/01\/12\/netflix-divulga-trailer-da-segunda-temporada-de-one-piece\/","og_site_name":"Portal Tela Portugal","article_published_time":"2026-01-12T21:05:59+00:00","author":"Telinha","twitter_card":"summary_large_image","twitter_misc":{"Escrito por":"Telinha","Tempo estimado de leitura":"1 minuto"},"schema":{"@context":"https:\/\/schema.org","@graph":[{"@type":"Article","@id":"https:\/\/portaltela.pt\/noticias\/2026\/01\/12\/netflix-divulga-trailer-da-segunda-temporada-de-one-piece\/#article","isPartOf":{"@id":"https:\/\/portaltela.pt\/noticias\/2026\/01\/12\/netflix-divulga-trailer-da-segunda-temporada-de-one-piece\/"},"author":{"name":"Telinha","@id":"https:\/\/portaltela.pt\/#\/schema\/person\/c4278d4a6028830caff9ee44b42d32ed"},"headline":"Netflix divulga trailer da segunda temporada de One Piece","datePublished":"2026-01-12T21:05:59+00:00","mainEntityOfPage":{"@id":"https:\/\/portaltela.pt\/noticias\/2026\/01\/12\/netflix-divulga-trailer-da-segunda-temporada-de-one-piece\/"},"wordCount":171,"image":{"@id":"https:\/\/portaltela.pt\/noticias\/2026\/01\/12\/netflix-divulga-trailer-da-segunda-temporada-de-one-piece\/#primaryimage"},"thumbnailUrl":"https:\/\/portaltela.pt\/s.01k8rhncp4jt1\/2026\/01\/unnamed-file-2558.jpg","keywords":["filmes e s\u00e9ries","miniss\u00e9rie","Netflix","S\u00c9RIES","transmiss\u00f5es televisivas"],"articleSection":["Entretenimento","Not\u00edcias"],"inLanguage":"pt-PT"},{"@type":"WebPage","@id":"https:\/\/portaltela.pt\/noticias\/2026\/01\/12\/netflix-divulga-trailer-da-segunda-temporada-de-one-piece\/","url":"https:\/\/portaltela.pt\/noticias\/2026\/01\/12\/netflix-divulga-trailer-da-segunda-temporada-de-one-piece\/","name":"Netflix divulga trailer da segunda temporada de One Piece - Portal Tela Portugal","isPartOf":{"@id":"https:\/\/portaltela.pt\/#website"},"primaryImageOfPage":{"@id":"https:\/\/portaltela.pt\/noticias\/2026\/01\/12\/netflix-divulga-trailer-da-segunda-temporada-de-one-piece\/#primaryimage"},"image":{"@id":"https:\/\/portaltela.pt\/noticias\/2026\/01\/12\/netflix-divulga-trailer-da-segunda-temporada-de-one-piece\/#primaryimage"},"thumbnailUrl":"https:\/\/portaltela.pt\/s.01k8rhncp4jt1\/2026\/01\/unnamed-file-2558.jpg","datePublished":"2026-01-12T21:05:59+00:00","author":{"@id":"https:\/\/portaltela.pt\/#\/schema\/person\/c4278d4a6028830caff9ee44b42d32ed"},"breadcrumb":{"@id":"https:\/\/portaltela.pt\/noticias\/2026\/01\/12\/netflix-divulga-trailer-da-segunda-temporada-de-one-piece\/#breadcrumb"},"inLanguage":"pt-PT","potentialAction":[{"@type":"ReadAction","target":["https:\/\/portaltela.pt\/noticias\/2026\/01\/12\/netflix-divulga-trailer-da-segunda-temporada-de-one-piece\/"]}]},{"@type":"ImageObject","inLanguage":"pt-PT","@id":"https:\/\/portaltela.pt\/noticias\/2026\/01\/12\/netflix-divulga-trailer-da-segunda-temporada-de-one-piece\/#primaryimage","url":"https:\/\/portaltela.pt\/s.01k8rhncp4jt1\/2026\/01\/unnamed-file-2558.jpg","contentUrl":"https:\/\/portaltela.pt\/s.01k8rhncp4jt1\/2026\/01\/unnamed-file-2558.jpg","width":796,"height":448,"caption":"Photo"},{"@type":"BreadcrumbList","@id":"https:\/\/portaltela.pt\/noticias\/2026\/01\/12\/netflix-divulga-trailer-da-segunda-temporada-de-one-piece\/#breadcrumb","itemListElement":[{"@type":"ListItem","position":1,"name":"In\u00edcio","item":"https:\/\/portaltela.pt\/"},{"@type":"ListItem","position":2,"name":"Netflix divulga trailer da segunda temporada de One Piece"}]},{"@type":"WebSite","@id":"https:\/\/portaltela.pt\/#website","url":"https:\/\/portaltela.pt\/","name":"Portal Tela Portugal","description":"","potentialAction":[{"@type":"SearchAction","target":{"@type":"EntryPoint","urlTemplate":"https:\/\/portaltela.pt\/?s={search_term_string}"},"query-input":{"@type":"PropertyValueSpecification","valueRequired":true,"valueName":"search_term_string"}}],"inLanguage":"pt-PT"},{"@type":"Person","@id":"https:\/\/portaltela.pt\/#\/schema\/person\/c4278d4a6028830caff9ee44b42d32ed","name":"Telinha","image":{"@type":"ImageObject","inLanguage":"pt-PT","@id":"https:\/\/portaltela.pt\/s.01k8rhncp4jt1\/2025\/11\/talking-bot-125x125.png","url":"https:\/\/portaltela.pt\/s.01k8rhncp4jt1\/2025\/11\/talking-bot-125x125.png","contentUrl":"https:\/\/portaltela.pt\/s.01k8rhncp4jt1\/2025\/11\/talking-bot-125x125.png","caption":"Telinha"},"sameAs":["https:\/\/portaltela.pt\/"],"url":"https:\/\/portaltela.pt\/por\/367410592786\/"}]}},"_links":{"self":[{"href":"https:\/\/portaltela.pt\/api\/wp\/v2\/posts\/136811","targetHints":{"allow":["GET"]}}],"collection":[{"href":"https:\/\/portaltela.pt\/api\/wp\/v2\/posts"}],"about":[{"href":"https:\/\/portaltela.pt\/api\/wp\/v2\/types\/post"}],"author":[{"embeddable":true,"href":"https:\/\/portaltela.pt\/api\/wp\/v2\/users\/2"}],"replies":[{"embeddable":true,"href":"https:\/\/portaltela.pt\/api\/wp\/v2\/comments?post=136811"}],"version-history":[{"count":0,"href":"https:\/\/portaltela.pt\/api\/wp\/v2\/posts\/136811\/revisions"}],"wp:featuredmedia":[{"embeddable":true,"href":"https:\/\/portaltela.pt\/api\/wp\/v2\/media\/136842"}],"wp:attachment":[{"href":"https:\/\/portaltela.pt\/api\/wp\/v2\/media?parent=136811"}],"wp:term":[{"taxonomy":"category","embeddable":true,"href":"https:\/\/portaltela.pt\/api\/wp\/v2\/categories?post=136811"},{"taxonomy":"post_tag","embeddable":true,"href":"https:\/\/portaltela.pt\/api\/wp\/v2\/tags?post=136811"}],"curies":[{"name":"wp","href":"https:\/\/api.w.org\/{rel}","templated":true}]}}