{"id":136810,"date":"2026-01-12T15:04:00","date_gmt":"2026-01-12T18:04:00","guid":{"rendered":"https:\/\/portaltela.pt\/noticias\/2026\/01\/12\/hugo-massa-critica-af-setubal-pelas-agressoes-no-barreiro-3\/"},"modified":"2026-01-12T15:04:00","modified_gmt":"2026-01-12T18:04:00","slug":"hugo-massa-critica-af-setubal-pelas-agressoes-no-barreiro-3","status":"publish","type":"post","link":"https:\/\/portaltela.pt\/desporto\/futebol\/2026\/01\/12\/hugo-massa-critica-af-setubal-pelas-agressoes-no-barreiro-3\/","title":{"rendered":"Hugo Massa critica AF Set\u00fabal pelas agress\u00f5es no Barreiro"},"content":{"rendered":"<p>O presidente do Barreirense, Hugo Massa, comentou os confrontos entre adeptos que ocorreram na antec\u00e2mara da partida frente ao Ol\u00edmpico Montijo, da 14.\u00aa jornada da 1.\u00aa Divis\u00e3o Distrital de Set\u00fabal. A ocorr\u00eancia foi registada antes do jogo, no Barreiro, e envolve as claques das duas equipas.<\/p>\n<p>Massa responsabilizou os chamados fan\u00e1ticos pela viol\u00eancia e apontou tamb\u00e9m a associa\u00e7\u00e3o organizadora como respons\u00e1vel pelos incidentes. Segundo o dirigente, os devaneios de alguns adeptos comprometeram a equipa do Barreirense e a organiza\u00e7\u00e3o do encontro.<\/p>\n<p>O dirigente acrescentou que tinha conhecimento de potenciais problemas com anteced\u00eancia, citando a aus\u00eancia de policiamento adequado para a ocasi\u00e3o. O facto de n\u00e3o existirem contingentes de pol\u00edcia foi, para Massa, um fator determinante para o que aconteceu.<\/p>\n<h3>Reac\u00e7\u00e3o \u00e0s agress\u00f5es<\/h3>\n<p>Os incidentes ocorreram antes do pontap\u00e9 de sa\u00edda do encontro, alinhado \u00e0 14.\u00aa jornada da competi\u00e7\u00e3o. O Barreirense ainda n\u00e3o divulgou uma posi\u00e7\u00e3o oficial sobre o incidente, permanecendo o foco na prepara\u00e7\u00e3o da equipa para o pr\u00f3ximo desafio.<\/p>\n","protected":false},"excerpt":{"rendered":"<ul>\n<li>O presidente do Barreirense, Hugo Massa, lamentou os incidentes causados por adeptos na antec\u00e2mara da partida com o Ol\u00edmpico Montijo.<\/li>\n<li>Aconteceram na 14.\u00aa jornada da 1.\u00aa Divis\u00e3o Distrital de Set\u00fabal.<\/li>\n<li>Massa atribui a culpa aos \u201cfan\u00e1ticos\u201d que estiveram envolvidos.<\/li>\n<li>Diz tamb\u00e9m que a associa\u00e7\u00e3o teve responsabilidade nos acontecimentos.<\/li>\n<\/ul>\n","protected":false},"author":2,"featured_media":136825,"comment_status":"closed","ping_status":"closed","sticky":false,"template":"","format":"standard","meta":{"footnotes":""},"categories":[21,24],"tags":[2533,2079,1416,1056,32,994],"class_list":["post-136810","post","type-post","status-publish","format-standard","has-post-thumbnail","hentry","category-desporto","category-futebol","tag-adeptos","tag-agressoes","tag-barreirense","tag-barreiro","tag-futebol","tag-setubal"],"yoast_head":"<!-- This site is optimized with the Yoast SEO plugin v27.2 - https:\/\/yoast.com\/product\/yoast-seo-wordpress\/ -->\n<title>Hugo Massa critica AF Set\u00fabal pelas agress\u00f5es no Barreiro - Portal Tela Portugal<\/title>\n<meta name=\"robots\" content=\"index, follow, max-snippet:-1, max-image-preview:large, max-video-preview:-1\" \/>\n<meta property=\"og:locale\" content=\"pt_PT\" \/>\n<meta property=\"og:type\" content=\"article\" \/>\n<meta property=\"og:title\" content=\"Hugo Massa critica AF Set\u00fabal pelas agress\u00f5es no Barreiro - Portal Tela Portugal\" \/>\n<meta property=\"og:description\" content=\"O presidente do Barreirense, Hugo Massa, lamentou os incidentes causados por adeptos na antec\u00e2mara da partida com o Ol\u00edmpico Montijo. Aconteceram na 14.\u00aa jornada da 1.\u00aa Divis\u00e3o Distrital de Set\u00fabal. Massa atribui a culpa aos \u201cfan\u00e1ticos\u201d que estiveram envolvidos. Diz tamb\u00e9m que a associa\u00e7\u00e3o teve responsabilidade nos acontecimentos.\" \/>\n<meta property=\"og:url\" content=\"https:\/\/portaltela.pt\/noticias\/2026\/01\/12\/hugo-massa-critica-af-setubal-pelas-agressoes-no-barreiro-3\/\" \/>\n<meta property=\"og:site_name\" content=\"Portal Tela Portugal\" \/>\n<meta property=\"article:published_time\" content=\"2026-01-12T18:04:00+00:00\" \/>\n<meta name=\"author\" content=\"Telinha\" \/>\n<meta name=\"twitter:card\" content=\"summary_large_image\" \/>\n<meta name=\"twitter:label1\" content=\"Escrito por\" \/>\n\t<meta name=\"twitter:data1\" content=\"Telinha\" \/>\n\t<meta name=\"twitter:label2\" content=\"Tempo estimado de leitura\" \/>\n\t<meta name=\"twitter:data2\" content=\"1 minuto\" \/>\n<script type=\"application\/ld+json\" class=\"yoast-schema-graph\">{\"@context\":\"https:\/\/schema.org\",\"@graph\":[{\"@type\":\"Article\",\"@id\":\"https:\/\/portaltela.pt\/noticias\/2026\/01\/12\/hugo-massa-critica-af-setubal-pelas-agressoes-no-barreiro-3\/#article\",\"isPartOf\":{\"@id\":\"https:\/\/portaltela.pt\/noticias\/2026\/01\/12\/hugo-massa-critica-af-setubal-pelas-agressoes-no-barreiro-3\/\"},\"author\":{\"name\":\"Telinha\",\"@id\":\"https:\/\/portaltela.pt\/#\/schema\/person\/c4278d4a6028830caff9ee44b42d32ed\"},\"headline\":\"Hugo Massa critica AF Set\u00fabal pelas agress\u00f5es no Barreiro\",\"datePublished\":\"2026-01-12T18:04:00+00:00\",\"mainEntityOfPage\":{\"@id\":\"https:\/\/portaltela.pt\/noticias\/2026\/01\/12\/hugo-massa-critica-af-setubal-pelas-agressoes-no-barreiro-3\/\"},\"wordCount\":191,\"image\":{\"@id\":\"https:\/\/portaltela.pt\/noticias\/2026\/01\/12\/hugo-massa-critica-af-setubal-pelas-agressoes-no-barreiro-3\/#primaryimage\"},\"thumbnailUrl\":\"https:\/\/portaltela.pt\/s.01k8rhncp4jt1\/2026\/01\/img_1200x721uu2026-01-11-21-45-19-2414226-im-639038374991311593-2.jpg\",\"keywords\":[\"adeptos\",\"agress\u00f5es\",\"Barreirense\",\"Barreiro\",\"futebol\",\"Set\u00fabal\"],\"articleSection\":[\"Desporto\",\"Futebol\"],\"inLanguage\":\"pt-PT\"},{\"@type\":\"WebPage\",\"@id\":\"https:\/\/portaltela.pt\/noticias\/2026\/01\/12\/hugo-massa-critica-af-setubal-pelas-agressoes-no-barreiro-3\/\",\"url\":\"https:\/\/portaltela.pt\/noticias\/2026\/01\/12\/hugo-massa-critica-af-setubal-pelas-agressoes-no-barreiro-3\/\",\"name\":\"Hugo Massa critica AF Set\u00fabal pelas agress\u00f5es no Barreiro - Portal Tela Portugal\",\"isPartOf\":{\"@id\":\"https:\/\/portaltela.pt\/#website\"},\"primaryImageOfPage\":{\"@id\":\"https:\/\/portaltela.pt\/noticias\/2026\/01\/12\/hugo-massa-critica-af-setubal-pelas-agressoes-no-barreiro-3\/#primaryimage\"},\"image\":{\"@id\":\"https:\/\/portaltela.pt\/noticias\/2026\/01\/12\/hugo-massa-critica-af-setubal-pelas-agressoes-no-barreiro-3\/#primaryimage\"},\"thumbnailUrl\":\"https:\/\/portaltela.pt\/s.01k8rhncp4jt1\/2026\/01\/img_1200x721uu2026-01-11-21-45-19-2414226-im-639038374991311593-2.jpg\",\"datePublished\":\"2026-01-12T18:04:00+00:00\",\"author\":{\"@id\":\"https:\/\/portaltela.pt\/#\/schema\/person\/c4278d4a6028830caff9ee44b42d32ed\"},\"breadcrumb\":{\"@id\":\"https:\/\/portaltela.pt\/noticias\/2026\/01\/12\/hugo-massa-critica-af-setubal-pelas-agressoes-no-barreiro-3\/#breadcrumb\"},\"inLanguage\":\"pt-PT\",\"potentialAction\":[{\"@type\":\"ReadAction\",\"target\":[\"https:\/\/portaltela.pt\/noticias\/2026\/01\/12\/hugo-massa-critica-af-setubal-pelas-agressoes-no-barreiro-3\/\"]}]},{\"@type\":\"ImageObject\",\"inLanguage\":\"pt-PT\",\"@id\":\"https:\/\/portaltela.pt\/noticias\/2026\/01\/12\/hugo-massa-critica-af-setubal-pelas-agressoes-no-barreiro-3\/#primaryimage\",\"url\":\"https:\/\/portaltela.pt\/s.01k8rhncp4jt1\/2026\/01\/img_1200x721uu2026-01-11-21-45-19-2414226-im-639038374991311593-2.jpg\",\"contentUrl\":\"https:\/\/portaltela.pt\/s.01k8rhncp4jt1\/2026\/01\/img_1200x721uu2026-01-11-21-45-19-2414226-im-639038374991311593-2.jpg\",\"width\":796,\"height\":448,\"caption\":\"Hugo Massa critica AF Set\u00fabal pelas agress\u00f5es no Barreiro: \u00abSabia que n\u00e3o ia haver pol\u00edcia...\u00bb\"},{\"@type\":\"BreadcrumbList\",\"@id\":\"https:\/\/portaltela.pt\/noticias\/2026\/01\/12\/hugo-massa-critica-af-setubal-pelas-agressoes-no-barreiro-3\/#breadcrumb\",\"itemListElement\":[{\"@type\":\"ListItem\",\"position\":1,\"name\":\"In\u00edcio\",\"item\":\"https:\/\/portaltela.pt\/\"},{\"@type\":\"ListItem\",\"position\":2,\"name\":\"Hugo Massa critica AF Set\u00fabal pelas agress\u00f5es no Barreiro\"}]},{\"@type\":\"WebSite\",\"@id\":\"https:\/\/portaltela.pt\/#website\",\"url\":\"https:\/\/portaltela.pt\/\",\"name\":\"Portal Tela Portugal\",\"description\":\"\",\"potentialAction\":[{\"@type\":\"SearchAction\",\"target\":{\"@type\":\"EntryPoint\",\"urlTemplate\":\"https:\/\/portaltela.pt\/?s={search_term_string}\"},\"query-input\":{\"@type\":\"PropertyValueSpecification\",\"valueRequired\":true,\"valueName\":\"search_term_string\"}}],\"inLanguage\":\"pt-PT\"},{\"@type\":\"Person\",\"@id\":\"https:\/\/portaltela.pt\/#\/schema\/person\/c4278d4a6028830caff9ee44b42d32ed\",\"name\":\"Telinha\",\"image\":{\"@type\":\"ImageObject\",\"inLanguage\":\"pt-PT\",\"@id\":\"https:\/\/portaltela.pt\/s.01k8rhncp4jt1\/2025\/11\/talking-bot-125x125.png\",\"url\":\"https:\/\/portaltela.pt\/s.01k8rhncp4jt1\/2025\/11\/talking-bot-125x125.png\",\"contentUrl\":\"https:\/\/portaltela.pt\/s.01k8rhncp4jt1\/2025\/11\/talking-bot-125x125.png\",\"caption\":\"Telinha\"},\"sameAs\":[\"https:\/\/portaltela.pt\/\"],\"url\":\"https:\/\/portaltela.pt\/por\/367410592786\/\"}]}<\/script>\n<!-- \/ Yoast SEO plugin. -->","yoast_head_json":{"title":"Hugo Massa critica AF Set\u00fabal pelas agress\u00f5es no Barreiro - Portal Tela Portugal","robots":{"index":"index","follow":"follow","max-snippet":"max-snippet:-1","max-image-preview":"max-image-preview:large","max-video-preview":"max-video-preview:-1"},"og_locale":"pt_PT","og_type":"article","og_title":"Hugo Massa critica AF Set\u00fabal pelas agress\u00f5es no Barreiro - Portal Tela Portugal","og_description":"O presidente do Barreirense, Hugo Massa, lamentou os incidentes causados por adeptos na antec\u00e2mara da partida com o Ol\u00edmpico Montijo. Aconteceram na 14.\u00aa jornada da 1.\u00aa Divis\u00e3o Distrital de Set\u00fabal. Massa atribui a culpa aos \u201cfan\u00e1ticos\u201d que estiveram envolvidos. Diz tamb\u00e9m que a associa\u00e7\u00e3o teve responsabilidade nos acontecimentos.","og_url":"https:\/\/portaltela.pt\/noticias\/2026\/01\/12\/hugo-massa-critica-af-setubal-pelas-agressoes-no-barreiro-3\/","og_site_name":"Portal Tela Portugal","article_published_time":"2026-01-12T18:04:00+00:00","author":"Telinha","twitter_card":"summary_large_image","twitter_misc":{"Escrito por":"Telinha","Tempo estimado de leitura":"1 minuto"},"schema":{"@context":"https:\/\/schema.org","@graph":[{"@type":"Article","@id":"https:\/\/portaltela.pt\/noticias\/2026\/01\/12\/hugo-massa-critica-af-setubal-pelas-agressoes-no-barreiro-3\/#article","isPartOf":{"@id":"https:\/\/portaltela.pt\/noticias\/2026\/01\/12\/hugo-massa-critica-af-setubal-pelas-agressoes-no-barreiro-3\/"},"author":{"name":"Telinha","@id":"https:\/\/portaltela.pt\/#\/schema\/person\/c4278d4a6028830caff9ee44b42d32ed"},"headline":"Hugo Massa critica AF Set\u00fabal pelas agress\u00f5es no Barreiro","datePublished":"2026-01-12T18:04:00+00:00","mainEntityOfPage":{"@id":"https:\/\/portaltela.pt\/noticias\/2026\/01\/12\/hugo-massa-critica-af-setubal-pelas-agressoes-no-barreiro-3\/"},"wordCount":191,"image":{"@id":"https:\/\/portaltela.pt\/noticias\/2026\/01\/12\/hugo-massa-critica-af-setubal-pelas-agressoes-no-barreiro-3\/#primaryimage"},"thumbnailUrl":"https:\/\/portaltela.pt\/s.01k8rhncp4jt1\/2026\/01\/img_1200x721uu2026-01-11-21-45-19-2414226-im-639038374991311593-2.jpg","keywords":["adeptos","agress\u00f5es","Barreirense","Barreiro","futebol","Set\u00fabal"],"articleSection":["Desporto","Futebol"],"inLanguage":"pt-PT"},{"@type":"WebPage","@id":"https:\/\/portaltela.pt\/noticias\/2026\/01\/12\/hugo-massa-critica-af-setubal-pelas-agressoes-no-barreiro-3\/","url":"https:\/\/portaltela.pt\/noticias\/2026\/01\/12\/hugo-massa-critica-af-setubal-pelas-agressoes-no-barreiro-3\/","name":"Hugo Massa critica AF Set\u00fabal pelas agress\u00f5es no Barreiro - Portal Tela Portugal","isPartOf":{"@id":"https:\/\/portaltela.pt\/#website"},"primaryImageOfPage":{"@id":"https:\/\/portaltela.pt\/noticias\/2026\/01\/12\/hugo-massa-critica-af-setubal-pelas-agressoes-no-barreiro-3\/#primaryimage"},"image":{"@id":"https:\/\/portaltela.pt\/noticias\/2026\/01\/12\/hugo-massa-critica-af-setubal-pelas-agressoes-no-barreiro-3\/#primaryimage"},"thumbnailUrl":"https:\/\/portaltela.pt\/s.01k8rhncp4jt1\/2026\/01\/img_1200x721uu2026-01-11-21-45-19-2414226-im-639038374991311593-2.jpg","datePublished":"2026-01-12T18:04:00+00:00","author":{"@id":"https:\/\/portaltela.pt\/#\/schema\/person\/c4278d4a6028830caff9ee44b42d32ed"},"breadcrumb":{"@id":"https:\/\/portaltela.pt\/noticias\/2026\/01\/12\/hugo-massa-critica-af-setubal-pelas-agressoes-no-barreiro-3\/#breadcrumb"},"inLanguage":"pt-PT","potentialAction":[{"@type":"ReadAction","target":["https:\/\/portaltela.pt\/noticias\/2026\/01\/12\/hugo-massa-critica-af-setubal-pelas-agressoes-no-barreiro-3\/"]}]},{"@type":"ImageObject","inLanguage":"pt-PT","@id":"https:\/\/portaltela.pt\/noticias\/2026\/01\/12\/hugo-massa-critica-af-setubal-pelas-agressoes-no-barreiro-3\/#primaryimage","url":"https:\/\/portaltela.pt\/s.01k8rhncp4jt1\/2026\/01\/img_1200x721uu2026-01-11-21-45-19-2414226-im-639038374991311593-2.jpg","contentUrl":"https:\/\/portaltela.pt\/s.01k8rhncp4jt1\/2026\/01\/img_1200x721uu2026-01-11-21-45-19-2414226-im-639038374991311593-2.jpg","width":796,"height":448,"caption":"Hugo Massa critica AF Set\u00fabal pelas agress\u00f5es no Barreiro: \u00abSabia que n\u00e3o ia haver pol\u00edcia...\u00bb"},{"@type":"BreadcrumbList","@id":"https:\/\/portaltela.pt\/noticias\/2026\/01\/12\/hugo-massa-critica-af-setubal-pelas-agressoes-no-barreiro-3\/#breadcrumb","itemListElement":[{"@type":"ListItem","position":1,"name":"In\u00edcio","item":"https:\/\/portaltela.pt\/"},{"@type":"ListItem","position":2,"name":"Hugo Massa critica AF Set\u00fabal pelas agress\u00f5es no Barreiro"}]},{"@type":"WebSite","@id":"https:\/\/portaltela.pt\/#website","url":"https:\/\/portaltela.pt\/","name":"Portal Tela Portugal","description":"","potentialAction":[{"@type":"SearchAction","target":{"@type":"EntryPoint","urlTemplate":"https:\/\/portaltela.pt\/?s={search_term_string}"},"query-input":{"@type":"PropertyValueSpecification","valueRequired":true,"valueName":"search_term_string"}}],"inLanguage":"pt-PT"},{"@type":"Person","@id":"https:\/\/portaltela.pt\/#\/schema\/person\/c4278d4a6028830caff9ee44b42d32ed","name":"Telinha","image":{"@type":"ImageObject","inLanguage":"pt-PT","@id":"https:\/\/portaltela.pt\/s.01k8rhncp4jt1\/2025\/11\/talking-bot-125x125.png","url":"https:\/\/portaltela.pt\/s.01k8rhncp4jt1\/2025\/11\/talking-bot-125x125.png","contentUrl":"https:\/\/portaltela.pt\/s.01k8rhncp4jt1\/2025\/11\/talking-bot-125x125.png","caption":"Telinha"},"sameAs":["https:\/\/portaltela.pt\/"],"url":"https:\/\/portaltela.pt\/por\/367410592786\/"}]}},"_links":{"self":[{"href":"https:\/\/portaltela.pt\/api\/wp\/v2\/posts\/136810","targetHints":{"allow":["GET"]}}],"collection":[{"href":"https:\/\/portaltela.pt\/api\/wp\/v2\/posts"}],"about":[{"href":"https:\/\/portaltela.pt\/api\/wp\/v2\/types\/post"}],"author":[{"embeddable":true,"href":"https:\/\/portaltela.pt\/api\/wp\/v2\/users\/2"}],"replies":[{"embeddable":true,"href":"https:\/\/portaltela.pt\/api\/wp\/v2\/comments?post=136810"}],"version-history":[{"count":0,"href":"https:\/\/portaltela.pt\/api\/wp\/v2\/posts\/136810\/revisions"}],"wp:featuredmedia":[{"embeddable":true,"href":"https:\/\/portaltela.pt\/api\/wp\/v2\/media\/136825"}],"wp:attachment":[{"href":"https:\/\/portaltela.pt\/api\/wp\/v2\/media?parent=136810"}],"wp:term":[{"taxonomy":"category","embeddable":true,"href":"https:\/\/portaltela.pt\/api\/wp\/v2\/categories?post=136810"},{"taxonomy":"post_tag","embeddable":true,"href":"https:\/\/portaltela.pt\/api\/wp\/v2\/tags?post=136810"}],"curies":[{"name":"wp","href":"https:\/\/api.w.org\/{rel}","templated":true}]}}