{"id":136731,"date":"2026-01-12T18:00:00","date_gmt":"2026-01-12T21:00:00","guid":{"rendered":"https:\/\/portaltela.pt\/noticias\/2026\/01\/12\/alvito-investe-mais-de-um-milhao-de-euros-na-requalificacao-urbana-de-baronia\/"},"modified":"2026-01-12T18:00:00","modified_gmt":"2026-01-12T21:00:00","slug":"alvito-investe-mais-de-um-milhao-de-euros-na-requalificacao-urbana-de-baronia","status":"publish","type":"post","link":"https:\/\/portaltela.pt\/noticias\/2026\/01\/12\/alvito-investe-mais-de-um-milhao-de-euros-na-requalificacao-urbana-de-baronia\/","title":{"rendered":"Alvito investe mais de um milh\u00e3o de euros na requalifica\u00e7\u00e3o urbana de Baronia"},"content":{"rendered":"<p>A C\u00e2mara de Alvito, no distrito de Beja, avan\u00e7a com duas empreitadas na freguesia de Vila Nova da Baronia. O investimento total ultrapassa um milh\u00e3o de euros, com financiamento comunit\u00e1rio assegurado.<\/p>\n<p>A comparticipa\u00e7\u00e3o \u00e9 de 85% pelo programa Alentejo 2030, envolvendo obras de requalifica\u00e7\u00e3o urbana e de apoio \u00e0 Cultura. As propostas visam melhorar infraestruturas, acessibilidade e dinamizar o centro urbano.<\/p>\n<h3>Requalifica\u00e7\u00e3o do Largo Francisco Manuel Fialho<\/h3>\n<p>A comiss\u00e3o antiga do Largo est\u00e1 em fase final, com obras or\u00e7adas em 484.937,69 euros. Est\u00e3o a decorrer lancis, novas cal\u00e7adas e lajetas em granito, elevando qualidade e acessibilidade do espa\u00e7o p\u00fablico.<\/p>\n<h3>Edif\u00edcio de apoio \u00e0 Cultura e \u00e0s Artes<\/h3>\n<p>Paralelamente, est\u00e1 em reabilita\u00e7\u00e3o um edif\u00edcio destinado a Cultura e Artes, com custo de 534.413,97 euros. O financiamento \u00e9 tamb\u00e9m de 85% pelo Alentejo 2030, e a obra inclui pavimenta\u00e7\u00e3o, revestimentos e instala\u00e7\u00f5es.<\/p>\n<p>As duas empreitadas devem ficar conclu\u00eddas no final de mar\u00e7o, segundo o munic\u00edpio, com trabalhos de pavimenta\u00e7\u00e3o, pinturas, caixilharias e demais elementos em execu\u00e7\u00e3o.<\/p>\n","protected":false},"excerpt":{"rendered":"<ul>\n<li>Alvito investe mais de um milh\u00e3o de euros em requalifica\u00e7\u00e3o urbana em Vila Nova da Baronia, com financiamento comunit\u00e1rio.<\/li>\n<li>Uma empreitada, j\u00e1 em fase final, est\u00e1 avaliada em 484.937,69 euros e conta com 85% de financiamento atrav\u00e9s do programa Alentejo 2030, para a requalifica\u00e7\u00e3o do Largo Francisco Manuel Fialho.<\/li>\n<li>As obras no largo incluem coloca\u00e7\u00e3o de lancis, cria\u00e7\u00e3o de novas cal\u00e7adas e aplica\u00e7\u00e3o de lajetas em granito, visando melhorar a acessibilidade e valoriza\u00e7\u00e3o do centro urbano.<\/li>\n<li>Em simult\u00e2neo, est\u00e1 a ser reabilitado um edif\u00edcio que servir\u00e1 de apoio \u00e0 Cultura e \u00e0s Artes, com custo de 534.413,97 euros, igualmente financiado a 85% pelo Alentejo 2030, com conclus\u00e3o prevista para o final de mar\u00e7o.<\/li>\n<li>A autarquia indicou que a etapa final engloba trabalhos de pavimenta\u00e7\u00e3o, revestimentos, pinturas, montagem de tetos falsos, sanit\u00e1rios e caixilharias.<\/li>\n<\/ul>\n","protected":false},"author":2,"featured_media":136744,"comment_status":"closed","ping_status":"closed","sticky":false,"template":"","format":"standard","meta":{"footnotes":""},"categories":[1],"tags":[883,1173,943,145,2972,2433],"class_list":["post-136731","post","type-post","status-publish","format-standard","has-post-thumbnail","hentry","category-noticias","tag-alentejo","tag-alvito","tag-beja","tag-cultura","tag-pavimentacao","tag-requalificacao-urbana"],"yoast_head":"<!-- This site is optimized with the Yoast SEO plugin v27.2 - https:\/\/yoast.com\/product\/yoast-seo-wordpress\/ -->\n<title>Alvito investe mais de um milh\u00e3o de euros na requalifica\u00e7\u00e3o urbana de Baronia - Portal Tela Portugal<\/title>\n<meta name=\"robots\" content=\"index, follow, max-snippet:-1, max-image-preview:large, max-video-preview:-1\" \/>\n<meta property=\"og:locale\" content=\"pt_PT\" \/>\n<meta property=\"og:type\" content=\"article\" \/>\n<meta property=\"og:title\" content=\"Alvito investe mais de um milh\u00e3o de euros na requalifica\u00e7\u00e3o urbana de Baronia - Portal Tela Portugal\" \/>\n<meta property=\"og:description\" content=\"Alvito investe mais de um milh\u00e3o de euros em requalifica\u00e7\u00e3o urbana em Vila Nova da Baronia, com financiamento comunit\u00e1rio. Uma empreitada, j\u00e1 em fase final, est\u00e1 avaliada em 484.937,69 euros e conta com 85% de financiamento atrav\u00e9s do programa Alentejo 2030, para a requalifica\u00e7\u00e3o do Largo Francisco Manuel Fialho. As obras no largo incluem coloca\u00e7\u00e3o de lancis, cria\u00e7\u00e3o de novas cal\u00e7adas e aplica\u00e7\u00e3o de lajetas em granito, visando melhorar a acessibilidade e valoriza\u00e7\u00e3o do centro urbano. Em simult\u00e2neo, est\u00e1 a ser reabilitado um edif\u00edcio que servir\u00e1 de apoio \u00e0 Cultura e \u00e0s Artes, com custo de 534.413,97 euros, igualmente financiado a 85% pelo Alentejo 2030, com conclus\u00e3o prevista para o final de mar\u00e7o. A autarquia indicou que a etapa final engloba trabalhos de pavimenta\u00e7\u00e3o, revestimentos, pinturas, montagem de tetos falsos, sanit\u00e1rios e caixilharias.\" \/>\n<meta property=\"og:url\" content=\"https:\/\/portaltela.pt\/noticias\/2026\/01\/12\/alvito-investe-mais-de-um-milhao-de-euros-na-requalificacao-urbana-de-baronia\/\" \/>\n<meta property=\"og:site_name\" content=\"Portal Tela Portugal\" \/>\n<meta property=\"article:published_time\" content=\"2026-01-12T21:00:00+00:00\" \/>\n<meta name=\"author\" content=\"Telinha\" \/>\n<meta name=\"twitter:card\" content=\"summary_large_image\" \/>\n<meta name=\"twitter:label1\" content=\"Escrito por\" \/>\n\t<meta name=\"twitter:data1\" content=\"Telinha\" \/>\n\t<meta name=\"twitter:label2\" content=\"Tempo estimado de leitura\" \/>\n\t<meta name=\"twitter:data2\" content=\"1 minuto\" \/>\n<script type=\"application\/ld+json\" class=\"yoast-schema-graph\">{\"@context\":\"https:\/\/schema.org\",\"@graph\":[{\"@type\":\"Article\",\"@id\":\"https:\/\/portaltela.pt\/noticias\/2026\/01\/12\/alvito-investe-mais-de-um-milhao-de-euros-na-requalificacao-urbana-de-baronia\/#article\",\"isPartOf\":{\"@id\":\"https:\/\/portaltela.pt\/noticias\/2026\/01\/12\/alvito-investe-mais-de-um-milhao-de-euros-na-requalificacao-urbana-de-baronia\/\"},\"author\":{\"name\":\"Telinha\",\"@id\":\"https:\/\/portaltela.pt\/#\/schema\/person\/c4278d4a6028830caff9ee44b42d32ed\"},\"headline\":\"Alvito investe mais de um milh\u00e3o de euros na requalifica\u00e7\u00e3o urbana de Baronia\",\"datePublished\":\"2026-01-12T21:00:00+00:00\",\"mainEntityOfPage\":{\"@id\":\"https:\/\/portaltela.pt\/noticias\/2026\/01\/12\/alvito-investe-mais-de-um-milhao-de-euros-na-requalificacao-urbana-de-baronia\/\"},\"wordCount\":193,\"image\":{\"@id\":\"https:\/\/portaltela.pt\/noticias\/2026\/01\/12\/alvito-investe-mais-de-um-milhao-de-euros-na-requalificacao-urbana-de-baronia\/#primaryimage\"},\"thumbnailUrl\":\"https:\/\/portaltela.pt\/s.01k8rhncp4jt1\/2026\/01\/imagem_odigital-1200-x-675-px-14.jpg\",\"keywords\":[\"Alentejo\",\"Alvito\",\"Beja\",\"cultura\",\"pavimenta\u00e7\u00e3o\",\"requalifica\u00e7\u00e3o urbana\"],\"articleSection\":[\"Not\u00edcias\"],\"inLanguage\":\"pt-PT\"},{\"@type\":\"WebPage\",\"@id\":\"https:\/\/portaltela.pt\/noticias\/2026\/01\/12\/alvito-investe-mais-de-um-milhao-de-euros-na-requalificacao-urbana-de-baronia\/\",\"url\":\"https:\/\/portaltela.pt\/noticias\/2026\/01\/12\/alvito-investe-mais-de-um-milhao-de-euros-na-requalificacao-urbana-de-baronia\/\",\"name\":\"Alvito investe mais de um milh\u00e3o de euros na requalifica\u00e7\u00e3o urbana de Baronia - Portal Tela Portugal\",\"isPartOf\":{\"@id\":\"https:\/\/portaltela.pt\/#website\"},\"primaryImageOfPage\":{\"@id\":\"https:\/\/portaltela.pt\/noticias\/2026\/01\/12\/alvito-investe-mais-de-um-milhao-de-euros-na-requalificacao-urbana-de-baronia\/#primaryimage\"},\"image\":{\"@id\":\"https:\/\/portaltela.pt\/noticias\/2026\/01\/12\/alvito-investe-mais-de-um-milhao-de-euros-na-requalificacao-urbana-de-baronia\/#primaryimage\"},\"thumbnailUrl\":\"https:\/\/portaltela.pt\/s.01k8rhncp4jt1\/2026\/01\/imagem_odigital-1200-x-675-px-14.jpg\",\"datePublished\":\"2026-01-12T21:00:00+00:00\",\"author\":{\"@id\":\"https:\/\/portaltela.pt\/#\/schema\/person\/c4278d4a6028830caff9ee44b42d32ed\"},\"breadcrumb\":{\"@id\":\"https:\/\/portaltela.pt\/noticias\/2026\/01\/12\/alvito-investe-mais-de-um-milhao-de-euros-na-requalificacao-urbana-de-baronia\/#breadcrumb\"},\"inLanguage\":\"pt-PT\",\"potentialAction\":[{\"@type\":\"ReadAction\",\"target\":[\"https:\/\/portaltela.pt\/noticias\/2026\/01\/12\/alvito-investe-mais-de-um-milhao-de-euros-na-requalificacao-urbana-de-baronia\/\"]}]},{\"@type\":\"ImageObject\",\"inLanguage\":\"pt-PT\",\"@id\":\"https:\/\/portaltela.pt\/noticias\/2026\/01\/12\/alvito-investe-mais-de-um-milhao-de-euros-na-requalificacao-urbana-de-baronia\/#primaryimage\",\"url\":\"https:\/\/portaltela.pt\/s.01k8rhncp4jt1\/2026\/01\/imagem_odigital-1200-x-675-px-14.jpg\",\"contentUrl\":\"https:\/\/portaltela.pt\/s.01k8rhncp4jt1\/2026\/01\/imagem_odigital-1200-x-675-px-14.jpg\",\"width\":796,\"height\":448,\"caption\":\"Alvito investe mais de um milh\u00e3o de euros em requalifica\u00e7\u00e3o urbana em Vila Nova da Baronia\"},{\"@type\":\"BreadcrumbList\",\"@id\":\"https:\/\/portaltela.pt\/noticias\/2026\/01\/12\/alvito-investe-mais-de-um-milhao-de-euros-na-requalificacao-urbana-de-baronia\/#breadcrumb\",\"itemListElement\":[{\"@type\":\"ListItem\",\"position\":1,\"name\":\"In\u00edcio\",\"item\":\"https:\/\/portaltela.pt\/\"},{\"@type\":\"ListItem\",\"position\":2,\"name\":\"Alvito investe mais de um milh\u00e3o de euros na requalifica\u00e7\u00e3o urbana de Baronia\"}]},{\"@type\":\"WebSite\",\"@id\":\"https:\/\/portaltela.pt\/#website\",\"url\":\"https:\/\/portaltela.pt\/\",\"name\":\"Portal Tela Portugal\",\"description\":\"\",\"potentialAction\":[{\"@type\":\"SearchAction\",\"target\":{\"@type\":\"EntryPoint\",\"urlTemplate\":\"https:\/\/portaltela.pt\/?s={search_term_string}\"},\"query-input\":{\"@type\":\"PropertyValueSpecification\",\"valueRequired\":true,\"valueName\":\"search_term_string\"}}],\"inLanguage\":\"pt-PT\"},{\"@type\":\"Person\",\"@id\":\"https:\/\/portaltela.pt\/#\/schema\/person\/c4278d4a6028830caff9ee44b42d32ed\",\"name\":\"Telinha\",\"image\":{\"@type\":\"ImageObject\",\"inLanguage\":\"pt-PT\",\"@id\":\"https:\/\/portaltela.pt\/s.01k8rhncp4jt1\/2025\/11\/talking-bot-125x125.png\",\"url\":\"https:\/\/portaltela.pt\/s.01k8rhncp4jt1\/2025\/11\/talking-bot-125x125.png\",\"contentUrl\":\"https:\/\/portaltela.pt\/s.01k8rhncp4jt1\/2025\/11\/talking-bot-125x125.png\",\"caption\":\"Telinha\"},\"sameAs\":[\"https:\/\/portaltela.pt\/\"],\"url\":\"https:\/\/portaltela.pt\/por\/367410592786\/\"}]}<\/script>\n<!-- \/ Yoast SEO plugin. -->","yoast_head_json":{"title":"Alvito investe mais de um milh\u00e3o de euros na requalifica\u00e7\u00e3o urbana de Baronia - Portal Tela Portugal","robots":{"index":"index","follow":"follow","max-snippet":"max-snippet:-1","max-image-preview":"max-image-preview:large","max-video-preview":"max-video-preview:-1"},"og_locale":"pt_PT","og_type":"article","og_title":"Alvito investe mais de um milh\u00e3o de euros na requalifica\u00e7\u00e3o urbana de Baronia - Portal Tela Portugal","og_description":"Alvito investe mais de um milh\u00e3o de euros em requalifica\u00e7\u00e3o urbana em Vila Nova da Baronia, com financiamento comunit\u00e1rio. Uma empreitada, j\u00e1 em fase final, est\u00e1 avaliada em 484.937,69 euros e conta com 85% de financiamento atrav\u00e9s do programa Alentejo 2030, para a requalifica\u00e7\u00e3o do Largo Francisco Manuel Fialho. As obras no largo incluem coloca\u00e7\u00e3o de lancis, cria\u00e7\u00e3o de novas cal\u00e7adas e aplica\u00e7\u00e3o de lajetas em granito, visando melhorar a acessibilidade e valoriza\u00e7\u00e3o do centro urbano. Em simult\u00e2neo, est\u00e1 a ser reabilitado um edif\u00edcio que servir\u00e1 de apoio \u00e0 Cultura e \u00e0s Artes, com custo de 534.413,97 euros, igualmente financiado a 85% pelo Alentejo 2030, com conclus\u00e3o prevista para o final de mar\u00e7o. A autarquia indicou que a etapa final engloba trabalhos de pavimenta\u00e7\u00e3o, revestimentos, pinturas, montagem de tetos falsos, sanit\u00e1rios e caixilharias.","og_url":"https:\/\/portaltela.pt\/noticias\/2026\/01\/12\/alvito-investe-mais-de-um-milhao-de-euros-na-requalificacao-urbana-de-baronia\/","og_site_name":"Portal Tela Portugal","article_published_time":"2026-01-12T21:00:00+00:00","author":"Telinha","twitter_card":"summary_large_image","twitter_misc":{"Escrito por":"Telinha","Tempo estimado de leitura":"1 minuto"},"schema":{"@context":"https:\/\/schema.org","@graph":[{"@type":"Article","@id":"https:\/\/portaltela.pt\/noticias\/2026\/01\/12\/alvito-investe-mais-de-um-milhao-de-euros-na-requalificacao-urbana-de-baronia\/#article","isPartOf":{"@id":"https:\/\/portaltela.pt\/noticias\/2026\/01\/12\/alvito-investe-mais-de-um-milhao-de-euros-na-requalificacao-urbana-de-baronia\/"},"author":{"name":"Telinha","@id":"https:\/\/portaltela.pt\/#\/schema\/person\/c4278d4a6028830caff9ee44b42d32ed"},"headline":"Alvito investe mais de um milh\u00e3o de euros na requalifica\u00e7\u00e3o urbana de Baronia","datePublished":"2026-01-12T21:00:00+00:00","mainEntityOfPage":{"@id":"https:\/\/portaltela.pt\/noticias\/2026\/01\/12\/alvito-investe-mais-de-um-milhao-de-euros-na-requalificacao-urbana-de-baronia\/"},"wordCount":193,"image":{"@id":"https:\/\/portaltela.pt\/noticias\/2026\/01\/12\/alvito-investe-mais-de-um-milhao-de-euros-na-requalificacao-urbana-de-baronia\/#primaryimage"},"thumbnailUrl":"https:\/\/portaltela.pt\/s.01k8rhncp4jt1\/2026\/01\/imagem_odigital-1200-x-675-px-14.jpg","keywords":["Alentejo","Alvito","Beja","cultura","pavimenta\u00e7\u00e3o","requalifica\u00e7\u00e3o urbana"],"articleSection":["Not\u00edcias"],"inLanguage":"pt-PT"},{"@type":"WebPage","@id":"https:\/\/portaltela.pt\/noticias\/2026\/01\/12\/alvito-investe-mais-de-um-milhao-de-euros-na-requalificacao-urbana-de-baronia\/","url":"https:\/\/portaltela.pt\/noticias\/2026\/01\/12\/alvito-investe-mais-de-um-milhao-de-euros-na-requalificacao-urbana-de-baronia\/","name":"Alvito investe mais de um milh\u00e3o de euros na requalifica\u00e7\u00e3o urbana de Baronia - Portal Tela Portugal","isPartOf":{"@id":"https:\/\/portaltela.pt\/#website"},"primaryImageOfPage":{"@id":"https:\/\/portaltela.pt\/noticias\/2026\/01\/12\/alvito-investe-mais-de-um-milhao-de-euros-na-requalificacao-urbana-de-baronia\/#primaryimage"},"image":{"@id":"https:\/\/portaltela.pt\/noticias\/2026\/01\/12\/alvito-investe-mais-de-um-milhao-de-euros-na-requalificacao-urbana-de-baronia\/#primaryimage"},"thumbnailUrl":"https:\/\/portaltela.pt\/s.01k8rhncp4jt1\/2026\/01\/imagem_odigital-1200-x-675-px-14.jpg","datePublished":"2026-01-12T21:00:00+00:00","author":{"@id":"https:\/\/portaltela.pt\/#\/schema\/person\/c4278d4a6028830caff9ee44b42d32ed"},"breadcrumb":{"@id":"https:\/\/portaltela.pt\/noticias\/2026\/01\/12\/alvito-investe-mais-de-um-milhao-de-euros-na-requalificacao-urbana-de-baronia\/#breadcrumb"},"inLanguage":"pt-PT","potentialAction":[{"@type":"ReadAction","target":["https:\/\/portaltela.pt\/noticias\/2026\/01\/12\/alvito-investe-mais-de-um-milhao-de-euros-na-requalificacao-urbana-de-baronia\/"]}]},{"@type":"ImageObject","inLanguage":"pt-PT","@id":"https:\/\/portaltela.pt\/noticias\/2026\/01\/12\/alvito-investe-mais-de-um-milhao-de-euros-na-requalificacao-urbana-de-baronia\/#primaryimage","url":"https:\/\/portaltela.pt\/s.01k8rhncp4jt1\/2026\/01\/imagem_odigital-1200-x-675-px-14.jpg","contentUrl":"https:\/\/portaltela.pt\/s.01k8rhncp4jt1\/2026\/01\/imagem_odigital-1200-x-675-px-14.jpg","width":796,"height":448,"caption":"Alvito investe mais de um milh\u00e3o de euros em requalifica\u00e7\u00e3o urbana em Vila Nova da Baronia"},{"@type":"BreadcrumbList","@id":"https:\/\/portaltela.pt\/noticias\/2026\/01\/12\/alvito-investe-mais-de-um-milhao-de-euros-na-requalificacao-urbana-de-baronia\/#breadcrumb","itemListElement":[{"@type":"ListItem","position":1,"name":"In\u00edcio","item":"https:\/\/portaltela.pt\/"},{"@type":"ListItem","position":2,"name":"Alvito investe mais de um milh\u00e3o de euros na requalifica\u00e7\u00e3o urbana de Baronia"}]},{"@type":"WebSite","@id":"https:\/\/portaltela.pt\/#website","url":"https:\/\/portaltela.pt\/","name":"Portal Tela Portugal","description":"","potentialAction":[{"@type":"SearchAction","target":{"@type":"EntryPoint","urlTemplate":"https:\/\/portaltela.pt\/?s={search_term_string}"},"query-input":{"@type":"PropertyValueSpecification","valueRequired":true,"valueName":"search_term_string"}}],"inLanguage":"pt-PT"},{"@type":"Person","@id":"https:\/\/portaltela.pt\/#\/schema\/person\/c4278d4a6028830caff9ee44b42d32ed","name":"Telinha","image":{"@type":"ImageObject","inLanguage":"pt-PT","@id":"https:\/\/portaltela.pt\/s.01k8rhncp4jt1\/2025\/11\/talking-bot-125x125.png","url":"https:\/\/portaltela.pt\/s.01k8rhncp4jt1\/2025\/11\/talking-bot-125x125.png","contentUrl":"https:\/\/portaltela.pt\/s.01k8rhncp4jt1\/2025\/11\/talking-bot-125x125.png","caption":"Telinha"},"sameAs":["https:\/\/portaltela.pt\/"],"url":"https:\/\/portaltela.pt\/por\/367410592786\/"}]}},"_links":{"self":[{"href":"https:\/\/portaltela.pt\/api\/wp\/v2\/posts\/136731","targetHints":{"allow":["GET"]}}],"collection":[{"href":"https:\/\/portaltela.pt\/api\/wp\/v2\/posts"}],"about":[{"href":"https:\/\/portaltela.pt\/api\/wp\/v2\/types\/post"}],"author":[{"embeddable":true,"href":"https:\/\/portaltela.pt\/api\/wp\/v2\/users\/2"}],"replies":[{"embeddable":true,"href":"https:\/\/portaltela.pt\/api\/wp\/v2\/comments?post=136731"}],"version-history":[{"count":0,"href":"https:\/\/portaltela.pt\/api\/wp\/v2\/posts\/136731\/revisions"}],"wp:featuredmedia":[{"embeddable":true,"href":"https:\/\/portaltela.pt\/api\/wp\/v2\/media\/136744"}],"wp:attachment":[{"href":"https:\/\/portaltela.pt\/api\/wp\/v2\/media?parent=136731"}],"wp:term":[{"taxonomy":"category","embeddable":true,"href":"https:\/\/portaltela.pt\/api\/wp\/v2\/categories?post=136731"},{"taxonomy":"post_tag","embeddable":true,"href":"https:\/\/portaltela.pt\/api\/wp\/v2\/tags?post=136731"}],"curies":[{"name":"wp","href":"https:\/\/api.w.org\/{rel}","templated":true}]}}