{"id":136701,"date":"2026-01-12T17:30:00","date_gmt":"2026-01-12T20:30:00","guid":{"rendered":"https:\/\/portaltela.pt\/noticias\/2026\/01\/12\/radar-social-de-amarante-comeca-ronda-de-sessoes-de-proximidade-nas-freguesias\/"},"modified":"2026-01-12T17:30:00","modified_gmt":"2026-01-12T20:30:00","slug":"radar-social-de-amarante-comeca-ronda-de-sessoes-de-proximidade-nas-freguesias","status":"publish","type":"post","link":"https:\/\/portaltela.pt\/noticias\/2026\/01\/12\/radar-social-de-amarante-comeca-ronda-de-sessoes-de-proximidade-nas-freguesias\/","title":{"rendered":"Radar Social de Amarante come\u00e7a ronda de sess\u00f5es de proximidade nas freguesias"},"content":{"rendered":"<p>O projeto piloto Radar Social, integrado na Rede Social do Munic\u00edpio de Amarante, iniciou uma ronda de sess\u00f5es de proximidade que v\u00e3o percorrer as 26 freguesias do concelho. O objetivo \u00e9 identificar, orientar e encaminhar casos de vulnerabilidade social de forma direta e confidencial.<\/p>\n<p>A iniciativa arrancou a 17 de dezembro na Freguesia de Gondar, com uma equipa t\u00e9cnica multidisciplinar. O objetivo \u00e9 chegar a pessoas, fam\u00edlias ou grupos em risco que ainda n\u00e3o estejam sinalizados nos sistemas formais de apoio, seguindo o princ\u00edpio europeu de que ningu\u00e9m fica para tr\u00e1s.<\/p>\n<p>As pr\u00f3ximas sess\u00f5es j\u00e1 t\u00eam data marcada: ter\u00e7a-feira, 13 de janeiro, a partir das 9h30, na Uni\u00e3o das Freguesias de Olo e Canadelo (junto \u00e0 Igreja de Olo); quinta-feira, 22 de janeiro, \u00e0s 14h30, na Freguesia de Vila Me\u00e3; e ter\u00e7a-feira, 27 de janeiro, \u00e0s 9h30, na Freguesia de Travanca.<\/p>\n<h3>Pr\u00f3ximas sess\u00f5es e sinaliza\u00e7\u00e3o<\/h3>\n<p>O trabalho \u00e9 realizado em articula\u00e7\u00e3o com parceiros locais, como Juntas de Freguesia e IPSS, para facilitar a divulga\u00e7\u00e3o e a dete\u00e7\u00e3o de necessidades. Sinaliza\u00e7\u00f5es podem ser feitas por qualquer cidad\u00e3o de forma confidencial atrav\u00e9s do email radar.social@cm-amarante.pt, do telefone 255 420 233 ou via formul\u00e1rio online dispon\u00edvel no site do munic\u00edpio.<\/p>\n<p>A iniciativa pretende ampliar a rede de apoio e encaminhar casos aos recursos adequados, com o objetivo de reduzir situa\u00e7\u00f5es de vulnerabilidade na comunidade de Amarante.<\/p>\n","protected":false},"excerpt":{"rendered":"<ul>\n<li>O projeto piloto \u201cRadar Social\u201d, integrado na Rede Social do Munic\u00edpio de Amarante, realiza sess\u00f5es de proximidade para percorrer as 26 freguesias do concelho, com o objetivo de identificar, orientar e encaminhar casos de vulnerabilidade social de forma confidencial.<\/li>\n<li>A iniciativa arrancou a 17 de dezembro na Freguesia de Gondar e envolve uma equipa t\u00e9cnica multidisciplinar, seguindo o princ\u00edpio europeu de \u201cningu\u00e9m fica para tr\u00e1s\u201d.<\/li>\n<li>As pr\u00f3ximas sess\u00f5es est\u00e3o marcadas para: 13 de janeiro, a partir das 9h30, na Uni\u00e3o das Freguesias de Olo e Canadelo (junto \u00e0 Igreja de Olo); 22 de janeiro, \u00e0s 14h30, na Freguesia de Vila Me\u00e3; 27 de janeiro, \u00e0s 9h30, na Freguesia de Travanca.<\/li>\n<li>O trabalho \u00e9 feito em articula\u00e7\u00e3o com juntas de freguesia e IPSS, para facilitar a divulga\u00e7\u00e3o e a dete\u00e7\u00e3o de necessidades.<\/li>\n<li>As sinaliza\u00e7\u00f5es podem ser feitas por qualquer cidad\u00e3o de forma confidencial via email radar.social@cm-amarante.pt, telefone 255 420 233 ou formul\u00e1rio online dispon\u00edvel no site do munic\u00edpio.<\/li>\n<\/ul>\n","protected":false},"author":2,"featured_media":136705,"comment_status":"closed","ping_status":"closed","sticky":false,"template":"","format":"standard","meta":{"footnotes":""},"categories":[1],"tags":[1303,2172,903,173,2484,1221],"class_list":["post-136701","post","type-post","status-publish","format-standard","has-post-thumbnail","hentry","category-noticias","tag-amarante","tag-assistencia-social","tag-comunidades","tag-protecao-social","tag-radar-social","tag-servicos-publicos"],"yoast_head":"<!-- This site is optimized with the Yoast SEO plugin v27.2 - https:\/\/yoast.com\/product\/yoast-seo-wordpress\/ -->\n<title>Radar Social de Amarante come\u00e7a ronda de sess\u00f5es de proximidade nas freguesias - Portal Tela Portugal<\/title>\n<meta name=\"robots\" content=\"index, follow, max-snippet:-1, max-image-preview:large, max-video-preview:-1\" \/>\n<meta property=\"og:locale\" content=\"pt_PT\" \/>\n<meta property=\"og:type\" content=\"article\" \/>\n<meta property=\"og:title\" content=\"Radar Social de Amarante come\u00e7a ronda de sess\u00f5es de proximidade nas freguesias - Portal Tela Portugal\" \/>\n<meta property=\"og:description\" content=\"O projeto piloto \u201cRadar Social\u201d, integrado na Rede Social do Munic\u00edpio de Amarante, realiza sess\u00f5es de proximidade para percorrer as 26 freguesias do concelho, com o objetivo de identificar, orientar e encaminhar casos de vulnerabilidade social de forma confidencial. A iniciativa arrancou a 17 de dezembro na Freguesia de Gondar e envolve uma equipa t\u00e9cnica multidisciplinar, seguindo o princ\u00edpio europeu de \u201cningu\u00e9m fica para tr\u00e1s\u201d. As pr\u00f3ximas sess\u00f5es est\u00e3o marcadas para: 13 de janeiro, a partir das 9h30, na Uni\u00e3o das Freguesias de Olo e Canadelo (junto \u00e0 Igreja de Olo); 22 de janeiro, \u00e0s 14h30, na Freguesia de Vila Me\u00e3; 27 de janeiro, \u00e0s 9h30, na Freguesia de Travanca. O trabalho \u00e9 feito em articula\u00e7\u00e3o com juntas de freguesia e IPSS, para facilitar a divulga\u00e7\u00e3o e a dete\u00e7\u00e3o de necessidades. As sinaliza\u00e7\u00f5es podem ser feitas por qualquer cidad\u00e3o de forma confidencial via email radar.social@cm-amarante.pt, telefone 255 420 233 ou formul\u00e1rio online dispon\u00edvel no site do munic\u00edpio.\" \/>\n<meta property=\"og:url\" content=\"https:\/\/portaltela.pt\/noticias\/2026\/01\/12\/radar-social-de-amarante-comeca-ronda-de-sessoes-de-proximidade-nas-freguesias\/\" \/>\n<meta property=\"og:site_name\" content=\"Portal Tela Portugal\" \/>\n<meta property=\"article:published_time\" content=\"2026-01-12T20:30:00+00:00\" \/>\n<meta name=\"author\" content=\"Telinha\" \/>\n<meta name=\"twitter:card\" content=\"summary_large_image\" \/>\n<meta name=\"twitter:label1\" content=\"Escrito por\" \/>\n\t<meta name=\"twitter:data1\" content=\"Telinha\" \/>\n\t<meta name=\"twitter:label2\" content=\"Tempo estimado de leitura\" \/>\n\t<meta name=\"twitter:data2\" content=\"1 minuto\" \/>\n<script type=\"application\/ld+json\" class=\"yoast-schema-graph\">{\"@context\":\"https:\/\/schema.org\",\"@graph\":[{\"@type\":\"Article\",\"@id\":\"https:\/\/portaltela.pt\/noticias\/2026\/01\/12\/radar-social-de-amarante-comeca-ronda-de-sessoes-de-proximidade-nas-freguesias\/#article\",\"isPartOf\":{\"@id\":\"https:\/\/portaltela.pt\/noticias\/2026\/01\/12\/radar-social-de-amarante-comeca-ronda-de-sessoes-de-proximidade-nas-freguesias\/\"},\"author\":{\"name\":\"Telinha\",\"@id\":\"https:\/\/portaltela.pt\/#\/schema\/person\/c4278d4a6028830caff9ee44b42d32ed\"},\"headline\":\"Radar Social de Amarante come\u00e7a ronda de sess\u00f5es de proximidade nas freguesias\",\"datePublished\":\"2026-01-12T20:30:00+00:00\",\"mainEntityOfPage\":{\"@id\":\"https:\/\/portaltela.pt\/noticias\/2026\/01\/12\/radar-social-de-amarante-comeca-ronda-de-sessoes-de-proximidade-nas-freguesias\/\"},\"wordCount\":256,\"image\":{\"@id\":\"https:\/\/portaltela.pt\/noticias\/2026\/01\/12\/radar-social-de-amarante-comeca-ronda-de-sessoes-de-proximidade-nas-freguesias\/#primaryimage\"},\"thumbnailUrl\":\"https:\/\/portaltela.pt\/s.01k8rhncp4jt1\/2026\/01\/unnamed-file-2546.jpg\",\"keywords\":[\"Amarante\",\"assist\u00eancia social\",\"comunidades\",\"prote\u00e7\u00e3o social\",\"Radar Social\",\"servi\u00e7os p\u00fablicos\"],\"articleSection\":[\"Not\u00edcias\"],\"inLanguage\":\"pt-PT\"},{\"@type\":\"WebPage\",\"@id\":\"https:\/\/portaltela.pt\/noticias\/2026\/01\/12\/radar-social-de-amarante-comeca-ronda-de-sessoes-de-proximidade-nas-freguesias\/\",\"url\":\"https:\/\/portaltela.pt\/noticias\/2026\/01\/12\/radar-social-de-amarante-comeca-ronda-de-sessoes-de-proximidade-nas-freguesias\/\",\"name\":\"Radar Social de Amarante come\u00e7a ronda de sess\u00f5es de proximidade nas freguesias - Portal Tela Portugal\",\"isPartOf\":{\"@id\":\"https:\/\/portaltela.pt\/#website\"},\"primaryImageOfPage\":{\"@id\":\"https:\/\/portaltela.pt\/noticias\/2026\/01\/12\/radar-social-de-amarante-comeca-ronda-de-sessoes-de-proximidade-nas-freguesias\/#primaryimage\"},\"image\":{\"@id\":\"https:\/\/portaltela.pt\/noticias\/2026\/01\/12\/radar-social-de-amarante-comeca-ronda-de-sessoes-de-proximidade-nas-freguesias\/#primaryimage\"},\"thumbnailUrl\":\"https:\/\/portaltela.pt\/s.01k8rhncp4jt1\/2026\/01\/unnamed-file-2546.jpg\",\"datePublished\":\"2026-01-12T20:30:00+00:00\",\"author\":{\"@id\":\"https:\/\/portaltela.pt\/#\/schema\/person\/c4278d4a6028830caff9ee44b42d32ed\"},\"breadcrumb\":{\"@id\":\"https:\/\/portaltela.pt\/noticias\/2026\/01\/12\/radar-social-de-amarante-comeca-ronda-de-sessoes-de-proximidade-nas-freguesias\/#breadcrumb\"},\"inLanguage\":\"pt-PT\",\"potentialAction\":[{\"@type\":\"ReadAction\",\"target\":[\"https:\/\/portaltela.pt\/noticias\/2026\/01\/12\/radar-social-de-amarante-comeca-ronda-de-sessoes-de-proximidade-nas-freguesias\/\"]}]},{\"@type\":\"ImageObject\",\"inLanguage\":\"pt-PT\",\"@id\":\"https:\/\/portaltela.pt\/noticias\/2026\/01\/12\/radar-social-de-amarante-comeca-ronda-de-sessoes-de-proximidade-nas-freguesias\/#primaryimage\",\"url\":\"https:\/\/portaltela.pt\/s.01k8rhncp4jt1\/2026\/01\/unnamed-file-2546.jpg\",\"contentUrl\":\"https:\/\/portaltela.pt\/s.01k8rhncp4jt1\/2026\/01\/unnamed-file-2546.jpg\",\"width\":796,\"height\":448,\"caption\":\"Projeto \u201cRadar Social\u201d de Amarante inicia ronda de sess\u00f5es de proximidade pelas freguesias\"},{\"@type\":\"BreadcrumbList\",\"@id\":\"https:\/\/portaltela.pt\/noticias\/2026\/01\/12\/radar-social-de-amarante-comeca-ronda-de-sessoes-de-proximidade-nas-freguesias\/#breadcrumb\",\"itemListElement\":[{\"@type\":\"ListItem\",\"position\":1,\"name\":\"In\u00edcio\",\"item\":\"https:\/\/portaltela.pt\/\"},{\"@type\":\"ListItem\",\"position\":2,\"name\":\"Radar Social de Amarante come\u00e7a ronda de sess\u00f5es de proximidade nas freguesias\"}]},{\"@type\":\"WebSite\",\"@id\":\"https:\/\/portaltela.pt\/#website\",\"url\":\"https:\/\/portaltela.pt\/\",\"name\":\"Portal Tela Portugal\",\"description\":\"\",\"potentialAction\":[{\"@type\":\"SearchAction\",\"target\":{\"@type\":\"EntryPoint\",\"urlTemplate\":\"https:\/\/portaltela.pt\/?s={search_term_string}\"},\"query-input\":{\"@type\":\"PropertyValueSpecification\",\"valueRequired\":true,\"valueName\":\"search_term_string\"}}],\"inLanguage\":\"pt-PT\"},{\"@type\":\"Person\",\"@id\":\"https:\/\/portaltela.pt\/#\/schema\/person\/c4278d4a6028830caff9ee44b42d32ed\",\"name\":\"Telinha\",\"image\":{\"@type\":\"ImageObject\",\"inLanguage\":\"pt-PT\",\"@id\":\"https:\/\/portaltela.pt\/s.01k8rhncp4jt1\/2025\/11\/talking-bot-125x125.png\",\"url\":\"https:\/\/portaltela.pt\/s.01k8rhncp4jt1\/2025\/11\/talking-bot-125x125.png\",\"contentUrl\":\"https:\/\/portaltela.pt\/s.01k8rhncp4jt1\/2025\/11\/talking-bot-125x125.png\",\"caption\":\"Telinha\"},\"sameAs\":[\"https:\/\/portaltela.pt\/\"],\"url\":\"https:\/\/portaltela.pt\/por\/367410592786\/\"}]}<\/script>\n<!-- \/ Yoast SEO plugin. -->","yoast_head_json":{"title":"Radar Social de Amarante come\u00e7a ronda de sess\u00f5es de proximidade nas freguesias - Portal Tela Portugal","robots":{"index":"index","follow":"follow","max-snippet":"max-snippet:-1","max-image-preview":"max-image-preview:large","max-video-preview":"max-video-preview:-1"},"og_locale":"pt_PT","og_type":"article","og_title":"Radar Social de Amarante come\u00e7a ronda de sess\u00f5es de proximidade nas freguesias - Portal Tela Portugal","og_description":"O projeto piloto \u201cRadar Social\u201d, integrado na Rede Social do Munic\u00edpio de Amarante, realiza sess\u00f5es de proximidade para percorrer as 26 freguesias do concelho, com o objetivo de identificar, orientar e encaminhar casos de vulnerabilidade social de forma confidencial. A iniciativa arrancou a 17 de dezembro na Freguesia de Gondar e envolve uma equipa t\u00e9cnica multidisciplinar, seguindo o princ\u00edpio europeu de \u201cningu\u00e9m fica para tr\u00e1s\u201d. As pr\u00f3ximas sess\u00f5es est\u00e3o marcadas para: 13 de janeiro, a partir das 9h30, na Uni\u00e3o das Freguesias de Olo e Canadelo (junto \u00e0 Igreja de Olo); 22 de janeiro, \u00e0s 14h30, na Freguesia de Vila Me\u00e3; 27 de janeiro, \u00e0s 9h30, na Freguesia de Travanca. O trabalho \u00e9 feito em articula\u00e7\u00e3o com juntas de freguesia e IPSS, para facilitar a divulga\u00e7\u00e3o e a dete\u00e7\u00e3o de necessidades. As sinaliza\u00e7\u00f5es podem ser feitas por qualquer cidad\u00e3o de forma confidencial via email radar.social@cm-amarante.pt, telefone 255 420 233 ou formul\u00e1rio online dispon\u00edvel no site do munic\u00edpio.","og_url":"https:\/\/portaltela.pt\/noticias\/2026\/01\/12\/radar-social-de-amarante-comeca-ronda-de-sessoes-de-proximidade-nas-freguesias\/","og_site_name":"Portal Tela Portugal","article_published_time":"2026-01-12T20:30:00+00:00","author":"Telinha","twitter_card":"summary_large_image","twitter_misc":{"Escrito por":"Telinha","Tempo estimado de leitura":"1 minuto"},"schema":{"@context":"https:\/\/schema.org","@graph":[{"@type":"Article","@id":"https:\/\/portaltela.pt\/noticias\/2026\/01\/12\/radar-social-de-amarante-comeca-ronda-de-sessoes-de-proximidade-nas-freguesias\/#article","isPartOf":{"@id":"https:\/\/portaltela.pt\/noticias\/2026\/01\/12\/radar-social-de-amarante-comeca-ronda-de-sessoes-de-proximidade-nas-freguesias\/"},"author":{"name":"Telinha","@id":"https:\/\/portaltela.pt\/#\/schema\/person\/c4278d4a6028830caff9ee44b42d32ed"},"headline":"Radar Social de Amarante come\u00e7a ronda de sess\u00f5es de proximidade nas freguesias","datePublished":"2026-01-12T20:30:00+00:00","mainEntityOfPage":{"@id":"https:\/\/portaltela.pt\/noticias\/2026\/01\/12\/radar-social-de-amarante-comeca-ronda-de-sessoes-de-proximidade-nas-freguesias\/"},"wordCount":256,"image":{"@id":"https:\/\/portaltela.pt\/noticias\/2026\/01\/12\/radar-social-de-amarante-comeca-ronda-de-sessoes-de-proximidade-nas-freguesias\/#primaryimage"},"thumbnailUrl":"https:\/\/portaltela.pt\/s.01k8rhncp4jt1\/2026\/01\/unnamed-file-2546.jpg","keywords":["Amarante","assist\u00eancia social","comunidades","prote\u00e7\u00e3o social","Radar Social","servi\u00e7os p\u00fablicos"],"articleSection":["Not\u00edcias"],"inLanguage":"pt-PT"},{"@type":"WebPage","@id":"https:\/\/portaltela.pt\/noticias\/2026\/01\/12\/radar-social-de-amarante-comeca-ronda-de-sessoes-de-proximidade-nas-freguesias\/","url":"https:\/\/portaltela.pt\/noticias\/2026\/01\/12\/radar-social-de-amarante-comeca-ronda-de-sessoes-de-proximidade-nas-freguesias\/","name":"Radar Social de Amarante come\u00e7a ronda de sess\u00f5es de proximidade nas freguesias - Portal Tela Portugal","isPartOf":{"@id":"https:\/\/portaltela.pt\/#website"},"primaryImageOfPage":{"@id":"https:\/\/portaltela.pt\/noticias\/2026\/01\/12\/radar-social-de-amarante-comeca-ronda-de-sessoes-de-proximidade-nas-freguesias\/#primaryimage"},"image":{"@id":"https:\/\/portaltela.pt\/noticias\/2026\/01\/12\/radar-social-de-amarante-comeca-ronda-de-sessoes-de-proximidade-nas-freguesias\/#primaryimage"},"thumbnailUrl":"https:\/\/portaltela.pt\/s.01k8rhncp4jt1\/2026\/01\/unnamed-file-2546.jpg","datePublished":"2026-01-12T20:30:00+00:00","author":{"@id":"https:\/\/portaltela.pt\/#\/schema\/person\/c4278d4a6028830caff9ee44b42d32ed"},"breadcrumb":{"@id":"https:\/\/portaltela.pt\/noticias\/2026\/01\/12\/radar-social-de-amarante-comeca-ronda-de-sessoes-de-proximidade-nas-freguesias\/#breadcrumb"},"inLanguage":"pt-PT","potentialAction":[{"@type":"ReadAction","target":["https:\/\/portaltela.pt\/noticias\/2026\/01\/12\/radar-social-de-amarante-comeca-ronda-de-sessoes-de-proximidade-nas-freguesias\/"]}]},{"@type":"ImageObject","inLanguage":"pt-PT","@id":"https:\/\/portaltela.pt\/noticias\/2026\/01\/12\/radar-social-de-amarante-comeca-ronda-de-sessoes-de-proximidade-nas-freguesias\/#primaryimage","url":"https:\/\/portaltela.pt\/s.01k8rhncp4jt1\/2026\/01\/unnamed-file-2546.jpg","contentUrl":"https:\/\/portaltela.pt\/s.01k8rhncp4jt1\/2026\/01\/unnamed-file-2546.jpg","width":796,"height":448,"caption":"Projeto \u201cRadar Social\u201d de Amarante inicia ronda de sess\u00f5es de proximidade pelas freguesias"},{"@type":"BreadcrumbList","@id":"https:\/\/portaltela.pt\/noticias\/2026\/01\/12\/radar-social-de-amarante-comeca-ronda-de-sessoes-de-proximidade-nas-freguesias\/#breadcrumb","itemListElement":[{"@type":"ListItem","position":1,"name":"In\u00edcio","item":"https:\/\/portaltela.pt\/"},{"@type":"ListItem","position":2,"name":"Radar Social de Amarante come\u00e7a ronda de sess\u00f5es de proximidade nas freguesias"}]},{"@type":"WebSite","@id":"https:\/\/portaltela.pt\/#website","url":"https:\/\/portaltela.pt\/","name":"Portal Tela Portugal","description":"","potentialAction":[{"@type":"SearchAction","target":{"@type":"EntryPoint","urlTemplate":"https:\/\/portaltela.pt\/?s={search_term_string}"},"query-input":{"@type":"PropertyValueSpecification","valueRequired":true,"valueName":"search_term_string"}}],"inLanguage":"pt-PT"},{"@type":"Person","@id":"https:\/\/portaltela.pt\/#\/schema\/person\/c4278d4a6028830caff9ee44b42d32ed","name":"Telinha","image":{"@type":"ImageObject","inLanguage":"pt-PT","@id":"https:\/\/portaltela.pt\/s.01k8rhncp4jt1\/2025\/11\/talking-bot-125x125.png","url":"https:\/\/portaltela.pt\/s.01k8rhncp4jt1\/2025\/11\/talking-bot-125x125.png","contentUrl":"https:\/\/portaltela.pt\/s.01k8rhncp4jt1\/2025\/11\/talking-bot-125x125.png","caption":"Telinha"},"sameAs":["https:\/\/portaltela.pt\/"],"url":"https:\/\/portaltela.pt\/por\/367410592786\/"}]}},"_links":{"self":[{"href":"https:\/\/portaltela.pt\/api\/wp\/v2\/posts\/136701","targetHints":{"allow":["GET"]}}],"collection":[{"href":"https:\/\/portaltela.pt\/api\/wp\/v2\/posts"}],"about":[{"href":"https:\/\/portaltela.pt\/api\/wp\/v2\/types\/post"}],"author":[{"embeddable":true,"href":"https:\/\/portaltela.pt\/api\/wp\/v2\/users\/2"}],"replies":[{"embeddable":true,"href":"https:\/\/portaltela.pt\/api\/wp\/v2\/comments?post=136701"}],"version-history":[{"count":0,"href":"https:\/\/portaltela.pt\/api\/wp\/v2\/posts\/136701\/revisions"}],"wp:featuredmedia":[{"embeddable":true,"href":"https:\/\/portaltela.pt\/api\/wp\/v2\/media\/136705"}],"wp:attachment":[{"href":"https:\/\/portaltela.pt\/api\/wp\/v2\/media?parent=136701"}],"wp:term":[{"taxonomy":"category","embeddable":true,"href":"https:\/\/portaltela.pt\/api\/wp\/v2\/categories?post=136701"},{"taxonomy":"post_tag","embeddable":true,"href":"https:\/\/portaltela.pt\/api\/wp\/v2\/tags?post=136701"}],"curies":[{"name":"wp","href":"https:\/\/api.w.org\/{rel}","templated":true}]}}