{"id":136591,"date":"2026-01-12T17:08:00","date_gmt":"2026-01-12T20:08:00","guid":{"rendered":"https:\/\/portaltela.pt\/noticias\/2026\/01\/12\/xabi-alonso-a-ultima-vitima-do-ciclo-de-mudancas-de-treinadores\/"},"modified":"2026-01-12T17:08:00","modified_gmt":"2026-01-12T20:08:00","slug":"xabi-alonso-a-ultima-vitima-do-ciclo-de-mudancas-de-treinadores","status":"publish","type":"post","link":"https:\/\/portaltela.pt\/desporto\/futebol\/2026\/01\/12\/xabi-alonso-a-ultima-vitima-do-ciclo-de-mudancas-de-treinadores\/","title":{"rendered":"Xabi Alonso, a \u00faltima v\u00edtima do ciclo de mudan\u00e7as de treinadores"},"content":{"rendered":"<p>O Real Madrid anunciou na segunda-feira a sa\u00edda de Xabi Alonso do cargo de treinador. A decis\u00e3o encerra um ciclo de menos de oito meses, iniciado no Mundial de Clubes. O clube n\u00e3o avan\u00e7ou com detalhes adicionais sobre o processo de sa\u00edda.<\/p>\n<p>Entre as mudan\u00e7as, a onda de sa\u00eddas de treinadores mant\u00e9m-se alta na Europa, com j\u00e1 mais de 100 despedimentos na \u00e9poca. Na Liga inglesa, seis clubes demitiram t\u00e9cnicos at\u00e9 agora, incluindo Ruben Amorim e Enzo Maresca.<\/p>\n<p>O Real Madrid indicou Alvaro Arbeloa como op\u00e7\u00e3o para a sucess\u00e3o de Alonso, tendo o antigo defesa treinado a equipa B, o Castilla. A escolha insere Arbeloa numa linha de continuidade interna do clube.<\/p>\n<h3>Real Madrid e Arbeloa<\/h3>\n<p>Foi anunciado que Arbeloa ficou encarregado de conduzir a equipa ap\u00f3s a sa\u00edda de Alonso, com objetivos de estabilizar o treinador interino at\u00e9 nova defini\u00e7\u00e3o. A op\u00e7\u00e3o foi recebida com cautela pelo staff t\u00e9cnico e pela dire\u00e7\u00e3o.<\/p>\n<h3>Panorama europeu<\/h3>\n<p>Outros clubes j\u00e1 tinham confirmado mudan\u00e7as significativas ao longo da \u00e9poca, com v\u00e1rias equipas a navegar por turnos de transi\u00e7\u00e3o. Aves SAD destaca-se como exemplo, tendo passado por tr\u00eas treinadores diferentes nesta fase da temporada.<\/p>\n","protected":false},"excerpt":{"rendered":"<ul>\n<li>Xabi Alonso deixou o Real Madrid, com o an\u00fancio a ser feito numa segunda-feira; dirigiu o clube no Mundial de Clubes e saiu ao fim de menos de oito meses.<\/li>\n<li>A substitui\u00e7\u00e3o ficou a cargo de Alvaro Arbeloa, que treinava o Castilla, ap\u00f3s Alonso ter sido afastado a 12 de janeiro de 2026.<\/li>\n<li>Arbeloa foi apontado como a op\u00e7\u00e3o para a sucess\u00e3o de Alonso.<\/li>\n<li>Entre as grandes ligas, a Premier League lidera com seis demiss\u00f5es at\u00e9 ao momento, com Ruben Amorim e Enzo Maresca entre os despedidos mais recentes.<\/li>\n<li>Onze clubes j\u00e1 tiveram mais de uma mudan\u00e7a de treinador nesta \u00e9poca, incluindo o Aves SAD, que j\u00e1 teve tr\u00eas treinadores.<\/li>\n<\/ul>\n","protected":false},"author":2,"featured_media":136595,"comment_status":"closed","ping_status":"closed","sticky":false,"template":"","format":"standard","meta":{"footnotes":""},"categories":[21,24],"tags":[2960,2970,32,2714,1643,2664],"class_list":["post-136591","post","type-post","status-publish","format-standard","has-post-thumbnail","hentry","category-desporto","category-futebol","tag-arbeloa","tag-enzo-maresca","tag-futebol","tag-real-madrid","tag-ruben-amorim","tag-xabi-alonso"],"yoast_head":"<!-- This site is optimized with the Yoast SEO plugin v27.2 - https:\/\/yoast.com\/product\/yoast-seo-wordpress\/ -->\n<title>Xabi Alonso, a \u00faltima v\u00edtima do ciclo de mudan\u00e7as de treinadores - Portal Tela Portugal<\/title>\n<meta name=\"robots\" content=\"index, follow, max-snippet:-1, max-image-preview:large, max-video-preview:-1\" \/>\n<meta property=\"og:locale\" content=\"pt_PT\" \/>\n<meta property=\"og:type\" content=\"article\" \/>\n<meta property=\"og:title\" content=\"Xabi Alonso, a \u00faltima v\u00edtima do ciclo de mudan\u00e7as de treinadores - Portal Tela Portugal\" \/>\n<meta property=\"og:description\" content=\"Xabi Alonso deixou o Real Madrid, com o an\u00fancio a ser feito numa segunda-feira; dirigiu o clube no Mundial de Clubes e saiu ao fim de menos de oito meses. A substitui\u00e7\u00e3o ficou a cargo de Alvaro Arbeloa, que treinava o Castilla, ap\u00f3s Alonso ter sido afastado a 12 de janeiro de 2026. Arbeloa foi apontado como a op\u00e7\u00e3o para a sucess\u00e3o de Alonso. Entre as grandes ligas, a Premier League lidera com seis demiss\u00f5es at\u00e9 ao momento, com Ruben Amorim e Enzo Maresca entre os despedidos mais recentes. Onze clubes j\u00e1 tiveram mais de uma mudan\u00e7a de treinador nesta \u00e9poca, incluindo o Aves SAD, que j\u00e1 teve tr\u00eas treinadores.\" \/>\n<meta property=\"og:url\" content=\"https:\/\/portaltela.pt\/noticias\/2026\/01\/12\/xabi-alonso-a-ultima-vitima-do-ciclo-de-mudancas-de-treinadores\/\" \/>\n<meta property=\"og:site_name\" content=\"Portal Tela Portugal\" \/>\n<meta property=\"article:published_time\" content=\"2026-01-12T20:08:00+00:00\" \/>\n<meta name=\"author\" content=\"Telinha\" \/>\n<meta name=\"twitter:card\" content=\"summary_large_image\" \/>\n<meta name=\"twitter:label1\" content=\"Escrito por\" \/>\n\t<meta name=\"twitter:data1\" content=\"Telinha\" \/>\n\t<meta name=\"twitter:label2\" content=\"Tempo estimado de leitura\" \/>\n\t<meta name=\"twitter:data2\" content=\"1 minuto\" \/>\n<script type=\"application\/ld+json\" class=\"yoast-schema-graph\">{\"@context\":\"https:\/\/schema.org\",\"@graph\":[{\"@type\":\"Article\",\"@id\":\"https:\/\/portaltela.pt\/noticias\/2026\/01\/12\/xabi-alonso-a-ultima-vitima-do-ciclo-de-mudancas-de-treinadores\/#article\",\"isPartOf\":{\"@id\":\"https:\/\/portaltela.pt\/noticias\/2026\/01\/12\/xabi-alonso-a-ultima-vitima-do-ciclo-de-mudancas-de-treinadores\/\"},\"author\":{\"name\":\"Telinha\",\"@id\":\"https:\/\/portaltela.pt\/#\/schema\/person\/c4278d4a6028830caff9ee44b42d32ed\"},\"headline\":\"Xabi Alonso, a \u00faltima v\u00edtima do ciclo de mudan\u00e7as de treinadores\",\"datePublished\":\"2026-01-12T20:08:00+00:00\",\"mainEntityOfPage\":{\"@id\":\"https:\/\/portaltela.pt\/noticias\/2026\/01\/12\/xabi-alonso-a-ultima-vitima-do-ciclo-de-mudancas-de-treinadores\/\"},\"wordCount\":223,\"image\":{\"@id\":\"https:\/\/portaltela.pt\/noticias\/2026\/01\/12\/xabi-alonso-a-ultima-vitima-do-ciclo-de-mudancas-de-treinadores\/#primaryimage\"},\"thumbnailUrl\":\"https:\/\/portaltela.pt\/s.01k8rhncp4jt1\/2026\/01\/06d65f18-d059-4f2d-b45e-4938066a848c.jpg\",\"keywords\":[\"Arbeloa\",\"Enzo Maresca\",\"futebol\",\"Real Madrid\",\"Ruben Amorim\",\"Xabi Alonso\"],\"articleSection\":[\"Desporto\",\"Futebol\"],\"inLanguage\":\"pt-PT\"},{\"@type\":\"WebPage\",\"@id\":\"https:\/\/portaltela.pt\/noticias\/2026\/01\/12\/xabi-alonso-a-ultima-vitima-do-ciclo-de-mudancas-de-treinadores\/\",\"url\":\"https:\/\/portaltela.pt\/noticias\/2026\/01\/12\/xabi-alonso-a-ultima-vitima-do-ciclo-de-mudancas-de-treinadores\/\",\"name\":\"Xabi Alonso, a \u00faltima v\u00edtima do ciclo de mudan\u00e7as de treinadores - Portal Tela Portugal\",\"isPartOf\":{\"@id\":\"https:\/\/portaltela.pt\/#website\"},\"primaryImageOfPage\":{\"@id\":\"https:\/\/portaltela.pt\/noticias\/2026\/01\/12\/xabi-alonso-a-ultima-vitima-do-ciclo-de-mudancas-de-treinadores\/#primaryimage\"},\"image\":{\"@id\":\"https:\/\/portaltela.pt\/noticias\/2026\/01\/12\/xabi-alonso-a-ultima-vitima-do-ciclo-de-mudancas-de-treinadores\/#primaryimage\"},\"thumbnailUrl\":\"https:\/\/portaltela.pt\/s.01k8rhncp4jt1\/2026\/01\/06d65f18-d059-4f2d-b45e-4938066a848c.jpg\",\"datePublished\":\"2026-01-12T20:08:00+00:00\",\"author\":{\"@id\":\"https:\/\/portaltela.pt\/#\/schema\/person\/c4278d4a6028830caff9ee44b42d32ed\"},\"breadcrumb\":{\"@id\":\"https:\/\/portaltela.pt\/noticias\/2026\/01\/12\/xabi-alonso-a-ultima-vitima-do-ciclo-de-mudancas-de-treinadores\/#breadcrumb\"},\"inLanguage\":\"pt-PT\",\"potentialAction\":[{\"@type\":\"ReadAction\",\"target\":[\"https:\/\/portaltela.pt\/noticias\/2026\/01\/12\/xabi-alonso-a-ultima-vitima-do-ciclo-de-mudancas-de-treinadores\/\"]}]},{\"@type\":\"ImageObject\",\"inLanguage\":\"pt-PT\",\"@id\":\"https:\/\/portaltela.pt\/noticias\/2026\/01\/12\/xabi-alonso-a-ultima-vitima-do-ciclo-de-mudancas-de-treinadores\/#primaryimage\",\"url\":\"https:\/\/portaltela.pt\/s.01k8rhncp4jt1\/2026\/01\/06d65f18-d059-4f2d-b45e-4938066a848c.jpg\",\"contentUrl\":\"https:\/\/portaltela.pt\/s.01k8rhncp4jt1\/2026\/01\/06d65f18-d059-4f2d-b45e-4938066a848c.jpg\",\"width\":796,\"height\":448,\"caption\":\"Xabi Alonso, ex-treinador do Real Madrid\"},{\"@type\":\"BreadcrumbList\",\"@id\":\"https:\/\/portaltela.pt\/noticias\/2026\/01\/12\/xabi-alonso-a-ultima-vitima-do-ciclo-de-mudancas-de-treinadores\/#breadcrumb\",\"itemListElement\":[{\"@type\":\"ListItem\",\"position\":1,\"name\":\"In\u00edcio\",\"item\":\"https:\/\/portaltela.pt\/\"},{\"@type\":\"ListItem\",\"position\":2,\"name\":\"Xabi Alonso, a \u00faltima v\u00edtima do ciclo de mudan\u00e7as de treinadores\"}]},{\"@type\":\"WebSite\",\"@id\":\"https:\/\/portaltela.pt\/#website\",\"url\":\"https:\/\/portaltela.pt\/\",\"name\":\"Portal Tela Portugal\",\"description\":\"\",\"potentialAction\":[{\"@type\":\"SearchAction\",\"target\":{\"@type\":\"EntryPoint\",\"urlTemplate\":\"https:\/\/portaltela.pt\/?s={search_term_string}\"},\"query-input\":{\"@type\":\"PropertyValueSpecification\",\"valueRequired\":true,\"valueName\":\"search_term_string\"}}],\"inLanguage\":\"pt-PT\"},{\"@type\":\"Person\",\"@id\":\"https:\/\/portaltela.pt\/#\/schema\/person\/c4278d4a6028830caff9ee44b42d32ed\",\"name\":\"Telinha\",\"image\":{\"@type\":\"ImageObject\",\"inLanguage\":\"pt-PT\",\"@id\":\"https:\/\/portaltela.pt\/s.01k8rhncp4jt1\/2025\/11\/talking-bot-125x125.png\",\"url\":\"https:\/\/portaltela.pt\/s.01k8rhncp4jt1\/2025\/11\/talking-bot-125x125.png\",\"contentUrl\":\"https:\/\/portaltela.pt\/s.01k8rhncp4jt1\/2025\/11\/talking-bot-125x125.png\",\"caption\":\"Telinha\"},\"sameAs\":[\"https:\/\/portaltela.pt\/\"],\"url\":\"https:\/\/portaltela.pt\/por\/367410592786\/\"}]}<\/script>\n<!-- \/ Yoast SEO plugin. -->","yoast_head_json":{"title":"Xabi Alonso, a \u00faltima v\u00edtima do ciclo de mudan\u00e7as de treinadores - Portal Tela Portugal","robots":{"index":"index","follow":"follow","max-snippet":"max-snippet:-1","max-image-preview":"max-image-preview:large","max-video-preview":"max-video-preview:-1"},"og_locale":"pt_PT","og_type":"article","og_title":"Xabi Alonso, a \u00faltima v\u00edtima do ciclo de mudan\u00e7as de treinadores - Portal Tela Portugal","og_description":"Xabi Alonso deixou o Real Madrid, com o an\u00fancio a ser feito numa segunda-feira; dirigiu o clube no Mundial de Clubes e saiu ao fim de menos de oito meses. A substitui\u00e7\u00e3o ficou a cargo de Alvaro Arbeloa, que treinava o Castilla, ap\u00f3s Alonso ter sido afastado a 12 de janeiro de 2026. Arbeloa foi apontado como a op\u00e7\u00e3o para a sucess\u00e3o de Alonso. Entre as grandes ligas, a Premier League lidera com seis demiss\u00f5es at\u00e9 ao momento, com Ruben Amorim e Enzo Maresca entre os despedidos mais recentes. Onze clubes j\u00e1 tiveram mais de uma mudan\u00e7a de treinador nesta \u00e9poca, incluindo o Aves SAD, que j\u00e1 teve tr\u00eas treinadores.","og_url":"https:\/\/portaltela.pt\/noticias\/2026\/01\/12\/xabi-alonso-a-ultima-vitima-do-ciclo-de-mudancas-de-treinadores\/","og_site_name":"Portal Tela Portugal","article_published_time":"2026-01-12T20:08:00+00:00","author":"Telinha","twitter_card":"summary_large_image","twitter_misc":{"Escrito por":"Telinha","Tempo estimado de leitura":"1 minuto"},"schema":{"@context":"https:\/\/schema.org","@graph":[{"@type":"Article","@id":"https:\/\/portaltela.pt\/noticias\/2026\/01\/12\/xabi-alonso-a-ultima-vitima-do-ciclo-de-mudancas-de-treinadores\/#article","isPartOf":{"@id":"https:\/\/portaltela.pt\/noticias\/2026\/01\/12\/xabi-alonso-a-ultima-vitima-do-ciclo-de-mudancas-de-treinadores\/"},"author":{"name":"Telinha","@id":"https:\/\/portaltela.pt\/#\/schema\/person\/c4278d4a6028830caff9ee44b42d32ed"},"headline":"Xabi Alonso, a \u00faltima v\u00edtima do ciclo de mudan\u00e7as de treinadores","datePublished":"2026-01-12T20:08:00+00:00","mainEntityOfPage":{"@id":"https:\/\/portaltela.pt\/noticias\/2026\/01\/12\/xabi-alonso-a-ultima-vitima-do-ciclo-de-mudancas-de-treinadores\/"},"wordCount":223,"image":{"@id":"https:\/\/portaltela.pt\/noticias\/2026\/01\/12\/xabi-alonso-a-ultima-vitima-do-ciclo-de-mudancas-de-treinadores\/#primaryimage"},"thumbnailUrl":"https:\/\/portaltela.pt\/s.01k8rhncp4jt1\/2026\/01\/06d65f18-d059-4f2d-b45e-4938066a848c.jpg","keywords":["Arbeloa","Enzo Maresca","futebol","Real Madrid","Ruben Amorim","Xabi Alonso"],"articleSection":["Desporto","Futebol"],"inLanguage":"pt-PT"},{"@type":"WebPage","@id":"https:\/\/portaltela.pt\/noticias\/2026\/01\/12\/xabi-alonso-a-ultima-vitima-do-ciclo-de-mudancas-de-treinadores\/","url":"https:\/\/portaltela.pt\/noticias\/2026\/01\/12\/xabi-alonso-a-ultima-vitima-do-ciclo-de-mudancas-de-treinadores\/","name":"Xabi Alonso, a \u00faltima v\u00edtima do ciclo de mudan\u00e7as de treinadores - Portal Tela Portugal","isPartOf":{"@id":"https:\/\/portaltela.pt\/#website"},"primaryImageOfPage":{"@id":"https:\/\/portaltela.pt\/noticias\/2026\/01\/12\/xabi-alonso-a-ultima-vitima-do-ciclo-de-mudancas-de-treinadores\/#primaryimage"},"image":{"@id":"https:\/\/portaltela.pt\/noticias\/2026\/01\/12\/xabi-alonso-a-ultima-vitima-do-ciclo-de-mudancas-de-treinadores\/#primaryimage"},"thumbnailUrl":"https:\/\/portaltela.pt\/s.01k8rhncp4jt1\/2026\/01\/06d65f18-d059-4f2d-b45e-4938066a848c.jpg","datePublished":"2026-01-12T20:08:00+00:00","author":{"@id":"https:\/\/portaltela.pt\/#\/schema\/person\/c4278d4a6028830caff9ee44b42d32ed"},"breadcrumb":{"@id":"https:\/\/portaltela.pt\/noticias\/2026\/01\/12\/xabi-alonso-a-ultima-vitima-do-ciclo-de-mudancas-de-treinadores\/#breadcrumb"},"inLanguage":"pt-PT","potentialAction":[{"@type":"ReadAction","target":["https:\/\/portaltela.pt\/noticias\/2026\/01\/12\/xabi-alonso-a-ultima-vitima-do-ciclo-de-mudancas-de-treinadores\/"]}]},{"@type":"ImageObject","inLanguage":"pt-PT","@id":"https:\/\/portaltela.pt\/noticias\/2026\/01\/12\/xabi-alonso-a-ultima-vitima-do-ciclo-de-mudancas-de-treinadores\/#primaryimage","url":"https:\/\/portaltela.pt\/s.01k8rhncp4jt1\/2026\/01\/06d65f18-d059-4f2d-b45e-4938066a848c.jpg","contentUrl":"https:\/\/portaltela.pt\/s.01k8rhncp4jt1\/2026\/01\/06d65f18-d059-4f2d-b45e-4938066a848c.jpg","width":796,"height":448,"caption":"Xabi Alonso, ex-treinador do Real Madrid"},{"@type":"BreadcrumbList","@id":"https:\/\/portaltela.pt\/noticias\/2026\/01\/12\/xabi-alonso-a-ultima-vitima-do-ciclo-de-mudancas-de-treinadores\/#breadcrumb","itemListElement":[{"@type":"ListItem","position":1,"name":"In\u00edcio","item":"https:\/\/portaltela.pt\/"},{"@type":"ListItem","position":2,"name":"Xabi Alonso, a \u00faltima v\u00edtima do ciclo de mudan\u00e7as de treinadores"}]},{"@type":"WebSite","@id":"https:\/\/portaltela.pt\/#website","url":"https:\/\/portaltela.pt\/","name":"Portal Tela Portugal","description":"","potentialAction":[{"@type":"SearchAction","target":{"@type":"EntryPoint","urlTemplate":"https:\/\/portaltela.pt\/?s={search_term_string}"},"query-input":{"@type":"PropertyValueSpecification","valueRequired":true,"valueName":"search_term_string"}}],"inLanguage":"pt-PT"},{"@type":"Person","@id":"https:\/\/portaltela.pt\/#\/schema\/person\/c4278d4a6028830caff9ee44b42d32ed","name":"Telinha","image":{"@type":"ImageObject","inLanguage":"pt-PT","@id":"https:\/\/portaltela.pt\/s.01k8rhncp4jt1\/2025\/11\/talking-bot-125x125.png","url":"https:\/\/portaltela.pt\/s.01k8rhncp4jt1\/2025\/11\/talking-bot-125x125.png","contentUrl":"https:\/\/portaltela.pt\/s.01k8rhncp4jt1\/2025\/11\/talking-bot-125x125.png","caption":"Telinha"},"sameAs":["https:\/\/portaltela.pt\/"],"url":"https:\/\/portaltela.pt\/por\/367410592786\/"}]}},"_links":{"self":[{"href":"https:\/\/portaltela.pt\/api\/wp\/v2\/posts\/136591","targetHints":{"allow":["GET"]}}],"collection":[{"href":"https:\/\/portaltela.pt\/api\/wp\/v2\/posts"}],"about":[{"href":"https:\/\/portaltela.pt\/api\/wp\/v2\/types\/post"}],"author":[{"embeddable":true,"href":"https:\/\/portaltela.pt\/api\/wp\/v2\/users\/2"}],"replies":[{"embeddable":true,"href":"https:\/\/portaltela.pt\/api\/wp\/v2\/comments?post=136591"}],"version-history":[{"count":0,"href":"https:\/\/portaltela.pt\/api\/wp\/v2\/posts\/136591\/revisions"}],"wp:featuredmedia":[{"embeddable":true,"href":"https:\/\/portaltela.pt\/api\/wp\/v2\/media\/136595"}],"wp:attachment":[{"href":"https:\/\/portaltela.pt\/api\/wp\/v2\/media?parent=136591"}],"wp:term":[{"taxonomy":"category","embeddable":true,"href":"https:\/\/portaltela.pt\/api\/wp\/v2\/categories?post=136591"},{"taxonomy":"post_tag","embeddable":true,"href":"https:\/\/portaltela.pt\/api\/wp\/v2\/tags?post=136591"}],"curies":[{"name":"wp","href":"https:\/\/api.w.org\/{rel}","templated":true}]}}