{"id":136372,"date":"2026-01-12T08:05:00","date_gmt":"2026-01-12T11:05:00","guid":{"rendered":"https:\/\/portaltela.pt\/noticias\/2026\/01\/12\/novas-imagens-mostram-agressoes-entre-ultras-do-barreirense-e-olimpico-montijo-3\/"},"modified":"2026-01-12T08:05:00","modified_gmt":"2026-01-12T11:05:00","slug":"novas-imagens-mostram-agressoes-entre-ultras-do-barreirense-e-olimpico-montijo-3","status":"publish","type":"post","link":"https:\/\/portaltela.pt\/desporto\/futebol\/2026\/01\/12\/novas-imagens-mostram-agressoes-entre-ultras-do-barreirense-e-olimpico-montijo-3\/","title":{"rendered":"Novas imagens mostram agress\u00f5es entre ultras do Barreirense e Ol\u00edmpico Montijo"},"content":{"rendered":"<p>Durante a 14.\u00aa jornada da 1.\u00aa Divis\u00e3o da AF Set\u00fabal, ocorreram confrontos entre ultras do Barreirense e do Ol\u00edmpico Montijo junto ao complexo desportivo. Os epis\u00f3dios envolveram integrantes de ambas as claques, nas traseiras do hipermercado Continente da Verderena.<\/p>\n<p>Os confrontos aconteceram antes do pontap\u00e9 de sa\u00edda do jogo, que teve lugar no recinto desportivo pr\u00f3ximo. As imagens captaram momentos de agress\u00f5es entre os apoios de ambas as equipas, suscet\u00edveis de ferir quem os assistiu.<\/p>\n<p>N\u00e3o foram emitidas informa\u00e7\u00f5es oficiais sobre deten\u00e7\u00f5es ou feridos graves at\u00e9 ao momento da divulga\u00e7\u00e3o. O incidente levanta quest\u00f5es sobre seguran\u00e7a em eventos desportivos na regi\u00e3o e motivou decis\u00f5es a seguir pelas organiza\u00e7\u00f5es locais.<\/p>\n","protected":false},"excerpt":{"rendered":"<ul>\n<li>O epis\u00f3dio ocorreu antes do jogo Barreirense vs Ol\u00edmpico Montijo, da 14.\u00aa jornada da 1.\u00aa Divis\u00e3o da AF Set\u00fabal, envolvendo ultras das duas equipas.<\/li>\n<li>Grupos de adeptos confrontaram-se junto ao complexo desportivo, gerando momentos de p\u00e2nico.<\/li>\n<li>As imagens mostram os confrontos nas traseiras do hipermercado Continente da Verderena, junto ao campo onde decorreu o encontro.<\/li>\n<li>As imagens t\u00eam conte\u00fado expl\u00edcito e podem ferir a suscetibilidade de alguns leitores.<\/li>\n<li>A not\u00edcia n\u00e3o detalha feridos ou consequ\u00eancias adicionais, mantendo-se no \u00e2mbito factual do evento.<\/li>\n<\/ul>\n","protected":false},"author":2,"featured_media":136382,"comment_status":"closed","ping_status":"closed","sticky":false,"template":"","format":"standard","meta":{"footnotes":""},"categories":[21,24],"tags":[2959,1416,152,32,1058,994],"class_list":["post-136372","post","type-post","status-publish","format-standard","has-post-thumbnail","hentry","category-desporto","category-futebol","tag-af-setubal","tag-barreirense","tag-desporto","tag-futebol","tag-montijo","tag-setubal"],"yoast_head":"<!-- This site is optimized with the Yoast SEO plugin v27.2 - https:\/\/yoast.com\/product\/yoast-seo-wordpress\/ -->\n<title>Novas imagens mostram agress\u00f5es entre ultras do Barreirense e Ol\u00edmpico Montijo - Portal Tela Portugal<\/title>\n<meta name=\"robots\" content=\"index, follow, max-snippet:-1, max-image-preview:large, max-video-preview:-1\" \/>\n<meta property=\"og:locale\" content=\"pt_PT\" \/>\n<meta property=\"og:type\" content=\"article\" \/>\n<meta property=\"og:title\" content=\"Novas imagens mostram agress\u00f5es entre ultras do Barreirense e Ol\u00edmpico Montijo - Portal Tela Portugal\" \/>\n<meta property=\"og:description\" content=\"O epis\u00f3dio ocorreu antes do jogo Barreirense vs Ol\u00edmpico Montijo, da 14.\u00aa jornada da 1.\u00aa Divis\u00e3o da AF Set\u00fabal, envolvendo ultras das duas equipas. Grupos de adeptos confrontaram-se junto ao complexo desportivo, gerando momentos de p\u00e2nico. As imagens mostram os confrontos nas traseiras do hipermercado Continente da Verderena, junto ao campo onde decorreu o encontro. As imagens t\u00eam conte\u00fado expl\u00edcito e podem ferir a suscetibilidade de alguns leitores. A not\u00edcia n\u00e3o detalha feridos ou consequ\u00eancias adicionais, mantendo-se no \u00e2mbito factual do evento.\" \/>\n<meta property=\"og:url\" content=\"https:\/\/portaltela.pt\/noticias\/2026\/01\/12\/novas-imagens-mostram-agressoes-entre-ultras-do-barreirense-e-olimpico-montijo-3\/\" \/>\n<meta property=\"og:site_name\" content=\"Portal Tela Portugal\" \/>\n<meta property=\"article:published_time\" content=\"2026-01-12T11:05:00+00:00\" \/>\n<meta name=\"author\" content=\"Telinha\" \/>\n<meta name=\"twitter:card\" content=\"summary_large_image\" \/>\n<meta name=\"twitter:label1\" content=\"Escrito por\" \/>\n\t<meta name=\"twitter:data1\" content=\"Telinha\" \/>\n\t<meta name=\"twitter:label2\" content=\"Tempo estimado de leitura\" \/>\n\t<meta name=\"twitter:data2\" content=\"1 minuto\" \/>\n<script type=\"application\/ld+json\" class=\"yoast-schema-graph\">{\"@context\":\"https:\/\/schema.org\",\"@graph\":[{\"@type\":\"Article\",\"@id\":\"https:\/\/portaltela.pt\/noticias\/2026\/01\/12\/novas-imagens-mostram-agressoes-entre-ultras-do-barreirense-e-olimpico-montijo-3\/#article\",\"isPartOf\":{\"@id\":\"https:\/\/portaltela.pt\/noticias\/2026\/01\/12\/novas-imagens-mostram-agressoes-entre-ultras-do-barreirense-e-olimpico-montijo-3\/\"},\"author\":{\"name\":\"Telinha\",\"@id\":\"https:\/\/portaltela.pt\/#\/schema\/person\/c4278d4a6028830caff9ee44b42d32ed\"},\"headline\":\"Novas imagens mostram agress\u00f5es entre ultras do Barreirense e Ol\u00edmpico Montijo\",\"datePublished\":\"2026-01-12T11:05:00+00:00\",\"mainEntityOfPage\":{\"@id\":\"https:\/\/portaltela.pt\/noticias\/2026\/01\/12\/novas-imagens-mostram-agressoes-entre-ultras-do-barreirense-e-olimpico-montijo-3\/\"},\"wordCount\":137,\"image\":{\"@id\":\"https:\/\/portaltela.pt\/noticias\/2026\/01\/12\/novas-imagens-mostram-agressoes-entre-ultras-do-barreirense-e-olimpico-montijo-3\/#primaryimage\"},\"thumbnailUrl\":\"https:\/\/portaltela.pt\/s.01k8rhncp4jt1\/2026\/01\/img_1200x721uu2026-01-12-10-55-53-2414278-2.jpg\",\"keywords\":[\"AF Set\u00fabal\",\"Barreirense\",\"desporto\",\"futebol\",\"Montijo\",\"Set\u00fabal\"],\"articleSection\":[\"Desporto\",\"Futebol\"],\"inLanguage\":\"pt-PT\"},{\"@type\":\"WebPage\",\"@id\":\"https:\/\/portaltela.pt\/noticias\/2026\/01\/12\/novas-imagens-mostram-agressoes-entre-ultras-do-barreirense-e-olimpico-montijo-3\/\",\"url\":\"https:\/\/portaltela.pt\/noticias\/2026\/01\/12\/novas-imagens-mostram-agressoes-entre-ultras-do-barreirense-e-olimpico-montijo-3\/\",\"name\":\"Novas imagens mostram agress\u00f5es entre ultras do Barreirense e Ol\u00edmpico Montijo - Portal Tela Portugal\",\"isPartOf\":{\"@id\":\"https:\/\/portaltela.pt\/#website\"},\"primaryImageOfPage\":{\"@id\":\"https:\/\/portaltela.pt\/noticias\/2026\/01\/12\/novas-imagens-mostram-agressoes-entre-ultras-do-barreirense-e-olimpico-montijo-3\/#primaryimage\"},\"image\":{\"@id\":\"https:\/\/portaltela.pt\/noticias\/2026\/01\/12\/novas-imagens-mostram-agressoes-entre-ultras-do-barreirense-e-olimpico-montijo-3\/#primaryimage\"},\"thumbnailUrl\":\"https:\/\/portaltela.pt\/s.01k8rhncp4jt1\/2026\/01\/img_1200x721uu2026-01-12-10-55-53-2414278-2.jpg\",\"datePublished\":\"2026-01-12T11:05:00+00:00\",\"author\":{\"@id\":\"https:\/\/portaltela.pt\/#\/schema\/person\/c4278d4a6028830caff9ee44b42d32ed\"},\"breadcrumb\":{\"@id\":\"https:\/\/portaltela.pt\/noticias\/2026\/01\/12\/novas-imagens-mostram-agressoes-entre-ultras-do-barreirense-e-olimpico-montijo-3\/#breadcrumb\"},\"inLanguage\":\"pt-PT\",\"potentialAction\":[{\"@type\":\"ReadAction\",\"target\":[\"https:\/\/portaltela.pt\/noticias\/2026\/01\/12\/novas-imagens-mostram-agressoes-entre-ultras-do-barreirense-e-olimpico-montijo-3\/\"]}]},{\"@type\":\"ImageObject\",\"inLanguage\":\"pt-PT\",\"@id\":\"https:\/\/portaltela.pt\/noticias\/2026\/01\/12\/novas-imagens-mostram-agressoes-entre-ultras-do-barreirense-e-olimpico-montijo-3\/#primaryimage\",\"url\":\"https:\/\/portaltela.pt\/s.01k8rhncp4jt1\/2026\/01\/img_1200x721uu2026-01-12-10-55-53-2414278-2.jpg\",\"contentUrl\":\"https:\/\/portaltela.pt\/s.01k8rhncp4jt1\/2026\/01\/img_1200x721uu2026-01-12-10-55-53-2414278-2.jpg\",\"width\":796,\"height\":448,\"caption\":\"Momentos de p\u00e2nico antecederam o Barreirense-Ol\u00edmpico Montijo\"},{\"@type\":\"BreadcrumbList\",\"@id\":\"https:\/\/portaltela.pt\/noticias\/2026\/01\/12\/novas-imagens-mostram-agressoes-entre-ultras-do-barreirense-e-olimpico-montijo-3\/#breadcrumb\",\"itemListElement\":[{\"@type\":\"ListItem\",\"position\":1,\"name\":\"In\u00edcio\",\"item\":\"https:\/\/portaltela.pt\/\"},{\"@type\":\"ListItem\",\"position\":2,\"name\":\"Novas imagens mostram agress\u00f5es entre ultras do Barreirense e Ol\u00edmpico Montijo\"}]},{\"@type\":\"WebSite\",\"@id\":\"https:\/\/portaltela.pt\/#website\",\"url\":\"https:\/\/portaltela.pt\/\",\"name\":\"Portal Tela Portugal\",\"description\":\"\",\"potentialAction\":[{\"@type\":\"SearchAction\",\"target\":{\"@type\":\"EntryPoint\",\"urlTemplate\":\"https:\/\/portaltela.pt\/?s={search_term_string}\"},\"query-input\":{\"@type\":\"PropertyValueSpecification\",\"valueRequired\":true,\"valueName\":\"search_term_string\"}}],\"inLanguage\":\"pt-PT\"},{\"@type\":\"Person\",\"@id\":\"https:\/\/portaltela.pt\/#\/schema\/person\/c4278d4a6028830caff9ee44b42d32ed\",\"name\":\"Telinha\",\"image\":{\"@type\":\"ImageObject\",\"inLanguage\":\"pt-PT\",\"@id\":\"https:\/\/portaltela.pt\/s.01k8rhncp4jt1\/2025\/11\/talking-bot-125x125.png\",\"url\":\"https:\/\/portaltela.pt\/s.01k8rhncp4jt1\/2025\/11\/talking-bot-125x125.png\",\"contentUrl\":\"https:\/\/portaltela.pt\/s.01k8rhncp4jt1\/2025\/11\/talking-bot-125x125.png\",\"caption\":\"Telinha\"},\"sameAs\":[\"https:\/\/portaltela.pt\/\"],\"url\":\"https:\/\/portaltela.pt\/por\/367410592786\/\"}]}<\/script>\n<!-- \/ Yoast SEO plugin. -->","yoast_head_json":{"title":"Novas imagens mostram agress\u00f5es entre ultras do Barreirense e Ol\u00edmpico Montijo - Portal Tela Portugal","robots":{"index":"index","follow":"follow","max-snippet":"max-snippet:-1","max-image-preview":"max-image-preview:large","max-video-preview":"max-video-preview:-1"},"og_locale":"pt_PT","og_type":"article","og_title":"Novas imagens mostram agress\u00f5es entre ultras do Barreirense e Ol\u00edmpico Montijo - Portal Tela Portugal","og_description":"O epis\u00f3dio ocorreu antes do jogo Barreirense vs Ol\u00edmpico Montijo, da 14.\u00aa jornada da 1.\u00aa Divis\u00e3o da AF Set\u00fabal, envolvendo ultras das duas equipas. Grupos de adeptos confrontaram-se junto ao complexo desportivo, gerando momentos de p\u00e2nico. As imagens mostram os confrontos nas traseiras do hipermercado Continente da Verderena, junto ao campo onde decorreu o encontro. As imagens t\u00eam conte\u00fado expl\u00edcito e podem ferir a suscetibilidade de alguns leitores. A not\u00edcia n\u00e3o detalha feridos ou consequ\u00eancias adicionais, mantendo-se no \u00e2mbito factual do evento.","og_url":"https:\/\/portaltela.pt\/noticias\/2026\/01\/12\/novas-imagens-mostram-agressoes-entre-ultras-do-barreirense-e-olimpico-montijo-3\/","og_site_name":"Portal Tela Portugal","article_published_time":"2026-01-12T11:05:00+00:00","author":"Telinha","twitter_card":"summary_large_image","twitter_misc":{"Escrito por":"Telinha","Tempo estimado de leitura":"1 minuto"},"schema":{"@context":"https:\/\/schema.org","@graph":[{"@type":"Article","@id":"https:\/\/portaltela.pt\/noticias\/2026\/01\/12\/novas-imagens-mostram-agressoes-entre-ultras-do-barreirense-e-olimpico-montijo-3\/#article","isPartOf":{"@id":"https:\/\/portaltela.pt\/noticias\/2026\/01\/12\/novas-imagens-mostram-agressoes-entre-ultras-do-barreirense-e-olimpico-montijo-3\/"},"author":{"name":"Telinha","@id":"https:\/\/portaltela.pt\/#\/schema\/person\/c4278d4a6028830caff9ee44b42d32ed"},"headline":"Novas imagens mostram agress\u00f5es entre ultras do Barreirense e Ol\u00edmpico Montijo","datePublished":"2026-01-12T11:05:00+00:00","mainEntityOfPage":{"@id":"https:\/\/portaltela.pt\/noticias\/2026\/01\/12\/novas-imagens-mostram-agressoes-entre-ultras-do-barreirense-e-olimpico-montijo-3\/"},"wordCount":137,"image":{"@id":"https:\/\/portaltela.pt\/noticias\/2026\/01\/12\/novas-imagens-mostram-agressoes-entre-ultras-do-barreirense-e-olimpico-montijo-3\/#primaryimage"},"thumbnailUrl":"https:\/\/portaltela.pt\/s.01k8rhncp4jt1\/2026\/01\/img_1200x721uu2026-01-12-10-55-53-2414278-2.jpg","keywords":["AF Set\u00fabal","Barreirense","desporto","futebol","Montijo","Set\u00fabal"],"articleSection":["Desporto","Futebol"],"inLanguage":"pt-PT"},{"@type":"WebPage","@id":"https:\/\/portaltela.pt\/noticias\/2026\/01\/12\/novas-imagens-mostram-agressoes-entre-ultras-do-barreirense-e-olimpico-montijo-3\/","url":"https:\/\/portaltela.pt\/noticias\/2026\/01\/12\/novas-imagens-mostram-agressoes-entre-ultras-do-barreirense-e-olimpico-montijo-3\/","name":"Novas imagens mostram agress\u00f5es entre ultras do Barreirense e Ol\u00edmpico Montijo - Portal Tela Portugal","isPartOf":{"@id":"https:\/\/portaltela.pt\/#website"},"primaryImageOfPage":{"@id":"https:\/\/portaltela.pt\/noticias\/2026\/01\/12\/novas-imagens-mostram-agressoes-entre-ultras-do-barreirense-e-olimpico-montijo-3\/#primaryimage"},"image":{"@id":"https:\/\/portaltela.pt\/noticias\/2026\/01\/12\/novas-imagens-mostram-agressoes-entre-ultras-do-barreirense-e-olimpico-montijo-3\/#primaryimage"},"thumbnailUrl":"https:\/\/portaltela.pt\/s.01k8rhncp4jt1\/2026\/01\/img_1200x721uu2026-01-12-10-55-53-2414278-2.jpg","datePublished":"2026-01-12T11:05:00+00:00","author":{"@id":"https:\/\/portaltela.pt\/#\/schema\/person\/c4278d4a6028830caff9ee44b42d32ed"},"breadcrumb":{"@id":"https:\/\/portaltela.pt\/noticias\/2026\/01\/12\/novas-imagens-mostram-agressoes-entre-ultras-do-barreirense-e-olimpico-montijo-3\/#breadcrumb"},"inLanguage":"pt-PT","potentialAction":[{"@type":"ReadAction","target":["https:\/\/portaltela.pt\/noticias\/2026\/01\/12\/novas-imagens-mostram-agressoes-entre-ultras-do-barreirense-e-olimpico-montijo-3\/"]}]},{"@type":"ImageObject","inLanguage":"pt-PT","@id":"https:\/\/portaltela.pt\/noticias\/2026\/01\/12\/novas-imagens-mostram-agressoes-entre-ultras-do-barreirense-e-olimpico-montijo-3\/#primaryimage","url":"https:\/\/portaltela.pt\/s.01k8rhncp4jt1\/2026\/01\/img_1200x721uu2026-01-12-10-55-53-2414278-2.jpg","contentUrl":"https:\/\/portaltela.pt\/s.01k8rhncp4jt1\/2026\/01\/img_1200x721uu2026-01-12-10-55-53-2414278-2.jpg","width":796,"height":448,"caption":"Momentos de p\u00e2nico antecederam o Barreirense-Ol\u00edmpico Montijo"},{"@type":"BreadcrumbList","@id":"https:\/\/portaltela.pt\/noticias\/2026\/01\/12\/novas-imagens-mostram-agressoes-entre-ultras-do-barreirense-e-olimpico-montijo-3\/#breadcrumb","itemListElement":[{"@type":"ListItem","position":1,"name":"In\u00edcio","item":"https:\/\/portaltela.pt\/"},{"@type":"ListItem","position":2,"name":"Novas imagens mostram agress\u00f5es entre ultras do Barreirense e Ol\u00edmpico Montijo"}]},{"@type":"WebSite","@id":"https:\/\/portaltela.pt\/#website","url":"https:\/\/portaltela.pt\/","name":"Portal Tela Portugal","description":"","potentialAction":[{"@type":"SearchAction","target":{"@type":"EntryPoint","urlTemplate":"https:\/\/portaltela.pt\/?s={search_term_string}"},"query-input":{"@type":"PropertyValueSpecification","valueRequired":true,"valueName":"search_term_string"}}],"inLanguage":"pt-PT"},{"@type":"Person","@id":"https:\/\/portaltela.pt\/#\/schema\/person\/c4278d4a6028830caff9ee44b42d32ed","name":"Telinha","image":{"@type":"ImageObject","inLanguage":"pt-PT","@id":"https:\/\/portaltela.pt\/s.01k8rhncp4jt1\/2025\/11\/talking-bot-125x125.png","url":"https:\/\/portaltela.pt\/s.01k8rhncp4jt1\/2025\/11\/talking-bot-125x125.png","contentUrl":"https:\/\/portaltela.pt\/s.01k8rhncp4jt1\/2025\/11\/talking-bot-125x125.png","caption":"Telinha"},"sameAs":["https:\/\/portaltela.pt\/"],"url":"https:\/\/portaltela.pt\/por\/367410592786\/"}]}},"_links":{"self":[{"href":"https:\/\/portaltela.pt\/api\/wp\/v2\/posts\/136372","targetHints":{"allow":["GET"]}}],"collection":[{"href":"https:\/\/portaltela.pt\/api\/wp\/v2\/posts"}],"about":[{"href":"https:\/\/portaltela.pt\/api\/wp\/v2\/types\/post"}],"author":[{"embeddable":true,"href":"https:\/\/portaltela.pt\/api\/wp\/v2\/users\/2"}],"replies":[{"embeddable":true,"href":"https:\/\/portaltela.pt\/api\/wp\/v2\/comments?post=136372"}],"version-history":[{"count":0,"href":"https:\/\/portaltela.pt\/api\/wp\/v2\/posts\/136372\/revisions"}],"wp:featuredmedia":[{"embeddable":true,"href":"https:\/\/portaltela.pt\/api\/wp\/v2\/media\/136382"}],"wp:attachment":[{"href":"https:\/\/portaltela.pt\/api\/wp\/v2\/media?parent=136372"}],"wp:term":[{"taxonomy":"category","embeddable":true,"href":"https:\/\/portaltela.pt\/api\/wp\/v2\/categories?post=136372"},{"taxonomy":"post_tag","embeddable":true,"href":"https:\/\/portaltela.pt\/api\/wp\/v2\/tags?post=136372"}],"curies":[{"name":"wp","href":"https:\/\/api.w.org\/{rel}","templated":true}]}}