{"id":136291,"date":"2026-01-12T15:27:00","date_gmt":"2026-01-12T18:27:00","guid":{"rendered":"https:\/\/portaltela.pt\/noticias\/2026\/01\/12\/enfermeiros-contra-o-garrote-nas-contratacoes-exigem-reuniao-com-o-governo\/"},"modified":"2026-01-12T15:27:00","modified_gmt":"2026-01-12T18:27:00","slug":"enfermeiros-contra-o-garrote-nas-contratacoes-exigem-reuniao-com-o-governo","status":"publish","type":"post","link":"https:\/\/portaltela.pt\/noticias\/2026\/01\/12\/enfermeiros-contra-o-garrote-nas-contratacoes-exigem-reuniao-com-o-governo\/","title":{"rendered":"Enfermeiros contra o garrote nas contrata\u00e7\u00f5es exigem reuni\u00e3o com o Governo"},"content":{"rendered":"<p>Enfermeiros e t\u00e9cnicos de diagn\u00f3stico e terap\u00eautica criticam os limites \u00e0 contrata\u00e7\u00e3o impostos \u00e0s unidades locais de sa\u00fade (ULS), afirmando que, com a escassez de profissionais no SNS, esses tetos podem comprometer a atividade assistencial e a seguran\u00e7a dos doentes. A Ordem dos Enfermeiros pediu reuni\u00e3o \u00e0 tutela e apela ao Governo para recuar.<\/p>\n<p>A Dire\u00e7\u00e3o Executiva do SNS enviou, no \u00faltimo fim de semana de dezembro, uma orienta\u00e7\u00e3o aos conselhos de administra\u00e7\u00e3o das ULS. Entre 2025 e 2026, o aumento de pessoal n\u00e3o pode exceder 2,4% face aos activos de 31 de dezembro de 2024, e n\u00e3o podem ultrapassar os or\u00e7amentos de despesa com pessoal. M\u00e9dicos ficam fora da contagem, mas enfermeiros e outros profissionais n\u00e3o.<\/p>\n<p>Lu\u00eds Filipe Barreira, baston\u00e1rio da Ordem dos Enfermeiros, defende a exce\u00e7\u00e3o para a profiss\u00e3o, lembrando que o r\u00e1cio de enfermeiros em Portugal est\u00e1 abaixo da m\u00e9dia OCDE e que a exce\u00e7\u00e3o dos m\u00e9dicos aumenta o desequil\u00edbrio. Acrescenta que a falta de enfermeiros j\u00e1 \u00e9 evidente em dados do Minist\u00e9rio da Sa\u00fade.<\/p>\n<p>O Sindicato dos Enfermeiros Portugueses (SEP) descreve o teto como um obst\u00e1culo \u00e0 resposta cl\u00ednica e alerta para maior degrada\u00e7\u00e3o do SNS. Guadalupe Sim\u00f5es, dirigente do SEP, acusa a dire\u00e7\u00e3o de atraso na aprova\u00e7\u00e3o de mapas de pessoal em 2025, o que agravou as dificuldades de contrata\u00e7\u00e3o. O SEP j\u00e1 pediu reuni\u00e3o com o Minist\u00e9rio da Sa\u00fade.<\/p>\n<p>O director executivo do SNS afirma cumprir orienta\u00e7\u00f5es governamentais. \u00c1lvaro Almeida disse que o SNS ir\u00e1 adaptar recursos conforme a necessidade, dentro das instru\u00e7\u00f5es recebidas, ao falar na inaugura\u00e7\u00e3o da sede da dire\u00e7\u00e3o. A posi\u00e7\u00e3o contrasta com cr\u00edticas de profissionais e sindicatos, que defendem impactos na qualidade do servi\u00e7o.<\/p>\n<p>O SEP j\u00e1 solicitou nova reuni\u00e3o com o Minist\u00e9rio da Sa\u00fade para discutir contrata\u00e7\u00e3o de enfermeiros e outras mat\u00e9rias, considerando que a situa\u00e7\u00e3o atual afeta v\u00e1rias categorias profissionais, n\u00e3o apenas a medicina. Os interlocutores enfatizam a necessidade de respostas r\u00e1pidas para evitar impactos na assist\u00eancia.<\/p>\n","protected":false},"excerpt":{"rendered":"<ul>\n<li>Enfermarias, t\u00e9cnicos de diagn\u00f3stico e terap\u00eautica e outros profissionais est\u00e3o sujeitos a limites de contrata\u00e7\u00e3o nas unidades locais de sa\u00fade para 2025 e 2026, com aumento m\u00e1ximo de 2,4% face aos recursos de 31 de dezembro de 2024, sem incluir m\u00e9dicos.<\/li>\n<li>A Ordem dos Enfermeiros pediu uma reuni\u00e3o \u00e0 tutela, defendendo que os enfermeiros devem ser excecionados destes tetos por o r\u00e1cio de enfermeiros em Portugal ser inferior \u00e0 m\u00e9dia da OCDE.<\/li>\n<li>O Sindicato dos Enfermeiros Portugueses aponta que o teto \u00e9 um \u201cgarrote\u201d que degrada o SNS e compromete a resposta e a atividade assistencial.<\/li>\n<li>O diretor executivo do SNS, \u00c1lvaro Almeida, explicou que a dire\u00e7\u00e3o cumpre orienta\u00e7\u00f5es do Governo e que o financiamento ser\u00e1 usado onde for mais necess\u00e1rio.<\/li>\n<li>O Sindicato Nacional dos T\u00e9cnicos Superiores de Diagn\u00f3stico e Terap\u00eautica afirmou que a falta de profissionais n\u00e3o \u00e9 exclusiva dos m\u00e9dicos e mostrou preocupa\u00e7\u00e3o com o impacto das limita\u00e7\u00f5es na resposta do SNS.<\/li>\n<\/ul>\n","protected":false},"author":2,"featured_media":136309,"comment_status":"closed","ping_status":"closed","sticky":false,"template":"","format":"standard","meta":{"footnotes":""},"categories":[1],"tags":[2662,2933,133,271,2824,2841],"class_list":["post-136291","post","type-post","status-publish","format-standard","has-post-thumbnail","hentry","category-noticias","tag-enfermagem","tag-ordem-dos-enfermeiros","tag-politicas-publicas","tag-saude-publica","tag-setor-publico","tag-trabalhadores"],"yoast_head":"<!-- This site is optimized with the Yoast SEO plugin v27.2 - https:\/\/yoast.com\/product\/yoast-seo-wordpress\/ -->\n<title>Enfermeiros contra o garrote nas contrata\u00e7\u00f5es exigem reuni\u00e3o com o Governo - Portal Tela Portugal<\/title>\n<meta name=\"robots\" content=\"index, follow, max-snippet:-1, max-image-preview:large, max-video-preview:-1\" \/>\n<meta property=\"og:locale\" content=\"pt_PT\" \/>\n<meta property=\"og:type\" content=\"article\" \/>\n<meta property=\"og:title\" content=\"Enfermeiros contra o garrote nas contrata\u00e7\u00f5es exigem reuni\u00e3o com o Governo - Portal Tela Portugal\" \/>\n<meta property=\"og:description\" content=\"Enfermarias, t\u00e9cnicos de diagn\u00f3stico e terap\u00eautica e outros profissionais est\u00e3o sujeitos a limites de contrata\u00e7\u00e3o nas unidades locais de sa\u00fade para 2025 e 2026, com aumento m\u00e1ximo de 2,4% face aos recursos de 31 de dezembro de 2024, sem incluir m\u00e9dicos. A Ordem dos Enfermeiros pediu uma reuni\u00e3o \u00e0 tutela, defendendo que os enfermeiros devem ser excecionados destes tetos por o r\u00e1cio de enfermeiros em Portugal ser inferior \u00e0 m\u00e9dia da OCDE. O Sindicato dos Enfermeiros Portugueses aponta que o teto \u00e9 um \u201cgarrote\u201d que degrada o SNS e compromete a resposta e a atividade assistencial. O diretor executivo do SNS, \u00c1lvaro Almeida, explicou que a dire\u00e7\u00e3o cumpre orienta\u00e7\u00f5es do Governo e que o financiamento ser\u00e1 usado onde for mais necess\u00e1rio. O Sindicato Nacional dos T\u00e9cnicos Superiores de Diagn\u00f3stico e Terap\u00eautica afirmou que a falta de profissionais n\u00e3o \u00e9 exclusiva dos m\u00e9dicos e mostrou preocupa\u00e7\u00e3o com o impacto das limita\u00e7\u00f5es na resposta do SNS.\" \/>\n<meta property=\"og:url\" content=\"https:\/\/portaltela.pt\/noticias\/2026\/01\/12\/enfermeiros-contra-o-garrote-nas-contratacoes-exigem-reuniao-com-o-governo\/\" \/>\n<meta property=\"og:site_name\" content=\"Portal Tela Portugal\" \/>\n<meta property=\"article:published_time\" content=\"2026-01-12T18:27:00+00:00\" \/>\n<meta name=\"author\" content=\"Telinha\" \/>\n<meta name=\"twitter:card\" content=\"summary_large_image\" \/>\n<meta name=\"twitter:label1\" content=\"Escrito por\" \/>\n\t<meta name=\"twitter:data1\" content=\"Telinha\" \/>\n\t<meta name=\"twitter:label2\" content=\"Tempo estimado de leitura\" \/>\n\t<meta name=\"twitter:data2\" content=\"2 minutos\" \/>\n<script type=\"application\/ld+json\" class=\"yoast-schema-graph\">{\"@context\":\"https:\/\/schema.org\",\"@graph\":[{\"@type\":\"Article\",\"@id\":\"https:\/\/portaltela.pt\/noticias\/2026\/01\/12\/enfermeiros-contra-o-garrote-nas-contratacoes-exigem-reuniao-com-o-governo\/#article\",\"isPartOf\":{\"@id\":\"https:\/\/portaltela.pt\/noticias\/2026\/01\/12\/enfermeiros-contra-o-garrote-nas-contratacoes-exigem-reuniao-com-o-governo\/\"},\"author\":{\"name\":\"Telinha\",\"@id\":\"https:\/\/portaltela.pt\/#\/schema\/person\/c4278d4a6028830caff9ee44b42d32ed\"},\"headline\":\"Enfermeiros contra o garrote nas contrata\u00e7\u00f5es exigem reuni\u00e3o com o Governo\",\"datePublished\":\"2026-01-12T18:27:00+00:00\",\"mainEntityOfPage\":{\"@id\":\"https:\/\/portaltela.pt\/noticias\/2026\/01\/12\/enfermeiros-contra-o-garrote-nas-contratacoes-exigem-reuniao-com-o-governo\/\"},\"wordCount\":375,\"image\":{\"@id\":\"https:\/\/portaltela.pt\/noticias\/2026\/01\/12\/enfermeiros-contra-o-garrote-nas-contratacoes-exigem-reuniao-com-o-governo\/#primaryimage\"},\"thumbnailUrl\":\"https:\/\/portaltela.pt\/s.01k8rhncp4jt1\/2026\/01\/2058693.jpg\",\"keywords\":[\"Enfermagem\",\"Ordem dos Enfermeiros\",\"pol\u00edticas p\u00fablicas\",\"sa\u00fade p\u00fablica\",\"setor p\u00fablico\",\"trabalhadores\"],\"articleSection\":[\"Not\u00edcias\"],\"inLanguage\":\"pt-PT\"},{\"@type\":\"WebPage\",\"@id\":\"https:\/\/portaltela.pt\/noticias\/2026\/01\/12\/enfermeiros-contra-o-garrote-nas-contratacoes-exigem-reuniao-com-o-governo\/\",\"url\":\"https:\/\/portaltela.pt\/noticias\/2026\/01\/12\/enfermeiros-contra-o-garrote-nas-contratacoes-exigem-reuniao-com-o-governo\/\",\"name\":\"Enfermeiros contra o garrote nas contrata\u00e7\u00f5es exigem reuni\u00e3o com o Governo - Portal Tela Portugal\",\"isPartOf\":{\"@id\":\"https:\/\/portaltela.pt\/#website\"},\"primaryImageOfPage\":{\"@id\":\"https:\/\/portaltela.pt\/noticias\/2026\/01\/12\/enfermeiros-contra-o-garrote-nas-contratacoes-exigem-reuniao-com-o-governo\/#primaryimage\"},\"image\":{\"@id\":\"https:\/\/portaltela.pt\/noticias\/2026\/01\/12\/enfermeiros-contra-o-garrote-nas-contratacoes-exigem-reuniao-com-o-governo\/#primaryimage\"},\"thumbnailUrl\":\"https:\/\/portaltela.pt\/s.01k8rhncp4jt1\/2026\/01\/2058693.jpg\",\"datePublished\":\"2026-01-12T18:27:00+00:00\",\"author\":{\"@id\":\"https:\/\/portaltela.pt\/#\/schema\/person\/c4278d4a6028830caff9ee44b42d32ed\"},\"breadcrumb\":{\"@id\":\"https:\/\/portaltela.pt\/noticias\/2026\/01\/12\/enfermeiros-contra-o-garrote-nas-contratacoes-exigem-reuniao-com-o-governo\/#breadcrumb\"},\"inLanguage\":\"pt-PT\",\"potentialAction\":[{\"@type\":\"ReadAction\",\"target\":[\"https:\/\/portaltela.pt\/noticias\/2026\/01\/12\/enfermeiros-contra-o-garrote-nas-contratacoes-exigem-reuniao-com-o-governo\/\"]}]},{\"@type\":\"ImageObject\",\"inLanguage\":\"pt-PT\",\"@id\":\"https:\/\/portaltela.pt\/noticias\/2026\/01\/12\/enfermeiros-contra-o-garrote-nas-contratacoes-exigem-reuniao-com-o-governo\/#primaryimage\",\"url\":\"https:\/\/portaltela.pt\/s.01k8rhncp4jt1\/2026\/01\/2058693.jpg\",\"contentUrl\":\"https:\/\/portaltela.pt\/s.01k8rhncp4jt1\/2026\/01\/2058693.jpg\",\"width\":796,\"height\":448,\"caption\":\"\u00c1lvaro Almeida, na inaugura\u00e7\u00e3o da sede da Direc\u00e7\u00e3o Executiva do SNS\"},{\"@type\":\"BreadcrumbList\",\"@id\":\"https:\/\/portaltela.pt\/noticias\/2026\/01\/12\/enfermeiros-contra-o-garrote-nas-contratacoes-exigem-reuniao-com-o-governo\/#breadcrumb\",\"itemListElement\":[{\"@type\":\"ListItem\",\"position\":1,\"name\":\"In\u00edcio\",\"item\":\"https:\/\/portaltela.pt\/\"},{\"@type\":\"ListItem\",\"position\":2,\"name\":\"Enfermeiros contra o garrote nas contrata\u00e7\u00f5es exigem reuni\u00e3o com o Governo\"}]},{\"@type\":\"WebSite\",\"@id\":\"https:\/\/portaltela.pt\/#website\",\"url\":\"https:\/\/portaltela.pt\/\",\"name\":\"Portal Tela Portugal\",\"description\":\"\",\"potentialAction\":[{\"@type\":\"SearchAction\",\"target\":{\"@type\":\"EntryPoint\",\"urlTemplate\":\"https:\/\/portaltela.pt\/?s={search_term_string}\"},\"query-input\":{\"@type\":\"PropertyValueSpecification\",\"valueRequired\":true,\"valueName\":\"search_term_string\"}}],\"inLanguage\":\"pt-PT\"},{\"@type\":\"Person\",\"@id\":\"https:\/\/portaltela.pt\/#\/schema\/person\/c4278d4a6028830caff9ee44b42d32ed\",\"name\":\"Telinha\",\"image\":{\"@type\":\"ImageObject\",\"inLanguage\":\"pt-PT\",\"@id\":\"https:\/\/portaltela.pt\/s.01k8rhncp4jt1\/2025\/11\/talking-bot-125x125.png\",\"url\":\"https:\/\/portaltela.pt\/s.01k8rhncp4jt1\/2025\/11\/talking-bot-125x125.png\",\"contentUrl\":\"https:\/\/portaltela.pt\/s.01k8rhncp4jt1\/2025\/11\/talking-bot-125x125.png\",\"caption\":\"Telinha\"},\"sameAs\":[\"https:\/\/portaltela.pt\/\"],\"url\":\"https:\/\/portaltela.pt\/por\/367410592786\/\"}]}<\/script>\n<!-- \/ Yoast SEO plugin. -->","yoast_head_json":{"title":"Enfermeiros contra o garrote nas contrata\u00e7\u00f5es exigem reuni\u00e3o com o Governo - Portal Tela Portugal","robots":{"index":"index","follow":"follow","max-snippet":"max-snippet:-1","max-image-preview":"max-image-preview:large","max-video-preview":"max-video-preview:-1"},"og_locale":"pt_PT","og_type":"article","og_title":"Enfermeiros contra o garrote nas contrata\u00e7\u00f5es exigem reuni\u00e3o com o Governo - Portal Tela Portugal","og_description":"Enfermarias, t\u00e9cnicos de diagn\u00f3stico e terap\u00eautica e outros profissionais est\u00e3o sujeitos a limites de contrata\u00e7\u00e3o nas unidades locais de sa\u00fade para 2025 e 2026, com aumento m\u00e1ximo de 2,4% face aos recursos de 31 de dezembro de 2024, sem incluir m\u00e9dicos. A Ordem dos Enfermeiros pediu uma reuni\u00e3o \u00e0 tutela, defendendo que os enfermeiros devem ser excecionados destes tetos por o r\u00e1cio de enfermeiros em Portugal ser inferior \u00e0 m\u00e9dia da OCDE. O Sindicato dos Enfermeiros Portugueses aponta que o teto \u00e9 um \u201cgarrote\u201d que degrada o SNS e compromete a resposta e a atividade assistencial. O diretor executivo do SNS, \u00c1lvaro Almeida, explicou que a dire\u00e7\u00e3o cumpre orienta\u00e7\u00f5es do Governo e que o financiamento ser\u00e1 usado onde for mais necess\u00e1rio. O Sindicato Nacional dos T\u00e9cnicos Superiores de Diagn\u00f3stico e Terap\u00eautica afirmou que a falta de profissionais n\u00e3o \u00e9 exclusiva dos m\u00e9dicos e mostrou preocupa\u00e7\u00e3o com o impacto das limita\u00e7\u00f5es na resposta do SNS.","og_url":"https:\/\/portaltela.pt\/noticias\/2026\/01\/12\/enfermeiros-contra-o-garrote-nas-contratacoes-exigem-reuniao-com-o-governo\/","og_site_name":"Portal Tela Portugal","article_published_time":"2026-01-12T18:27:00+00:00","author":"Telinha","twitter_card":"summary_large_image","twitter_misc":{"Escrito por":"Telinha","Tempo estimado de leitura":"2 minutos"},"schema":{"@context":"https:\/\/schema.org","@graph":[{"@type":"Article","@id":"https:\/\/portaltela.pt\/noticias\/2026\/01\/12\/enfermeiros-contra-o-garrote-nas-contratacoes-exigem-reuniao-com-o-governo\/#article","isPartOf":{"@id":"https:\/\/portaltela.pt\/noticias\/2026\/01\/12\/enfermeiros-contra-o-garrote-nas-contratacoes-exigem-reuniao-com-o-governo\/"},"author":{"name":"Telinha","@id":"https:\/\/portaltela.pt\/#\/schema\/person\/c4278d4a6028830caff9ee44b42d32ed"},"headline":"Enfermeiros contra o garrote nas contrata\u00e7\u00f5es exigem reuni\u00e3o com o Governo","datePublished":"2026-01-12T18:27:00+00:00","mainEntityOfPage":{"@id":"https:\/\/portaltela.pt\/noticias\/2026\/01\/12\/enfermeiros-contra-o-garrote-nas-contratacoes-exigem-reuniao-com-o-governo\/"},"wordCount":375,"image":{"@id":"https:\/\/portaltela.pt\/noticias\/2026\/01\/12\/enfermeiros-contra-o-garrote-nas-contratacoes-exigem-reuniao-com-o-governo\/#primaryimage"},"thumbnailUrl":"https:\/\/portaltela.pt\/s.01k8rhncp4jt1\/2026\/01\/2058693.jpg","keywords":["Enfermagem","Ordem dos Enfermeiros","pol\u00edticas p\u00fablicas","sa\u00fade p\u00fablica","setor p\u00fablico","trabalhadores"],"articleSection":["Not\u00edcias"],"inLanguage":"pt-PT"},{"@type":"WebPage","@id":"https:\/\/portaltela.pt\/noticias\/2026\/01\/12\/enfermeiros-contra-o-garrote-nas-contratacoes-exigem-reuniao-com-o-governo\/","url":"https:\/\/portaltela.pt\/noticias\/2026\/01\/12\/enfermeiros-contra-o-garrote-nas-contratacoes-exigem-reuniao-com-o-governo\/","name":"Enfermeiros contra o garrote nas contrata\u00e7\u00f5es exigem reuni\u00e3o com o Governo - Portal Tela Portugal","isPartOf":{"@id":"https:\/\/portaltela.pt\/#website"},"primaryImageOfPage":{"@id":"https:\/\/portaltela.pt\/noticias\/2026\/01\/12\/enfermeiros-contra-o-garrote-nas-contratacoes-exigem-reuniao-com-o-governo\/#primaryimage"},"image":{"@id":"https:\/\/portaltela.pt\/noticias\/2026\/01\/12\/enfermeiros-contra-o-garrote-nas-contratacoes-exigem-reuniao-com-o-governo\/#primaryimage"},"thumbnailUrl":"https:\/\/portaltela.pt\/s.01k8rhncp4jt1\/2026\/01\/2058693.jpg","datePublished":"2026-01-12T18:27:00+00:00","author":{"@id":"https:\/\/portaltela.pt\/#\/schema\/person\/c4278d4a6028830caff9ee44b42d32ed"},"breadcrumb":{"@id":"https:\/\/portaltela.pt\/noticias\/2026\/01\/12\/enfermeiros-contra-o-garrote-nas-contratacoes-exigem-reuniao-com-o-governo\/#breadcrumb"},"inLanguage":"pt-PT","potentialAction":[{"@type":"ReadAction","target":["https:\/\/portaltela.pt\/noticias\/2026\/01\/12\/enfermeiros-contra-o-garrote-nas-contratacoes-exigem-reuniao-com-o-governo\/"]}]},{"@type":"ImageObject","inLanguage":"pt-PT","@id":"https:\/\/portaltela.pt\/noticias\/2026\/01\/12\/enfermeiros-contra-o-garrote-nas-contratacoes-exigem-reuniao-com-o-governo\/#primaryimage","url":"https:\/\/portaltela.pt\/s.01k8rhncp4jt1\/2026\/01\/2058693.jpg","contentUrl":"https:\/\/portaltela.pt\/s.01k8rhncp4jt1\/2026\/01\/2058693.jpg","width":796,"height":448,"caption":"\u00c1lvaro Almeida, na inaugura\u00e7\u00e3o da sede da Direc\u00e7\u00e3o Executiva do SNS"},{"@type":"BreadcrumbList","@id":"https:\/\/portaltela.pt\/noticias\/2026\/01\/12\/enfermeiros-contra-o-garrote-nas-contratacoes-exigem-reuniao-com-o-governo\/#breadcrumb","itemListElement":[{"@type":"ListItem","position":1,"name":"In\u00edcio","item":"https:\/\/portaltela.pt\/"},{"@type":"ListItem","position":2,"name":"Enfermeiros contra o garrote nas contrata\u00e7\u00f5es exigem reuni\u00e3o com o Governo"}]},{"@type":"WebSite","@id":"https:\/\/portaltela.pt\/#website","url":"https:\/\/portaltela.pt\/","name":"Portal Tela Portugal","description":"","potentialAction":[{"@type":"SearchAction","target":{"@type":"EntryPoint","urlTemplate":"https:\/\/portaltela.pt\/?s={search_term_string}"},"query-input":{"@type":"PropertyValueSpecification","valueRequired":true,"valueName":"search_term_string"}}],"inLanguage":"pt-PT"},{"@type":"Person","@id":"https:\/\/portaltela.pt\/#\/schema\/person\/c4278d4a6028830caff9ee44b42d32ed","name":"Telinha","image":{"@type":"ImageObject","inLanguage":"pt-PT","@id":"https:\/\/portaltela.pt\/s.01k8rhncp4jt1\/2025\/11\/talking-bot-125x125.png","url":"https:\/\/portaltela.pt\/s.01k8rhncp4jt1\/2025\/11\/talking-bot-125x125.png","contentUrl":"https:\/\/portaltela.pt\/s.01k8rhncp4jt1\/2025\/11\/talking-bot-125x125.png","caption":"Telinha"},"sameAs":["https:\/\/portaltela.pt\/"],"url":"https:\/\/portaltela.pt\/por\/367410592786\/"}]}},"_links":{"self":[{"href":"https:\/\/portaltela.pt\/api\/wp\/v2\/posts\/136291","targetHints":{"allow":["GET"]}}],"collection":[{"href":"https:\/\/portaltela.pt\/api\/wp\/v2\/posts"}],"about":[{"href":"https:\/\/portaltela.pt\/api\/wp\/v2\/types\/post"}],"author":[{"embeddable":true,"href":"https:\/\/portaltela.pt\/api\/wp\/v2\/users\/2"}],"replies":[{"embeddable":true,"href":"https:\/\/portaltela.pt\/api\/wp\/v2\/comments?post=136291"}],"version-history":[{"count":0,"href":"https:\/\/portaltela.pt\/api\/wp\/v2\/posts\/136291\/revisions"}],"wp:featuredmedia":[{"embeddable":true,"href":"https:\/\/portaltela.pt\/api\/wp\/v2\/media\/136309"}],"wp:attachment":[{"href":"https:\/\/portaltela.pt\/api\/wp\/v2\/media?parent=136291"}],"wp:term":[{"taxonomy":"category","embeddable":true,"href":"https:\/\/portaltela.pt\/api\/wp\/v2\/categories?post=136291"},{"taxonomy":"post_tag","embeddable":true,"href":"https:\/\/portaltela.pt\/api\/wp\/v2\/tags?post=136291"}],"curies":[{"name":"wp","href":"https:\/\/api.w.org\/{rel}","templated":true}]}}