{"id":136266,"date":"2026-01-12T15:04:00","date_gmt":"2026-01-12T18:04:00","guid":{"rendered":"https:\/\/portaltela.pt\/noticias\/2026\/01\/12\/acores-devem-respeitar-a-rede-de-areas-marinhas-protegidas\/"},"modified":"2026-01-12T15:04:00","modified_gmt":"2026-01-12T18:04:00","slug":"acores-devem-respeitar-a-rede-de-areas-marinhas-protegidas","status":"publish","type":"post","link":"https:\/\/portaltela.pt\/noticias\/2026\/01\/12\/acores-devem-respeitar-a-rede-de-areas-marinhas-protegidas\/","title":{"rendered":"A\u00e7ores devem respeitar a rede de \u00c1reas Marinhas Protegidas"},"content":{"rendered":"<p>Os A\u00e7ores mant\u00eam uma rede excecional de \u00c1reas Marinhas Protegidas (AMP), cobrindo 30% das suas \u00e1guas. A iniciativa, desenvolvida pelo programa Blue Azores, coloca a regi\u00e3o como l\u00edder no Atl\u00e2ntico Norte em conserva\u00e7\u00e3o marinha, anos antes da meta global 30\u00d730.<\/p>\n<p>No in\u00edcio de 2025, a Assembleia Regional discute uma proposta que prev\u00ea permitir a pesca do atum com artes de salto e vara nas zonas de proibi\u00e7\u00e3o de captura. A mudan\u00e7a \u00e9 apresentada como forma de equilibrar pesca com conserva\u00e7\u00e3o.<\/p>\n<p>Outra linha de debate \u00e9 a eventual desclassifica\u00e7\u00e3o de partes da RAMPA, o que poderia transformar zonas de prote\u00e7\u00e3o integral em \u00e1reas com atividades extractivas permitidas. As implica\u00e7\u00f5es para a conserva\u00e7\u00e3o e para a reputa\u00e7\u00e3o internacional s\u00e3o centrais na discuss\u00e3o.<\/p>\n<h3>Contexto e prote\u00e7\u00e3o atual<\/h3>\n<p>A RAMPA abrange parte significativa dos mares a\u00e7orianos, com metade das \u00e1reas j\u00e1 completamente protegidas. Estas zonas pro\u00edbem atividades extractoras, superando o objetivo da UE de proteger 10% das \u00e1guas com prote\u00e7\u00e3o plena.<\/p>\n<p>O programa Blue Azores envolveu 17 representantes de ind\u00fastrias mar\u00edtimas na conce\u00e7\u00e3o da RAMPA, buscando um acordo que beneficiasse pescadores, conserve ecossistemas e sustente o turismo ligado ao mar.<\/p>\n<h3>Perspectivas econ\u00f3micas e ecol\u00f3gicas<\/h3>\n<p>Estudos apontam que \u00e1reas totalmente protegidas tendem a aumentar a abund\u00e2ncia de peixes e invertebrados, com efeitos positivos tamb\u00e9m fora das zonas protegidas. Em 1987, a mudan\u00e7a da ind\u00fastria baleeira para o turismo marinho gerou receitas consider\u00e1veis para os A\u00e7ores.<\/p>\n<p>A continua\u00e7\u00e3o da prote\u00e7\u00e3o integral \u00e9 apresentada como fundamental para manter o equil\u00edbrio entre sustento das comunidades piscat\u00f3rias e conserva\u00e7\u00e3o. A eventual abertura de \u00e1reas protegidas \u00e0 pesca poderia comprometer objetivos ecol\u00f3gicos e de longo prazo.<\/p>\n<h3>Desfecho potencial e impactos<\/h3>\n<p>Caso a proposta de desclassifica\u00e7\u00e3o avance, h\u00e1 receios de retrocesso para a prote\u00e7\u00e3o oce\u00e2nica dos A\u00e7ores e para o bem-estar das comunidades locais. O caminho alternativo \u00e9 manter a RAMPA tal como est\u00e1, preservando o regime de prote\u00e7\u00e3o integral em grande parte do territ\u00f3rio mar\u00edtimo.<\/p>\n<p>As decis\u00f5es na Assembleia Regional poder\u00e3o moldar o futuro da conserva\u00e7\u00e3o marinha nos A\u00e7ores, mantendo o arquip\u00e9lago como refer\u00eancia internacional em prote\u00e7\u00e3o de oceanos e gest\u00e3o sustent\u00e1vel.<\/p>\n","protected":false},"excerpt":{"rendered":"<ul>\n<li>Em 2024, os A\u00e7ores criaram a maior rede de \u00c1reas Marinhas Protegidas (AMP) do Atl\u00e2ntico Norte, protegendo 30% das suas \u00e1guas, muito acima da meta mundial de 30% at\u00e9 2030.<\/li>\n<li>O programa Blue Azores integrou 17 representantes das ind\u00fastrias mar\u00edtimas para conceber a RAMPA de forma participativa.<\/li>\n<li>No in\u00edcio de 2025, surgiu na Assembleia Regional uma proposta para permitir a pesca do atum com artes de salto e vara em zonas de proibi\u00e7\u00e3o de captura, o que poderia comprometer a prote\u00e7\u00e3o integral.<\/li>\n<li>A proposta \u00e9 vista como potencialmente revertida se aceitida, pois zonas de prote\u00e7\u00e3o integral n\u00e3o dariam os benef\u00edcios de conserva\u00e7\u00e3o previstos pela Uni\u00e3o Internacional para a Conserva\u00e7\u00e3o da Natureza (UICN).<\/li>\n<li>Exemplo dos A\u00e7ores mostra que a prote\u00e7\u00e3o pode favorecer o turismo marinho e a economia local (turismo avaliado em 80 milh\u00f5es de euros por ano), defendendo que manter RAMPA \u00e9 crucial para o bem-estar a longo prazo.<\/li>\n<\/ul>\n","protected":false},"author":2,"featured_media":136269,"comment_status":"closed","ping_status":"closed","sticky":false,"template":"","format":"standard","meta":{"footnotes":""},"categories":[1],"tags":[822,167,1002,755,1702,2962],"class_list":["post-136266","post","type-post","status-publish","format-standard","has-post-thumbnail","hentry","category-noticias","tag-acores","tag-ambiente","tag-conservacao-da-natureza-e-da-biodiversidade-incluindo-especies-prioritarias-e-vigilancia-ambiental","tag-desenvolvimento-sustentavel","tag-pesca-sustentavel","tag-rampa"],"yoast_head":"<!-- This site is optimized with the Yoast SEO plugin v27.2 - https:\/\/yoast.com\/product\/yoast-seo-wordpress\/ -->\n<title>A\u00e7ores devem respeitar a rede de \u00c1reas Marinhas Protegidas - Portal Tela Portugal<\/title>\n<meta name=\"robots\" content=\"index, follow, max-snippet:-1, max-image-preview:large, max-video-preview:-1\" \/>\n<meta property=\"og:locale\" content=\"pt_PT\" \/>\n<meta property=\"og:type\" content=\"article\" \/>\n<meta property=\"og:title\" content=\"A\u00e7ores devem respeitar a rede de \u00c1reas Marinhas Protegidas - Portal Tela Portugal\" \/>\n<meta property=\"og:description\" content=\"Em 2024, os A\u00e7ores criaram a maior rede de \u00c1reas Marinhas Protegidas (AMP) do Atl\u00e2ntico Norte, protegendo 30% das suas \u00e1guas, muito acima da meta mundial de 30% at\u00e9 2030. O programa Blue Azores integrou 17 representantes das ind\u00fastrias mar\u00edtimas para conceber a RAMPA de forma participativa. No in\u00edcio de 2025, surgiu na Assembleia Regional uma proposta para permitir a pesca do atum com artes de salto e vara em zonas de proibi\u00e7\u00e3o de captura, o que poderia comprometer a prote\u00e7\u00e3o integral. A proposta \u00e9 vista como potencialmente revertida se aceitida, pois zonas de prote\u00e7\u00e3o integral n\u00e3o dariam os benef\u00edcios de conserva\u00e7\u00e3o previstos pela Uni\u00e3o Internacional para a Conserva\u00e7\u00e3o da Natureza (UICN). Exemplo dos A\u00e7ores mostra que a prote\u00e7\u00e3o pode favorecer o turismo marinho e a economia local (turismo avaliado em 80 milh\u00f5es de euros por ano), defendendo que manter RAMPA \u00e9 crucial para o bem-estar a longo prazo.\" \/>\n<meta property=\"og:url\" content=\"https:\/\/portaltela.pt\/noticias\/2026\/01\/12\/acores-devem-respeitar-a-rede-de-areas-marinhas-protegidas\/\" \/>\n<meta property=\"og:site_name\" content=\"Portal Tela Portugal\" \/>\n<meta property=\"article:published_time\" content=\"2026-01-12T18:04:00+00:00\" \/>\n<meta name=\"author\" content=\"Telinha\" \/>\n<meta name=\"twitter:card\" content=\"summary_large_image\" \/>\n<meta name=\"twitter:label1\" content=\"Escrito por\" \/>\n\t<meta name=\"twitter:data1\" content=\"Telinha\" \/>\n\t<meta name=\"twitter:label2\" content=\"Tempo estimado de leitura\" \/>\n\t<meta name=\"twitter:data2\" content=\"2 minutos\" \/>\n<script type=\"application\/ld+json\" class=\"yoast-schema-graph\">{\"@context\":\"https:\/\/schema.org\",\"@graph\":[{\"@type\":\"Article\",\"@id\":\"https:\/\/portaltela.pt\/noticias\/2026\/01\/12\/acores-devem-respeitar-a-rede-de-areas-marinhas-protegidas\/#article\",\"isPartOf\":{\"@id\":\"https:\/\/portaltela.pt\/noticias\/2026\/01\/12\/acores-devem-respeitar-a-rede-de-areas-marinhas-protegidas\/\"},\"author\":{\"name\":\"Telinha\",\"@id\":\"https:\/\/portaltela.pt\/#\/schema\/person\/c4278d4a6028830caff9ee44b42d32ed\"},\"headline\":\"A\u00e7ores devem respeitar a rede de \u00c1reas Marinhas Protegidas\",\"datePublished\":\"2026-01-12T18:04:00+00:00\",\"mainEntityOfPage\":{\"@id\":\"https:\/\/portaltela.pt\/noticias\/2026\/01\/12\/acores-devem-respeitar-a-rede-de-areas-marinhas-protegidas\/\"},\"wordCount\":395,\"image\":{\"@id\":\"https:\/\/portaltela.pt\/noticias\/2026\/01\/12\/acores-devem-respeitar-a-rede-de-areas-marinhas-protegidas\/#primaryimage\"},\"thumbnailUrl\":\"https:\/\/portaltela.pt\/s.01k8rhncp4jt1\/2026\/01\/2058691.jpg\",\"keywords\":[\"A\u00e7ores\",\"ambiente\",\"conserva\u00e7\u00e3o da natureza e da biodiversidade, incluindo esp\u00e9cies priorit\u00e1rias e vigil\u00e2ncia ambiental\",\"desenvolvimento sustent\u00e1vel\",\"pesca sustent\u00e1vel\",\"RAMPA\"],\"articleSection\":[\"Not\u00edcias\"],\"inLanguage\":\"pt-PT\"},{\"@type\":\"WebPage\",\"@id\":\"https:\/\/portaltela.pt\/noticias\/2026\/01\/12\/acores-devem-respeitar-a-rede-de-areas-marinhas-protegidas\/\",\"url\":\"https:\/\/portaltela.pt\/noticias\/2026\/01\/12\/acores-devem-respeitar-a-rede-de-areas-marinhas-protegidas\/\",\"name\":\"A\u00e7ores devem respeitar a rede de \u00c1reas Marinhas Protegidas - Portal Tela Portugal\",\"isPartOf\":{\"@id\":\"https:\/\/portaltela.pt\/#website\"},\"primaryImageOfPage\":{\"@id\":\"https:\/\/portaltela.pt\/noticias\/2026\/01\/12\/acores-devem-respeitar-a-rede-de-areas-marinhas-protegidas\/#primaryimage\"},\"image\":{\"@id\":\"https:\/\/portaltela.pt\/noticias\/2026\/01\/12\/acores-devem-respeitar-a-rede-de-areas-marinhas-protegidas\/#primaryimage\"},\"thumbnailUrl\":\"https:\/\/portaltela.pt\/s.01k8rhncp4jt1\/2026\/01\/2058691.jpg\",\"datePublished\":\"2026-01-12T18:04:00+00:00\",\"author\":{\"@id\":\"https:\/\/portaltela.pt\/#\/schema\/person\/c4278d4a6028830caff9ee44b42d32ed\"},\"breadcrumb\":{\"@id\":\"https:\/\/portaltela.pt\/noticias\/2026\/01\/12\/acores-devem-respeitar-a-rede-de-areas-marinhas-protegidas\/#breadcrumb\"},\"inLanguage\":\"pt-PT\",\"potentialAction\":[{\"@type\":\"ReadAction\",\"target\":[\"https:\/\/portaltela.pt\/noticias\/2026\/01\/12\/acores-devem-respeitar-a-rede-de-areas-marinhas-protegidas\/\"]}]},{\"@type\":\"ImageObject\",\"inLanguage\":\"pt-PT\",\"@id\":\"https:\/\/portaltela.pt\/noticias\/2026\/01\/12\/acores-devem-respeitar-a-rede-de-areas-marinhas-protegidas\/#primaryimage\",\"url\":\"https:\/\/portaltela.pt\/s.01k8rhncp4jt1\/2026\/01\/2058691.jpg\",\"contentUrl\":\"https:\/\/portaltela.pt\/s.01k8rhncp4jt1\/2026\/01\/2058691.jpg\",\"width\":796,\"height\":448,\"caption\":\"Photo\"},{\"@type\":\"BreadcrumbList\",\"@id\":\"https:\/\/portaltela.pt\/noticias\/2026\/01\/12\/acores-devem-respeitar-a-rede-de-areas-marinhas-protegidas\/#breadcrumb\",\"itemListElement\":[{\"@type\":\"ListItem\",\"position\":1,\"name\":\"In\u00edcio\",\"item\":\"https:\/\/portaltela.pt\/\"},{\"@type\":\"ListItem\",\"position\":2,\"name\":\"A\u00e7ores devem respeitar a rede de \u00c1reas Marinhas Protegidas\"}]},{\"@type\":\"WebSite\",\"@id\":\"https:\/\/portaltela.pt\/#website\",\"url\":\"https:\/\/portaltela.pt\/\",\"name\":\"Portal Tela Portugal\",\"description\":\"\",\"potentialAction\":[{\"@type\":\"SearchAction\",\"target\":{\"@type\":\"EntryPoint\",\"urlTemplate\":\"https:\/\/portaltela.pt\/?s={search_term_string}\"},\"query-input\":{\"@type\":\"PropertyValueSpecification\",\"valueRequired\":true,\"valueName\":\"search_term_string\"}}],\"inLanguage\":\"pt-PT\"},{\"@type\":\"Person\",\"@id\":\"https:\/\/portaltela.pt\/#\/schema\/person\/c4278d4a6028830caff9ee44b42d32ed\",\"name\":\"Telinha\",\"image\":{\"@type\":\"ImageObject\",\"inLanguage\":\"pt-PT\",\"@id\":\"https:\/\/portaltela.pt\/s.01k8rhncp4jt1\/2025\/11\/talking-bot-125x125.png\",\"url\":\"https:\/\/portaltela.pt\/s.01k8rhncp4jt1\/2025\/11\/talking-bot-125x125.png\",\"contentUrl\":\"https:\/\/portaltela.pt\/s.01k8rhncp4jt1\/2025\/11\/talking-bot-125x125.png\",\"caption\":\"Telinha\"},\"sameAs\":[\"https:\/\/portaltela.pt\/\"],\"url\":\"https:\/\/portaltela.pt\/por\/367410592786\/\"}]}<\/script>\n<!-- \/ Yoast SEO plugin. -->","yoast_head_json":{"title":"A\u00e7ores devem respeitar a rede de \u00c1reas Marinhas Protegidas - Portal Tela Portugal","robots":{"index":"index","follow":"follow","max-snippet":"max-snippet:-1","max-image-preview":"max-image-preview:large","max-video-preview":"max-video-preview:-1"},"og_locale":"pt_PT","og_type":"article","og_title":"A\u00e7ores devem respeitar a rede de \u00c1reas Marinhas Protegidas - Portal Tela Portugal","og_description":"Em 2024, os A\u00e7ores criaram a maior rede de \u00c1reas Marinhas Protegidas (AMP) do Atl\u00e2ntico Norte, protegendo 30% das suas \u00e1guas, muito acima da meta mundial de 30% at\u00e9 2030. O programa Blue Azores integrou 17 representantes das ind\u00fastrias mar\u00edtimas para conceber a RAMPA de forma participativa. No in\u00edcio de 2025, surgiu na Assembleia Regional uma proposta para permitir a pesca do atum com artes de salto e vara em zonas de proibi\u00e7\u00e3o de captura, o que poderia comprometer a prote\u00e7\u00e3o integral. A proposta \u00e9 vista como potencialmente revertida se aceitida, pois zonas de prote\u00e7\u00e3o integral n\u00e3o dariam os benef\u00edcios de conserva\u00e7\u00e3o previstos pela Uni\u00e3o Internacional para a Conserva\u00e7\u00e3o da Natureza (UICN). Exemplo dos A\u00e7ores mostra que a prote\u00e7\u00e3o pode favorecer o turismo marinho e a economia local (turismo avaliado em 80 milh\u00f5es de euros por ano), defendendo que manter RAMPA \u00e9 crucial para o bem-estar a longo prazo.","og_url":"https:\/\/portaltela.pt\/noticias\/2026\/01\/12\/acores-devem-respeitar-a-rede-de-areas-marinhas-protegidas\/","og_site_name":"Portal Tela Portugal","article_published_time":"2026-01-12T18:04:00+00:00","author":"Telinha","twitter_card":"summary_large_image","twitter_misc":{"Escrito por":"Telinha","Tempo estimado de leitura":"2 minutos"},"schema":{"@context":"https:\/\/schema.org","@graph":[{"@type":"Article","@id":"https:\/\/portaltela.pt\/noticias\/2026\/01\/12\/acores-devem-respeitar-a-rede-de-areas-marinhas-protegidas\/#article","isPartOf":{"@id":"https:\/\/portaltela.pt\/noticias\/2026\/01\/12\/acores-devem-respeitar-a-rede-de-areas-marinhas-protegidas\/"},"author":{"name":"Telinha","@id":"https:\/\/portaltela.pt\/#\/schema\/person\/c4278d4a6028830caff9ee44b42d32ed"},"headline":"A\u00e7ores devem respeitar a rede de \u00c1reas Marinhas Protegidas","datePublished":"2026-01-12T18:04:00+00:00","mainEntityOfPage":{"@id":"https:\/\/portaltela.pt\/noticias\/2026\/01\/12\/acores-devem-respeitar-a-rede-de-areas-marinhas-protegidas\/"},"wordCount":395,"image":{"@id":"https:\/\/portaltela.pt\/noticias\/2026\/01\/12\/acores-devem-respeitar-a-rede-de-areas-marinhas-protegidas\/#primaryimage"},"thumbnailUrl":"https:\/\/portaltela.pt\/s.01k8rhncp4jt1\/2026\/01\/2058691.jpg","keywords":["A\u00e7ores","ambiente","conserva\u00e7\u00e3o da natureza e da biodiversidade, incluindo esp\u00e9cies priorit\u00e1rias e vigil\u00e2ncia ambiental","desenvolvimento sustent\u00e1vel","pesca sustent\u00e1vel","RAMPA"],"articleSection":["Not\u00edcias"],"inLanguage":"pt-PT"},{"@type":"WebPage","@id":"https:\/\/portaltela.pt\/noticias\/2026\/01\/12\/acores-devem-respeitar-a-rede-de-areas-marinhas-protegidas\/","url":"https:\/\/portaltela.pt\/noticias\/2026\/01\/12\/acores-devem-respeitar-a-rede-de-areas-marinhas-protegidas\/","name":"A\u00e7ores devem respeitar a rede de \u00c1reas Marinhas Protegidas - Portal Tela Portugal","isPartOf":{"@id":"https:\/\/portaltela.pt\/#website"},"primaryImageOfPage":{"@id":"https:\/\/portaltela.pt\/noticias\/2026\/01\/12\/acores-devem-respeitar-a-rede-de-areas-marinhas-protegidas\/#primaryimage"},"image":{"@id":"https:\/\/portaltela.pt\/noticias\/2026\/01\/12\/acores-devem-respeitar-a-rede-de-areas-marinhas-protegidas\/#primaryimage"},"thumbnailUrl":"https:\/\/portaltela.pt\/s.01k8rhncp4jt1\/2026\/01\/2058691.jpg","datePublished":"2026-01-12T18:04:00+00:00","author":{"@id":"https:\/\/portaltela.pt\/#\/schema\/person\/c4278d4a6028830caff9ee44b42d32ed"},"breadcrumb":{"@id":"https:\/\/portaltela.pt\/noticias\/2026\/01\/12\/acores-devem-respeitar-a-rede-de-areas-marinhas-protegidas\/#breadcrumb"},"inLanguage":"pt-PT","potentialAction":[{"@type":"ReadAction","target":["https:\/\/portaltela.pt\/noticias\/2026\/01\/12\/acores-devem-respeitar-a-rede-de-areas-marinhas-protegidas\/"]}]},{"@type":"ImageObject","inLanguage":"pt-PT","@id":"https:\/\/portaltela.pt\/noticias\/2026\/01\/12\/acores-devem-respeitar-a-rede-de-areas-marinhas-protegidas\/#primaryimage","url":"https:\/\/portaltela.pt\/s.01k8rhncp4jt1\/2026\/01\/2058691.jpg","contentUrl":"https:\/\/portaltela.pt\/s.01k8rhncp4jt1\/2026\/01\/2058691.jpg","width":796,"height":448,"caption":"Photo"},{"@type":"BreadcrumbList","@id":"https:\/\/portaltela.pt\/noticias\/2026\/01\/12\/acores-devem-respeitar-a-rede-de-areas-marinhas-protegidas\/#breadcrumb","itemListElement":[{"@type":"ListItem","position":1,"name":"In\u00edcio","item":"https:\/\/portaltela.pt\/"},{"@type":"ListItem","position":2,"name":"A\u00e7ores devem respeitar a rede de \u00c1reas Marinhas Protegidas"}]},{"@type":"WebSite","@id":"https:\/\/portaltela.pt\/#website","url":"https:\/\/portaltela.pt\/","name":"Portal Tela Portugal","description":"","potentialAction":[{"@type":"SearchAction","target":{"@type":"EntryPoint","urlTemplate":"https:\/\/portaltela.pt\/?s={search_term_string}"},"query-input":{"@type":"PropertyValueSpecification","valueRequired":true,"valueName":"search_term_string"}}],"inLanguage":"pt-PT"},{"@type":"Person","@id":"https:\/\/portaltela.pt\/#\/schema\/person\/c4278d4a6028830caff9ee44b42d32ed","name":"Telinha","image":{"@type":"ImageObject","inLanguage":"pt-PT","@id":"https:\/\/portaltela.pt\/s.01k8rhncp4jt1\/2025\/11\/talking-bot-125x125.png","url":"https:\/\/portaltela.pt\/s.01k8rhncp4jt1\/2025\/11\/talking-bot-125x125.png","contentUrl":"https:\/\/portaltela.pt\/s.01k8rhncp4jt1\/2025\/11\/talking-bot-125x125.png","caption":"Telinha"},"sameAs":["https:\/\/portaltela.pt\/"],"url":"https:\/\/portaltela.pt\/por\/367410592786\/"}]}},"_links":{"self":[{"href":"https:\/\/portaltela.pt\/api\/wp\/v2\/posts\/136266","targetHints":{"allow":["GET"]}}],"collection":[{"href":"https:\/\/portaltela.pt\/api\/wp\/v2\/posts"}],"about":[{"href":"https:\/\/portaltela.pt\/api\/wp\/v2\/types\/post"}],"author":[{"embeddable":true,"href":"https:\/\/portaltela.pt\/api\/wp\/v2\/users\/2"}],"replies":[{"embeddable":true,"href":"https:\/\/portaltela.pt\/api\/wp\/v2\/comments?post=136266"}],"version-history":[{"count":0,"href":"https:\/\/portaltela.pt\/api\/wp\/v2\/posts\/136266\/revisions"}],"wp:featuredmedia":[{"embeddable":true,"href":"https:\/\/portaltela.pt\/api\/wp\/v2\/media\/136269"}],"wp:attachment":[{"href":"https:\/\/portaltela.pt\/api\/wp\/v2\/media?parent=136266"}],"wp:term":[{"taxonomy":"category","embeddable":true,"href":"https:\/\/portaltela.pt\/api\/wp\/v2\/categories?post=136266"},{"taxonomy":"post_tag","embeddable":true,"href":"https:\/\/portaltela.pt\/api\/wp\/v2\/tags?post=136266"}],"curies":[{"name":"wp","href":"https:\/\/api.w.org\/{rel}","templated":true}]}}