{"id":136223,"date":"2026-01-12T15:04:34","date_gmt":"2026-01-12T18:04:34","guid":{"rendered":"https:\/\/portaltela.pt\/noticias\/2026\/01\/12\/hugo-massa-critica-af-setubal-pelas-agressoes-no-barreiro-2\/"},"modified":"2026-01-12T15:04:34","modified_gmt":"2026-01-12T18:04:34","slug":"hugo-massa-critica-af-setubal-pelas-agressoes-no-barreiro-2","status":"publish","type":"post","link":"https:\/\/portaltela.pt\/desporto\/futebol\/2026\/01\/12\/hugo-massa-critica-af-setubal-pelas-agressoes-no-barreiro-2\/","title":{"rendered":"Hugo Massa critica AF Set\u00fabal pelas agress\u00f5es no Barreiro"},"content":{"rendered":"<p>O presidente do Barreirense, Hugo Massa, lamentou os incidentes causados por adeptos na antec\u00e2mara da partida frente ao Ol\u00edmpico Montijo, v\u00e1lida pela 14.\u00aa jornada da 1.\u00aa Divis\u00e3o Distrital de Set\u00fabal. O encontro ocorreu no espa\u00e7o habitualmente utilizado pela equipa anfitri\u00e3 no concelho de Barreiro.<\/p>\n<p>Massa informou que a atua\u00e7\u00e3o esteve marcada pela presen\u00e7a de adeptos considerados fan\u00e1ticos, a que associou responsabilidades da pr\u00f3pria organiza\u00e7\u00e3o do evento. O objetivo \u00e9 apurar as causas e evitar epis\u00f3dios semelhantes no futuro.<\/p>\n<p>O dirigente frisou ainda que a actua\u00e7\u00e3o dos envolvidos ter\u00e1 impactos na imagem do clube e no desenvolvimento do campeonato, destacando a necessidade de coopera\u00e7\u00e3o entre clubes e organiza\u00e7\u00e3o para manter a seguran\u00e7a durante as partidas.<\/p>\n<h3>Repercuss\u00f5es e pr\u00f3ximos passos<\/h3>\n<p>Os respons\u00e1veis pela competi\u00e7\u00e3o ainda n\u00e3o divulgaram medidas espec\u00edficas, mas o Barreirense exige uma avalia\u00e7\u00e3o cuidadosa do incidente. A inten\u00e7\u00e3o \u00e9 evitar novas ocorr\u00eancias e assegurar condi\u00e7\u00f5es adequadas para visitantes e jogadores.<\/p>\n<p>A dire\u00e7\u00e3o do Ol\u00edmpico Montijo n\u00e3o comentou o assunto de forma oficial at\u00e9 ao momento, mantendo a comunica\u00e7\u00e3o institucional com a organiza\u00e7\u00e3o da divis\u00e3o para esclarecer responsabilidades e poss\u00edveis san\u00e7\u00f5es.<\/p>\n","protected":false},"excerpt":{"rendered":"<ul>\n<li>O presidente do Barreirense, Hugo Massa, lamentou os incidentes causados por adeptos na antec\u00e2mara da partida frente ao Ol\u00edmpico Montijo.<\/li>\n<li>A partida corresponde \u00e0 14.\u00aa jornada da 1.\u00aa Divis\u00e3o Distrital de Set\u00fabal, disputada no Barreiro.<\/li>\n<li>Massa atribuiu a responsabilidade aos \u201cfan\u00e1ticos\u201d e \u00e0 associa\u00e7\u00e3o envolvida no encontro.<\/li>\n<li>Os incidentes ocorreram antes do in\u00edcio do jogo entre Barreirense e Ol\u00edmpico Montijo.<\/li>\n<\/ul>\n","protected":false},"author":2,"featured_media":136227,"comment_status":"closed","ping_status":"closed","sticky":false,"template":"","format":"standard","meta":{"footnotes":""},"categories":[21,24],"tags":[2533,1416,1056,152,32,994],"class_list":["post-136223","post","type-post","status-publish","format-standard","has-post-thumbnail","hentry","category-desporto","category-futebol","tag-adeptos","tag-barreirense","tag-barreiro","tag-desporto","tag-futebol","tag-setubal"],"yoast_head":"<!-- This site is optimized with the Yoast SEO plugin v27.2 - https:\/\/yoast.com\/product\/yoast-seo-wordpress\/ -->\n<title>Hugo Massa critica AF Set\u00fabal pelas agress\u00f5es no Barreiro - Portal Tela Portugal<\/title>\n<meta name=\"robots\" content=\"index, follow, max-snippet:-1, max-image-preview:large, max-video-preview:-1\" \/>\n<meta property=\"og:locale\" content=\"pt_PT\" \/>\n<meta property=\"og:type\" content=\"article\" \/>\n<meta property=\"og:title\" content=\"Hugo Massa critica AF Set\u00fabal pelas agress\u00f5es no Barreiro - Portal Tela Portugal\" \/>\n<meta property=\"og:description\" content=\"O presidente do Barreirense, Hugo Massa, lamentou os incidentes causados por adeptos na antec\u00e2mara da partida frente ao Ol\u00edmpico Montijo. A partida corresponde \u00e0 14.\u00aa jornada da 1.\u00aa Divis\u00e3o Distrital de Set\u00fabal, disputada no Barreiro. Massa atribuiu a responsabilidade aos \u201cfan\u00e1ticos\u201d e \u00e0 associa\u00e7\u00e3o envolvida no encontro. Os incidentes ocorreram antes do in\u00edcio do jogo entre Barreirense e Ol\u00edmpico Montijo.\" \/>\n<meta property=\"og:url\" content=\"https:\/\/portaltela.pt\/noticias\/2026\/01\/12\/hugo-massa-critica-af-setubal-pelas-agressoes-no-barreiro-2\/\" \/>\n<meta property=\"og:site_name\" content=\"Portal Tela Portugal\" \/>\n<meta property=\"article:published_time\" content=\"2026-01-12T18:04:34+00:00\" \/>\n<meta name=\"author\" content=\"Telinha\" \/>\n<meta name=\"twitter:card\" content=\"summary_large_image\" \/>\n<meta name=\"twitter:label1\" content=\"Escrito por\" \/>\n\t<meta name=\"twitter:data1\" content=\"Telinha\" \/>\n\t<meta name=\"twitter:label2\" content=\"Tempo estimado de leitura\" \/>\n\t<meta name=\"twitter:data2\" content=\"1 minuto\" \/>\n<script type=\"application\/ld+json\" class=\"yoast-schema-graph\">{\"@context\":\"https:\/\/schema.org\",\"@graph\":[{\"@type\":\"Article\",\"@id\":\"https:\/\/portaltela.pt\/noticias\/2026\/01\/12\/hugo-massa-critica-af-setubal-pelas-agressoes-no-barreiro-2\/#article\",\"isPartOf\":{\"@id\":\"https:\/\/portaltela.pt\/noticias\/2026\/01\/12\/hugo-massa-critica-af-setubal-pelas-agressoes-no-barreiro-2\/\"},\"author\":{\"name\":\"Telinha\",\"@id\":\"https:\/\/portaltela.pt\/#\/schema\/person\/c4278d4a6028830caff9ee44b42d32ed\"},\"headline\":\"Hugo Massa critica AF Set\u00fabal pelas agress\u00f5es no Barreiro\",\"datePublished\":\"2026-01-12T18:04:34+00:00\",\"mainEntityOfPage\":{\"@id\":\"https:\/\/portaltela.pt\/noticias\/2026\/01\/12\/hugo-massa-critica-af-setubal-pelas-agressoes-no-barreiro-2\/\"},\"wordCount\":221,\"image\":{\"@id\":\"https:\/\/portaltela.pt\/noticias\/2026\/01\/12\/hugo-massa-critica-af-setubal-pelas-agressoes-no-barreiro-2\/#primaryimage\"},\"thumbnailUrl\":\"https:\/\/portaltela.pt\/s.01k8rhncp4jt1\/2026\/01\/img_1200x721uu2026-01-11-21-45-19-2414226-im-639038374991311593-1.jpg\",\"keywords\":[\"adeptos\",\"Barreirense\",\"Barreiro\",\"desporto\",\"futebol\",\"Set\u00fabal\"],\"articleSection\":[\"Desporto\",\"Futebol\"],\"inLanguage\":\"pt-PT\"},{\"@type\":\"WebPage\",\"@id\":\"https:\/\/portaltela.pt\/noticias\/2026\/01\/12\/hugo-massa-critica-af-setubal-pelas-agressoes-no-barreiro-2\/\",\"url\":\"https:\/\/portaltela.pt\/noticias\/2026\/01\/12\/hugo-massa-critica-af-setubal-pelas-agressoes-no-barreiro-2\/\",\"name\":\"Hugo Massa critica AF Set\u00fabal pelas agress\u00f5es no Barreiro - Portal Tela Portugal\",\"isPartOf\":{\"@id\":\"https:\/\/portaltela.pt\/#website\"},\"primaryImageOfPage\":{\"@id\":\"https:\/\/portaltela.pt\/noticias\/2026\/01\/12\/hugo-massa-critica-af-setubal-pelas-agressoes-no-barreiro-2\/#primaryimage\"},\"image\":{\"@id\":\"https:\/\/portaltela.pt\/noticias\/2026\/01\/12\/hugo-massa-critica-af-setubal-pelas-agressoes-no-barreiro-2\/#primaryimage\"},\"thumbnailUrl\":\"https:\/\/portaltela.pt\/s.01k8rhncp4jt1\/2026\/01\/img_1200x721uu2026-01-11-21-45-19-2414226-im-639038374991311593-1.jpg\",\"datePublished\":\"2026-01-12T18:04:34+00:00\",\"author\":{\"@id\":\"https:\/\/portaltela.pt\/#\/schema\/person\/c4278d4a6028830caff9ee44b42d32ed\"},\"breadcrumb\":{\"@id\":\"https:\/\/portaltela.pt\/noticias\/2026\/01\/12\/hugo-massa-critica-af-setubal-pelas-agressoes-no-barreiro-2\/#breadcrumb\"},\"inLanguage\":\"pt-PT\",\"potentialAction\":[{\"@type\":\"ReadAction\",\"target\":[\"https:\/\/portaltela.pt\/noticias\/2026\/01\/12\/hugo-massa-critica-af-setubal-pelas-agressoes-no-barreiro-2\/\"]}]},{\"@type\":\"ImageObject\",\"inLanguage\":\"pt-PT\",\"@id\":\"https:\/\/portaltela.pt\/noticias\/2026\/01\/12\/hugo-massa-critica-af-setubal-pelas-agressoes-no-barreiro-2\/#primaryimage\",\"url\":\"https:\/\/portaltela.pt\/s.01k8rhncp4jt1\/2026\/01\/img_1200x721uu2026-01-11-21-45-19-2414226-im-639038374991311593-1.jpg\",\"contentUrl\":\"https:\/\/portaltela.pt\/s.01k8rhncp4jt1\/2026\/01\/img_1200x721uu2026-01-11-21-45-19-2414226-im-639038374991311593-1.jpg\",\"width\":796,\"height\":448,\"caption\":\"Hugo Massa critica AF Set\u00fabal pelas agress\u00f5es no Barreiro: \u00abSabia que n\u00e3o ia haver pol\u00edcia...\u00bb\"},{\"@type\":\"BreadcrumbList\",\"@id\":\"https:\/\/portaltela.pt\/noticias\/2026\/01\/12\/hugo-massa-critica-af-setubal-pelas-agressoes-no-barreiro-2\/#breadcrumb\",\"itemListElement\":[{\"@type\":\"ListItem\",\"position\":1,\"name\":\"In\u00edcio\",\"item\":\"https:\/\/portaltela.pt\/\"},{\"@type\":\"ListItem\",\"position\":2,\"name\":\"Hugo Massa critica AF Set\u00fabal pelas agress\u00f5es no Barreiro\"}]},{\"@type\":\"WebSite\",\"@id\":\"https:\/\/portaltela.pt\/#website\",\"url\":\"https:\/\/portaltela.pt\/\",\"name\":\"Portal Tela Portugal\",\"description\":\"\",\"potentialAction\":[{\"@type\":\"SearchAction\",\"target\":{\"@type\":\"EntryPoint\",\"urlTemplate\":\"https:\/\/portaltela.pt\/?s={search_term_string}\"},\"query-input\":{\"@type\":\"PropertyValueSpecification\",\"valueRequired\":true,\"valueName\":\"search_term_string\"}}],\"inLanguage\":\"pt-PT\"},{\"@type\":\"Person\",\"@id\":\"https:\/\/portaltela.pt\/#\/schema\/person\/c4278d4a6028830caff9ee44b42d32ed\",\"name\":\"Telinha\",\"image\":{\"@type\":\"ImageObject\",\"inLanguage\":\"pt-PT\",\"@id\":\"https:\/\/portaltela.pt\/s.01k8rhncp4jt1\/2025\/11\/talking-bot-125x125.png\",\"url\":\"https:\/\/portaltela.pt\/s.01k8rhncp4jt1\/2025\/11\/talking-bot-125x125.png\",\"contentUrl\":\"https:\/\/portaltela.pt\/s.01k8rhncp4jt1\/2025\/11\/talking-bot-125x125.png\",\"caption\":\"Telinha\"},\"sameAs\":[\"https:\/\/portaltela.pt\/\"],\"url\":\"https:\/\/portaltela.pt\/por\/367410592786\/\"}]}<\/script>\n<!-- \/ Yoast SEO plugin. -->","yoast_head_json":{"title":"Hugo Massa critica AF Set\u00fabal pelas agress\u00f5es no Barreiro - Portal Tela Portugal","robots":{"index":"index","follow":"follow","max-snippet":"max-snippet:-1","max-image-preview":"max-image-preview:large","max-video-preview":"max-video-preview:-1"},"og_locale":"pt_PT","og_type":"article","og_title":"Hugo Massa critica AF Set\u00fabal pelas agress\u00f5es no Barreiro - Portal Tela Portugal","og_description":"O presidente do Barreirense, Hugo Massa, lamentou os incidentes causados por adeptos na antec\u00e2mara da partida frente ao Ol\u00edmpico Montijo. A partida corresponde \u00e0 14.\u00aa jornada da 1.\u00aa Divis\u00e3o Distrital de Set\u00fabal, disputada no Barreiro. Massa atribuiu a responsabilidade aos \u201cfan\u00e1ticos\u201d e \u00e0 associa\u00e7\u00e3o envolvida no encontro. Os incidentes ocorreram antes do in\u00edcio do jogo entre Barreirense e Ol\u00edmpico Montijo.","og_url":"https:\/\/portaltela.pt\/noticias\/2026\/01\/12\/hugo-massa-critica-af-setubal-pelas-agressoes-no-barreiro-2\/","og_site_name":"Portal Tela Portugal","article_published_time":"2026-01-12T18:04:34+00:00","author":"Telinha","twitter_card":"summary_large_image","twitter_misc":{"Escrito por":"Telinha","Tempo estimado de leitura":"1 minuto"},"schema":{"@context":"https:\/\/schema.org","@graph":[{"@type":"Article","@id":"https:\/\/portaltela.pt\/noticias\/2026\/01\/12\/hugo-massa-critica-af-setubal-pelas-agressoes-no-barreiro-2\/#article","isPartOf":{"@id":"https:\/\/portaltela.pt\/noticias\/2026\/01\/12\/hugo-massa-critica-af-setubal-pelas-agressoes-no-barreiro-2\/"},"author":{"name":"Telinha","@id":"https:\/\/portaltela.pt\/#\/schema\/person\/c4278d4a6028830caff9ee44b42d32ed"},"headline":"Hugo Massa critica AF Set\u00fabal pelas agress\u00f5es no Barreiro","datePublished":"2026-01-12T18:04:34+00:00","mainEntityOfPage":{"@id":"https:\/\/portaltela.pt\/noticias\/2026\/01\/12\/hugo-massa-critica-af-setubal-pelas-agressoes-no-barreiro-2\/"},"wordCount":221,"image":{"@id":"https:\/\/portaltela.pt\/noticias\/2026\/01\/12\/hugo-massa-critica-af-setubal-pelas-agressoes-no-barreiro-2\/#primaryimage"},"thumbnailUrl":"https:\/\/portaltela.pt\/s.01k8rhncp4jt1\/2026\/01\/img_1200x721uu2026-01-11-21-45-19-2414226-im-639038374991311593-1.jpg","keywords":["adeptos","Barreirense","Barreiro","desporto","futebol","Set\u00fabal"],"articleSection":["Desporto","Futebol"],"inLanguage":"pt-PT"},{"@type":"WebPage","@id":"https:\/\/portaltela.pt\/noticias\/2026\/01\/12\/hugo-massa-critica-af-setubal-pelas-agressoes-no-barreiro-2\/","url":"https:\/\/portaltela.pt\/noticias\/2026\/01\/12\/hugo-massa-critica-af-setubal-pelas-agressoes-no-barreiro-2\/","name":"Hugo Massa critica AF Set\u00fabal pelas agress\u00f5es no Barreiro - Portal Tela Portugal","isPartOf":{"@id":"https:\/\/portaltela.pt\/#website"},"primaryImageOfPage":{"@id":"https:\/\/portaltela.pt\/noticias\/2026\/01\/12\/hugo-massa-critica-af-setubal-pelas-agressoes-no-barreiro-2\/#primaryimage"},"image":{"@id":"https:\/\/portaltela.pt\/noticias\/2026\/01\/12\/hugo-massa-critica-af-setubal-pelas-agressoes-no-barreiro-2\/#primaryimage"},"thumbnailUrl":"https:\/\/portaltela.pt\/s.01k8rhncp4jt1\/2026\/01\/img_1200x721uu2026-01-11-21-45-19-2414226-im-639038374991311593-1.jpg","datePublished":"2026-01-12T18:04:34+00:00","author":{"@id":"https:\/\/portaltela.pt\/#\/schema\/person\/c4278d4a6028830caff9ee44b42d32ed"},"breadcrumb":{"@id":"https:\/\/portaltela.pt\/noticias\/2026\/01\/12\/hugo-massa-critica-af-setubal-pelas-agressoes-no-barreiro-2\/#breadcrumb"},"inLanguage":"pt-PT","potentialAction":[{"@type":"ReadAction","target":["https:\/\/portaltela.pt\/noticias\/2026\/01\/12\/hugo-massa-critica-af-setubal-pelas-agressoes-no-barreiro-2\/"]}]},{"@type":"ImageObject","inLanguage":"pt-PT","@id":"https:\/\/portaltela.pt\/noticias\/2026\/01\/12\/hugo-massa-critica-af-setubal-pelas-agressoes-no-barreiro-2\/#primaryimage","url":"https:\/\/portaltela.pt\/s.01k8rhncp4jt1\/2026\/01\/img_1200x721uu2026-01-11-21-45-19-2414226-im-639038374991311593-1.jpg","contentUrl":"https:\/\/portaltela.pt\/s.01k8rhncp4jt1\/2026\/01\/img_1200x721uu2026-01-11-21-45-19-2414226-im-639038374991311593-1.jpg","width":796,"height":448,"caption":"Hugo Massa critica AF Set\u00fabal pelas agress\u00f5es no Barreiro: \u00abSabia que n\u00e3o ia haver pol\u00edcia...\u00bb"},{"@type":"BreadcrumbList","@id":"https:\/\/portaltela.pt\/noticias\/2026\/01\/12\/hugo-massa-critica-af-setubal-pelas-agressoes-no-barreiro-2\/#breadcrumb","itemListElement":[{"@type":"ListItem","position":1,"name":"In\u00edcio","item":"https:\/\/portaltela.pt\/"},{"@type":"ListItem","position":2,"name":"Hugo Massa critica AF Set\u00fabal pelas agress\u00f5es no Barreiro"}]},{"@type":"WebSite","@id":"https:\/\/portaltela.pt\/#website","url":"https:\/\/portaltela.pt\/","name":"Portal Tela Portugal","description":"","potentialAction":[{"@type":"SearchAction","target":{"@type":"EntryPoint","urlTemplate":"https:\/\/portaltela.pt\/?s={search_term_string}"},"query-input":{"@type":"PropertyValueSpecification","valueRequired":true,"valueName":"search_term_string"}}],"inLanguage":"pt-PT"},{"@type":"Person","@id":"https:\/\/portaltela.pt\/#\/schema\/person\/c4278d4a6028830caff9ee44b42d32ed","name":"Telinha","image":{"@type":"ImageObject","inLanguage":"pt-PT","@id":"https:\/\/portaltela.pt\/s.01k8rhncp4jt1\/2025\/11\/talking-bot-125x125.png","url":"https:\/\/portaltela.pt\/s.01k8rhncp4jt1\/2025\/11\/talking-bot-125x125.png","contentUrl":"https:\/\/portaltela.pt\/s.01k8rhncp4jt1\/2025\/11\/talking-bot-125x125.png","caption":"Telinha"},"sameAs":["https:\/\/portaltela.pt\/"],"url":"https:\/\/portaltela.pt\/por\/367410592786\/"}]}},"_links":{"self":[{"href":"https:\/\/portaltela.pt\/api\/wp\/v2\/posts\/136223","targetHints":{"allow":["GET"]}}],"collection":[{"href":"https:\/\/portaltela.pt\/api\/wp\/v2\/posts"}],"about":[{"href":"https:\/\/portaltela.pt\/api\/wp\/v2\/types\/post"}],"author":[{"embeddable":true,"href":"https:\/\/portaltela.pt\/api\/wp\/v2\/users\/2"}],"replies":[{"embeddable":true,"href":"https:\/\/portaltela.pt\/api\/wp\/v2\/comments?post=136223"}],"version-history":[{"count":0,"href":"https:\/\/portaltela.pt\/api\/wp\/v2\/posts\/136223\/revisions"}],"wp:featuredmedia":[{"embeddable":true,"href":"https:\/\/portaltela.pt\/api\/wp\/v2\/media\/136227"}],"wp:attachment":[{"href":"https:\/\/portaltela.pt\/api\/wp\/v2\/media?parent=136223"}],"wp:term":[{"taxonomy":"category","embeddable":true,"href":"https:\/\/portaltela.pt\/api\/wp\/v2\/categories?post=136223"},{"taxonomy":"post_tag","embeddable":true,"href":"https:\/\/portaltela.pt\/api\/wp\/v2\/tags?post=136223"}],"curies":[{"name":"wp","href":"https:\/\/api.w.org\/{rel}","templated":true}]}}