{"id":136205,"date":"2026-01-12T15:04:34","date_gmt":"2026-01-12T18:04:34","guid":{"rendered":"https:\/\/portaltela.pt\/noticias\/2026\/01\/12\/hugo-massa-critica-af-setubal-pelas-agressoes-no-barreiro\/"},"modified":"2026-01-12T15:04:34","modified_gmt":"2026-01-12T18:04:34","slug":"hugo-massa-critica-af-setubal-pelas-agressoes-no-barreiro","status":"publish","type":"post","link":"https:\/\/portaltela.pt\/desporto\/futebol\/2026\/01\/12\/hugo-massa-critica-af-setubal-pelas-agressoes-no-barreiro\/","title":{"rendered":"Hugo Massa critica AF Set\u00fabal pelas agress\u00f5es no Barreiro"},"content":{"rendered":"<p>O presidente do Barreirense, Hugo Massa, lamentou os incidentes protagonizados por adeptos na antec\u00e2mara da partida frente ao Ol\u00edmpico Montijo, a contar para a 14.\u00aa jornada da 1.\u00aa Divis\u00e3o Distrital de Set\u00fabal. Os confrontos que se verificaram antes do encontro foram alvo de condena\u00e7\u00e3o por parte da dire\u00e7\u00e3o do clube.<\/p>\n<p>Massa apontou cr\u00edticas aos chamados fan\u00e1ticos, respons\u00e1veis pelos ataques, e estendeu a responsabiliza\u00e7\u00e3o \u00e0 associa\u00e7\u00e3o ligada aos eventos que antecederam o jogo. O dirigente sublinhou que o incidente mancha a imagem do futebol distrital e afeta, em especial, o Barreirense.<\/p>\n<p>Afirmou ainda que sabia haver pouca ou nenhuma presen\u00e7a policial antes do embate, o que, segundo ele, contribuiu para a escalada de agress\u00f5es. Os incidentes ocorreram na antec\u00e2mara do recinto, antes do pontap\u00e9 inicial do encontro com o Ol\u00edmpico Montijo, relativo \u00e0 14.\u00aa jornada.<\/p>\n<h3>Rea\u00e7\u00e3o da AF Set\u00fabal e desdobramentos<\/h3>\n<p>A cidade de Barreiro segue atentos \u00e0s comunica\u00e7\u00f5es da Associa\u00e7\u00e3o de Futebol de Set\u00fabal sobre as medidas que ser\u00e3o tomadas para evitar epis\u00f3dios semelhantes. N\u00e3o foram divulgados detalhes adicionais sobre investiga\u00e7\u00f5es ou san\u00e7\u00f5es at\u00e9 ao momento. Outros clubes da regi\u00e3o comentam a necessidade de refor\u00e7ar a seguran\u00e7a em jogos deste escal\u00e3o para preservar a integridade dos intervenientes.<\/p>\n","protected":false},"excerpt":{"rendered":"<ul>\n<li>Hugo Massa, presidente do Barreirense, lamentou os incidentes causados por adeptos na antec\u00e2mara da partida frente ao Ol\u00edmpico Montijo.<\/li>\n<li>O encontro pertence \u00e0 14.\u00aa jornada da primeira divis\u00e3o distrital de Set\u00fabal.<\/li>\n<li>Massa atribui a culpa aos \u201cfan\u00e1ticos\u201d e tamb\u00e9m \u00e0 associa\u00e7\u00e3o envolvida.<\/li>\n<li>O epis\u00f3dio ocorreu antes do in\u00edcio do jogo entre Barreirense e Ol\u00edmpico Montijo.<\/li>\n<\/ul>\n","protected":false},"author":2,"featured_media":136214,"comment_status":"closed","ping_status":"closed","sticky":false,"template":"","format":"standard","meta":{"footnotes":""},"categories":[21,24],"tags":[2959,2079,1416,1056,32,994],"class_list":["post-136205","post","type-post","status-publish","format-standard","has-post-thumbnail","hentry","category-desporto","category-futebol","tag-af-setubal","tag-agressoes","tag-barreirense","tag-barreiro","tag-futebol","tag-setubal"],"yoast_head":"<!-- This site is optimized with the Yoast SEO plugin v27.2 - https:\/\/yoast.com\/product\/yoast-seo-wordpress\/ -->\n<title>Hugo Massa critica AF Set\u00fabal pelas agress\u00f5es no Barreiro - Portal Tela Portugal<\/title>\n<meta name=\"robots\" content=\"index, follow, max-snippet:-1, max-image-preview:large, max-video-preview:-1\" \/>\n<meta property=\"og:locale\" content=\"pt_PT\" \/>\n<meta property=\"og:type\" content=\"article\" \/>\n<meta property=\"og:title\" content=\"Hugo Massa critica AF Set\u00fabal pelas agress\u00f5es no Barreiro - Portal Tela Portugal\" \/>\n<meta property=\"og:description\" content=\"Hugo Massa, presidente do Barreirense, lamentou os incidentes causados por adeptos na antec\u00e2mara da partida frente ao Ol\u00edmpico Montijo. O encontro pertence \u00e0 14.\u00aa jornada da primeira divis\u00e3o distrital de Set\u00fabal. Massa atribui a culpa aos \u201cfan\u00e1ticos\u201d e tamb\u00e9m \u00e0 associa\u00e7\u00e3o envolvida. O epis\u00f3dio ocorreu antes do in\u00edcio do jogo entre Barreirense e Ol\u00edmpico Montijo.\" \/>\n<meta property=\"og:url\" content=\"https:\/\/portaltela.pt\/noticias\/2026\/01\/12\/hugo-massa-critica-af-setubal-pelas-agressoes-no-barreiro\/\" \/>\n<meta property=\"og:site_name\" content=\"Portal Tela Portugal\" \/>\n<meta property=\"article:published_time\" content=\"2026-01-12T18:04:34+00:00\" \/>\n<meta name=\"author\" content=\"Telinha\" \/>\n<meta name=\"twitter:card\" content=\"summary_large_image\" \/>\n<meta name=\"twitter:label1\" content=\"Escrito por\" \/>\n\t<meta name=\"twitter:data1\" content=\"Telinha\" \/>\n\t<meta name=\"twitter:label2\" content=\"Tempo estimado de leitura\" \/>\n\t<meta name=\"twitter:data2\" content=\"1 minuto\" \/>\n<script type=\"application\/ld+json\" class=\"yoast-schema-graph\">{\"@context\":\"https:\/\/schema.org\",\"@graph\":[{\"@type\":\"Article\",\"@id\":\"https:\/\/portaltela.pt\/noticias\/2026\/01\/12\/hugo-massa-critica-af-setubal-pelas-agressoes-no-barreiro\/#article\",\"isPartOf\":{\"@id\":\"https:\/\/portaltela.pt\/noticias\/2026\/01\/12\/hugo-massa-critica-af-setubal-pelas-agressoes-no-barreiro\/\"},\"author\":{\"name\":\"Telinha\",\"@id\":\"https:\/\/portaltela.pt\/#\/schema\/person\/c4278d4a6028830caff9ee44b42d32ed\"},\"headline\":\"Hugo Massa critica AF Set\u00fabal pelas agress\u00f5es no Barreiro\",\"datePublished\":\"2026-01-12T18:04:34+00:00\",\"mainEntityOfPage\":{\"@id\":\"https:\/\/portaltela.pt\/noticias\/2026\/01\/12\/hugo-massa-critica-af-setubal-pelas-agressoes-no-barreiro\/\"},\"wordCount\":232,\"image\":{\"@id\":\"https:\/\/portaltela.pt\/noticias\/2026\/01\/12\/hugo-massa-critica-af-setubal-pelas-agressoes-no-barreiro\/#primaryimage\"},\"thumbnailUrl\":\"https:\/\/portaltela.pt\/s.01k8rhncp4jt1\/2026\/01\/img_1200x721uu2026-01-11-21-45-19-2414226-im-639038374991311593.jpg\",\"keywords\":[\"AF Set\u00fabal\",\"agress\u00f5es\",\"Barreirense\",\"Barreiro\",\"futebol\",\"Set\u00fabal\"],\"articleSection\":[\"Desporto\",\"Futebol\"],\"inLanguage\":\"pt-PT\"},{\"@type\":\"WebPage\",\"@id\":\"https:\/\/portaltela.pt\/noticias\/2026\/01\/12\/hugo-massa-critica-af-setubal-pelas-agressoes-no-barreiro\/\",\"url\":\"https:\/\/portaltela.pt\/noticias\/2026\/01\/12\/hugo-massa-critica-af-setubal-pelas-agressoes-no-barreiro\/\",\"name\":\"Hugo Massa critica AF Set\u00fabal pelas agress\u00f5es no Barreiro - Portal Tela Portugal\",\"isPartOf\":{\"@id\":\"https:\/\/portaltela.pt\/#website\"},\"primaryImageOfPage\":{\"@id\":\"https:\/\/portaltela.pt\/noticias\/2026\/01\/12\/hugo-massa-critica-af-setubal-pelas-agressoes-no-barreiro\/#primaryimage\"},\"image\":{\"@id\":\"https:\/\/portaltela.pt\/noticias\/2026\/01\/12\/hugo-massa-critica-af-setubal-pelas-agressoes-no-barreiro\/#primaryimage\"},\"thumbnailUrl\":\"https:\/\/portaltela.pt\/s.01k8rhncp4jt1\/2026\/01\/img_1200x721uu2026-01-11-21-45-19-2414226-im-639038374991311593.jpg\",\"datePublished\":\"2026-01-12T18:04:34+00:00\",\"author\":{\"@id\":\"https:\/\/portaltela.pt\/#\/schema\/person\/c4278d4a6028830caff9ee44b42d32ed\"},\"breadcrumb\":{\"@id\":\"https:\/\/portaltela.pt\/noticias\/2026\/01\/12\/hugo-massa-critica-af-setubal-pelas-agressoes-no-barreiro\/#breadcrumb\"},\"inLanguage\":\"pt-PT\",\"potentialAction\":[{\"@type\":\"ReadAction\",\"target\":[\"https:\/\/portaltela.pt\/noticias\/2026\/01\/12\/hugo-massa-critica-af-setubal-pelas-agressoes-no-barreiro\/\"]}]},{\"@type\":\"ImageObject\",\"inLanguage\":\"pt-PT\",\"@id\":\"https:\/\/portaltela.pt\/noticias\/2026\/01\/12\/hugo-massa-critica-af-setubal-pelas-agressoes-no-barreiro\/#primaryimage\",\"url\":\"https:\/\/portaltela.pt\/s.01k8rhncp4jt1\/2026\/01\/img_1200x721uu2026-01-11-21-45-19-2414226-im-639038374991311593.jpg\",\"contentUrl\":\"https:\/\/portaltela.pt\/s.01k8rhncp4jt1\/2026\/01\/img_1200x721uu2026-01-11-21-45-19-2414226-im-639038374991311593.jpg\",\"width\":796,\"height\":448,\"caption\":\"Hugo Massa critica AF Set\u00fabal pelas agress\u00f5es no Barreiro: \u00abSabia que n\u00e3o ia haver pol\u00edcia...\u00bb\"},{\"@type\":\"BreadcrumbList\",\"@id\":\"https:\/\/portaltela.pt\/noticias\/2026\/01\/12\/hugo-massa-critica-af-setubal-pelas-agressoes-no-barreiro\/#breadcrumb\",\"itemListElement\":[{\"@type\":\"ListItem\",\"position\":1,\"name\":\"In\u00edcio\",\"item\":\"https:\/\/portaltela.pt\/\"},{\"@type\":\"ListItem\",\"position\":2,\"name\":\"Hugo Massa critica AF Set\u00fabal pelas agress\u00f5es no Barreiro\"}]},{\"@type\":\"WebSite\",\"@id\":\"https:\/\/portaltela.pt\/#website\",\"url\":\"https:\/\/portaltela.pt\/\",\"name\":\"Portal Tela Portugal\",\"description\":\"\",\"potentialAction\":[{\"@type\":\"SearchAction\",\"target\":{\"@type\":\"EntryPoint\",\"urlTemplate\":\"https:\/\/portaltela.pt\/?s={search_term_string}\"},\"query-input\":{\"@type\":\"PropertyValueSpecification\",\"valueRequired\":true,\"valueName\":\"search_term_string\"}}],\"inLanguage\":\"pt-PT\"},{\"@type\":\"Person\",\"@id\":\"https:\/\/portaltela.pt\/#\/schema\/person\/c4278d4a6028830caff9ee44b42d32ed\",\"name\":\"Telinha\",\"image\":{\"@type\":\"ImageObject\",\"inLanguage\":\"pt-PT\",\"@id\":\"https:\/\/portaltela.pt\/s.01k8rhncp4jt1\/2025\/11\/talking-bot-125x125.png\",\"url\":\"https:\/\/portaltela.pt\/s.01k8rhncp4jt1\/2025\/11\/talking-bot-125x125.png\",\"contentUrl\":\"https:\/\/portaltela.pt\/s.01k8rhncp4jt1\/2025\/11\/talking-bot-125x125.png\",\"caption\":\"Telinha\"},\"sameAs\":[\"https:\/\/portaltela.pt\/\"],\"url\":\"https:\/\/portaltela.pt\/por\/367410592786\/\"}]}<\/script>\n<!-- \/ Yoast SEO plugin. -->","yoast_head_json":{"title":"Hugo Massa critica AF Set\u00fabal pelas agress\u00f5es no Barreiro - Portal Tela Portugal","robots":{"index":"index","follow":"follow","max-snippet":"max-snippet:-1","max-image-preview":"max-image-preview:large","max-video-preview":"max-video-preview:-1"},"og_locale":"pt_PT","og_type":"article","og_title":"Hugo Massa critica AF Set\u00fabal pelas agress\u00f5es no Barreiro - Portal Tela Portugal","og_description":"Hugo Massa, presidente do Barreirense, lamentou os incidentes causados por adeptos na antec\u00e2mara da partida frente ao Ol\u00edmpico Montijo. O encontro pertence \u00e0 14.\u00aa jornada da primeira divis\u00e3o distrital de Set\u00fabal. Massa atribui a culpa aos \u201cfan\u00e1ticos\u201d e tamb\u00e9m \u00e0 associa\u00e7\u00e3o envolvida. O epis\u00f3dio ocorreu antes do in\u00edcio do jogo entre Barreirense e Ol\u00edmpico Montijo.","og_url":"https:\/\/portaltela.pt\/noticias\/2026\/01\/12\/hugo-massa-critica-af-setubal-pelas-agressoes-no-barreiro\/","og_site_name":"Portal Tela Portugal","article_published_time":"2026-01-12T18:04:34+00:00","author":"Telinha","twitter_card":"summary_large_image","twitter_misc":{"Escrito por":"Telinha","Tempo estimado de leitura":"1 minuto"},"schema":{"@context":"https:\/\/schema.org","@graph":[{"@type":"Article","@id":"https:\/\/portaltela.pt\/noticias\/2026\/01\/12\/hugo-massa-critica-af-setubal-pelas-agressoes-no-barreiro\/#article","isPartOf":{"@id":"https:\/\/portaltela.pt\/noticias\/2026\/01\/12\/hugo-massa-critica-af-setubal-pelas-agressoes-no-barreiro\/"},"author":{"name":"Telinha","@id":"https:\/\/portaltela.pt\/#\/schema\/person\/c4278d4a6028830caff9ee44b42d32ed"},"headline":"Hugo Massa critica AF Set\u00fabal pelas agress\u00f5es no Barreiro","datePublished":"2026-01-12T18:04:34+00:00","mainEntityOfPage":{"@id":"https:\/\/portaltela.pt\/noticias\/2026\/01\/12\/hugo-massa-critica-af-setubal-pelas-agressoes-no-barreiro\/"},"wordCount":232,"image":{"@id":"https:\/\/portaltela.pt\/noticias\/2026\/01\/12\/hugo-massa-critica-af-setubal-pelas-agressoes-no-barreiro\/#primaryimage"},"thumbnailUrl":"https:\/\/portaltela.pt\/s.01k8rhncp4jt1\/2026\/01\/img_1200x721uu2026-01-11-21-45-19-2414226-im-639038374991311593.jpg","keywords":["AF Set\u00fabal","agress\u00f5es","Barreirense","Barreiro","futebol","Set\u00fabal"],"articleSection":["Desporto","Futebol"],"inLanguage":"pt-PT"},{"@type":"WebPage","@id":"https:\/\/portaltela.pt\/noticias\/2026\/01\/12\/hugo-massa-critica-af-setubal-pelas-agressoes-no-barreiro\/","url":"https:\/\/portaltela.pt\/noticias\/2026\/01\/12\/hugo-massa-critica-af-setubal-pelas-agressoes-no-barreiro\/","name":"Hugo Massa critica AF Set\u00fabal pelas agress\u00f5es no Barreiro - Portal Tela Portugal","isPartOf":{"@id":"https:\/\/portaltela.pt\/#website"},"primaryImageOfPage":{"@id":"https:\/\/portaltela.pt\/noticias\/2026\/01\/12\/hugo-massa-critica-af-setubal-pelas-agressoes-no-barreiro\/#primaryimage"},"image":{"@id":"https:\/\/portaltela.pt\/noticias\/2026\/01\/12\/hugo-massa-critica-af-setubal-pelas-agressoes-no-barreiro\/#primaryimage"},"thumbnailUrl":"https:\/\/portaltela.pt\/s.01k8rhncp4jt1\/2026\/01\/img_1200x721uu2026-01-11-21-45-19-2414226-im-639038374991311593.jpg","datePublished":"2026-01-12T18:04:34+00:00","author":{"@id":"https:\/\/portaltela.pt\/#\/schema\/person\/c4278d4a6028830caff9ee44b42d32ed"},"breadcrumb":{"@id":"https:\/\/portaltela.pt\/noticias\/2026\/01\/12\/hugo-massa-critica-af-setubal-pelas-agressoes-no-barreiro\/#breadcrumb"},"inLanguage":"pt-PT","potentialAction":[{"@type":"ReadAction","target":["https:\/\/portaltela.pt\/noticias\/2026\/01\/12\/hugo-massa-critica-af-setubal-pelas-agressoes-no-barreiro\/"]}]},{"@type":"ImageObject","inLanguage":"pt-PT","@id":"https:\/\/portaltela.pt\/noticias\/2026\/01\/12\/hugo-massa-critica-af-setubal-pelas-agressoes-no-barreiro\/#primaryimage","url":"https:\/\/portaltela.pt\/s.01k8rhncp4jt1\/2026\/01\/img_1200x721uu2026-01-11-21-45-19-2414226-im-639038374991311593.jpg","contentUrl":"https:\/\/portaltela.pt\/s.01k8rhncp4jt1\/2026\/01\/img_1200x721uu2026-01-11-21-45-19-2414226-im-639038374991311593.jpg","width":796,"height":448,"caption":"Hugo Massa critica AF Set\u00fabal pelas agress\u00f5es no Barreiro: \u00abSabia que n\u00e3o ia haver pol\u00edcia...\u00bb"},{"@type":"BreadcrumbList","@id":"https:\/\/portaltela.pt\/noticias\/2026\/01\/12\/hugo-massa-critica-af-setubal-pelas-agressoes-no-barreiro\/#breadcrumb","itemListElement":[{"@type":"ListItem","position":1,"name":"In\u00edcio","item":"https:\/\/portaltela.pt\/"},{"@type":"ListItem","position":2,"name":"Hugo Massa critica AF Set\u00fabal pelas agress\u00f5es no Barreiro"}]},{"@type":"WebSite","@id":"https:\/\/portaltela.pt\/#website","url":"https:\/\/portaltela.pt\/","name":"Portal Tela Portugal","description":"","potentialAction":[{"@type":"SearchAction","target":{"@type":"EntryPoint","urlTemplate":"https:\/\/portaltela.pt\/?s={search_term_string}"},"query-input":{"@type":"PropertyValueSpecification","valueRequired":true,"valueName":"search_term_string"}}],"inLanguage":"pt-PT"},{"@type":"Person","@id":"https:\/\/portaltela.pt\/#\/schema\/person\/c4278d4a6028830caff9ee44b42d32ed","name":"Telinha","image":{"@type":"ImageObject","inLanguage":"pt-PT","@id":"https:\/\/portaltela.pt\/s.01k8rhncp4jt1\/2025\/11\/talking-bot-125x125.png","url":"https:\/\/portaltela.pt\/s.01k8rhncp4jt1\/2025\/11\/talking-bot-125x125.png","contentUrl":"https:\/\/portaltela.pt\/s.01k8rhncp4jt1\/2025\/11\/talking-bot-125x125.png","caption":"Telinha"},"sameAs":["https:\/\/portaltela.pt\/"],"url":"https:\/\/portaltela.pt\/por\/367410592786\/"}]}},"_links":{"self":[{"href":"https:\/\/portaltela.pt\/api\/wp\/v2\/posts\/136205","targetHints":{"allow":["GET"]}}],"collection":[{"href":"https:\/\/portaltela.pt\/api\/wp\/v2\/posts"}],"about":[{"href":"https:\/\/portaltela.pt\/api\/wp\/v2\/types\/post"}],"author":[{"embeddable":true,"href":"https:\/\/portaltela.pt\/api\/wp\/v2\/users\/2"}],"replies":[{"embeddable":true,"href":"https:\/\/portaltela.pt\/api\/wp\/v2\/comments?post=136205"}],"version-history":[{"count":0,"href":"https:\/\/portaltela.pt\/api\/wp\/v2\/posts\/136205\/revisions"}],"wp:featuredmedia":[{"embeddable":true,"href":"https:\/\/portaltela.pt\/api\/wp\/v2\/media\/136214"}],"wp:attachment":[{"href":"https:\/\/portaltela.pt\/api\/wp\/v2\/media?parent=136205"}],"wp:term":[{"taxonomy":"category","embeddable":true,"href":"https:\/\/portaltela.pt\/api\/wp\/v2\/categories?post=136205"},{"taxonomy":"post_tag","embeddable":true,"href":"https:\/\/portaltela.pt\/api\/wp\/v2\/tags?post=136205"}],"curies":[{"name":"wp","href":"https:\/\/api.w.org\/{rel}","templated":true}]}}