{"id":136157,"date":"2026-01-12T14:41:00","date_gmt":"2026-01-12T17:41:00","guid":{"rendered":"https:\/\/portaltela.pt\/noticias\/2026\/01\/12\/luis-marques-mendes-e-conhecido-como-o-veterano\/"},"modified":"2026-01-12T14:41:00","modified_gmt":"2026-01-12T17:41:00","slug":"luis-marques-mendes-e-conhecido-como-o-veterano","status":"publish","type":"post","link":"https:\/\/portaltela.pt\/noticias\/politica\/2026\/01\/12\/luis-marques-mendes-e-conhecido-como-o-veterano\/","title":{"rendered":"Lu\u00eds Marques Mendes \u00e9 conhecido como &#8216;O veterano&#8217;"},"content":{"rendered":"<p>Lu\u00eds Marques Mendes, conhecido rosto da pol\u00edtica portuguesa, esteve na origem de rumores sobre a possibilidade de se candidatar \u00e0 presid\u00eancia. Negou at\u00e9 ao fim a inten\u00e7\u00e3o, mantendo a reserva sobre o tema.<\/p>\n<p>Ao longo da carreira, o dirigente j\u00e1 ocupou v\u00e1rios cargos p\u00fablicos e pol\u00edticos relevantes. Foi assessor parlamentar e manteve uma presen\u00e7a marcante no PSD, contribuindo para a defini\u00e7\u00e3o de estrat\u00e9gias do partido.<\/p>\n<p>A not\u00edcia que circulou apontou que a candidatura seria um dos segredos mais mal guardados da pol\u00edtica nacional, mas o antigo comentador e pol\u00edtico reiterou que n\u00e3o pretendia candidatar-se. O epis\u00f3dio evidencia a influ\u00eancia do seu percurso.<\/p>\n<h3>Carreira e liga\u00e7\u00f5es ao PSD<\/h3>\n<p>Lu\u00eds Marques Mendes \u00e9 reconhecido pela sua atua\u00e7\u00e3o no PSD, onde exerceu fun\u00e7\u00f5es de relevo e orientou parte da estrat\u00e9gia pol\u00edtica do partido. A rela\u00e7\u00e3o com a estrutura partid\u00e1ria permanece estreita, segundo fontes pr\u00f3ximas.<\/p>\n<h3>Influ\u00eancia e vis\u00e3o pol\u00edtica<\/h3>\n<p>Ao longo dos anos, destacou-se pela an\u00e1lise clara e objetiva da pol\u00edtica portuguesa. A sua experi\u00eancia \u00e9 valorizada por colegas e analistas, contribuindo para debates p\u00fablicos com abordagem t\u00e9cnica.<\/p>\n<h3>Vida p\u00fablica e atualidade<\/h3>\n<p>Apesar de notoriedade, a vida privada mant\u00e9m-se discreta. A sua presen\u00e7a na pol\u00edtica atual \u00e9 reconhecida pela capacidade de leitura do panorama, com propostas de reformas que visam fortalecer o pa\u00eds.<\/p>\n","protected":false},"excerpt":{"rendered":"<ul>\n<li>Lu\u00eds Marques Mendes \u00e9 uma figura de relevo na pol\u00edtica portuguesa, com uma longa trajet\u00f3ria p\u00fablica.<\/li>\n<li>Iniciou a carreira como assessor parlamentar, progrediu para cargos de maior responsabilidade e fez parte do Partido Social Democrata (PSD).<\/li>\n<li>Destacou\u2011se pela capacidade de an\u00e1lise pol\u00edtica e pela influ\u00eancia reconhecida no panorama pol\u00edtico nacional.<\/li>\n<li>Negou publicamente a inten\u00e7\u00e3o de se recandidatar \u00e0 presid\u00eancia, mantendo uma postura reservada em rela\u00e7\u00e3o \u00e0 exposi\u00e7\u00e3o p\u00fablica.<\/li>\n<li>Mant\u00e9m uma rela\u00e7\u00e3o estreita com o PSD, sendo uma refer\u00eancia na orienta\u00e7\u00e3o e estrat\u00e9gia do partido, com vida pessoal discreta.<\/li>\n<\/ul>\n","protected":false},"author":2,"featured_media":136158,"comment_status":"closed","ping_status":"closed","sticky":false,"template":"","format":"standard","meta":{"footnotes":""},"categories":[1,5],"tags":[1748,68,34,1732,2832,2458],"class_list":["post-136157","post","type-post","status-publish","format-standard","has-post-thumbnail","hentry","category-noticias","category-politica","tag-dirigentes","tag-eleicoes","tag-governo","tag-partidos","tag-politica","tag-psd-cds"],"yoast_head":"<!-- This site is optimized with the Yoast SEO plugin v27.2 - https:\/\/yoast.com\/product\/yoast-seo-wordpress\/ -->\n<title>Lu\u00eds Marques Mendes \u00e9 conhecido como &#039;O veterano&#039; - Portal Tela Portugal<\/title>\n<meta name=\"robots\" content=\"index, follow, max-snippet:-1, max-image-preview:large, max-video-preview:-1\" \/>\n<meta property=\"og:locale\" content=\"pt_PT\" \/>\n<meta property=\"og:type\" content=\"article\" \/>\n<meta property=\"og:title\" content=\"Lu\u00eds Marques Mendes \u00e9 conhecido como &#039;O veterano&#039; - Portal Tela Portugal\" \/>\n<meta property=\"og:description\" content=\"Lu\u00eds Marques Mendes \u00e9 uma figura de relevo na pol\u00edtica portuguesa, com uma longa trajet\u00f3ria p\u00fablica. Iniciou a carreira como assessor parlamentar, progrediu para cargos de maior responsabilidade e fez parte do Partido Social Democrata (PSD). Destacou\u2011se pela capacidade de an\u00e1lise pol\u00edtica e pela influ\u00eancia reconhecida no panorama pol\u00edtico nacional. Negou publicamente a inten\u00e7\u00e3o de se recandidatar \u00e0 presid\u00eancia, mantendo uma postura reservada em rela\u00e7\u00e3o \u00e0 exposi\u00e7\u00e3o p\u00fablica. Mant\u00e9m uma rela\u00e7\u00e3o estreita com o PSD, sendo uma refer\u00eancia na orienta\u00e7\u00e3o e estrat\u00e9gia do partido, com vida pessoal discreta.\" \/>\n<meta property=\"og:url\" content=\"https:\/\/portaltela.pt\/noticias\/2026\/01\/12\/luis-marques-mendes-e-conhecido-como-o-veterano\/\" \/>\n<meta property=\"og:site_name\" content=\"Portal Tela Portugal\" \/>\n<meta property=\"article:published_time\" content=\"2026-01-12T17:41:00+00:00\" \/>\n<meta name=\"author\" content=\"Telinha\" \/>\n<meta name=\"twitter:card\" content=\"summary_large_image\" \/>\n<meta name=\"twitter:label1\" content=\"Escrito por\" \/>\n\t<meta name=\"twitter:data1\" content=\"Telinha\" \/>\n\t<meta name=\"twitter:label2\" content=\"Tempo estimado de leitura\" \/>\n\t<meta name=\"twitter:data2\" content=\"1 minuto\" \/>\n<script type=\"application\/ld+json\" class=\"yoast-schema-graph\">{\"@context\":\"https:\/\/schema.org\",\"@graph\":[{\"@type\":\"Article\",\"@id\":\"https:\/\/portaltela.pt\/noticias\/2026\/01\/12\/luis-marques-mendes-e-conhecido-como-o-veterano\/#article\",\"isPartOf\":{\"@id\":\"https:\/\/portaltela.pt\/noticias\/2026\/01\/12\/luis-marques-mendes-e-conhecido-como-o-veterano\/\"},\"author\":{\"name\":\"Telinha\",\"@id\":\"https:\/\/portaltela.pt\/#\/schema\/person\/c4278d4a6028830caff9ee44b42d32ed\"},\"headline\":\"Lu\u00eds Marques Mendes \u00e9 conhecido como &#8216;O veterano&#8217;\",\"datePublished\":\"2026-01-12T17:41:00+00:00\",\"mainEntityOfPage\":{\"@id\":\"https:\/\/portaltela.pt\/noticias\/2026\/01\/12\/luis-marques-mendes-e-conhecido-como-o-veterano\/\"},\"wordCount\":251,\"image\":{\"@id\":\"https:\/\/portaltela.pt\/noticias\/2026\/01\/12\/luis-marques-mendes-e-conhecido-como-o-veterano\/#primaryimage\"},\"thumbnailUrl\":\"https:\/\/portaltela.pt\/s.01k8rhncp4jt1\/2026\/01\/perfil-youtube-luis-marques-mendes.jpg\",\"keywords\":[\"Dirigentes\",\"elei\u00e7\u00f5es\",\"governo\",\"partidos\",\"pol\u00edtica\",\"PSD\/CDS\"],\"articleSection\":[\"Not\u00edcias\",\"Pol\u00edtica\"],\"inLanguage\":\"pt-PT\"},{\"@type\":\"WebPage\",\"@id\":\"https:\/\/portaltela.pt\/noticias\/2026\/01\/12\/luis-marques-mendes-e-conhecido-como-o-veterano\/\",\"url\":\"https:\/\/portaltela.pt\/noticias\/2026\/01\/12\/luis-marques-mendes-e-conhecido-como-o-veterano\/\",\"name\":\"Lu\u00eds Marques Mendes \u00e9 conhecido como 'O veterano' - Portal Tela Portugal\",\"isPartOf\":{\"@id\":\"https:\/\/portaltela.pt\/#website\"},\"primaryImageOfPage\":{\"@id\":\"https:\/\/portaltela.pt\/noticias\/2026\/01\/12\/luis-marques-mendes-e-conhecido-como-o-veterano\/#primaryimage\"},\"image\":{\"@id\":\"https:\/\/portaltela.pt\/noticias\/2026\/01\/12\/luis-marques-mendes-e-conhecido-como-o-veterano\/#primaryimage\"},\"thumbnailUrl\":\"https:\/\/portaltela.pt\/s.01k8rhncp4jt1\/2026\/01\/perfil-youtube-luis-marques-mendes.jpg\",\"datePublished\":\"2026-01-12T17:41:00+00:00\",\"author\":{\"@id\":\"https:\/\/portaltela.pt\/#\/schema\/person\/c4278d4a6028830caff9ee44b42d32ed\"},\"breadcrumb\":{\"@id\":\"https:\/\/portaltela.pt\/noticias\/2026\/01\/12\/luis-marques-mendes-e-conhecido-como-o-veterano\/#breadcrumb\"},\"inLanguage\":\"pt-PT\",\"potentialAction\":[{\"@type\":\"ReadAction\",\"target\":[\"https:\/\/portaltela.pt\/noticias\/2026\/01\/12\/luis-marques-mendes-e-conhecido-como-o-veterano\/\"]}]},{\"@type\":\"ImageObject\",\"inLanguage\":\"pt-PT\",\"@id\":\"https:\/\/portaltela.pt\/noticias\/2026\/01\/12\/luis-marques-mendes-e-conhecido-como-o-veterano\/#primaryimage\",\"url\":\"https:\/\/portaltela.pt\/s.01k8rhncp4jt1\/2026\/01\/perfil-youtube-luis-marques-mendes.jpg\",\"contentUrl\":\"https:\/\/portaltela.pt\/s.01k8rhncp4jt1\/2026\/01\/perfil-youtube-luis-marques-mendes.jpg\",\"width\":796,\"height\":448,\"caption\":\"Photo\"},{\"@type\":\"BreadcrumbList\",\"@id\":\"https:\/\/portaltela.pt\/noticias\/2026\/01\/12\/luis-marques-mendes-e-conhecido-como-o-veterano\/#breadcrumb\",\"itemListElement\":[{\"@type\":\"ListItem\",\"position\":1,\"name\":\"In\u00edcio\",\"item\":\"https:\/\/portaltela.pt\/\"},{\"@type\":\"ListItem\",\"position\":2,\"name\":\"Lu\u00eds Marques Mendes \u00e9 conhecido como &#8216;O veterano&#8217;\"}]},{\"@type\":\"WebSite\",\"@id\":\"https:\/\/portaltela.pt\/#website\",\"url\":\"https:\/\/portaltela.pt\/\",\"name\":\"Portal Tela Portugal\",\"description\":\"\",\"potentialAction\":[{\"@type\":\"SearchAction\",\"target\":{\"@type\":\"EntryPoint\",\"urlTemplate\":\"https:\/\/portaltela.pt\/?s={search_term_string}\"},\"query-input\":{\"@type\":\"PropertyValueSpecification\",\"valueRequired\":true,\"valueName\":\"search_term_string\"}}],\"inLanguage\":\"pt-PT\"},{\"@type\":\"Person\",\"@id\":\"https:\/\/portaltela.pt\/#\/schema\/person\/c4278d4a6028830caff9ee44b42d32ed\",\"name\":\"Telinha\",\"image\":{\"@type\":\"ImageObject\",\"inLanguage\":\"pt-PT\",\"@id\":\"https:\/\/portaltela.pt\/s.01k8rhncp4jt1\/2025\/11\/talking-bot-125x125.png\",\"url\":\"https:\/\/portaltela.pt\/s.01k8rhncp4jt1\/2025\/11\/talking-bot-125x125.png\",\"contentUrl\":\"https:\/\/portaltela.pt\/s.01k8rhncp4jt1\/2025\/11\/talking-bot-125x125.png\",\"caption\":\"Telinha\"},\"sameAs\":[\"https:\/\/portaltela.pt\/\"],\"url\":\"https:\/\/portaltela.pt\/por\/367410592786\/\"}]}<\/script>\n<!-- \/ Yoast SEO plugin. -->","yoast_head_json":{"title":"Lu\u00eds Marques Mendes \u00e9 conhecido como 'O veterano' - Portal Tela Portugal","robots":{"index":"index","follow":"follow","max-snippet":"max-snippet:-1","max-image-preview":"max-image-preview:large","max-video-preview":"max-video-preview:-1"},"og_locale":"pt_PT","og_type":"article","og_title":"Lu\u00eds Marques Mendes \u00e9 conhecido como 'O veterano' - Portal Tela Portugal","og_description":"Lu\u00eds Marques Mendes \u00e9 uma figura de relevo na pol\u00edtica portuguesa, com uma longa trajet\u00f3ria p\u00fablica. Iniciou a carreira como assessor parlamentar, progrediu para cargos de maior responsabilidade e fez parte do Partido Social Democrata (PSD). Destacou\u2011se pela capacidade de an\u00e1lise pol\u00edtica e pela influ\u00eancia reconhecida no panorama pol\u00edtico nacional. Negou publicamente a inten\u00e7\u00e3o de se recandidatar \u00e0 presid\u00eancia, mantendo uma postura reservada em rela\u00e7\u00e3o \u00e0 exposi\u00e7\u00e3o p\u00fablica. Mant\u00e9m uma rela\u00e7\u00e3o estreita com o PSD, sendo uma refer\u00eancia na orienta\u00e7\u00e3o e estrat\u00e9gia do partido, com vida pessoal discreta.","og_url":"https:\/\/portaltela.pt\/noticias\/2026\/01\/12\/luis-marques-mendes-e-conhecido-como-o-veterano\/","og_site_name":"Portal Tela Portugal","article_published_time":"2026-01-12T17:41:00+00:00","author":"Telinha","twitter_card":"summary_large_image","twitter_misc":{"Escrito por":"Telinha","Tempo estimado de leitura":"1 minuto"},"schema":{"@context":"https:\/\/schema.org","@graph":[{"@type":"Article","@id":"https:\/\/portaltela.pt\/noticias\/2026\/01\/12\/luis-marques-mendes-e-conhecido-como-o-veterano\/#article","isPartOf":{"@id":"https:\/\/portaltela.pt\/noticias\/2026\/01\/12\/luis-marques-mendes-e-conhecido-como-o-veterano\/"},"author":{"name":"Telinha","@id":"https:\/\/portaltela.pt\/#\/schema\/person\/c4278d4a6028830caff9ee44b42d32ed"},"headline":"Lu\u00eds Marques Mendes \u00e9 conhecido como &#8216;O veterano&#8217;","datePublished":"2026-01-12T17:41:00+00:00","mainEntityOfPage":{"@id":"https:\/\/portaltela.pt\/noticias\/2026\/01\/12\/luis-marques-mendes-e-conhecido-como-o-veterano\/"},"wordCount":251,"image":{"@id":"https:\/\/portaltela.pt\/noticias\/2026\/01\/12\/luis-marques-mendes-e-conhecido-como-o-veterano\/#primaryimage"},"thumbnailUrl":"https:\/\/portaltela.pt\/s.01k8rhncp4jt1\/2026\/01\/perfil-youtube-luis-marques-mendes.jpg","keywords":["Dirigentes","elei\u00e7\u00f5es","governo","partidos","pol\u00edtica","PSD\/CDS"],"articleSection":["Not\u00edcias","Pol\u00edtica"],"inLanguage":"pt-PT"},{"@type":"WebPage","@id":"https:\/\/portaltela.pt\/noticias\/2026\/01\/12\/luis-marques-mendes-e-conhecido-como-o-veterano\/","url":"https:\/\/portaltela.pt\/noticias\/2026\/01\/12\/luis-marques-mendes-e-conhecido-como-o-veterano\/","name":"Lu\u00eds Marques Mendes \u00e9 conhecido como 'O veterano' - Portal Tela Portugal","isPartOf":{"@id":"https:\/\/portaltela.pt\/#website"},"primaryImageOfPage":{"@id":"https:\/\/portaltela.pt\/noticias\/2026\/01\/12\/luis-marques-mendes-e-conhecido-como-o-veterano\/#primaryimage"},"image":{"@id":"https:\/\/portaltela.pt\/noticias\/2026\/01\/12\/luis-marques-mendes-e-conhecido-como-o-veterano\/#primaryimage"},"thumbnailUrl":"https:\/\/portaltela.pt\/s.01k8rhncp4jt1\/2026\/01\/perfil-youtube-luis-marques-mendes.jpg","datePublished":"2026-01-12T17:41:00+00:00","author":{"@id":"https:\/\/portaltela.pt\/#\/schema\/person\/c4278d4a6028830caff9ee44b42d32ed"},"breadcrumb":{"@id":"https:\/\/portaltela.pt\/noticias\/2026\/01\/12\/luis-marques-mendes-e-conhecido-como-o-veterano\/#breadcrumb"},"inLanguage":"pt-PT","potentialAction":[{"@type":"ReadAction","target":["https:\/\/portaltela.pt\/noticias\/2026\/01\/12\/luis-marques-mendes-e-conhecido-como-o-veterano\/"]}]},{"@type":"ImageObject","inLanguage":"pt-PT","@id":"https:\/\/portaltela.pt\/noticias\/2026\/01\/12\/luis-marques-mendes-e-conhecido-como-o-veterano\/#primaryimage","url":"https:\/\/portaltela.pt\/s.01k8rhncp4jt1\/2026\/01\/perfil-youtube-luis-marques-mendes.jpg","contentUrl":"https:\/\/portaltela.pt\/s.01k8rhncp4jt1\/2026\/01\/perfil-youtube-luis-marques-mendes.jpg","width":796,"height":448,"caption":"Photo"},{"@type":"BreadcrumbList","@id":"https:\/\/portaltela.pt\/noticias\/2026\/01\/12\/luis-marques-mendes-e-conhecido-como-o-veterano\/#breadcrumb","itemListElement":[{"@type":"ListItem","position":1,"name":"In\u00edcio","item":"https:\/\/portaltela.pt\/"},{"@type":"ListItem","position":2,"name":"Lu\u00eds Marques Mendes \u00e9 conhecido como &#8216;O veterano&#8217;"}]},{"@type":"WebSite","@id":"https:\/\/portaltela.pt\/#website","url":"https:\/\/portaltela.pt\/","name":"Portal Tela Portugal","description":"","potentialAction":[{"@type":"SearchAction","target":{"@type":"EntryPoint","urlTemplate":"https:\/\/portaltela.pt\/?s={search_term_string}"},"query-input":{"@type":"PropertyValueSpecification","valueRequired":true,"valueName":"search_term_string"}}],"inLanguage":"pt-PT"},{"@type":"Person","@id":"https:\/\/portaltela.pt\/#\/schema\/person\/c4278d4a6028830caff9ee44b42d32ed","name":"Telinha","image":{"@type":"ImageObject","inLanguage":"pt-PT","@id":"https:\/\/portaltela.pt\/s.01k8rhncp4jt1\/2025\/11\/talking-bot-125x125.png","url":"https:\/\/portaltela.pt\/s.01k8rhncp4jt1\/2025\/11\/talking-bot-125x125.png","contentUrl":"https:\/\/portaltela.pt\/s.01k8rhncp4jt1\/2025\/11\/talking-bot-125x125.png","caption":"Telinha"},"sameAs":["https:\/\/portaltela.pt\/"],"url":"https:\/\/portaltela.pt\/por\/367410592786\/"}]}},"_links":{"self":[{"href":"https:\/\/portaltela.pt\/api\/wp\/v2\/posts\/136157","targetHints":{"allow":["GET"]}}],"collection":[{"href":"https:\/\/portaltela.pt\/api\/wp\/v2\/posts"}],"about":[{"href":"https:\/\/portaltela.pt\/api\/wp\/v2\/types\/post"}],"author":[{"embeddable":true,"href":"https:\/\/portaltela.pt\/api\/wp\/v2\/users\/2"}],"replies":[{"embeddable":true,"href":"https:\/\/portaltela.pt\/api\/wp\/v2\/comments?post=136157"}],"version-history":[{"count":0,"href":"https:\/\/portaltela.pt\/api\/wp\/v2\/posts\/136157\/revisions"}],"wp:featuredmedia":[{"embeddable":true,"href":"https:\/\/portaltela.pt\/api\/wp\/v2\/media\/136158"}],"wp:attachment":[{"href":"https:\/\/portaltela.pt\/api\/wp\/v2\/media?parent=136157"}],"wp:term":[{"taxonomy":"category","embeddable":true,"href":"https:\/\/portaltela.pt\/api\/wp\/v2\/categories?post=136157"},{"taxonomy":"post_tag","embeddable":true,"href":"https:\/\/portaltela.pt\/api\/wp\/v2\/tags?post=136157"}],"curies":[{"name":"wp","href":"https:\/\/api.w.org\/{rel}","templated":true}]}}