{"id":136139,"date":"2026-01-12T14:22:45","date_gmt":"2026-01-12T17:22:45","guid":{"rendered":"https:\/\/portaltela.pt\/noticias\/2026\/01\/12\/lula-exalta-vitorias-de-wagner-moura-e-d-o-agente-secreto\/"},"modified":"2026-01-12T14:22:45","modified_gmt":"2026-01-12T17:22:45","slug":"lula-exalta-vitorias-de-wagner-moura-e-d-o-agente-secreto","status":"publish","type":"post","link":"https:\/\/portaltela.pt\/noticias\/2026\/01\/12\/lula-exalta-vitorias-de-wagner-moura-e-d-o-agente-secreto\/","title":{"rendered":"Lula exalta vit\u00f3rias de Wagner Moura e d&#8217;O Agente Secreto"},"content":{"rendered":"<p>O presidente brasileiro Lula da Silva destacou as vit\u00f3rias do filme O Agente Secreto e do ator Wagner Moura nos Globos de Ouro. O an\u00fancio, feito nas redes sociais, contou que o filme recebeu Melhor Filme em L\u00edngua N\u00e3o Inglesa e Moura venceu como Melhor Ator de Drama.<\/p>\n<p>Lula ressaltou que a dupla conquista \u00e9 hist\u00f3rica para o cinema brasileiro e refor\u00e7ou que O Agente Secreto n\u00e3o deixa de lembrar a viol\u00eancia da ditadura e a resist\u00eancia do povo. O presidente citou ainda a equipe criativa do filme, liderada pelo diretor Kleber Mendon\u00e7a Filho.<\/p>\n<p>Segundo o chefe de Estado, a obra representa um marco do cinema nacional e reconhece o talento de artistas nordestinos. Moura, por sua vez, mencionou em discurso a import\u00e2ncia de valores e da mem\u00f3ria geracional, dedicando o pr\u00eamio a cineastas jovens.<\/p>\n<h3>Rea\u00e7\u00e3o e marco hist\u00f3rico<\/h3>\n<p>Fernanda Torres, atriz premiada no passado, tamb\u00e9m celebrou as vit\u00f3rias do cinema brasileiro nas redes sociais, destacando o peso da finaliza\u00e7\u00e3o em territ\u00f3rio nacional. A\ufb01rma-se que esta \u00e9 a primeira vez que o Brasil leva dois Globos de Ouro na mesma edi\u00e7\u00e3o.<\/p>\n<p>A cerim\u00f4nia de Globos de Ouro deste ano marcou uma vit\u00f3ria dupla para o Brasil, com Moura recebendo o trof\u00e9u de Melhor Ator e O Agente Secreto sendo consagrado como Melhor Filme em L\u00edngua N\u00e3o Inglesa. Moura encerrou o discurso em portugu\u00eas para o p\u00fablico do Brasil.<\/p>\n","protected":false},"excerpt":{"rendered":"<ul>\n<li>O presidente Lula da Silva elogiou as vit\u00f3rias de Wagner Moura e do filme O Agente Secreto nos Globos de Ouro, destacando a import\u00e2ncia do filme para n\u00e3o esquecer a viol\u00eancia da ditadura.<\/li>\n<li>O Agente Secreto ganhou Melhor Filme de L\u00edngua N\u00e3o Inglesa e Wagner Moura foi reconhecido como Melhor Ator de Drama, marcando a primeira vez que o Brasil leva dois galard\u00f5es numa mesma edi\u00e7\u00e3o dos Globos de Ouro.<\/li>\n<li>Lula disse que a dupla vit\u00f3ria representa o talento dos artistas brasileiros e o reconhecimento internacional do cinema nacional.<\/li>\n<li>Moura agradeceu dedicando o pr\u00e9mio aos cineastas jovens e real\u00e7ou que o filme aborda mem\u00f3ria, trauma geracional e valores que podem ser defendidos em tempos dif\u00edceis.<\/li>\n<li>Fernanda Torres reagiu nas redes sociais, elogiando mais uma vit\u00f3ria do cinema brasileiro e referindo-se a Wagner Moura e Kleber Mendon\u00e7a Filho como representantes do Nordeste.<\/li>\n<\/ul>\n","protected":false},"author":2,"featured_media":136140,"comment_status":"closed","ping_status":"closed","sticky":false,"template":"","format":"standard","meta":{"footnotes":""},"categories":[12,1],"tags":[2547,112,145,113,2908],"class_list":["post-136139","post","type-post","status-publish","format-standard","has-post-thumbnail","hentry","category-entretenimento","category-noticias","tag-brasil","tag-cinema","tag-cultura","tag-filmes-e-series","tag-wagner-moura"],"yoast_head":"<!-- This site is optimized with the Yoast SEO plugin v27.2 - https:\/\/yoast.com\/product\/yoast-seo-wordpress\/ -->\n<title>Lula exalta vit\u00f3rias de Wagner Moura e d&#039;O Agente Secreto - Portal Tela Portugal<\/title>\n<meta name=\"robots\" content=\"index, follow, max-snippet:-1, max-image-preview:large, max-video-preview:-1\" \/>\n<meta property=\"og:locale\" content=\"pt_PT\" \/>\n<meta property=\"og:type\" content=\"article\" \/>\n<meta property=\"og:title\" content=\"Lula exalta vit\u00f3rias de Wagner Moura e d&#039;O Agente Secreto - Portal Tela Portugal\" \/>\n<meta property=\"og:description\" content=\"O presidente Lula da Silva elogiou as vit\u00f3rias de Wagner Moura e do filme O Agente Secreto nos Globos de Ouro, destacando a import\u00e2ncia do filme para n\u00e3o esquecer a viol\u00eancia da ditadura. O Agente Secreto ganhou Melhor Filme de L\u00edngua N\u00e3o Inglesa e Wagner Moura foi reconhecido como Melhor Ator de Drama, marcando a primeira vez que o Brasil leva dois galard\u00f5es numa mesma edi\u00e7\u00e3o dos Globos de Ouro. Lula disse que a dupla vit\u00f3ria representa o talento dos artistas brasileiros e o reconhecimento internacional do cinema nacional. Moura agradeceu dedicando o pr\u00e9mio aos cineastas jovens e real\u00e7ou que o filme aborda mem\u00f3ria, trauma geracional e valores que podem ser defendidos em tempos dif\u00edceis. Fernanda Torres reagiu nas redes sociais, elogiando mais uma vit\u00f3ria do cinema brasileiro e referindo-se a Wagner Moura e Kleber Mendon\u00e7a Filho como representantes do Nordeste.\" \/>\n<meta property=\"og:url\" content=\"https:\/\/portaltela.pt\/noticias\/2026\/01\/12\/lula-exalta-vitorias-de-wagner-moura-e-d-o-agente-secreto\/\" \/>\n<meta property=\"og:site_name\" content=\"Portal Tela Portugal\" \/>\n<meta property=\"article:published_time\" content=\"2026-01-12T17:22:45+00:00\" \/>\n<meta name=\"author\" content=\"Telinha\" \/>\n<meta name=\"twitter:card\" content=\"summary_large_image\" \/>\n<meta name=\"twitter:label1\" content=\"Escrito por\" \/>\n\t<meta name=\"twitter:data1\" content=\"Telinha\" \/>\n\t<meta name=\"twitter:label2\" content=\"Tempo estimado de leitura\" \/>\n\t<meta name=\"twitter:data2\" content=\"1 minuto\" \/>\n<script type=\"application\/ld+json\" class=\"yoast-schema-graph\">{\"@context\":\"https:\/\/schema.org\",\"@graph\":[{\"@type\":\"Article\",\"@id\":\"https:\/\/portaltela.pt\/noticias\/2026\/01\/12\/lula-exalta-vitorias-de-wagner-moura-e-d-o-agente-secreto\/#article\",\"isPartOf\":{\"@id\":\"https:\/\/portaltela.pt\/noticias\/2026\/01\/12\/lula-exalta-vitorias-de-wagner-moura-e-d-o-agente-secreto\/\"},\"author\":{\"name\":\"Telinha\",\"@id\":\"https:\/\/portaltela.pt\/#\/schema\/person\/c4278d4a6028830caff9ee44b42d32ed\"},\"headline\":\"Lula exalta vit\u00f3rias de Wagner Moura e d&#8217;O Agente Secreto\",\"datePublished\":\"2026-01-12T17:22:45+00:00\",\"mainEntityOfPage\":{\"@id\":\"https:\/\/portaltela.pt\/noticias\/2026\/01\/12\/lula-exalta-vitorias-de-wagner-moura-e-d-o-agente-secreto\/\"},\"wordCount\":266,\"image\":{\"@id\":\"https:\/\/portaltela.pt\/noticias\/2026\/01\/12\/lula-exalta-vitorias-de-wagner-moura-e-d-o-agente-secreto\/#primaryimage\"},\"thumbnailUrl\":\"https:\/\/portaltela.pt\/s.01k8rhncp4jt1\/2026\/01\/lula-agente-secreto.jpg\",\"keywords\":[\"Brasil\",\"cinema\",\"cultura\",\"filmes e s\u00e9ries\",\"Wagner Moura\"],\"articleSection\":[\"Entretenimento\",\"Not\u00edcias\"],\"inLanguage\":\"pt-PT\"},{\"@type\":\"WebPage\",\"@id\":\"https:\/\/portaltela.pt\/noticias\/2026\/01\/12\/lula-exalta-vitorias-de-wagner-moura-e-d-o-agente-secreto\/\",\"url\":\"https:\/\/portaltela.pt\/noticias\/2026\/01\/12\/lula-exalta-vitorias-de-wagner-moura-e-d-o-agente-secreto\/\",\"name\":\"Lula exalta vit\u00f3rias de Wagner Moura e d'O Agente Secreto - Portal Tela Portugal\",\"isPartOf\":{\"@id\":\"https:\/\/portaltela.pt\/#website\"},\"primaryImageOfPage\":{\"@id\":\"https:\/\/portaltela.pt\/noticias\/2026\/01\/12\/lula-exalta-vitorias-de-wagner-moura-e-d-o-agente-secreto\/#primaryimage\"},\"image\":{\"@id\":\"https:\/\/portaltela.pt\/noticias\/2026\/01\/12\/lula-exalta-vitorias-de-wagner-moura-e-d-o-agente-secreto\/#primaryimage\"},\"thumbnailUrl\":\"https:\/\/portaltela.pt\/s.01k8rhncp4jt1\/2026\/01\/lula-agente-secreto.jpg\",\"datePublished\":\"2026-01-12T17:22:45+00:00\",\"author\":{\"@id\":\"https:\/\/portaltela.pt\/#\/schema\/person\/c4278d4a6028830caff9ee44b42d32ed\"},\"breadcrumb\":{\"@id\":\"https:\/\/portaltela.pt\/noticias\/2026\/01\/12\/lula-exalta-vitorias-de-wagner-moura-e-d-o-agente-secreto\/#breadcrumb\"},\"inLanguage\":\"pt-PT\",\"potentialAction\":[{\"@type\":\"ReadAction\",\"target\":[\"https:\/\/portaltela.pt\/noticias\/2026\/01\/12\/lula-exalta-vitorias-de-wagner-moura-e-d-o-agente-secreto\/\"]}]},{\"@type\":\"ImageObject\",\"inLanguage\":\"pt-PT\",\"@id\":\"https:\/\/portaltela.pt\/noticias\/2026\/01\/12\/lula-exalta-vitorias-de-wagner-moura-e-d-o-agente-secreto\/#primaryimage\",\"url\":\"https:\/\/portaltela.pt\/s.01k8rhncp4jt1\/2026\/01\/lula-agente-secreto.jpg\",\"contentUrl\":\"https:\/\/portaltela.pt\/s.01k8rhncp4jt1\/2026\/01\/lula-agente-secreto.jpg\",\"width\":796,\"height\":448,\"caption\":\"A primeira-dama Janja da Silva, o ator Wagner Moura, o Presidente do Brasil Lula da Silva e o realizador Kleber Mendon\u00e7a Filho\"},{\"@type\":\"BreadcrumbList\",\"@id\":\"https:\/\/portaltela.pt\/noticias\/2026\/01\/12\/lula-exalta-vitorias-de-wagner-moura-e-d-o-agente-secreto\/#breadcrumb\",\"itemListElement\":[{\"@type\":\"ListItem\",\"position\":1,\"name\":\"In\u00edcio\",\"item\":\"https:\/\/portaltela.pt\/\"},{\"@type\":\"ListItem\",\"position\":2,\"name\":\"Lula exalta vit\u00f3rias de Wagner Moura e d&#8217;O Agente Secreto\"}]},{\"@type\":\"WebSite\",\"@id\":\"https:\/\/portaltela.pt\/#website\",\"url\":\"https:\/\/portaltela.pt\/\",\"name\":\"Portal Tela Portugal\",\"description\":\"\",\"potentialAction\":[{\"@type\":\"SearchAction\",\"target\":{\"@type\":\"EntryPoint\",\"urlTemplate\":\"https:\/\/portaltela.pt\/?s={search_term_string}\"},\"query-input\":{\"@type\":\"PropertyValueSpecification\",\"valueRequired\":true,\"valueName\":\"search_term_string\"}}],\"inLanguage\":\"pt-PT\"},{\"@type\":\"Person\",\"@id\":\"https:\/\/portaltela.pt\/#\/schema\/person\/c4278d4a6028830caff9ee44b42d32ed\",\"name\":\"Telinha\",\"image\":{\"@type\":\"ImageObject\",\"inLanguage\":\"pt-PT\",\"@id\":\"https:\/\/portaltela.pt\/s.01k8rhncp4jt1\/2025\/11\/talking-bot-125x125.png\",\"url\":\"https:\/\/portaltela.pt\/s.01k8rhncp4jt1\/2025\/11\/talking-bot-125x125.png\",\"contentUrl\":\"https:\/\/portaltela.pt\/s.01k8rhncp4jt1\/2025\/11\/talking-bot-125x125.png\",\"caption\":\"Telinha\"},\"sameAs\":[\"https:\/\/portaltela.pt\/\"],\"url\":\"https:\/\/portaltela.pt\/por\/367410592786\/\"}]}<\/script>\n<!-- \/ Yoast SEO plugin. -->","yoast_head_json":{"title":"Lula exalta vit\u00f3rias de Wagner Moura e d'O Agente Secreto - Portal Tela Portugal","robots":{"index":"index","follow":"follow","max-snippet":"max-snippet:-1","max-image-preview":"max-image-preview:large","max-video-preview":"max-video-preview:-1"},"og_locale":"pt_PT","og_type":"article","og_title":"Lula exalta vit\u00f3rias de Wagner Moura e d'O Agente Secreto - Portal Tela Portugal","og_description":"O presidente Lula da Silva elogiou as vit\u00f3rias de Wagner Moura e do filme O Agente Secreto nos Globos de Ouro, destacando a import\u00e2ncia do filme para n\u00e3o esquecer a viol\u00eancia da ditadura. O Agente Secreto ganhou Melhor Filme de L\u00edngua N\u00e3o Inglesa e Wagner Moura foi reconhecido como Melhor Ator de Drama, marcando a primeira vez que o Brasil leva dois galard\u00f5es numa mesma edi\u00e7\u00e3o dos Globos de Ouro. Lula disse que a dupla vit\u00f3ria representa o talento dos artistas brasileiros e o reconhecimento internacional do cinema nacional. Moura agradeceu dedicando o pr\u00e9mio aos cineastas jovens e real\u00e7ou que o filme aborda mem\u00f3ria, trauma geracional e valores que podem ser defendidos em tempos dif\u00edceis. Fernanda Torres reagiu nas redes sociais, elogiando mais uma vit\u00f3ria do cinema brasileiro e referindo-se a Wagner Moura e Kleber Mendon\u00e7a Filho como representantes do Nordeste.","og_url":"https:\/\/portaltela.pt\/noticias\/2026\/01\/12\/lula-exalta-vitorias-de-wagner-moura-e-d-o-agente-secreto\/","og_site_name":"Portal Tela Portugal","article_published_time":"2026-01-12T17:22:45+00:00","author":"Telinha","twitter_card":"summary_large_image","twitter_misc":{"Escrito por":"Telinha","Tempo estimado de leitura":"1 minuto"},"schema":{"@context":"https:\/\/schema.org","@graph":[{"@type":"Article","@id":"https:\/\/portaltela.pt\/noticias\/2026\/01\/12\/lula-exalta-vitorias-de-wagner-moura-e-d-o-agente-secreto\/#article","isPartOf":{"@id":"https:\/\/portaltela.pt\/noticias\/2026\/01\/12\/lula-exalta-vitorias-de-wagner-moura-e-d-o-agente-secreto\/"},"author":{"name":"Telinha","@id":"https:\/\/portaltela.pt\/#\/schema\/person\/c4278d4a6028830caff9ee44b42d32ed"},"headline":"Lula exalta vit\u00f3rias de Wagner Moura e d&#8217;O Agente Secreto","datePublished":"2026-01-12T17:22:45+00:00","mainEntityOfPage":{"@id":"https:\/\/portaltela.pt\/noticias\/2026\/01\/12\/lula-exalta-vitorias-de-wagner-moura-e-d-o-agente-secreto\/"},"wordCount":266,"image":{"@id":"https:\/\/portaltela.pt\/noticias\/2026\/01\/12\/lula-exalta-vitorias-de-wagner-moura-e-d-o-agente-secreto\/#primaryimage"},"thumbnailUrl":"https:\/\/portaltela.pt\/s.01k8rhncp4jt1\/2026\/01\/lula-agente-secreto.jpg","keywords":["Brasil","cinema","cultura","filmes e s\u00e9ries","Wagner Moura"],"articleSection":["Entretenimento","Not\u00edcias"],"inLanguage":"pt-PT"},{"@type":"WebPage","@id":"https:\/\/portaltela.pt\/noticias\/2026\/01\/12\/lula-exalta-vitorias-de-wagner-moura-e-d-o-agente-secreto\/","url":"https:\/\/portaltela.pt\/noticias\/2026\/01\/12\/lula-exalta-vitorias-de-wagner-moura-e-d-o-agente-secreto\/","name":"Lula exalta vit\u00f3rias de Wagner Moura e d'O Agente Secreto - Portal Tela Portugal","isPartOf":{"@id":"https:\/\/portaltela.pt\/#website"},"primaryImageOfPage":{"@id":"https:\/\/portaltela.pt\/noticias\/2026\/01\/12\/lula-exalta-vitorias-de-wagner-moura-e-d-o-agente-secreto\/#primaryimage"},"image":{"@id":"https:\/\/portaltela.pt\/noticias\/2026\/01\/12\/lula-exalta-vitorias-de-wagner-moura-e-d-o-agente-secreto\/#primaryimage"},"thumbnailUrl":"https:\/\/portaltela.pt\/s.01k8rhncp4jt1\/2026\/01\/lula-agente-secreto.jpg","datePublished":"2026-01-12T17:22:45+00:00","author":{"@id":"https:\/\/portaltela.pt\/#\/schema\/person\/c4278d4a6028830caff9ee44b42d32ed"},"breadcrumb":{"@id":"https:\/\/portaltela.pt\/noticias\/2026\/01\/12\/lula-exalta-vitorias-de-wagner-moura-e-d-o-agente-secreto\/#breadcrumb"},"inLanguage":"pt-PT","potentialAction":[{"@type":"ReadAction","target":["https:\/\/portaltela.pt\/noticias\/2026\/01\/12\/lula-exalta-vitorias-de-wagner-moura-e-d-o-agente-secreto\/"]}]},{"@type":"ImageObject","inLanguage":"pt-PT","@id":"https:\/\/portaltela.pt\/noticias\/2026\/01\/12\/lula-exalta-vitorias-de-wagner-moura-e-d-o-agente-secreto\/#primaryimage","url":"https:\/\/portaltela.pt\/s.01k8rhncp4jt1\/2026\/01\/lula-agente-secreto.jpg","contentUrl":"https:\/\/portaltela.pt\/s.01k8rhncp4jt1\/2026\/01\/lula-agente-secreto.jpg","width":796,"height":448,"caption":"A primeira-dama Janja da Silva, o ator Wagner Moura, o Presidente do Brasil Lula da Silva e o realizador Kleber Mendon\u00e7a Filho"},{"@type":"BreadcrumbList","@id":"https:\/\/portaltela.pt\/noticias\/2026\/01\/12\/lula-exalta-vitorias-de-wagner-moura-e-d-o-agente-secreto\/#breadcrumb","itemListElement":[{"@type":"ListItem","position":1,"name":"In\u00edcio","item":"https:\/\/portaltela.pt\/"},{"@type":"ListItem","position":2,"name":"Lula exalta vit\u00f3rias de Wagner Moura e d&#8217;O Agente Secreto"}]},{"@type":"WebSite","@id":"https:\/\/portaltela.pt\/#website","url":"https:\/\/portaltela.pt\/","name":"Portal Tela Portugal","description":"","potentialAction":[{"@type":"SearchAction","target":{"@type":"EntryPoint","urlTemplate":"https:\/\/portaltela.pt\/?s={search_term_string}"},"query-input":{"@type":"PropertyValueSpecification","valueRequired":true,"valueName":"search_term_string"}}],"inLanguage":"pt-PT"},{"@type":"Person","@id":"https:\/\/portaltela.pt\/#\/schema\/person\/c4278d4a6028830caff9ee44b42d32ed","name":"Telinha","image":{"@type":"ImageObject","inLanguage":"pt-PT","@id":"https:\/\/portaltela.pt\/s.01k8rhncp4jt1\/2025\/11\/talking-bot-125x125.png","url":"https:\/\/portaltela.pt\/s.01k8rhncp4jt1\/2025\/11\/talking-bot-125x125.png","contentUrl":"https:\/\/portaltela.pt\/s.01k8rhncp4jt1\/2025\/11\/talking-bot-125x125.png","caption":"Telinha"},"sameAs":["https:\/\/portaltela.pt\/"],"url":"https:\/\/portaltela.pt\/por\/367410592786\/"}]}},"_links":{"self":[{"href":"https:\/\/portaltela.pt\/api\/wp\/v2\/posts\/136139","targetHints":{"allow":["GET"]}}],"collection":[{"href":"https:\/\/portaltela.pt\/api\/wp\/v2\/posts"}],"about":[{"href":"https:\/\/portaltela.pt\/api\/wp\/v2\/types\/post"}],"author":[{"embeddable":true,"href":"https:\/\/portaltela.pt\/api\/wp\/v2\/users\/2"}],"replies":[{"embeddable":true,"href":"https:\/\/portaltela.pt\/api\/wp\/v2\/comments?post=136139"}],"version-history":[{"count":0,"href":"https:\/\/portaltela.pt\/api\/wp\/v2\/posts\/136139\/revisions"}],"wp:featuredmedia":[{"embeddable":true,"href":"https:\/\/portaltela.pt\/api\/wp\/v2\/media\/136140"}],"wp:attachment":[{"href":"https:\/\/portaltela.pt\/api\/wp\/v2\/media?parent=136139"}],"wp:term":[{"taxonomy":"category","embeddable":true,"href":"https:\/\/portaltela.pt\/api\/wp\/v2\/categories?post=136139"},{"taxonomy":"post_tag","embeddable":true,"href":"https:\/\/portaltela.pt\/api\/wp\/v2\/tags?post=136139"}],"curies":[{"name":"wp","href":"https:\/\/api.w.org\/{rel}","templated":true}]}}