{"id":136119,"date":"2026-01-12T14:25:59","date_gmt":"2026-01-12T17:25:59","guid":{"rendered":"https:\/\/portaltela.pt\/noticias\/2026\/01\/12\/jornadas-de-saude-comunitaria-e-familiar-na-guarda-a-16-e-17-de-janeiro\/"},"modified":"2026-01-12T14:25:59","modified_gmt":"2026-01-12T17:25:59","slug":"jornadas-de-saude-comunitaria-e-familiar-na-guarda-a-16-e-17-de-janeiro","status":"publish","type":"post","link":"https:\/\/portaltela.pt\/noticias\/2026\/01\/12\/jornadas-de-saude-comunitaria-e-familiar-na-guarda-a-16-e-17-de-janeiro\/","title":{"rendered":"Jornadas de Sa\u00fade Comunit\u00e1ria e Familiar na Guarda a 16 e 17 de janeiro"},"content":{"rendered":"<p>As Jornadas Internacionais de Sa\u00fade Comunit\u00e1ria e Familiar v\u00e3o decorrer na cidade da Guarda nos dias 16 e 17 de janeiro, promovidas pelo Instituto Polit\u00e9cnico da Guarda (IPG). O evento re\u00fane enfermeiros, investigadores, docentes e estudantes para debater os desafios atuais da sa\u00fade comunit\u00e1ria e familiar.<\/p>\n<p>O encontro foca temas como o envelhecimento da popula\u00e7\u00e3o, o aumento da multimorbilidade, as desigualdades em sa\u00fade e a necessidade de refor\u00e7ar a literacia em sa\u00fade. O objetivo \u00e9 promover respostas integradas que promovam o cuidado centrado nas pessoas, fam\u00edlias e comunidades.<\/p>\n<p>In\u00eas Fonseca, professora do IPG e coordenadora do Mestrado em Enfermagem Comunit\u00e1ria, v\u00ea nas Jornadas uma oportunidade de combinar perspetivas e pr\u00e1ticas para solu\u00e7\u00f5es mais eficazes, humanas e sustent\u00e1veis. O IPG pretende ainda refor\u00e7ar a forma\u00e7\u00e3o de profissionais qualificados.<\/p>\n<h3>Programa e atividades do evento<\/h3>\n<p>No primeiro dia, o tema central \u00e9 Enfermagem Comunit\u00e1ria Baseada na Evid\u00eancia, com apresenta\u00e7\u00e3o de p\u00f3steres e comunica\u00e7\u00f5es orais de participantes nacionais e internacionais.<\/p>\n<p>No segundo dia, destaca-se a confer\u00eancia Ontologias em Enfermagem Comunit\u00e1ria, promovida pela Ordem dos Enfermeiros, seguida de uma mesa-redonda sobre Cuidar em Contextos de Fragilidade.<\/p>\n<p>O programa inclui ainda a confer\u00eancia Construindo Pontes entre a Enfermagem e a Terapia Familiar, bem como duas tert\u00falias sobre a evolu\u00e7\u00e3o da enfermagem comunit\u00e1ria e da sa\u00fade familiar.<\/p>\n<h3>Inscri\u00e7\u00f5es e informa\u00e7\u00e3o adicional<\/h3>\n<p>O formul\u00e1rio de inscri\u00e7\u00e3o e o programa est\u00e3o dispon\u00edveis no site do IPG. A organiza\u00e7\u00e3o \u00e9 promovida pelo IPG, com participa\u00e7\u00e3o de v\u00e1rias sociedades profissionais de enfermagem e de terapia familiar.<\/p>\n","protected":false},"excerpt":{"rendered":"<ul>\n<li>As Primeiras Jornadas Internacionais de Sa\u00fade Comunit\u00e1ria e Familiar realizam-se na Guarda, nos dias 16 e 17 de janeiro, promovidas pelo Instituto Polit\u00e9cnico da Guarda (IPG).<\/li>\n<li>Reunem enfermeiros, investigadores, docentes e estudantes para discutir os principais desafios da sa\u00fade comunit\u00e1ria e familiar.<\/li>\n<li>Ser\u00e3o abordados temas como envelhecimento da popula\u00e7\u00e3o, aumento da multimorbidade, desigualdades em sa\u00fade e necessidade de refor\u00e7ar a literacia em sa\u00fade, com respostas cada vez mais integradas e centradas nas pessoas, fam\u00edlias e comunidades.<\/li>\n<li>Contam com a participa\u00e7\u00e3o da Sociedade Portuguesa de Enfermagem de Sa\u00fade Familiar, da Sociedade Portuguesa de Terapia Familiar e da Ordem dos Enfermeiros, privilegiando um di\u00e1logo multidisciplinar.<\/li>\n<li>O programa inclui apresenta\u00e7\u00f5es de p\u00f3steres e comunica\u00e7\u00f5es, confer\u00eancias e mesas-redondas sobre enfermagem baseada na evid\u00eancia, cuidados em contextos de fragilidade e a rela\u00e7\u00e3o entre enfermagem e terapia familiar.<\/li>\n<\/ul>\n","protected":false},"author":2,"featured_media":136132,"comment_status":"closed","ping_status":"closed","sticky":false,"template":"","format":"standard","meta":{"footnotes":""},"categories":[1],"tags":[903,2662,1113,972,172,2932],"class_list":["post-136119","post","type-post","status-publish","format-standard","has-post-thumbnail","hentry","category-noticias","tag-comunidades","tag-enfermagem","tag-guarda","tag-literacia-em-saude","tag-saude","tag-terapia-familiar"],"yoast_head":"<!-- This site is optimized with the Yoast SEO plugin v27.2 - https:\/\/yoast.com\/product\/yoast-seo-wordpress\/ -->\n<title>Jornadas de Sa\u00fade Comunit\u00e1ria e Familiar na Guarda a 16 e 17 de janeiro - Portal Tela Portugal<\/title>\n<meta name=\"robots\" content=\"index, follow, max-snippet:-1, max-image-preview:large, max-video-preview:-1\" \/>\n<meta property=\"og:locale\" content=\"pt_PT\" \/>\n<meta property=\"og:type\" content=\"article\" \/>\n<meta property=\"og:title\" content=\"Jornadas de Sa\u00fade Comunit\u00e1ria e Familiar na Guarda a 16 e 17 de janeiro - Portal Tela Portugal\" \/>\n<meta property=\"og:description\" content=\"As Primeiras Jornadas Internacionais de Sa\u00fade Comunit\u00e1ria e Familiar realizam-se na Guarda, nos dias 16 e 17 de janeiro, promovidas pelo Instituto Polit\u00e9cnico da Guarda (IPG). Reunem enfermeiros, investigadores, docentes e estudantes para discutir os principais desafios da sa\u00fade comunit\u00e1ria e familiar. Ser\u00e3o abordados temas como envelhecimento da popula\u00e7\u00e3o, aumento da multimorbidade, desigualdades em sa\u00fade e necessidade de refor\u00e7ar a literacia em sa\u00fade, com respostas cada vez mais integradas e centradas nas pessoas, fam\u00edlias e comunidades. Contam com a participa\u00e7\u00e3o da Sociedade Portuguesa de Enfermagem de Sa\u00fade Familiar, da Sociedade Portuguesa de Terapia Familiar e da Ordem dos Enfermeiros, privilegiando um di\u00e1logo multidisciplinar. O programa inclui apresenta\u00e7\u00f5es de p\u00f3steres e comunica\u00e7\u00f5es, confer\u00eancias e mesas-redondas sobre enfermagem baseada na evid\u00eancia, cuidados em contextos de fragilidade e a rela\u00e7\u00e3o entre enfermagem e terapia familiar.\" \/>\n<meta property=\"og:url\" content=\"https:\/\/portaltela.pt\/noticias\/2026\/01\/12\/jornadas-de-saude-comunitaria-e-familiar-na-guarda-a-16-e-17-de-janeiro\/\" \/>\n<meta property=\"og:site_name\" content=\"Portal Tela Portugal\" \/>\n<meta property=\"article:published_time\" content=\"2026-01-12T17:25:59+00:00\" \/>\n<meta name=\"author\" content=\"Telinha\" \/>\n<meta name=\"twitter:card\" content=\"summary_large_image\" \/>\n<meta name=\"twitter:label1\" content=\"Escrito por\" \/>\n\t<meta name=\"twitter:data1\" content=\"Telinha\" \/>\n\t<meta name=\"twitter:label2\" content=\"Tempo estimado de leitura\" \/>\n\t<meta name=\"twitter:data2\" content=\"1 minuto\" \/>\n<script type=\"application\/ld+json\" class=\"yoast-schema-graph\">{\"@context\":\"https:\/\/schema.org\",\"@graph\":[{\"@type\":\"Article\",\"@id\":\"https:\/\/portaltela.pt\/noticias\/2026\/01\/12\/jornadas-de-saude-comunitaria-e-familiar-na-guarda-a-16-e-17-de-janeiro\/#article\",\"isPartOf\":{\"@id\":\"https:\/\/portaltela.pt\/noticias\/2026\/01\/12\/jornadas-de-saude-comunitaria-e-familiar-na-guarda-a-16-e-17-de-janeiro\/\"},\"author\":{\"name\":\"Telinha\",\"@id\":\"https:\/\/portaltela.pt\/#\/schema\/person\/c4278d4a6028830caff9ee44b42d32ed\"},\"headline\":\"Jornadas de Sa\u00fade Comunit\u00e1ria e Familiar na Guarda a 16 e 17 de janeiro\",\"datePublished\":\"2026-01-12T17:25:59+00:00\",\"mainEntityOfPage\":{\"@id\":\"https:\/\/portaltela.pt\/noticias\/2026\/01\/12\/jornadas-de-saude-comunitaria-e-familiar-na-guarda-a-16-e-17-de-janeiro\/\"},\"wordCount\":294,\"image\":{\"@id\":\"https:\/\/portaltela.pt\/noticias\/2026\/01\/12\/jornadas-de-saude-comunitaria-e-familiar-na-guarda-a-16-e-17-de-janeiro\/#primaryimage\"},\"thumbnailUrl\":\"https:\/\/portaltela.pt\/s.01k8rhncp4jt1\/2026\/01\/unnamed-file-2503.jpg\",\"keywords\":[\"comunidades\",\"Enfermagem\",\"Guarda\",\"literacia em sa\u00fade\",\"sa\u00fade\",\"Terapia Familiar\"],\"articleSection\":[\"Not\u00edcias\"],\"inLanguage\":\"pt-PT\"},{\"@type\":\"WebPage\",\"@id\":\"https:\/\/portaltela.pt\/noticias\/2026\/01\/12\/jornadas-de-saude-comunitaria-e-familiar-na-guarda-a-16-e-17-de-janeiro\/\",\"url\":\"https:\/\/portaltela.pt\/noticias\/2026\/01\/12\/jornadas-de-saude-comunitaria-e-familiar-na-guarda-a-16-e-17-de-janeiro\/\",\"name\":\"Jornadas de Sa\u00fade Comunit\u00e1ria e Familiar na Guarda a 16 e 17 de janeiro - Portal Tela Portugal\",\"isPartOf\":{\"@id\":\"https:\/\/portaltela.pt\/#website\"},\"primaryImageOfPage\":{\"@id\":\"https:\/\/portaltela.pt\/noticias\/2026\/01\/12\/jornadas-de-saude-comunitaria-e-familiar-na-guarda-a-16-e-17-de-janeiro\/#primaryimage\"},\"image\":{\"@id\":\"https:\/\/portaltela.pt\/noticias\/2026\/01\/12\/jornadas-de-saude-comunitaria-e-familiar-na-guarda-a-16-e-17-de-janeiro\/#primaryimage\"},\"thumbnailUrl\":\"https:\/\/portaltela.pt\/s.01k8rhncp4jt1\/2026\/01\/unnamed-file-2503.jpg\",\"datePublished\":\"2026-01-12T17:25:59+00:00\",\"author\":{\"@id\":\"https:\/\/portaltela.pt\/#\/schema\/person\/c4278d4a6028830caff9ee44b42d32ed\"},\"breadcrumb\":{\"@id\":\"https:\/\/portaltela.pt\/noticias\/2026\/01\/12\/jornadas-de-saude-comunitaria-e-familiar-na-guarda-a-16-e-17-de-janeiro\/#breadcrumb\"},\"inLanguage\":\"pt-PT\",\"potentialAction\":[{\"@type\":\"ReadAction\",\"target\":[\"https:\/\/portaltela.pt\/noticias\/2026\/01\/12\/jornadas-de-saude-comunitaria-e-familiar-na-guarda-a-16-e-17-de-janeiro\/\"]}]},{\"@type\":\"ImageObject\",\"inLanguage\":\"pt-PT\",\"@id\":\"https:\/\/portaltela.pt\/noticias\/2026\/01\/12\/jornadas-de-saude-comunitaria-e-familiar-na-guarda-a-16-e-17-de-janeiro\/#primaryimage\",\"url\":\"https:\/\/portaltela.pt\/s.01k8rhncp4jt1\/2026\/01\/unnamed-file-2503.jpg\",\"contentUrl\":\"https:\/\/portaltela.pt\/s.01k8rhncp4jt1\/2026\/01\/unnamed-file-2503.jpg\",\"width\":796,\"height\":448,\"caption\":\"Jornadas Internacionais de Sa\u00fade Comunit\u00e1ria e Familiar decorrem na Guarda a 16 e 17 de janeiro\"},{\"@type\":\"BreadcrumbList\",\"@id\":\"https:\/\/portaltela.pt\/noticias\/2026\/01\/12\/jornadas-de-saude-comunitaria-e-familiar-na-guarda-a-16-e-17-de-janeiro\/#breadcrumb\",\"itemListElement\":[{\"@type\":\"ListItem\",\"position\":1,\"name\":\"In\u00edcio\",\"item\":\"https:\/\/portaltela.pt\/\"},{\"@type\":\"ListItem\",\"position\":2,\"name\":\"Jornadas de Sa\u00fade Comunit\u00e1ria e Familiar na Guarda a 16 e 17 de janeiro\"}]},{\"@type\":\"WebSite\",\"@id\":\"https:\/\/portaltela.pt\/#website\",\"url\":\"https:\/\/portaltela.pt\/\",\"name\":\"Portal Tela Portugal\",\"description\":\"\",\"potentialAction\":[{\"@type\":\"SearchAction\",\"target\":{\"@type\":\"EntryPoint\",\"urlTemplate\":\"https:\/\/portaltela.pt\/?s={search_term_string}\"},\"query-input\":{\"@type\":\"PropertyValueSpecification\",\"valueRequired\":true,\"valueName\":\"search_term_string\"}}],\"inLanguage\":\"pt-PT\"},{\"@type\":\"Person\",\"@id\":\"https:\/\/portaltela.pt\/#\/schema\/person\/c4278d4a6028830caff9ee44b42d32ed\",\"name\":\"Telinha\",\"image\":{\"@type\":\"ImageObject\",\"inLanguage\":\"pt-PT\",\"@id\":\"https:\/\/portaltela.pt\/s.01k8rhncp4jt1\/2025\/11\/talking-bot-125x125.png\",\"url\":\"https:\/\/portaltela.pt\/s.01k8rhncp4jt1\/2025\/11\/talking-bot-125x125.png\",\"contentUrl\":\"https:\/\/portaltela.pt\/s.01k8rhncp4jt1\/2025\/11\/talking-bot-125x125.png\",\"caption\":\"Telinha\"},\"sameAs\":[\"https:\/\/portaltela.pt\/\"],\"url\":\"https:\/\/portaltela.pt\/por\/367410592786\/\"}]}<\/script>\n<!-- \/ Yoast SEO plugin. -->","yoast_head_json":{"title":"Jornadas de Sa\u00fade Comunit\u00e1ria e Familiar na Guarda a 16 e 17 de janeiro - Portal Tela Portugal","robots":{"index":"index","follow":"follow","max-snippet":"max-snippet:-1","max-image-preview":"max-image-preview:large","max-video-preview":"max-video-preview:-1"},"og_locale":"pt_PT","og_type":"article","og_title":"Jornadas de Sa\u00fade Comunit\u00e1ria e Familiar na Guarda a 16 e 17 de janeiro - Portal Tela Portugal","og_description":"As Primeiras Jornadas Internacionais de Sa\u00fade Comunit\u00e1ria e Familiar realizam-se na Guarda, nos dias 16 e 17 de janeiro, promovidas pelo Instituto Polit\u00e9cnico da Guarda (IPG). Reunem enfermeiros, investigadores, docentes e estudantes para discutir os principais desafios da sa\u00fade comunit\u00e1ria e familiar. Ser\u00e3o abordados temas como envelhecimento da popula\u00e7\u00e3o, aumento da multimorbidade, desigualdades em sa\u00fade e necessidade de refor\u00e7ar a literacia em sa\u00fade, com respostas cada vez mais integradas e centradas nas pessoas, fam\u00edlias e comunidades. Contam com a participa\u00e7\u00e3o da Sociedade Portuguesa de Enfermagem de Sa\u00fade Familiar, da Sociedade Portuguesa de Terapia Familiar e da Ordem dos Enfermeiros, privilegiando um di\u00e1logo multidisciplinar. O programa inclui apresenta\u00e7\u00f5es de p\u00f3steres e comunica\u00e7\u00f5es, confer\u00eancias e mesas-redondas sobre enfermagem baseada na evid\u00eancia, cuidados em contextos de fragilidade e a rela\u00e7\u00e3o entre enfermagem e terapia familiar.","og_url":"https:\/\/portaltela.pt\/noticias\/2026\/01\/12\/jornadas-de-saude-comunitaria-e-familiar-na-guarda-a-16-e-17-de-janeiro\/","og_site_name":"Portal Tela Portugal","article_published_time":"2026-01-12T17:25:59+00:00","author":"Telinha","twitter_card":"summary_large_image","twitter_misc":{"Escrito por":"Telinha","Tempo estimado de leitura":"1 minuto"},"schema":{"@context":"https:\/\/schema.org","@graph":[{"@type":"Article","@id":"https:\/\/portaltela.pt\/noticias\/2026\/01\/12\/jornadas-de-saude-comunitaria-e-familiar-na-guarda-a-16-e-17-de-janeiro\/#article","isPartOf":{"@id":"https:\/\/portaltela.pt\/noticias\/2026\/01\/12\/jornadas-de-saude-comunitaria-e-familiar-na-guarda-a-16-e-17-de-janeiro\/"},"author":{"name":"Telinha","@id":"https:\/\/portaltela.pt\/#\/schema\/person\/c4278d4a6028830caff9ee44b42d32ed"},"headline":"Jornadas de Sa\u00fade Comunit\u00e1ria e Familiar na Guarda a 16 e 17 de janeiro","datePublished":"2026-01-12T17:25:59+00:00","mainEntityOfPage":{"@id":"https:\/\/portaltela.pt\/noticias\/2026\/01\/12\/jornadas-de-saude-comunitaria-e-familiar-na-guarda-a-16-e-17-de-janeiro\/"},"wordCount":294,"image":{"@id":"https:\/\/portaltela.pt\/noticias\/2026\/01\/12\/jornadas-de-saude-comunitaria-e-familiar-na-guarda-a-16-e-17-de-janeiro\/#primaryimage"},"thumbnailUrl":"https:\/\/portaltela.pt\/s.01k8rhncp4jt1\/2026\/01\/unnamed-file-2503.jpg","keywords":["comunidades","Enfermagem","Guarda","literacia em sa\u00fade","sa\u00fade","Terapia Familiar"],"articleSection":["Not\u00edcias"],"inLanguage":"pt-PT"},{"@type":"WebPage","@id":"https:\/\/portaltela.pt\/noticias\/2026\/01\/12\/jornadas-de-saude-comunitaria-e-familiar-na-guarda-a-16-e-17-de-janeiro\/","url":"https:\/\/portaltela.pt\/noticias\/2026\/01\/12\/jornadas-de-saude-comunitaria-e-familiar-na-guarda-a-16-e-17-de-janeiro\/","name":"Jornadas de Sa\u00fade Comunit\u00e1ria e Familiar na Guarda a 16 e 17 de janeiro - Portal Tela Portugal","isPartOf":{"@id":"https:\/\/portaltela.pt\/#website"},"primaryImageOfPage":{"@id":"https:\/\/portaltela.pt\/noticias\/2026\/01\/12\/jornadas-de-saude-comunitaria-e-familiar-na-guarda-a-16-e-17-de-janeiro\/#primaryimage"},"image":{"@id":"https:\/\/portaltela.pt\/noticias\/2026\/01\/12\/jornadas-de-saude-comunitaria-e-familiar-na-guarda-a-16-e-17-de-janeiro\/#primaryimage"},"thumbnailUrl":"https:\/\/portaltela.pt\/s.01k8rhncp4jt1\/2026\/01\/unnamed-file-2503.jpg","datePublished":"2026-01-12T17:25:59+00:00","author":{"@id":"https:\/\/portaltela.pt\/#\/schema\/person\/c4278d4a6028830caff9ee44b42d32ed"},"breadcrumb":{"@id":"https:\/\/portaltela.pt\/noticias\/2026\/01\/12\/jornadas-de-saude-comunitaria-e-familiar-na-guarda-a-16-e-17-de-janeiro\/#breadcrumb"},"inLanguage":"pt-PT","potentialAction":[{"@type":"ReadAction","target":["https:\/\/portaltela.pt\/noticias\/2026\/01\/12\/jornadas-de-saude-comunitaria-e-familiar-na-guarda-a-16-e-17-de-janeiro\/"]}]},{"@type":"ImageObject","inLanguage":"pt-PT","@id":"https:\/\/portaltela.pt\/noticias\/2026\/01\/12\/jornadas-de-saude-comunitaria-e-familiar-na-guarda-a-16-e-17-de-janeiro\/#primaryimage","url":"https:\/\/portaltela.pt\/s.01k8rhncp4jt1\/2026\/01\/unnamed-file-2503.jpg","contentUrl":"https:\/\/portaltela.pt\/s.01k8rhncp4jt1\/2026\/01\/unnamed-file-2503.jpg","width":796,"height":448,"caption":"Jornadas Internacionais de Sa\u00fade Comunit\u00e1ria e Familiar decorrem na Guarda a 16 e 17 de janeiro"},{"@type":"BreadcrumbList","@id":"https:\/\/portaltela.pt\/noticias\/2026\/01\/12\/jornadas-de-saude-comunitaria-e-familiar-na-guarda-a-16-e-17-de-janeiro\/#breadcrumb","itemListElement":[{"@type":"ListItem","position":1,"name":"In\u00edcio","item":"https:\/\/portaltela.pt\/"},{"@type":"ListItem","position":2,"name":"Jornadas de Sa\u00fade Comunit\u00e1ria e Familiar na Guarda a 16 e 17 de janeiro"}]},{"@type":"WebSite","@id":"https:\/\/portaltela.pt\/#website","url":"https:\/\/portaltela.pt\/","name":"Portal Tela Portugal","description":"","potentialAction":[{"@type":"SearchAction","target":{"@type":"EntryPoint","urlTemplate":"https:\/\/portaltela.pt\/?s={search_term_string}"},"query-input":{"@type":"PropertyValueSpecification","valueRequired":true,"valueName":"search_term_string"}}],"inLanguage":"pt-PT"},{"@type":"Person","@id":"https:\/\/portaltela.pt\/#\/schema\/person\/c4278d4a6028830caff9ee44b42d32ed","name":"Telinha","image":{"@type":"ImageObject","inLanguage":"pt-PT","@id":"https:\/\/portaltela.pt\/s.01k8rhncp4jt1\/2025\/11\/talking-bot-125x125.png","url":"https:\/\/portaltela.pt\/s.01k8rhncp4jt1\/2025\/11\/talking-bot-125x125.png","contentUrl":"https:\/\/portaltela.pt\/s.01k8rhncp4jt1\/2025\/11\/talking-bot-125x125.png","caption":"Telinha"},"sameAs":["https:\/\/portaltela.pt\/"],"url":"https:\/\/portaltela.pt\/por\/367410592786\/"}]}},"_links":{"self":[{"href":"https:\/\/portaltela.pt\/api\/wp\/v2\/posts\/136119","targetHints":{"allow":["GET"]}}],"collection":[{"href":"https:\/\/portaltela.pt\/api\/wp\/v2\/posts"}],"about":[{"href":"https:\/\/portaltela.pt\/api\/wp\/v2\/types\/post"}],"author":[{"embeddable":true,"href":"https:\/\/portaltela.pt\/api\/wp\/v2\/users\/2"}],"replies":[{"embeddable":true,"href":"https:\/\/portaltela.pt\/api\/wp\/v2\/comments?post=136119"}],"version-history":[{"count":0,"href":"https:\/\/portaltela.pt\/api\/wp\/v2\/posts\/136119\/revisions"}],"wp:featuredmedia":[{"embeddable":true,"href":"https:\/\/portaltela.pt\/api\/wp\/v2\/media\/136132"}],"wp:attachment":[{"href":"https:\/\/portaltela.pt\/api\/wp\/v2\/media?parent=136119"}],"wp:term":[{"taxonomy":"category","embeddable":true,"href":"https:\/\/portaltela.pt\/api\/wp\/v2\/categories?post=136119"},{"taxonomy":"post_tag","embeddable":true,"href":"https:\/\/portaltela.pt\/api\/wp\/v2\/tags?post=136119"}],"curies":[{"name":"wp","href":"https:\/\/api.w.org\/{rel}","templated":true}]}}